{"id":4617,"date":"2019-04-19T11:56:25","date_gmt":"2019-04-19T09:56:25","guid":{"rendered":"https:\/\/www.greenpeace.org\/luxembourg\/?p=4617"},"modified":"2021-12-01T17:30:54","modified_gmt":"2021-12-01T15:30:54","slug":"voulez-vous-un-sac%e2%80%89%e2%80%89non-merci-juste-une-feuille-de-bananier-sil-vous-plait","status":"publish","type":"post","link":"https:\/\/www.greenpeace.org\/luxembourg\/fr\/actualites\/4617\/voulez-vous-un-sac%e2%80%89%e2%80%89non-merci-juste-une-feuille-de-bananier-sil-vous-plait\/","title":{"rendered":"Voulez-vous un sac\u2009?\u2009Non merci, juste une feuille de bananier, s\u2019il vous pla\u00eet !"},"content":{"rendered":"<p><strong>Pourquoi faire compliqu\u00e9 quand on peut faire simple\u2009? Prenons, par exemple, le supermarch\u00e9 tha\u00eflandais qui fait la une des journaux avec sa fa\u00e7on r\u00e9volutionnaire d\u2019emballer les l\u00e9gumes dans des feuilles de bananier.<\/strong><\/p>\n<p>Les Tha\u00eflandais n\u2019ont que faire des longues ann\u00e9es de recherche n\u00e9cessaires pour cr\u00e9er du plastique biod\u00e9gradable. Ils sont assis sur une montagne de feuilles de bananiers. Et ils nagent dans une mer de plastique : le pays est connu dans le monde entier pour sa pollution.<\/p>\n<h3>Emballer les fruits et l\u00e9gumes dans des feuilles de bananier<\/h3>\n<p>Un jeune caissier a eu l\u2019id\u00e9e de remplacer le plastique par des feuilles de bananier inutilis\u00e9es, avec une ligature en bambou. \u00c0 l\u2019instar du plastique, les feuilles de bananier sont solides, flexibles et hydrofuges, mais elles sont aussi compl\u00e8tement et rapidement d\u00e9gradables dans la nature. Un petit pas cr\u00e9atif pour le supermarch\u00e9, un grand bond pour l\u2019environnement.<\/p>\n<div id=\"attachment_4618\" style=\"width: 1009px\" class=\"wp-caption aligncenter\"><img loading=\"lazy\" decoding=\"async\" aria-describedby=\"caption-attachment-4618\" class=\"size-full wp-image-4618\" src=\"https:\/\/www.greenpeace.org\/static\/planet4-luxembourg-stateless\/2019\/04\/29d7e4e9-7b2271b8-banana_thumbnail.jpg\" alt=\"Plantage de bananes aux Philippines.\" width=\"999\" height=\"663\" srcset=\"https:\/\/www.greenpeace.org\/static\/planet4-luxembourg-stateless\/2019\/04\/29d7e4e9-7b2271b8-banana_thumbnail.jpg 999w, https:\/\/www.greenpeace.org\/static\/planet4-luxembourg-stateless\/2019\/04\/29d7e4e9-7b2271b8-banana_thumbnail-300x199.jpg 300w, https:\/\/www.greenpeace.org\/static\/planet4-luxembourg-stateless\/2019\/04\/29d7e4e9-7b2271b8-banana_thumbnail-768x510.jpg 768w, https:\/\/www.greenpeace.org\/static\/planet4-luxembourg-stateless\/2019\/04\/29d7e4e9-7b2271b8-banana_thumbnail-510x338.jpg 510w\" sizes=\"auto, (max-width: 999px) 100vw, 999px\" \/><p id=\"caption-attachment-4618\" class=\"wp-caption-text\">Plantage de bananes aux Philippines.<\/p><\/div>\n<p>L\u2019id\u00e9e lui est venue de sa grand-m\u00e8re, car le fait de pr\u00e9senter la nourriture sur des feuilles appartient \u00e0 la tradition tha\u00eflandaise (et \u00e0 celle des pays voisins). Le cocotier, le manguier, la jacinthe d\u2019eau et de nombreuses autres plantes tropicales fournissent \u00e9galement des mat\u00e9riaux d\u2019emballage naturels.<\/p>\n<h3>Des essais chez nous \u00e9galement<\/h3>\n<p>Chez nous, on ne retrouve la combinaison de nourriture et de feuilles de bananier que sur les assiettes de restaurants asiatiques. En revanche, le bambou est d\u00e9j\u00e0 bien \u00e9tabli comme mat\u00e9riau de substitution hydrofuge du plastique, sous forme d\u2019assiettes, de tasses, de brosses \u00e0 dents, de cotons-tiges\u2026<\/p>\n<p>La question se pose donc : pouvons-nous nous aussi utiliser des d\u00e9chets verts locaux comme mat\u00e9riaux d\u2019emballage \u2009?<\/p>\n<p>Sur les march\u00e9s, les bouquets de menthe, de coriandre et de persil sont souvent attach\u00e9s avec un brin d\u2019herbe r\u00e9sistant (une sorte de roseau). On peut faire de m\u00eame avec des haricots verts, des jeunes oignons, des asperges, des bottes de carottes\u2026 Les feuilles de poireau conviennent peut-\u00eatre aussi pour l\u2019emballage de certains l\u00e9gumes. Dans tous les cas, il faut \u00e9viter d\u2019emballer individuellement les concombres dans du film plastique, le chou dans un sachet en plastique, les tomates cerises dans des pots en plastique, etc., pour ensuite les ensevelir sous une couche de plastique suppl\u00e9mentaire lors du passage \u00e0 la caisse.<\/p>\n<p>Nous n\u2019avons pas besoin de chercher bien loin des alternatives au plastique. Chez nous aussi, de nombreuses exp\u00e9rimentations ont lieu, par exemple en \u00ab\u2009pyrogravant\u2009\u00bb au laser le label bio sur les fruits et l\u00e9gumes.<\/p>\n<p>Vous aussi avez peut-\u00eatre une meilleure id\u00e9e pour \u00e9viter les emballages en plastique dans les magasins\u2009? <a href=\"https:\/\/www.greenpeace.org\/luxembourg\/fr\/contact\/\">Faites-le savoir !<\/a> Il faut \u00e0 tout prix \u00e9viter que le plastique continue de polluer notre environnement et en particulier, les\u00a0oc\u00e9ans.<\/p>\n<p><p style=\"text-align:center\"><a href=\"https:\/\/act.greenpeace.org\/page\/36340\/petition\/1\" target=\"\" class=\"btn btn-primary btn-medium page-header-btn auto\">Je signe<\/a><\/p><p>&nbsp;<\/p><em><strong>Article Source :<\/strong><\/em> Greenpeace Belgique<\/p>\n<div class=\"EmptyMessage\">Block content is empty. Check the block&#8217;s settings or remove it.<\/div>","protected":false},"excerpt":{"rendered":"<p>Pourquoi faire compliqu\u00e9 quand on peut faire simple\u2009? Prenons, par exemple, le supermarch\u00e9 tha\u00eflandais qui fait la une des journaux avec sa fa\u00e7on r\u00e9volutionnaire d\u2019emballer les l\u00e9gumes dans des feuilles&hellip;<\/p>\n","protected":false},"author":18,"featured_media":4623,"comment_status":"closed","ping_status":"closed","sticky":false,"template":"","format":"standard","meta":{"ep_exclude_from_search":false,"p4_og_title":"","p4_og_description":"","p4_og_image":"","p4_og_image_id":"","p4_seo_canonical_url":"","p4_campaign_name":"","p4_local_project":"","p4_basket_name":"","p4_department":"","footnotes":""},"categories":[43],"tags":[28],"p4-page-type":[85],"class_list":["post-4617","post","type-post","status-publish","format-standard","has-post-thumbnail","hentry","category-nature","tag-pollution","p4-page-type-actualites"],"yoast_head":"<!-- This site is optimized with the Yoast SEO Premium plugin v23.9 (Yoast SEO v23.9) - https:\/\/yoast.com\/wordpress\/plugins\/seo\/ -->\n<title>Voulez-vous un sac\u2009?\u2009Non merci, juste une feuille de bananier, s\u2019il vous pla\u00eet ! - Greenpeace Luxembourg<\/title>\n<meta name=\"robots\" content=\"index, follow, max-snippet:-1, max-image-preview:large, max-video-preview:-1\" \/>\n<link rel=\"canonical\" href=\"https:\/\/www.greenpeace.org\/luxembourg\/fr\/actualites\/4617\/voulez-vous-un-sac\u2009\u2009non-merci-juste-une-feuille-de-bananier-sil-vous-plait\/\" \/>\n<meta property=\"og:locale\" content=\"fr_FR\" \/>\n<meta property=\"og:type\" content=\"article\" \/>\n<meta property=\"og:title\" content=\"Voulez-vous un sac\u2009?\u2009Non merci, juste une feuille de bananier, s\u2019il vous pla\u00eet !\" \/>\n<meta property=\"og:description\" content=\"Pourquoi faire compliqu\u00e9 quand on peut faire simple\u2009? Prenons, par exemple, le supermarch\u00e9 tha\u00eflandais qui fait la une des journaux avec sa fa\u00e7on r\u00e9volutionnaire d\u2019emballer les l\u00e9gumes dans des feuilles&hellip;\" \/>\n<meta property=\"og:url\" content=\"https:\/\/www.greenpeace.org\/luxembourg\/fr\/actualites\/4617\/voulez-vous-un-sac\u2009\u2009non-merci-juste-une-feuille-de-bananier-sil-vous-plait\/\" \/>\n<meta property=\"og:site_name\" content=\"Greenpeace Luxembourg\" \/>\n<meta property=\"article:publisher\" content=\"https:\/\/www.facebook.com\/greenpeaceluxembourg\" \/>\n<meta property=\"article:published_time\" content=\"2019-04-19T09:56:25+00:00\" \/>\n<meta property=\"article:modified_time\" content=\"2021-12-01T15:30:54+00:00\" \/>\n<meta property=\"og:image\" content=\"https:\/\/www.greenpeace.org\/static\/planet4-luxembourg-stateless\/2019\/04\/820bb18c-gp0stsjbc_medium_res.jpg\" \/>\n\t<meta property=\"og:image:width\" content=\"1200\" \/>\n\t<meta property=\"og:image:height\" content=\"800\" \/>\n\t<meta property=\"og:image:type\" content=\"image\/jpeg\" \/>\n<meta name=\"author\" content=\"Pauline Maes\" \/>\n<meta name=\"twitter:card\" content=\"summary_large_image\" \/>\n<meta name=\"twitter:label1\" content=\"Written by\" \/>\n\t<meta name=\"twitter:data1\" content=\"Pauline Maes\" \/>\n\t<meta name=\"twitter:label2\" content=\"Est. reading time\" \/>\n\t<meta name=\"twitter:data2\" content=\"3 minutes\" \/>\n<script type=\"application\/ld+json\" class=\"yoast-schema-graph\">{\"@context\":\"https:\/\/schema.org\",\"@graph\":[{\"@type\":\"Article\",\"@id\":\"https:\/\/www.greenpeace.org\/luxembourg\/fr\/actualites\/4617\/voulez-vous-un-sac%e2%80%89%e2%80%89non-merci-juste-une-feuille-de-bananier-sil-vous-plait\/#article\",\"isPartOf\":{\"@id\":\"https:\/\/www.greenpeace.org\/luxembourg\/fr\/actualites\/4617\/voulez-vous-un-sac%e2%80%89%e2%80%89non-merci-juste-une-feuille-de-bananier-sil-vous-plait\/\"},\"author\":{\"name\":\"Pauline Maes\",\"@id\":\"https:\/\/www.greenpeace.org\/luxembourg\/fr\/#\/schema\/person\/7bbeb343322bdadf139e7e27e7c86ec8\"},\"headline\":\"Voulez-vous un sac\u2009?\u2009Non merci, juste une feuille de bananier, s\u2019il vous pla\u00eet !\",\"datePublished\":\"2019-04-19T09:56:25+00:00\",\"dateModified\":\"2021-12-01T15:30:54+00:00\",\"mainEntityOfPage\":{\"@id\":\"https:\/\/www.greenpeace.org\/luxembourg\/fr\/actualites\/4617\/voulez-vous-un-sac%e2%80%89%e2%80%89non-merci-juste-une-feuille-de-bananier-sil-vous-plait\/\"},\"wordCount\":527,\"publisher\":{\"@id\":\"https:\/\/www.greenpeace.org\/luxembourg\/fr\/#organization\"},\"image\":{\"@id\":\"https:\/\/www.greenpeace.org\/luxembourg\/fr\/actualites\/4617\/voulez-vous-un-sac%e2%80%89%e2%80%89non-merci-juste-une-feuille-de-bananier-sil-vous-plait\/#primaryimage\"},\"thumbnailUrl\":\"https:\/\/www.greenpeace.org\/static\/planet4-luxembourg-stateless\/2019\/04\/820bb18c-gp0stsjbc_medium_res.jpg\",\"keywords\":[\"Pollution\"],\"articleSection\":[\"Nature\"],\"inLanguage\":\"fr-LU\"},{\"@type\":\"WebPage\",\"@id\":\"https:\/\/www.greenpeace.org\/luxembourg\/fr\/actualites\/4617\/voulez-vous-un-sac%e2%80%89%e2%80%89non-merci-juste-une-feuille-de-bananier-sil-vous-plait\/\",\"url\":\"https:\/\/www.greenpeace.org\/luxembourg\/fr\/actualites\/4617\/voulez-vous-un-sac%e2%80%89%e2%80%89non-merci-juste-une-feuille-de-bananier-sil-vous-plait\/\",\"name\":\"Voulez-vous un sac\u2009?\u2009Non merci, juste une feuille de bananier, s\u2019il vous pla\u00eet ! - Greenpeace Luxembourg\",\"isPartOf\":{\"@id\":\"https:\/\/www.greenpeace.org\/luxembourg\/fr\/#website\"},\"primaryImageOfPage\":{\"@id\":\"https:\/\/www.greenpeace.org\/luxembourg\/fr\/actualites\/4617\/voulez-vous-un-sac%e2%80%89%e2%80%89non-merci-juste-une-feuille-de-bananier-sil-vous-plait\/#primaryimage\"},\"image\":{\"@id\":\"https:\/\/www.greenpeace.org\/luxembourg\/fr\/actualites\/4617\/voulez-vous-un-sac%e2%80%89%e2%80%89non-merci-juste-une-feuille-de-bananier-sil-vous-plait\/#primaryimage\"},\"thumbnailUrl\":\"https:\/\/www.greenpeace.org\/static\/planet4-luxembourg-stateless\/2019\/04\/820bb18c-gp0stsjbc_medium_res.jpg\",\"datePublished\":\"2019-04-19T09:56:25+00:00\",\"dateModified\":\"2021-12-01T15:30:54+00:00\",\"breadcrumb\":{\"@id\":\"https:\/\/www.greenpeace.org\/luxembourg\/fr\/actualites\/4617\/voulez-vous-un-sac%e2%80%89%e2%80%89non-merci-juste-une-feuille-de-bananier-sil-vous-plait\/#breadcrumb\"},\"inLanguage\":\"fr-LU\",\"potentialAction\":[{\"@type\":\"ReadAction\",\"target\":[\"https:\/\/www.greenpeace.org\/luxembourg\/fr\/actualites\/4617\/voulez-vous-un-sac%e2%80%89%e2%80%89non-merci-juste-une-feuille-de-bananier-sil-vous-plait\/\"]}]},{\"@type\":\"ImageObject\",\"inLanguage\":\"fr-LU\",\"@id\":\"https:\/\/www.greenpeace.org\/luxembourg\/fr\/actualites\/4617\/voulez-vous-un-sac%e2%80%89%e2%80%89non-merci-juste-une-feuille-de-bananier-sil-vous-plait\/#primaryimage\",\"url\":\"https:\/\/www.greenpeace.org\/static\/planet4-luxembourg-stateless\/2019\/04\/820bb18c-gp0stsjbc_medium_res.jpg\",\"contentUrl\":\"https:\/\/www.greenpeace.org\/static\/planet4-luxembourg-stateless\/2019\/04\/820bb18c-gp0stsjbc_medium_res.jpg\",\"width\":1200,\"height\":800,\"caption\":\"Shoppers take the single-use plastic wrapping off their bought fruit and vegetables outside Tesco in London. Greenpeace volunteers and shoppers hand items of single-use plastic packaging back at tills in over 60 supermarkets across the UK, with notes to store managers calling for action to reduce excessive throwaway packaging. Single-use plastic packaging is a major contributor to the plastic pollution that is having a devastating impact on our oceans, and UK supermarkets generate more than 800,000 tonnes of plastic packaging waste every year.\"},{\"@type\":\"BreadcrumbList\",\"@id\":\"https:\/\/www.greenpeace.org\/luxembourg\/fr\/actualites\/4617\/voulez-vous-un-sac%e2%80%89%e2%80%89non-merci-juste-une-feuille-de-bananier-sil-vous-plait\/#breadcrumb\",\"itemListElement\":[{\"@type\":\"ListItem\",\"position\":1,\"name\":\"Home\",\"item\":\"https:\/\/www.greenpeace.org\/luxembourg\/fr\/\"},{\"@type\":\"ListItem\",\"position\":2,\"name\":\"Voulez-vous un sac\u2009?\u2009Non merci, juste une feuille de bananier, s\u2019il vous pla\u00eet !\"}]},{\"@type\":\"WebSite\",\"@id\":\"https:\/\/www.greenpeace.org\/luxembourg\/fr\/#website\",\"url\":\"https:\/\/www.greenpeace.org\/luxembourg\/fr\/\",\"name\":\"Greenpeace Luxembourg\",\"description\":\"Greenpeace existe parce que cette Terre fragile a besoin d&#039;une voix. Elle a besoin de solutions. De changement. D&#039;actions.\",\"publisher\":{\"@id\":\"https:\/\/www.greenpeace.org\/luxembourg\/fr\/#organization\"},\"potentialAction\":[{\"@type\":\"SearchAction\",\"target\":{\"@type\":\"EntryPoint\",\"urlTemplate\":\"https:\/\/www.greenpeace.org\/luxembourg\/fr\/?s={search_term_string}\"},\"query-input\":{\"@type\":\"PropertyValueSpecification\",\"valueRequired\":true,\"valueName\":\"search_term_string\"}}],\"inLanguage\":\"fr-LU\"},{\"@type\":\"Organization\",\"@id\":\"https:\/\/www.greenpeace.org\/luxembourg\/fr\/#organization\",\"name\":\"Greenpeace Luxembourg\",\"url\":\"https:\/\/www.greenpeace.org\/luxembourg\/fr\/\",\"logo\":{\"@type\":\"ImageObject\",\"inLanguage\":\"fr-LU\",\"@id\":\"https:\/\/www.greenpeace.org\/luxembourg\/fr\/#\/schema\/logo\/image\/\",\"url\":\"https:\/\/www.greenpeace.org\/static\/planet4-luxembourg-stateless\/2026\/03\/3e367f94-greenpeace_logo_green_rgb.png\",\"contentUrl\":\"https:\/\/www.greenpeace.org\/static\/planet4-luxembourg-stateless\/2026\/03\/3e367f94-greenpeace_logo_green_rgb.png\",\"width\":1080,\"height\":175,\"caption\":\"Greenpeace Luxembourg\"},\"image\":{\"@id\":\"https:\/\/www.greenpeace.org\/luxembourg\/fr\/#\/schema\/logo\/image\/\"},\"sameAs\":[\"https:\/\/www.facebook.com\/greenpeaceluxembourg\",\"https:\/\/www.instagram.com\/greenpeacelux\/\",\"https:\/\/www.linkedin.com\/company\/greenpeace-luxembourg\/\",\"https:\/\/www.threads.com\/@greenpeacelux\",\"https:\/\/bsky.app\/profile\/greenpeacelux.bsky.social\",\"https:\/\/www.youtube.com\/@GreenpeaceLux\",\"https:\/\/www.tiktok.com\/@greenpeace_lux\"]},{\"@type\":\"Person\",\"@id\":\"https:\/\/www.greenpeace.org\/luxembourg\/fr\/#\/schema\/person\/7bbeb343322bdadf139e7e27e7c86ec8\",\"name\":\"Pauline Maes\",\"url\":\"https:\/\/www.greenpeace.org\/luxembourg\/fr\/author\/pmaes\/\"}]}<\/script>\n<!-- \/ Yoast SEO Premium plugin. -->","yoast_head_json":{"title":"Voulez-vous un sac\u2009?\u2009Non merci, juste une feuille de bananier, s\u2019il vous pla\u00eet ! - Greenpeace Luxembourg","robots":{"index":"index","follow":"follow","max-snippet":"max-snippet:-1","max-image-preview":"max-image-preview:large","max-video-preview":"max-video-preview:-1"},"canonical":"https:\/\/www.greenpeace.org\/luxembourg\/fr\/actualites\/4617\/voulez-vous-un-sac\u2009\u2009non-merci-juste-une-feuille-de-bananier-sil-vous-plait\/","og_locale":"fr_FR","og_type":"article","og_title":"Voulez-vous un sac\u2009?\u2009Non merci, juste une feuille de bananier, s\u2019il vous pla\u00eet !","og_description":"Pourquoi faire compliqu\u00e9 quand on peut faire simple\u2009? Prenons, par exemple, le supermarch\u00e9 tha\u00eflandais qui fait la une des journaux avec sa fa\u00e7on r\u00e9volutionnaire d\u2019emballer les l\u00e9gumes dans des feuilles&hellip;","og_url":"https:\/\/www.greenpeace.org\/luxembourg\/fr\/actualites\/4617\/voulez-vous-un-sac\u2009\u2009non-merci-juste-une-feuille-de-bananier-sil-vous-plait\/","og_site_name":"Greenpeace Luxembourg","article_publisher":"https:\/\/www.facebook.com\/greenpeaceluxembourg","article_published_time":"2019-04-19T09:56:25+00:00","article_modified_time":"2021-12-01T15:30:54+00:00","og_image":[{"width":1200,"height":800,"url":"https:\/\/www.greenpeace.org\/static\/planet4-luxembourg-stateless\/2019\/04\/820bb18c-gp0stsjbc_medium_res.jpg","type":"image\/jpeg"}],"author":"Pauline Maes","twitter_card":"summary_large_image","twitter_misc":{"Written by":"Pauline Maes","Est. reading time":"3 minutes"},"schema":{"@context":"https:\/\/schema.org","@graph":[{"@type":"Article","@id":"https:\/\/www.greenpeace.org\/luxembourg\/fr\/actualites\/4617\/voulez-vous-un-sac%e2%80%89%e2%80%89non-merci-juste-une-feuille-de-bananier-sil-vous-plait\/#article","isPartOf":{"@id":"https:\/\/www.greenpeace.org\/luxembourg\/fr\/actualites\/4617\/voulez-vous-un-sac%e2%80%89%e2%80%89non-merci-juste-une-feuille-de-bananier-sil-vous-plait\/"},"author":{"name":"Pauline Maes","@id":"https:\/\/www.greenpeace.org\/luxembourg\/fr\/#\/schema\/person\/7bbeb343322bdadf139e7e27e7c86ec8"},"headline":"Voulez-vous un sac\u2009?\u2009Non merci, juste une feuille de bananier, s\u2019il vous pla\u00eet !","datePublished":"2019-04-19T09:56:25+00:00","dateModified":"2021-12-01T15:30:54+00:00","mainEntityOfPage":{"@id":"https:\/\/www.greenpeace.org\/luxembourg\/fr\/actualites\/4617\/voulez-vous-un-sac%e2%80%89%e2%80%89non-merci-juste-une-feuille-de-bananier-sil-vous-plait\/"},"wordCount":527,"publisher":{"@id":"https:\/\/www.greenpeace.org\/luxembourg\/fr\/#organization"},"image":{"@id":"https:\/\/www.greenpeace.org\/luxembourg\/fr\/actualites\/4617\/voulez-vous-un-sac%e2%80%89%e2%80%89non-merci-juste-une-feuille-de-bananier-sil-vous-plait\/#primaryimage"},"thumbnailUrl":"https:\/\/www.greenpeace.org\/static\/planet4-luxembourg-stateless\/2019\/04\/820bb18c-gp0stsjbc_medium_res.jpg","keywords":["Pollution"],"articleSection":["Nature"],"inLanguage":"fr-LU"},{"@type":"WebPage","@id":"https:\/\/www.greenpeace.org\/luxembourg\/fr\/actualites\/4617\/voulez-vous-un-sac%e2%80%89%e2%80%89non-merci-juste-une-feuille-de-bananier-sil-vous-plait\/","url":"https:\/\/www.greenpeace.org\/luxembourg\/fr\/actualites\/4617\/voulez-vous-un-sac%e2%80%89%e2%80%89non-merci-juste-une-feuille-de-bananier-sil-vous-plait\/","name":"Voulez-vous un sac\u2009?\u2009Non merci, juste une feuille de bananier, s\u2019il vous pla\u00eet ! - Greenpeace Luxembourg","isPartOf":{"@id":"https:\/\/www.greenpeace.org\/luxembourg\/fr\/#website"},"primaryImageOfPage":{"@id":"https:\/\/www.greenpeace.org\/luxembourg\/fr\/actualites\/4617\/voulez-vous-un-sac%e2%80%89%e2%80%89non-merci-juste-une-feuille-de-bananier-sil-vous-plait\/#primaryimage"},"image":{"@id":"https:\/\/www.greenpeace.org\/luxembourg\/fr\/actualites\/4617\/voulez-vous-un-sac%e2%80%89%e2%80%89non-merci-juste-une-feuille-de-bananier-sil-vous-plait\/#primaryimage"},"thumbnailUrl":"https:\/\/www.greenpeace.org\/static\/planet4-luxembourg-stateless\/2019\/04\/820bb18c-gp0stsjbc_medium_res.jpg","datePublished":"2019-04-19T09:56:25+00:00","dateModified":"2021-12-01T15:30:54+00:00","breadcrumb":{"@id":"https:\/\/www.greenpeace.org\/luxembourg\/fr\/actualites\/4617\/voulez-vous-un-sac%e2%80%89%e2%80%89non-merci-juste-une-feuille-de-bananier-sil-vous-plait\/#breadcrumb"},"inLanguage":"fr-LU","potentialAction":[{"@type":"ReadAction","target":["https:\/\/www.greenpeace.org\/luxembourg\/fr\/actualites\/4617\/voulez-vous-un-sac%e2%80%89%e2%80%89non-merci-juste-une-feuille-de-bananier-sil-vous-plait\/"]}]},{"@type":"ImageObject","inLanguage":"fr-LU","@id":"https:\/\/www.greenpeace.org\/luxembourg\/fr\/actualites\/4617\/voulez-vous-un-sac%e2%80%89%e2%80%89non-merci-juste-une-feuille-de-bananier-sil-vous-plait\/#primaryimage","url":"https:\/\/www.greenpeace.org\/static\/planet4-luxembourg-stateless\/2019\/04\/820bb18c-gp0stsjbc_medium_res.jpg","contentUrl":"https:\/\/www.greenpeace.org\/static\/planet4-luxembourg-stateless\/2019\/04\/820bb18c-gp0stsjbc_medium_res.jpg","width":1200,"height":800,"caption":"Shoppers take the single-use plastic wrapping off their bought fruit and vegetables outside Tesco in London. Greenpeace volunteers and shoppers hand items of single-use plastic packaging back at tills in over 60 supermarkets across the UK, with notes to store managers calling for action to reduce excessive throwaway packaging. Single-use plastic packaging is a major contributor to the plastic pollution that is having a devastating impact on our oceans, and UK supermarkets generate more than 800,000 tonnes of plastic packaging waste every year."},{"@type":"BreadcrumbList","@id":"https:\/\/www.greenpeace.org\/luxembourg\/fr\/actualites\/4617\/voulez-vous-un-sac%e2%80%89%e2%80%89non-merci-juste-une-feuille-de-bananier-sil-vous-plait\/#breadcrumb","itemListElement":[{"@type":"ListItem","position":1,"name":"Home","item":"https:\/\/www.greenpeace.org\/luxembourg\/fr\/"},{"@type":"ListItem","position":2,"name":"Voulez-vous un sac\u2009?\u2009Non merci, juste une feuille de bananier, s\u2019il vous pla\u00eet !"}]},{"@type":"WebSite","@id":"https:\/\/www.greenpeace.org\/luxembourg\/fr\/#website","url":"https:\/\/www.greenpeace.org\/luxembourg\/fr\/","name":"Greenpeace Luxembourg","description":"Greenpeace existe parce que cette Terre fragile a besoin d&#039;une voix. Elle a besoin de solutions. De changement. D&#039;actions.","publisher":{"@id":"https:\/\/www.greenpeace.org\/luxembourg\/fr\/#organization"},"potentialAction":[{"@type":"SearchAction","target":{"@type":"EntryPoint","urlTemplate":"https:\/\/www.greenpeace.org\/luxembourg\/fr\/?s={search_term_string}"},"query-input":{"@type":"PropertyValueSpecification","valueRequired":true,"valueName":"search_term_string"}}],"inLanguage":"fr-LU"},{"@type":"Organization","@id":"https:\/\/www.greenpeace.org\/luxembourg\/fr\/#organization","name":"Greenpeace Luxembourg","url":"https:\/\/www.greenpeace.org\/luxembourg\/fr\/","logo":{"@type":"ImageObject","inLanguage":"fr-LU","@id":"https:\/\/www.greenpeace.org\/luxembourg\/fr\/#\/schema\/logo\/image\/","url":"https:\/\/www.greenpeace.org\/static\/planet4-luxembourg-stateless\/2026\/03\/3e367f94-greenpeace_logo_green_rgb.png","contentUrl":"https:\/\/www.greenpeace.org\/static\/planet4-luxembourg-stateless\/2026\/03\/3e367f94-greenpeace_logo_green_rgb.png","width":1080,"height":175,"caption":"Greenpeace Luxembourg"},"image":{"@id":"https:\/\/www.greenpeace.org\/luxembourg\/fr\/#\/schema\/logo\/image\/"},"sameAs":["https:\/\/www.facebook.com\/greenpeaceluxembourg","https:\/\/www.instagram.com\/greenpeacelux\/","https:\/\/www.linkedin.com\/company\/greenpeace-luxembourg\/","https:\/\/www.threads.com\/@greenpeacelux","https:\/\/bsky.app\/profile\/greenpeacelux.bsky.social","https:\/\/www.youtube.com\/@GreenpeaceLux","https:\/\/www.tiktok.com\/@greenpeace_lux"]},{"@type":"Person","@id":"https:\/\/www.greenpeace.org\/luxembourg\/fr\/#\/schema\/person\/7bbeb343322bdadf139e7e27e7c86ec8","name":"Pauline Maes","url":"https:\/\/www.greenpeace.org\/luxembourg\/fr\/author\/pmaes\/"}]}},"_links":{"self":[{"href":"https:\/\/www.greenpeace.org\/luxembourg\/fr\/wp-json\/wp\/v2\/posts\/4617","targetHints":{"allow":["GET"]}}],"collection":[{"href":"https:\/\/www.greenpeace.org\/luxembourg\/fr\/wp-json\/wp\/v2\/posts"}],"about":[{"href":"https:\/\/www.greenpeace.org\/luxembourg\/fr\/wp-json\/wp\/v2\/types\/post"}],"author":[{"embeddable":true,"href":"https:\/\/www.greenpeace.org\/luxembourg\/fr\/wp-json\/wp\/v2\/users\/18"}],"replies":[{"embeddable":true,"href":"https:\/\/www.greenpeace.org\/luxembourg\/fr\/wp-json\/wp\/v2\/comments?post=4617"}],"version-history":[{"count":5,"href":"https:\/\/www.greenpeace.org\/luxembourg\/fr\/wp-json\/wp\/v2\/posts\/4617\/revisions"}],"predecessor-version":[{"id":13072,"href":"https:\/\/www.greenpeace.org\/luxembourg\/fr\/wp-json\/wp\/v2\/posts\/4617\/revisions\/13072"}],"wp:featuredmedia":[{"embeddable":true,"href":"https:\/\/www.greenpeace.org\/luxembourg\/fr\/wp-json\/wp\/v2\/media\/4623"}],"wp:attachment":[{"href":"https:\/\/www.greenpeace.org\/luxembourg\/fr\/wp-json\/wp\/v2\/media?parent=4617"}],"wp:term":[{"taxonomy":"category","embeddable":true,"href":"https:\/\/www.greenpeace.org\/luxembourg\/fr\/wp-json\/wp\/v2\/categories?post=4617"},{"taxonomy":"post_tag","embeddable":true,"href":"https:\/\/www.greenpeace.org\/luxembourg\/fr\/wp-json\/wp\/v2\/tags?post=4617"},{"taxonomy":"p4-page-type","embeddable":true,"href":"https:\/\/www.greenpeace.org\/luxembourg\/fr\/wp-json\/wp\/v2\/p4-page-type?post=4617"}],"curies":[{"name":"wp","href":"https:\/\/api.w.org\/{rel}","templated":true}]}}