{"id":4659,"date":"2019-04-26T12:58:50","date_gmt":"2019-04-26T10:58:50","guid":{"rendered":"https:\/\/www.greenpeace.org\/luxembourg\/?p=4659"},"modified":"2021-12-01T17:30:43","modified_gmt":"2021-12-01T15:30:43","slug":"campagne-anti-plastique-le-voilier-de-greenpeace-le-beluga-ii-jette-lancre-a-remich","status":"publish","type":"post","link":"https:\/\/www.greenpeace.org\/luxembourg\/fr\/communiques-de-presse\/4659\/campagne-anti-plastique-le-voilier-de-greenpeace-le-beluga-ii-jette-lancre-a-remich\/","title":{"rendered":"Campagne anti-plastique : le voilier de Greenpeace, le &#8216;Beluga II&#8217;, jette l&#8217;ancre \u00e0 Remich"},"content":{"rendered":"<p><em><strong>Remich, le 26 avril 2019 &#8211; Le navire de Greenpeace, le Beluga II, revient au Luxembourg pour la seconde fois apr\u00e8s cinq ans d\u2019absence. \u00c0 son bord sera embarqu\u00e9 un monstre de plastique d\u2019une hauteur de 2,5 m\u00e8tres, cr\u00e9\u00e9 par les b\u00e9n\u00e9voles de Greenpeace \u00e0 partir d\u2019emballages en plastique collect\u00e9s au Luxembourg dans des r\u00e9sidences priv\u00e9es et lieux publics. L\u2019objectif est de sensibiliser le grand public au sujet de la pollution plastique et \u00e0 la n\u00e9cessit\u00e9 de faire pression sur les plus grands pollueurs.<\/strong><\/em><\/p>\n<div id=\"attachment_4688\" style=\"width: 1034px\" class=\"wp-caption alignnone\"><img loading=\"lazy\" decoding=\"async\" aria-describedby=\"caption-attachment-4688\" class=\"size-large wp-image-4688\" src=\"https:\/\/www.greenpeace.org\/static\/planet4-luxembourg-stateless\/2019\/04\/cb18fada-26042019_beluga-1024x565.png\" alt=\"Beluga II \u00e0 Remich\" width=\"1024\" height=\"565\" srcset=\"https:\/\/www.greenpeace.org\/static\/planet4-luxembourg-stateless\/2019\/04\/cb18fada-26042019_beluga-1024x565.png 1024w, https:\/\/www.greenpeace.org\/static\/planet4-luxembourg-stateless\/2019\/04\/cb18fada-26042019_beluga-300x165.png 300w, https:\/\/www.greenpeace.org\/static\/planet4-luxembourg-stateless\/2019\/04\/cb18fada-26042019_beluga-768x424.png 768w, https:\/\/www.greenpeace.org\/static\/planet4-luxembourg-stateless\/2019\/04\/cb18fada-26042019_beluga-510x281.png 510w, https:\/\/www.greenpeace.org\/static\/planet4-luxembourg-stateless\/2019\/04\/cb18fada-26042019_beluga.png 1436w\" sizes=\"auto, (max-width: 1024px) 100vw, 1024px\" \/><p id=\"caption-attachment-4688\" class=\"wp-caption-text\">Beluga II \u00e0 Remich<\/p><\/div>\n<p><span style=\"font-weight: 400;\">D\u00e9j\u00e0 \u00e0 l\u2019\u00e9t\u00e9 2016, au cours de l\u2019une de ses exp\u00e9ditions, <\/span><a href=\"https:\/\/www.greenpeace.de\/presse\/presseerklaerungen\/greenpeace-tests-bestatigen-plastikmull-belastet-deutsche-flusse\"><span style=\"font-weight: 400;\">Greenpeace Allemagne avait pr\u00e9lev\u00e9 des \u00e9chantillons d&#8217;eau, dont les r\u00e9sultats en laboratoire \u00e9taient alarmants<\/span><\/a> <span style=\"font-weight: 400;\">: qu&#8217;ils proviennent du Rhin, du Main, du Danube ou de l&#8217;Elbe, tous les \u00e9chantillons, sans exception, contenaient de minuscules particules de plastique appel\u00e9es microplastiques. Trop petites pour \u00eatre filtr\u00e9es, celles-ci passent des canalisations domestiques aux fleuves et rivi\u00e8res, avant de finir dans la mer et l\u2019oc\u00e9an. Dans le cadre de sa campagne anti-plastique, Greenpeace a <\/span><span style=\"font-weight: 400;\">collect\u00e9 des \u00e9chantillons d\u2019eau de Tr\u00e8ves \u00e0 Remich et a analys\u00e9 leur teneur en microplastiques. Tout comme dans le Rhin, les deux \u00e9chantillons pr\u00e9lev\u00e9s en Moselle contiennent des particules de plastique. Il est urgent d\u2019agir.<\/span><\/p>\n<p><span style=\"font-weight: 400;\">Plus de 90% du plastique jamais produit dans le monde n\u2019a pas \u00e9t\u00e9 recycl\u00e9 et\/ou ne peut pas l\u2019\u00eatre. Dans les r\u00e9gions les plus pauvres du monde, la pollution plastique est une catastrophe environnementale et humaine. Elle est particuli\u00e8rement visible aux Philippines et dans d&#8217;autres pays asiatiques, mais le probl\u00e8me est n\u00e9 ailleurs. <\/span><span style=\"font-weight: 400;\">La pollution plastique trouve sa source dans les salles de r\u00e9union des grandes multinationales, lorsque leurs responsables d\u00e9cident de conditionner leurs produits dans du plastique jetable et de s\u2019en d\u00e9barrasser dans des r\u00e9gions du monde d\u00e9pourvues d\u2019infrastructure de gestion. Ces entreprises ont cr\u00e9\u00e9 un \u00ab monstre plastique \u00bb.<\/span><\/p>\n<p><span style=\"font-weight: 400;\">Selon Raymond Aendekerk, directeur de Greenpeace Luxembourg : \u00ab <\/span><i><span style=\"font-weight: 400;\">Gr\u00e2ce au tri des d\u00e9chets, au compostage et au recyclage local, les Philippines pourraient consid\u00e9rablement r\u00e9duire leurs d\u00e9chets. Mais m\u00eame les efforts les plus importants en la mati\u00e8re ne suffiront pas \u00e0 compl\u00e8tement r\u00e9soudre le probl\u00e8me de la pollution plastique. Une grande partie des d\u00e9chets ne peut \u00eatre ni compost\u00e9e ni recycl\u00e9e. Les habitants se demandent pourquoi ce sont eux qui doivent r\u00e9soudre cette crise plastique, et pas les entreprises qui l\u2019ont caus\u00e9e. Les pollueurs doivent assumer leur responsabilit\u00e9 et tout mettre en oeuvre pour r\u00e9duire leurs d\u00e9chets. <\/span><\/i><span style=\"font-weight: 400;\">\u00bb<\/span><\/p>\n<p><span style=\"font-weight: 400;\">Nestl\u00e9 et Unilever ont \u00e9t\u00e9 identifi\u00e9s comme <\/span><a href=\"https:\/\/www.greenpeace.org\/international\/story\/18876\/these-10-companies-are-flooding-the-planet-with-throwaway-plastic\/\"><span style=\"font-weight: 400;\">deux des plus grands pollueurs au monde<\/span><\/a><span style=\"font-weight: 400;\">, lors de divers audits de marques internationaux. L\u2019an dernier, Nestl\u00e9 a produit 1,7 million de tonnes de plastique, et on estime que ce chiffre va augmenter dans les ann\u00e9es \u00e0 venir. Ce qui signifie que le monstre plastique va grossir, encore et encore. <\/span><\/p>\n<p><span style=\"font-weight: 400;\">\u00ab <\/span><i><span style=\"font-weight: 400;\">Les entreprises concern\u00e9es ont reconnu que le monde \u00e9tait face \u00e0 une \u201ccrise plastique\u201d et que le recyclage seul ne pouvait la r\u00e9soudre. Pour autant, les responsables n\u2019ont aucun objectif clairement d\u00e9fini de r\u00e9duction du plastique et refusent la transparence sur leur propre empreinte plastique. <\/span><\/i><span style=\"font-weight: 400;\">\u00bb, pr\u00e9cise Florence Menage, responsable de la mobilisation pour Greenpeace Luxembourg. \u00ab <\/span><i><span style=\"font-weight: 400;\">Et la solution des entreprises qui consiste \u00e0 remplacer ces emballages plastiques par d\u2019autres solutions jetables ne r\u00e9soudra pas le probl\u00e8me : c\u2019est remettre \u00e0 plus tard le probl\u00e8me environnemental. Les emballages en papier ont besoin de p\u00e2te \u00e0 papier, ce qui signifie qu\u2019il faut abattre de nouveaux arbres &#8211; alors que les for\u00eats primitives sont essentielles \u00e0 la protection du climat &#8211; et cr\u00e9er de nouvelles plantations en monoculture. M\u00eame les soi-disant bioplastiques consomment de pr\u00e9cieuses ressources et se retrouvent parfois sous forme d&#8217;ingr\u00e9dients solides dans notre environnement et dans l&#8217;eau \u00e0 nouveau. <\/span><\/i><span style=\"font-weight: 400;\">\u00bb<\/span><\/p>\n<p><a href=\"http:\/\/www.noplastic.lu\"><span style=\"font-weight: 400;\">Greenpeace appelle Nestl\u00e9, Unilever et d&#8217;autres soci\u00e9t\u00e9s<\/span><\/a><span style=\"font-weight: 400;\"> de produits de consommation \u00e0 rendre transparente leur empreinte plastique, en d\u00e9tails, et \u00e0 mettre en place des objectifs et mesures sp\u00e9cifiques de r\u00e9duction des emballages jetables. Seuls des syst\u00e8mes de distribution r\u00e9utilisables peuvent briser le cercle vicieux des d\u00e9chets et de la pollution. La visite du Beluga au Luxembourg doit illustrer la probl\u00e9matique des d\u00e9chets plastiques.<\/span><\/p>\n<p>&nbsp;<\/p>\n<h3><b>Exposition et Journ\u00e9es &#8220;open-boat&#8221;<\/b><\/h3>\n<p><span style=\"font-weight: 400;\">Lors des journ\u00e9es \u201copen-boat\u201d, des visites guid\u00e9es s\u2019effectueront en petits groupes. En plus de d\u00e9couvrir une exposition sur la pollution plastique, les visiteurs pourront visiter ce voilier de type Klipperaak et apprendre de nombreuses anecdotes sur la vie quotidienne \u00e0 bord et sur les missions du voilier en tant que navire d&#8217;action et d&#8217;exp\u00e9dition.<\/span><\/p>\n<p><span style=\"font-weight: 400;\">Le <\/span><i><span style=\"font-weight: 400;\">Beluga II<\/span><\/i><span style=\"font-weight: 400;\"> sera ouvert aux visiteurs les 26 et 27 avril de 11h \u00e0 18h.Il sera situ\u00e9 \u00e0 hauteur du quai Marie-Astrid sur l\u2019esplanade de Remich. En fonction de la m\u00e9t\u00e9o et du nombre de visiteurs, un temps d\u2019attente sera peut-\u00eatre n\u00e9cessaire. Comme pour tous les \u00e9v\u00e8nements Greenpeace, l&#8217;entr\u00e9e est gratuite. Plus d&#8217;informations sont disponibles \u00e0 l&#8217;adresse suivante : <\/span><span style=\"font-weight: 400;\">\u2018<\/span><a href=\"https:\/\/www.facebook.com\/events\/848761528833405\/\"><span style=\"font-weight: 400;\">Greenpeace Beluga is coming to Remich!\u2019<\/span><\/a><\/p>\n<p><b>Notes :<\/b><\/p>\n<p><span style=\"font-weight: 300;\">[1] Base de donn\u00e9es de photos et de vid\u00e9os : <\/span><a href=\"http:\/\/www.media.greenpeace.org\"><span style=\"font-weight: 300;\">www.media.greenpeace.org<\/span><\/a><\/p>\n<p><span style=\"font-weight: 300;\">[2] De plus amples informations sur la campagne anti-plastiques sont disponibles sur : <\/span><a href=\"https:\/\/www.greenpeace.org\/luxembourg\/fr\/tag\/pollution\/\"><span style=\"font-weight: 300;\">https:\/\/www.greenpeace.org\/luxembourg\/fr\/tag\/pollution\/<\/span><\/a><\/p>\n<p><span style=\"font-weight: 300;\">[3] Vous trouverez plus d&#8217;informations sur le <\/span><i><span style=\"font-weight: 300;\">Beluga II<\/span><\/i><span style=\"font-weight: 300;\"> dans <\/span><a href=\"https:\/\/www.greenpeace.de\/themen\/uber-uns\/beluga-ii-schwimmendes-labor\"><span style=\"font-weight: 300;\">cet article<\/span><\/a><span style=\"font-weight: 300;\">.<\/span><\/p>\n<p><span style=\"font-weight: 300;\">[4] La p\u00e9tition contre les pollueurs plastiques peut \u00eatre retrouv\u00e9e sur : <\/span><a href=\"http:\/\/www.noplastic.lu\"><span style=\"font-weight: 300;\">www.noplastic.lu<\/span><\/a> <span style=\"font-weight: 300;\">. \u00c0 l&#8217;heure actuelle, la p\u00e9tition comptabilise <\/span><b>plus de 5.300 signatures<\/b><span style=\"font-weight: 300;\">.<\/span><\/p>\n<p>&nbsp;<\/p>\n<div class=\"EmptyMessage\">Block content is empty. Check the block&#8217;s settings or remove it.<\/div>","protected":false},"excerpt":{"rendered":"<p>Remich, le 26 avril 2019 &#8211; Le navire de Greenpeace, le Beluga II, revient au Luxembourg pour la seconde fois apr\u00e8s cinq ans d\u2019absence. \u00c0 son bord sera embarqu\u00e9 un&hellip;<\/p>\n","protected":false},"author":18,"featured_media":4688,"comment_status":"closed","ping_status":"closed","sticky":false,"template":"","format":"standard","meta":{"ep_exclude_from_search":false,"p4_og_title":"","p4_og_description":"","p4_og_image":"","p4_og_image_id":"","p4_seo_canonical_url":"","p4_campaign_name":"","p4_local_project":"","p4_basket_name":"","p4_department":"","footnotes":""},"categories":[43],"tags":[28,29,32],"p4-page-type":[83],"class_list":["post-4659","post","type-post","status-publish","format-standard","has-post-thumbnail","hentry","category-nature","tag-pollution","tag-oceans","tag-luxembourg","p4-page-type-communiques-de-presse"],"yoast_head":"<!-- This site is optimized with the Yoast SEO Premium plugin v23.9 (Yoast SEO v23.9) - https:\/\/yoast.com\/wordpress\/plugins\/seo\/ -->\n<title>Campagne anti-plastique : le voilier de Greenpeace, le &#039;Beluga II&#039;, jette l&#039;ancre \u00e0 Remich - Greenpeace Luxembourg<\/title>\n<meta name=\"robots\" content=\"index, follow, max-snippet:-1, max-image-preview:large, max-video-preview:-1\" \/>\n<link rel=\"canonical\" href=\"https:\/\/www.greenpeace.org\/luxembourg\/fr\/communiques-de-presse\/4659\/campagne-anti-plastique-le-voilier-de-greenpeace-le-beluga-ii-jette-lancre-a-remich\/\" \/>\n<meta property=\"og:locale\" content=\"fr_FR\" \/>\n<meta property=\"og:type\" content=\"article\" \/>\n<meta property=\"og:title\" content=\"Campagne anti-plastique : le voilier de Greenpeace, le &#039;Beluga II&#039;, jette l&#039;ancre \u00e0 Remich\" \/>\n<meta property=\"og:description\" content=\"Remich, le 26 avril 2019 &#8211; Le navire de Greenpeace, le Beluga II, revient au Luxembourg pour la seconde fois apr\u00e8s cinq ans d\u2019absence. \u00c0 son bord sera embarqu\u00e9 un&hellip;\" \/>\n<meta property=\"og:url\" content=\"https:\/\/www.greenpeace.org\/luxembourg\/fr\/communiques-de-presse\/4659\/campagne-anti-plastique-le-voilier-de-greenpeace-le-beluga-ii-jette-lancre-a-remich\/\" \/>\n<meta property=\"og:site_name\" content=\"Greenpeace Luxembourg\" \/>\n<meta property=\"article:publisher\" content=\"https:\/\/www.facebook.com\/greenpeaceluxembourg\" \/>\n<meta property=\"article:published_time\" content=\"2019-04-26T10:58:50+00:00\" \/>\n<meta property=\"article:modified_time\" content=\"2021-12-01T15:30:43+00:00\" \/>\n<meta property=\"og:image\" content=\"https:\/\/www.greenpeace.org\/static\/planet4-luxembourg-stateless\/2019\/04\/cb18fada-26042019_beluga.png\" \/>\n\t<meta property=\"og:image:width\" content=\"1436\" \/>\n\t<meta property=\"og:image:height\" content=\"792\" \/>\n\t<meta property=\"og:image:type\" content=\"image\/png\" \/>\n<meta name=\"author\" content=\"Pauline Maes\" \/>\n<meta name=\"twitter:card\" content=\"summary_large_image\" \/>\n<meta name=\"twitter:label1\" content=\"Written by\" \/>\n\t<meta name=\"twitter:data1\" content=\"Pauline Maes\" \/>\n\t<meta name=\"twitter:label2\" content=\"Est. reading time\" \/>\n\t<meta name=\"twitter:data2\" content=\"5 minutes\" \/>\n<script type=\"application\/ld+json\" class=\"yoast-schema-graph\">{\"@context\":\"https:\/\/schema.org\",\"@graph\":[{\"@type\":\"Article\",\"@id\":\"https:\/\/www.greenpeace.org\/luxembourg\/fr\/communiques-de-presse\/4659\/campagne-anti-plastique-le-voilier-de-greenpeace-le-beluga-ii-jette-lancre-a-remich\/#article\",\"isPartOf\":{\"@id\":\"https:\/\/www.greenpeace.org\/luxembourg\/fr\/communiques-de-presse\/4659\/campagne-anti-plastique-le-voilier-de-greenpeace-le-beluga-ii-jette-lancre-a-remich\/\"},\"author\":{\"name\":\"Pauline Maes\",\"@id\":\"https:\/\/www.greenpeace.org\/luxembourg\/fr\/#\/schema\/person\/7bbeb343322bdadf139e7e27e7c86ec8\"},\"headline\":\"Campagne anti-plastique : le voilier de Greenpeace, le &#8216;Beluga II&#8217;, jette l&#8217;ancre \u00e0 Remich\",\"datePublished\":\"2019-04-26T10:58:50+00:00\",\"dateModified\":\"2021-12-01T15:30:43+00:00\",\"mainEntityOfPage\":{\"@id\":\"https:\/\/www.greenpeace.org\/luxembourg\/fr\/communiques-de-presse\/4659\/campagne-anti-plastique-le-voilier-de-greenpeace-le-beluga-ii-jette-lancre-a-remich\/\"},\"wordCount\":971,\"publisher\":{\"@id\":\"https:\/\/www.greenpeace.org\/luxembourg\/fr\/#organization\"},\"image\":{\"@id\":\"https:\/\/www.greenpeace.org\/luxembourg\/fr\/communiques-de-presse\/4659\/campagne-anti-plastique-le-voilier-de-greenpeace-le-beluga-ii-jette-lancre-a-remich\/#primaryimage\"},\"thumbnailUrl\":\"https:\/\/www.greenpeace.org\/static\/planet4-luxembourg-stateless\/2019\/04\/cb18fada-26042019_beluga.png\",\"keywords\":[\"Pollution\",\"Oc\u00e9ans\",\"Luxembourg\"],\"articleSection\":[\"Nature\"],\"inLanguage\":\"fr-LU\"},{\"@type\":\"WebPage\",\"@id\":\"https:\/\/www.greenpeace.org\/luxembourg\/fr\/communiques-de-presse\/4659\/campagne-anti-plastique-le-voilier-de-greenpeace-le-beluga-ii-jette-lancre-a-remich\/\",\"url\":\"https:\/\/www.greenpeace.org\/luxembourg\/fr\/communiques-de-presse\/4659\/campagne-anti-plastique-le-voilier-de-greenpeace-le-beluga-ii-jette-lancre-a-remich\/\",\"name\":\"Campagne anti-plastique : le voilier de Greenpeace, le 'Beluga II', jette l'ancre \u00e0 Remich - Greenpeace Luxembourg\",\"isPartOf\":{\"@id\":\"https:\/\/www.greenpeace.org\/luxembourg\/fr\/#website\"},\"primaryImageOfPage\":{\"@id\":\"https:\/\/www.greenpeace.org\/luxembourg\/fr\/communiques-de-presse\/4659\/campagne-anti-plastique-le-voilier-de-greenpeace-le-beluga-ii-jette-lancre-a-remich\/#primaryimage\"},\"image\":{\"@id\":\"https:\/\/www.greenpeace.org\/luxembourg\/fr\/communiques-de-presse\/4659\/campagne-anti-plastique-le-voilier-de-greenpeace-le-beluga-ii-jette-lancre-a-remich\/#primaryimage\"},\"thumbnailUrl\":\"https:\/\/www.greenpeace.org\/static\/planet4-luxembourg-stateless\/2019\/04\/cb18fada-26042019_beluga.png\",\"datePublished\":\"2019-04-26T10:58:50+00:00\",\"dateModified\":\"2021-12-01T15:30:43+00:00\",\"breadcrumb\":{\"@id\":\"https:\/\/www.greenpeace.org\/luxembourg\/fr\/communiques-de-presse\/4659\/campagne-anti-plastique-le-voilier-de-greenpeace-le-beluga-ii-jette-lancre-a-remich\/#breadcrumb\"},\"inLanguage\":\"fr-LU\",\"potentialAction\":[{\"@type\":\"ReadAction\",\"target\":[\"https:\/\/www.greenpeace.org\/luxembourg\/fr\/communiques-de-presse\/4659\/campagne-anti-plastique-le-voilier-de-greenpeace-le-beluga-ii-jette-lancre-a-remich\/\"]}]},{\"@type\":\"ImageObject\",\"inLanguage\":\"fr-LU\",\"@id\":\"https:\/\/www.greenpeace.org\/luxembourg\/fr\/communiques-de-presse\/4659\/campagne-anti-plastique-le-voilier-de-greenpeace-le-beluga-ii-jette-lancre-a-remich\/#primaryimage\",\"url\":\"https:\/\/www.greenpeace.org\/static\/planet4-luxembourg-stateless\/2019\/04\/cb18fada-26042019_beluga.png\",\"contentUrl\":\"https:\/\/www.greenpeace.org\/static\/planet4-luxembourg-stateless\/2019\/04\/cb18fada-26042019_beluga.png\",\"width\":1436,\"height\":792,\"caption\":\"Beluga II \u00e0 Remich\"},{\"@type\":\"BreadcrumbList\",\"@id\":\"https:\/\/www.greenpeace.org\/luxembourg\/fr\/communiques-de-presse\/4659\/campagne-anti-plastique-le-voilier-de-greenpeace-le-beluga-ii-jette-lancre-a-remich\/#breadcrumb\",\"itemListElement\":[{\"@type\":\"ListItem\",\"position\":1,\"name\":\"Home\",\"item\":\"https:\/\/www.greenpeace.org\/luxembourg\/fr\/\"},{\"@type\":\"ListItem\",\"position\":2,\"name\":\"Campagne anti-plastique : le voilier de Greenpeace, le &#8216;Beluga II&#8217;, jette l&#8217;ancre \u00e0 Remich\"}]},{\"@type\":\"WebSite\",\"@id\":\"https:\/\/www.greenpeace.org\/luxembourg\/fr\/#website\",\"url\":\"https:\/\/www.greenpeace.org\/luxembourg\/fr\/\",\"name\":\"Greenpeace Luxembourg\",\"description\":\"Greenpeace existe parce que cette Terre fragile a besoin d&#039;une voix. Elle a besoin de solutions. De changement. D&#039;actions.\",\"publisher\":{\"@id\":\"https:\/\/www.greenpeace.org\/luxembourg\/fr\/#organization\"},\"potentialAction\":[{\"@type\":\"SearchAction\",\"target\":{\"@type\":\"EntryPoint\",\"urlTemplate\":\"https:\/\/www.greenpeace.org\/luxembourg\/fr\/?s={search_term_string}\"},\"query-input\":{\"@type\":\"PropertyValueSpecification\",\"valueRequired\":true,\"valueName\":\"search_term_string\"}}],\"inLanguage\":\"fr-LU\"},{\"@type\":\"Organization\",\"@id\":\"https:\/\/www.greenpeace.org\/luxembourg\/fr\/#organization\",\"name\":\"Greenpeace Luxembourg\",\"url\":\"https:\/\/www.greenpeace.org\/luxembourg\/fr\/\",\"logo\":{\"@type\":\"ImageObject\",\"inLanguage\":\"fr-LU\",\"@id\":\"https:\/\/www.greenpeace.org\/luxembourg\/fr\/#\/schema\/logo\/image\/\",\"url\":\"https:\/\/www.greenpeace.org\/static\/planet4-luxembourg-stateless\/2026\/03\/3e367f94-greenpeace_logo_green_rgb.png\",\"contentUrl\":\"https:\/\/www.greenpeace.org\/static\/planet4-luxembourg-stateless\/2026\/03\/3e367f94-greenpeace_logo_green_rgb.png\",\"width\":1080,\"height\":175,\"caption\":\"Greenpeace Luxembourg\"},\"image\":{\"@id\":\"https:\/\/www.greenpeace.org\/luxembourg\/fr\/#\/schema\/logo\/image\/\"},\"sameAs\":[\"https:\/\/www.facebook.com\/greenpeaceluxembourg\",\"https:\/\/www.instagram.com\/greenpeacelux\/\",\"https:\/\/www.linkedin.com\/company\/greenpeace-luxembourg\/\",\"https:\/\/www.threads.com\/@greenpeacelux\",\"https:\/\/bsky.app\/profile\/greenpeacelux.bsky.social\",\"https:\/\/www.youtube.com\/@GreenpeaceLux\",\"https:\/\/www.tiktok.com\/@greenpeace_lux\"]},{\"@type\":\"Person\",\"@id\":\"https:\/\/www.greenpeace.org\/luxembourg\/fr\/#\/schema\/person\/7bbeb343322bdadf139e7e27e7c86ec8\",\"name\":\"Pauline Maes\",\"url\":\"https:\/\/www.greenpeace.org\/luxembourg\/fr\/author\/pmaes\/\"}]}<\/script>\n<!-- \/ Yoast SEO Premium plugin. -->","yoast_head_json":{"title":"Campagne anti-plastique : le voilier de Greenpeace, le 'Beluga II', jette l'ancre \u00e0 Remich - Greenpeace Luxembourg","robots":{"index":"index","follow":"follow","max-snippet":"max-snippet:-1","max-image-preview":"max-image-preview:large","max-video-preview":"max-video-preview:-1"},"canonical":"https:\/\/www.greenpeace.org\/luxembourg\/fr\/communiques-de-presse\/4659\/campagne-anti-plastique-le-voilier-de-greenpeace-le-beluga-ii-jette-lancre-a-remich\/","og_locale":"fr_FR","og_type":"article","og_title":"Campagne anti-plastique : le voilier de Greenpeace, le 'Beluga II', jette l'ancre \u00e0 Remich","og_description":"Remich, le 26 avril 2019 &#8211; Le navire de Greenpeace, le Beluga II, revient au Luxembourg pour la seconde fois apr\u00e8s cinq ans d\u2019absence. \u00c0 son bord sera embarqu\u00e9 un&hellip;","og_url":"https:\/\/www.greenpeace.org\/luxembourg\/fr\/communiques-de-presse\/4659\/campagne-anti-plastique-le-voilier-de-greenpeace-le-beluga-ii-jette-lancre-a-remich\/","og_site_name":"Greenpeace Luxembourg","article_publisher":"https:\/\/www.facebook.com\/greenpeaceluxembourg","article_published_time":"2019-04-26T10:58:50+00:00","article_modified_time":"2021-12-01T15:30:43+00:00","og_image":[{"width":1436,"height":792,"url":"https:\/\/www.greenpeace.org\/static\/planet4-luxembourg-stateless\/2019\/04\/cb18fada-26042019_beluga.png","type":"image\/png"}],"author":"Pauline Maes","twitter_card":"summary_large_image","twitter_misc":{"Written by":"Pauline Maes","Est. reading time":"5 minutes"},"schema":{"@context":"https:\/\/schema.org","@graph":[{"@type":"Article","@id":"https:\/\/www.greenpeace.org\/luxembourg\/fr\/communiques-de-presse\/4659\/campagne-anti-plastique-le-voilier-de-greenpeace-le-beluga-ii-jette-lancre-a-remich\/#article","isPartOf":{"@id":"https:\/\/www.greenpeace.org\/luxembourg\/fr\/communiques-de-presse\/4659\/campagne-anti-plastique-le-voilier-de-greenpeace-le-beluga-ii-jette-lancre-a-remich\/"},"author":{"name":"Pauline Maes","@id":"https:\/\/www.greenpeace.org\/luxembourg\/fr\/#\/schema\/person\/7bbeb343322bdadf139e7e27e7c86ec8"},"headline":"Campagne anti-plastique : le voilier de Greenpeace, le &#8216;Beluga II&#8217;, jette l&#8217;ancre \u00e0 Remich","datePublished":"2019-04-26T10:58:50+00:00","dateModified":"2021-12-01T15:30:43+00:00","mainEntityOfPage":{"@id":"https:\/\/www.greenpeace.org\/luxembourg\/fr\/communiques-de-presse\/4659\/campagne-anti-plastique-le-voilier-de-greenpeace-le-beluga-ii-jette-lancre-a-remich\/"},"wordCount":971,"publisher":{"@id":"https:\/\/www.greenpeace.org\/luxembourg\/fr\/#organization"},"image":{"@id":"https:\/\/www.greenpeace.org\/luxembourg\/fr\/communiques-de-presse\/4659\/campagne-anti-plastique-le-voilier-de-greenpeace-le-beluga-ii-jette-lancre-a-remich\/#primaryimage"},"thumbnailUrl":"https:\/\/www.greenpeace.org\/static\/planet4-luxembourg-stateless\/2019\/04\/cb18fada-26042019_beluga.png","keywords":["Pollution","Oc\u00e9ans","Luxembourg"],"articleSection":["Nature"],"inLanguage":"fr-LU"},{"@type":"WebPage","@id":"https:\/\/www.greenpeace.org\/luxembourg\/fr\/communiques-de-presse\/4659\/campagne-anti-plastique-le-voilier-de-greenpeace-le-beluga-ii-jette-lancre-a-remich\/","url":"https:\/\/www.greenpeace.org\/luxembourg\/fr\/communiques-de-presse\/4659\/campagne-anti-plastique-le-voilier-de-greenpeace-le-beluga-ii-jette-lancre-a-remich\/","name":"Campagne anti-plastique : le voilier de Greenpeace, le 'Beluga II', jette l'ancre \u00e0 Remich - Greenpeace Luxembourg","isPartOf":{"@id":"https:\/\/www.greenpeace.org\/luxembourg\/fr\/#website"},"primaryImageOfPage":{"@id":"https:\/\/www.greenpeace.org\/luxembourg\/fr\/communiques-de-presse\/4659\/campagne-anti-plastique-le-voilier-de-greenpeace-le-beluga-ii-jette-lancre-a-remich\/#primaryimage"},"image":{"@id":"https:\/\/www.greenpeace.org\/luxembourg\/fr\/communiques-de-presse\/4659\/campagne-anti-plastique-le-voilier-de-greenpeace-le-beluga-ii-jette-lancre-a-remich\/#primaryimage"},"thumbnailUrl":"https:\/\/www.greenpeace.org\/static\/planet4-luxembourg-stateless\/2019\/04\/cb18fada-26042019_beluga.png","datePublished":"2019-04-26T10:58:50+00:00","dateModified":"2021-12-01T15:30:43+00:00","breadcrumb":{"@id":"https:\/\/www.greenpeace.org\/luxembourg\/fr\/communiques-de-presse\/4659\/campagne-anti-plastique-le-voilier-de-greenpeace-le-beluga-ii-jette-lancre-a-remich\/#breadcrumb"},"inLanguage":"fr-LU","potentialAction":[{"@type":"ReadAction","target":["https:\/\/www.greenpeace.org\/luxembourg\/fr\/communiques-de-presse\/4659\/campagne-anti-plastique-le-voilier-de-greenpeace-le-beluga-ii-jette-lancre-a-remich\/"]}]},{"@type":"ImageObject","inLanguage":"fr-LU","@id":"https:\/\/www.greenpeace.org\/luxembourg\/fr\/communiques-de-presse\/4659\/campagne-anti-plastique-le-voilier-de-greenpeace-le-beluga-ii-jette-lancre-a-remich\/#primaryimage","url":"https:\/\/www.greenpeace.org\/static\/planet4-luxembourg-stateless\/2019\/04\/cb18fada-26042019_beluga.png","contentUrl":"https:\/\/www.greenpeace.org\/static\/planet4-luxembourg-stateless\/2019\/04\/cb18fada-26042019_beluga.png","width":1436,"height":792,"caption":"Beluga II \u00e0 Remich"},{"@type":"BreadcrumbList","@id":"https:\/\/www.greenpeace.org\/luxembourg\/fr\/communiques-de-presse\/4659\/campagne-anti-plastique-le-voilier-de-greenpeace-le-beluga-ii-jette-lancre-a-remich\/#breadcrumb","itemListElement":[{"@type":"ListItem","position":1,"name":"Home","item":"https:\/\/www.greenpeace.org\/luxembourg\/fr\/"},{"@type":"ListItem","position":2,"name":"Campagne anti-plastique : le voilier de Greenpeace, le &#8216;Beluga II&#8217;, jette l&#8217;ancre \u00e0 Remich"}]},{"@type":"WebSite","@id":"https:\/\/www.greenpeace.org\/luxembourg\/fr\/#website","url":"https:\/\/www.greenpeace.org\/luxembourg\/fr\/","name":"Greenpeace Luxembourg","description":"Greenpeace existe parce que cette Terre fragile a besoin d&#039;une voix. Elle a besoin de solutions. De changement. D&#039;actions.","publisher":{"@id":"https:\/\/www.greenpeace.org\/luxembourg\/fr\/#organization"},"potentialAction":[{"@type":"SearchAction","target":{"@type":"EntryPoint","urlTemplate":"https:\/\/www.greenpeace.org\/luxembourg\/fr\/?s={search_term_string}"},"query-input":{"@type":"PropertyValueSpecification","valueRequired":true,"valueName":"search_term_string"}}],"inLanguage":"fr-LU"},{"@type":"Organization","@id":"https:\/\/www.greenpeace.org\/luxembourg\/fr\/#organization","name":"Greenpeace Luxembourg","url":"https:\/\/www.greenpeace.org\/luxembourg\/fr\/","logo":{"@type":"ImageObject","inLanguage":"fr-LU","@id":"https:\/\/www.greenpeace.org\/luxembourg\/fr\/#\/schema\/logo\/image\/","url":"https:\/\/www.greenpeace.org\/static\/planet4-luxembourg-stateless\/2026\/03\/3e367f94-greenpeace_logo_green_rgb.png","contentUrl":"https:\/\/www.greenpeace.org\/static\/planet4-luxembourg-stateless\/2026\/03\/3e367f94-greenpeace_logo_green_rgb.png","width":1080,"height":175,"caption":"Greenpeace Luxembourg"},"image":{"@id":"https:\/\/www.greenpeace.org\/luxembourg\/fr\/#\/schema\/logo\/image\/"},"sameAs":["https:\/\/www.facebook.com\/greenpeaceluxembourg","https:\/\/www.instagram.com\/greenpeacelux\/","https:\/\/www.linkedin.com\/company\/greenpeace-luxembourg\/","https:\/\/www.threads.com\/@greenpeacelux","https:\/\/bsky.app\/profile\/greenpeacelux.bsky.social","https:\/\/www.youtube.com\/@GreenpeaceLux","https:\/\/www.tiktok.com\/@greenpeace_lux"]},{"@type":"Person","@id":"https:\/\/www.greenpeace.org\/luxembourg\/fr\/#\/schema\/person\/7bbeb343322bdadf139e7e27e7c86ec8","name":"Pauline Maes","url":"https:\/\/www.greenpeace.org\/luxembourg\/fr\/author\/pmaes\/"}]}},"_links":{"self":[{"href":"https:\/\/www.greenpeace.org\/luxembourg\/fr\/wp-json\/wp\/v2\/posts\/4659","targetHints":{"allow":["GET"]}}],"collection":[{"href":"https:\/\/www.greenpeace.org\/luxembourg\/fr\/wp-json\/wp\/v2\/posts"}],"about":[{"href":"https:\/\/www.greenpeace.org\/luxembourg\/fr\/wp-json\/wp\/v2\/types\/post"}],"author":[{"embeddable":true,"href":"https:\/\/www.greenpeace.org\/luxembourg\/fr\/wp-json\/wp\/v2\/users\/18"}],"replies":[{"embeddable":true,"href":"https:\/\/www.greenpeace.org\/luxembourg\/fr\/wp-json\/wp\/v2\/comments?post=4659"}],"version-history":[{"count":5,"href":"https:\/\/www.greenpeace.org\/luxembourg\/fr\/wp-json\/wp\/v2\/posts\/4659\/revisions"}],"predecessor-version":[{"id":13066,"href":"https:\/\/www.greenpeace.org\/luxembourg\/fr\/wp-json\/wp\/v2\/posts\/4659\/revisions\/13066"}],"wp:featuredmedia":[{"embeddable":true,"href":"https:\/\/www.greenpeace.org\/luxembourg\/fr\/wp-json\/wp\/v2\/media\/4688"}],"wp:attachment":[{"href":"https:\/\/www.greenpeace.org\/luxembourg\/fr\/wp-json\/wp\/v2\/media?parent=4659"}],"wp:term":[{"taxonomy":"category","embeddable":true,"href":"https:\/\/www.greenpeace.org\/luxembourg\/fr\/wp-json\/wp\/v2\/categories?post=4659"},{"taxonomy":"post_tag","embeddable":true,"href":"https:\/\/www.greenpeace.org\/luxembourg\/fr\/wp-json\/wp\/v2\/tags?post=4659"},{"taxonomy":"p4-page-type","embeddable":true,"href":"https:\/\/www.greenpeace.org\/luxembourg\/fr\/wp-json\/wp\/v2\/p4-page-type?post=4659"}],"curies":[{"name":"wp","href":"https:\/\/api.w.org\/{rel}","templated":true}]}}