{"id":4803,"date":"2019-05-22T09:30:26","date_gmt":"2019-05-22T07:30:26","guid":{"rendered":"https:\/\/master.k8s.p4.greenpeace.org\/luxembourg\/?p=4803"},"modified":"2021-12-01T17:30:38","modified_gmt":"2021-12-01T15:30:38","slug":"elections-europeennes-2019-votez-pour-le-climat","status":"publish","type":"post","link":"https:\/\/www.greenpeace.org\/luxembourg\/fr\/communiques-de-presse\/4803\/elections-europeennes-2019-votez-pour-le-climat\/","title":{"rendered":"\u00c9lections europ\u00e9ennes 2019 : votez pour le climat !"},"content":{"rendered":"<p><i><span style=\"font-weight: 400;\">Esch-sur-Alzette, le 22 mai 2019<\/span><\/i><i><span style=\"font-weight: 400;\"> &#8211;<\/span><\/i><span style=\"font-weight: 400;\"> \u00a0Les \u00e9lections europ\u00e9ennes auront lieu ce dimanche. Ce jour-l\u00e0, les citoyennes et citoyens de notre pays vont d\u00e9cider quels seront les six d\u00e9put\u00e9s qui si\u00e9geront au Parlement europ\u00e9en. Leur mission ? D\u00e9finir le cadre l\u00e9gal pour la protection de l\u2019environnement et du climat dans les ann\u00e9es \u00e0 venir.<\/span><\/p>\n<p><span style=\"font-weight: 400;\">Greenpeace lance un appel \u00e0 tous les citoyen-ne-s luxembourgeois-e-s : utilisez votre droit de vote le 26 mai et ne votez que pour des candidats v\u00e9ritablement attach\u00e9s \u00e0 la protection du climat et \u00e0 un avenir durable ! Parce que l&#8217;environnement, le climat et surtout le futur des jeunes g\u00e9n\u00e9rations d\u00e9pendent de votre vote.<\/span><\/p>\n<p><span style=\"font-weight: 400;\">Au cours des derniers mois, et particuli\u00e8rement suite aux marches sur le climat, une vaste discussion sur la protection du climat a \u00e9t\u00e9 amorc\u00e9e au Luxembourg. La protection du climat est devenue un probl\u00e8me pour de nombreux responsables politiques qui se positionnent aux \u00e9lections europ\u00e9ennes.<\/span><\/p>\n<p><span style=\"font-weight: 400;\">N\u00e9anmoins, un regard sur la l\u00e9gislature pass\u00e9e du Parlement europ\u00e9en montre que les factions les plus conservatrices et lib\u00e9rales du Parlement Europ\u00e9en ont bloqu\u00e9 une politique environnementale et climatique avanc\u00e9e, tandis que les partis \u00e9cologistes et certains repr\u00e9sentants sociaux-d\u00e9mocrates sont beaucoup plus ouverts et tourn\u00e9s vers l&#8217;avenir en terme de politique \u00e9nerg\u00e9tique, climatique et environnementale. Les \u00e9cologistes et les sociaux-d\u00e9mocrates ont, par exemple, vot\u00e9 en faveur de la suppression progressive des subventions publiques aux combustibles fossiles, en augmentant la part des \u00e9nergies renouvelables et leur efficacit\u00e9, alors que les repr\u00e9sentants des groupes conservateurs et lib\u00e9raux \u00e9taient plus susceptibles de voter contre ou de s&#8217;abstenir partiellement.<\/span><\/p>\n<p><span style=\"font-weight: 400;\">\u00ab <\/span><i><span style=\"font-weight: 400;\">Ces prochaines \u00e9lections europ\u00e9ennes seront cruciales pour l\u2019avenir, les g\u00e9n\u00e9rations les plus \u00e2g\u00e9es peuvent agir pour les plus jeunes en choisissant une politique proactive et respectueuse de l&#8217;environnement <\/span><\/i><span style=\"font-weight: 400;\">\u00bb, estime Raymond Aendekerk, directeur de Greenpeace Luxembourg. \u00ab<\/span><i><span style=\"font-weight: 400;\"> Il ne nous reste que dix ans si on veut \u00e9viter les pires effets de la crise climatique. Cet objectif ne peut \u00eatre atteint sans des mesures radicales et ambitieuses de la part de l&#8217;UE. Il y a beaucoup en jeu. L&#8217;UE peut apporter une contribution significative \u00e0 la concr\u00e9tisation de la protection efficace du climat. Celle-ci ne peut exister que si de nombreuses personnes le souhaitent. Utilisez donc votre droit d\u00e9mocratique. <\/span><\/i><span style=\"font-weight: 400;\">\u00bb<\/span><\/p>\n\t\t\t<section\n\t\t\tclass=\"boxout post-424 \"\n\t\t\t\n\t\t>\n\t\t\t<a\n\t\t\t\tdata-ga-category=\"Take Action Boxout\"\n\t\t\t\tdata-ga-action=\"Image\"\n\t\t\t\tdata-ga-label=\"n\/a\"\n\t\t\t\tclass=\"cover-card-overlay\"\n\t\t\t\thref=\"https:\/\/www.greenpeace.org\/luxembourg\/fr\/agir\/benevolat\/\" \n\t\t\t><\/a>\n\t\t\t\t\t\t\t<img\n\t\t\t\t\t\tsrc=\"https:\/\/www.greenpeace.org\/static\/planet4-luxembourg-stateless\/2019\/05\/430e187a-img_20190525_140934-1024x768.jpg\"\n\t\t\t\t\t\tsrcset=\"https:\/\/www.greenpeace.org\/static\/planet4-luxembourg-stateless\/2019\/05\/430e187a-img_20190525_140934-300x225.jpg 300w, https:\/\/www.greenpeace.org\/static\/planet4-luxembourg-stateless\/2019\/05\/430e187a-img_20190525_140934-768x576.jpg 768w, https:\/\/www.greenpeace.org\/static\/planet4-luxembourg-stateless\/2019\/05\/430e187a-img_20190525_140934-1024x768.jpg 1024w, https:\/\/www.greenpeace.org\/static\/planet4-luxembourg-stateless\/2019\/05\/430e187a-img_20190525_140934-1821x1366.jpg 1821w, https:\/\/www.greenpeace.org\/static\/planet4-luxembourg-stateless\/2019\/05\/430e187a-img_20190525_140934-453x340.jpg 453w\"\n\t\t\t\t\t\tsizes=\"(min-width: 1000px) 358px, (min-width: 780px) 313px, 88px\"\n\t\t\t\t\t\talt=\"\" title=\"\"\n\t\t\t\t\/>\n            \t\t\t<div class=\"boxout-content\">\n\t\t\t\t\t\t\t\t\t<a\n\t\t\t\t\t\tclass=\"boxout-heading medium\"\n\t\t\t\t\t\tdata-ga-category=\"Take Action Boxout\"\n\t\t\t\t\t\tdata-ga-action=\"Title\"\n\t\t\t\t\t\tdata-ga-label=\"n\/a\"\n\t\t\t\t\t\thref=\"https:\/\/www.greenpeace.org\/luxembourg\/fr\/agir\/benevolat\/\"\n\t\t\t\t\t\t\n\t\t\t\t\t>\n\t\t\t\t\t\tDevenir b\u00e9n\u00e9vole\n\t\t\t\t\t<\/a>\n\t\t\t\t\t\t\t\t\t\t\t\t\t<p class=\"boxout-excerpt\">Devenir b\u00e9n\u00e9vole avec Greenpeace. Sur le terrain, au bureau ou m\u00eame en ligne, rejoignez une communaut\u00e9 de b\u00e9n\u00e9voles passion\u00e9\u00b7es !<\/p>\n\t\t\t\t                                    <a\n                        class=\"btn btn-primary\"\n                        data-ga-category=\"Take Action Boxout\"\n                        data-ga-action=\"Call to Action\"\n                        data-ga-label=\"n\/a\"\n                        href=\"https:\/\/www.greenpeace.org\/luxembourg\/fr\/agir\/benevolat\/\"\n                        \n                    >\n                        S&#039;engager\n                    <\/a>\n                \t\t\t<\/div>\n\t\t\t\t\t<\/section>\n\t","protected":false},"excerpt":{"rendered":"<p>Esch-sur-Alzette, le 22 mai 2019 &#8211; \u00a0Les \u00e9lections europ\u00e9ennes auront lieu ce dimanche. Ce jour-l\u00e0, les citoyennes et citoyens de notre pays vont d\u00e9cider quels seront les six d\u00e9put\u00e9s qui&hellip;<\/p>\n","protected":false},"author":18,"featured_media":4807,"comment_status":"closed","ping_status":"closed","sticky":false,"template":"","format":"standard","meta":{"ep_exclude_from_search":false,"p4_og_title":"","p4_og_description":"","p4_og_image":"","p4_og_image_id":"","p4_seo_canonical_url":"","p4_campaign_name":"","p4_local_project":"","p4_basket_name":"","p4_department":"","footnotes":""},"categories":[41],"tags":[32,37,38],"p4-page-type":[83],"class_list":["post-4803","post","type-post","status-publish","format-standard","has-post-thumbnail","hentry","category-climat","tag-luxembourg","tag-changementclimatique","tag-biodiversite","p4-page-type-communiques-de-presse"],"yoast_head":"<!-- This site is optimized with the Yoast SEO Premium plugin v23.9 (Yoast SEO v23.9) - https:\/\/yoast.com\/wordpress\/plugins\/seo\/ -->\n<title>\u00c9lections europ\u00e9ennes 2019 : votez pour le climat ! - Greenpeace Luxembourg<\/title>\n<meta name=\"robots\" content=\"index, follow, max-snippet:-1, max-image-preview:large, max-video-preview:-1\" \/>\n<link rel=\"canonical\" href=\"https:\/\/www.greenpeace.org\/luxembourg\/fr\/communiques-de-presse\/4803\/elections-europeennes-2019-votez-pour-le-climat\/\" \/>\n<meta property=\"og:locale\" content=\"fr_FR\" \/>\n<meta property=\"og:type\" content=\"article\" \/>\n<meta property=\"og:title\" content=\"\u00c9lections europ\u00e9ennes 2019 : votez pour le climat !\" \/>\n<meta property=\"og:description\" content=\"Esch-sur-Alzette, le 22 mai 2019 &#8211; \u00a0Les \u00e9lections europ\u00e9ennes auront lieu ce dimanche. Ce jour-l\u00e0, les citoyennes et citoyens de notre pays vont d\u00e9cider quels seront les six d\u00e9put\u00e9s qui&hellip;\" \/>\n<meta property=\"og:url\" content=\"https:\/\/www.greenpeace.org\/luxembourg\/fr\/communiques-de-presse\/4803\/elections-europeennes-2019-votez-pour-le-climat\/\" \/>\n<meta property=\"og:site_name\" content=\"Greenpeace Luxembourg\" \/>\n<meta property=\"article:publisher\" content=\"https:\/\/www.facebook.com\/greenpeaceluxembourg\" \/>\n<meta property=\"article:published_time\" content=\"2019-05-22T07:30:26+00:00\" \/>\n<meta property=\"article:modified_time\" content=\"2021-12-01T15:30:38+00:00\" \/>\n<meta property=\"og:image\" content=\"https:\/\/www.greenpeace.org\/static\/planet4-luxembourg-stateless\/2019\/05\/aa12be2c-gp0sttc18_medium_res.jpg\" \/>\n\t<meta property=\"og:image:width\" content=\"1200\" \/>\n\t<meta property=\"og:image:height\" content=\"801\" \/>\n\t<meta property=\"og:image:type\" content=\"image\/jpeg\" \/>\n<meta name=\"author\" content=\"Pauline Maes\" \/>\n<meta name=\"twitter:card\" content=\"summary_large_image\" \/>\n<meta name=\"twitter:label1\" content=\"Written by\" \/>\n\t<meta name=\"twitter:data1\" content=\"Pauline Maes\" \/>\n\t<meta name=\"twitter:label2\" content=\"Est. reading time\" \/>\n\t<meta name=\"twitter:data2\" content=\"2 minutes\" \/>\n<script type=\"application\/ld+json\" class=\"yoast-schema-graph\">{\"@context\":\"https:\/\/schema.org\",\"@graph\":[{\"@type\":\"Article\",\"@id\":\"https:\/\/www.greenpeace.org\/luxembourg\/fr\/communiques-de-presse\/4803\/elections-europeennes-2019-votez-pour-le-climat\/#article\",\"isPartOf\":{\"@id\":\"https:\/\/www.greenpeace.org\/luxembourg\/fr\/communiques-de-presse\/4803\/elections-europeennes-2019-votez-pour-le-climat\/\"},\"author\":{\"name\":\"Pauline Maes\",\"@id\":\"https:\/\/www.greenpeace.org\/luxembourg\/fr\/#\/schema\/person\/7bbeb343322bdadf139e7e27e7c86ec8\"},\"headline\":\"\u00c9lections europ\u00e9ennes 2019 : votez pour le climat !\",\"datePublished\":\"2019-05-22T07:30:26+00:00\",\"dateModified\":\"2021-12-01T15:30:38+00:00\",\"mainEntityOfPage\":{\"@id\":\"https:\/\/www.greenpeace.org\/luxembourg\/fr\/communiques-de-presse\/4803\/elections-europeennes-2019-votez-pour-le-climat\/\"},\"wordCount\":407,\"publisher\":{\"@id\":\"https:\/\/www.greenpeace.org\/luxembourg\/fr\/#organization\"},\"image\":{\"@id\":\"https:\/\/www.greenpeace.org\/luxembourg\/fr\/communiques-de-presse\/4803\/elections-europeennes-2019-votez-pour-le-climat\/#primaryimage\"},\"thumbnailUrl\":\"https:\/\/www.greenpeace.org\/static\/planet4-luxembourg-stateless\/2019\/05\/aa12be2c-gp0sttc18_medium_res.jpg\",\"keywords\":[\"Luxembourg\",\"ChangementClimatique\",\"Biodiversit\u00e9\"],\"articleSection\":[\"Climat\"],\"inLanguage\":\"fr-LU\"},{\"@type\":\"WebPage\",\"@id\":\"https:\/\/www.greenpeace.org\/luxembourg\/fr\/communiques-de-presse\/4803\/elections-europeennes-2019-votez-pour-le-climat\/\",\"url\":\"https:\/\/www.greenpeace.org\/luxembourg\/fr\/communiques-de-presse\/4803\/elections-europeennes-2019-votez-pour-le-climat\/\",\"name\":\"\u00c9lections europ\u00e9ennes 2019 : votez pour le climat ! - Greenpeace Luxembourg\",\"isPartOf\":{\"@id\":\"https:\/\/www.greenpeace.org\/luxembourg\/fr\/#website\"},\"primaryImageOfPage\":{\"@id\":\"https:\/\/www.greenpeace.org\/luxembourg\/fr\/communiques-de-presse\/4803\/elections-europeennes-2019-votez-pour-le-climat\/#primaryimage\"},\"image\":{\"@id\":\"https:\/\/www.greenpeace.org\/luxembourg\/fr\/communiques-de-presse\/4803\/elections-europeennes-2019-votez-pour-le-climat\/#primaryimage\"},\"thumbnailUrl\":\"https:\/\/www.greenpeace.org\/static\/planet4-luxembourg-stateless\/2019\/05\/aa12be2c-gp0sttc18_medium_res.jpg\",\"datePublished\":\"2019-05-22T07:30:26+00:00\",\"dateModified\":\"2021-12-01T15:30:38+00:00\",\"breadcrumb\":{\"@id\":\"https:\/\/www.greenpeace.org\/luxembourg\/fr\/communiques-de-presse\/4803\/elections-europeennes-2019-votez-pour-le-climat\/#breadcrumb\"},\"inLanguage\":\"fr-LU\",\"potentialAction\":[{\"@type\":\"ReadAction\",\"target\":[\"https:\/\/www.greenpeace.org\/luxembourg\/fr\/communiques-de-presse\/4803\/elections-europeennes-2019-votez-pour-le-climat\/\"]}]},{\"@type\":\"ImageObject\",\"inLanguage\":\"fr-LU\",\"@id\":\"https:\/\/www.greenpeace.org\/luxembourg\/fr\/communiques-de-presse\/4803\/elections-europeennes-2019-votez-pour-le-climat\/#primaryimage\",\"url\":\"https:\/\/www.greenpeace.org\/static\/planet4-luxembourg-stateless\/2019\/05\/aa12be2c-gp0sttc18_medium_res.jpg\",\"contentUrl\":\"https:\/\/www.greenpeace.org\/static\/planet4-luxembourg-stateless\/2019\/05\/aa12be2c-gp0sttc18_medium_res.jpg\",\"width\":1200,\"height\":801,\"caption\":\"Greenpeace activists join the demonstration \\\"One Europe for all\\\" which takes place in seven cities in Germany and twelve other European countries. The demonstrations ask people to vote at the European election on 26th May. Banner reads \\\"Vote for climate - vote for future\\\". It is also a protest against nationalism. Greenpeace volunteers wear walking balloons. Greenpeace Aktivisten beteiligen sich an den \\\"Ein Europa fuer Alle\\\"-Demonstrationen, die in 7 deutschen Staedten und weiteren europaeischen Laendern stattfinden. Sie rufen auf, an der Europa-Wahl am 26. Mai teilzunehmen. Auf den Bannern steht:\\\"Fuer das Klima - gegen rechts\\\", \\\"Vote for climate\\\". Es ist gleichzeitig ein Protest gegen Nationalismus. Greenpeace ist mit Walking Balloons dabei.\"},{\"@type\":\"BreadcrumbList\",\"@id\":\"https:\/\/www.greenpeace.org\/luxembourg\/fr\/communiques-de-presse\/4803\/elections-europeennes-2019-votez-pour-le-climat\/#breadcrumb\",\"itemListElement\":[{\"@type\":\"ListItem\",\"position\":1,\"name\":\"Home\",\"item\":\"https:\/\/www.greenpeace.org\/luxembourg\/fr\/\"},{\"@type\":\"ListItem\",\"position\":2,\"name\":\"\u00c9lections europ\u00e9ennes 2019 : votez pour le climat !\"}]},{\"@type\":\"WebSite\",\"@id\":\"https:\/\/www.greenpeace.org\/luxembourg\/fr\/#website\",\"url\":\"https:\/\/www.greenpeace.org\/luxembourg\/fr\/\",\"name\":\"Greenpeace Luxembourg\",\"description\":\"Greenpeace existe parce que cette Terre fragile a besoin d&#039;une voix. Elle a besoin de solutions. De changement. D&#039;actions.\",\"publisher\":{\"@id\":\"https:\/\/www.greenpeace.org\/luxembourg\/fr\/#organization\"},\"potentialAction\":[{\"@type\":\"SearchAction\",\"target\":{\"@type\":\"EntryPoint\",\"urlTemplate\":\"https:\/\/www.greenpeace.org\/luxembourg\/fr\/?s={search_term_string}\"},\"query-input\":{\"@type\":\"PropertyValueSpecification\",\"valueRequired\":true,\"valueName\":\"search_term_string\"}}],\"inLanguage\":\"fr-LU\"},{\"@type\":\"Organization\",\"@id\":\"https:\/\/www.greenpeace.org\/luxembourg\/fr\/#organization\",\"name\":\"Greenpeace Luxembourg\",\"url\":\"https:\/\/www.greenpeace.org\/luxembourg\/fr\/\",\"logo\":{\"@type\":\"ImageObject\",\"inLanguage\":\"fr-LU\",\"@id\":\"https:\/\/www.greenpeace.org\/luxembourg\/fr\/#\/schema\/logo\/image\/\",\"url\":\"https:\/\/www.greenpeace.org\/static\/planet4-luxembourg-stateless\/2026\/03\/3e367f94-greenpeace_logo_green_rgb.png\",\"contentUrl\":\"https:\/\/www.greenpeace.org\/static\/planet4-luxembourg-stateless\/2026\/03\/3e367f94-greenpeace_logo_green_rgb.png\",\"width\":1080,\"height\":175,\"caption\":\"Greenpeace Luxembourg\"},\"image\":{\"@id\":\"https:\/\/www.greenpeace.org\/luxembourg\/fr\/#\/schema\/logo\/image\/\"},\"sameAs\":[\"https:\/\/www.facebook.com\/greenpeaceluxembourg\",\"https:\/\/www.instagram.com\/greenpeacelux\/\",\"https:\/\/www.linkedin.com\/company\/greenpeace-luxembourg\/\",\"https:\/\/www.threads.com\/@greenpeacelux\",\"https:\/\/bsky.app\/profile\/greenpeacelux.bsky.social\",\"https:\/\/www.youtube.com\/@GreenpeaceLux\",\"https:\/\/www.tiktok.com\/@greenpeace_lux\"]},{\"@type\":\"Person\",\"@id\":\"https:\/\/www.greenpeace.org\/luxembourg\/fr\/#\/schema\/person\/7bbeb343322bdadf139e7e27e7c86ec8\",\"name\":\"Pauline Maes\",\"url\":\"https:\/\/www.greenpeace.org\/luxembourg\/fr\/author\/pmaes\/\"}]}<\/script>\n<!-- \/ Yoast SEO Premium plugin. -->","yoast_head_json":{"title":"\u00c9lections europ\u00e9ennes 2019 : votez pour le climat ! - Greenpeace Luxembourg","robots":{"index":"index","follow":"follow","max-snippet":"max-snippet:-1","max-image-preview":"max-image-preview:large","max-video-preview":"max-video-preview:-1"},"canonical":"https:\/\/www.greenpeace.org\/luxembourg\/fr\/communiques-de-presse\/4803\/elections-europeennes-2019-votez-pour-le-climat\/","og_locale":"fr_FR","og_type":"article","og_title":"\u00c9lections europ\u00e9ennes 2019 : votez pour le climat !","og_description":"Esch-sur-Alzette, le 22 mai 2019 &#8211; \u00a0Les \u00e9lections europ\u00e9ennes auront lieu ce dimanche. Ce jour-l\u00e0, les citoyennes et citoyens de notre pays vont d\u00e9cider quels seront les six d\u00e9put\u00e9s qui&hellip;","og_url":"https:\/\/www.greenpeace.org\/luxembourg\/fr\/communiques-de-presse\/4803\/elections-europeennes-2019-votez-pour-le-climat\/","og_site_name":"Greenpeace Luxembourg","article_publisher":"https:\/\/www.facebook.com\/greenpeaceluxembourg","article_published_time":"2019-05-22T07:30:26+00:00","article_modified_time":"2021-12-01T15:30:38+00:00","og_image":[{"width":1200,"height":801,"url":"https:\/\/www.greenpeace.org\/static\/planet4-luxembourg-stateless\/2019\/05\/aa12be2c-gp0sttc18_medium_res.jpg","type":"image\/jpeg"}],"author":"Pauline Maes","twitter_card":"summary_large_image","twitter_misc":{"Written by":"Pauline Maes","Est. reading time":"2 minutes"},"schema":{"@context":"https:\/\/schema.org","@graph":[{"@type":"Article","@id":"https:\/\/www.greenpeace.org\/luxembourg\/fr\/communiques-de-presse\/4803\/elections-europeennes-2019-votez-pour-le-climat\/#article","isPartOf":{"@id":"https:\/\/www.greenpeace.org\/luxembourg\/fr\/communiques-de-presse\/4803\/elections-europeennes-2019-votez-pour-le-climat\/"},"author":{"name":"Pauline Maes","@id":"https:\/\/www.greenpeace.org\/luxembourg\/fr\/#\/schema\/person\/7bbeb343322bdadf139e7e27e7c86ec8"},"headline":"\u00c9lections europ\u00e9ennes 2019 : votez pour le climat !","datePublished":"2019-05-22T07:30:26+00:00","dateModified":"2021-12-01T15:30:38+00:00","mainEntityOfPage":{"@id":"https:\/\/www.greenpeace.org\/luxembourg\/fr\/communiques-de-presse\/4803\/elections-europeennes-2019-votez-pour-le-climat\/"},"wordCount":407,"publisher":{"@id":"https:\/\/www.greenpeace.org\/luxembourg\/fr\/#organization"},"image":{"@id":"https:\/\/www.greenpeace.org\/luxembourg\/fr\/communiques-de-presse\/4803\/elections-europeennes-2019-votez-pour-le-climat\/#primaryimage"},"thumbnailUrl":"https:\/\/www.greenpeace.org\/static\/planet4-luxembourg-stateless\/2019\/05\/aa12be2c-gp0sttc18_medium_res.jpg","keywords":["Luxembourg","ChangementClimatique","Biodiversit\u00e9"],"articleSection":["Climat"],"inLanguage":"fr-LU"},{"@type":"WebPage","@id":"https:\/\/www.greenpeace.org\/luxembourg\/fr\/communiques-de-presse\/4803\/elections-europeennes-2019-votez-pour-le-climat\/","url":"https:\/\/www.greenpeace.org\/luxembourg\/fr\/communiques-de-presse\/4803\/elections-europeennes-2019-votez-pour-le-climat\/","name":"\u00c9lections europ\u00e9ennes 2019 : votez pour le climat ! - Greenpeace Luxembourg","isPartOf":{"@id":"https:\/\/www.greenpeace.org\/luxembourg\/fr\/#website"},"primaryImageOfPage":{"@id":"https:\/\/www.greenpeace.org\/luxembourg\/fr\/communiques-de-presse\/4803\/elections-europeennes-2019-votez-pour-le-climat\/#primaryimage"},"image":{"@id":"https:\/\/www.greenpeace.org\/luxembourg\/fr\/communiques-de-presse\/4803\/elections-europeennes-2019-votez-pour-le-climat\/#primaryimage"},"thumbnailUrl":"https:\/\/www.greenpeace.org\/static\/planet4-luxembourg-stateless\/2019\/05\/aa12be2c-gp0sttc18_medium_res.jpg","datePublished":"2019-05-22T07:30:26+00:00","dateModified":"2021-12-01T15:30:38+00:00","breadcrumb":{"@id":"https:\/\/www.greenpeace.org\/luxembourg\/fr\/communiques-de-presse\/4803\/elections-europeennes-2019-votez-pour-le-climat\/#breadcrumb"},"inLanguage":"fr-LU","potentialAction":[{"@type":"ReadAction","target":["https:\/\/www.greenpeace.org\/luxembourg\/fr\/communiques-de-presse\/4803\/elections-europeennes-2019-votez-pour-le-climat\/"]}]},{"@type":"ImageObject","inLanguage":"fr-LU","@id":"https:\/\/www.greenpeace.org\/luxembourg\/fr\/communiques-de-presse\/4803\/elections-europeennes-2019-votez-pour-le-climat\/#primaryimage","url":"https:\/\/www.greenpeace.org\/static\/planet4-luxembourg-stateless\/2019\/05\/aa12be2c-gp0sttc18_medium_res.jpg","contentUrl":"https:\/\/www.greenpeace.org\/static\/planet4-luxembourg-stateless\/2019\/05\/aa12be2c-gp0sttc18_medium_res.jpg","width":1200,"height":801,"caption":"Greenpeace activists join the demonstration \"One Europe for all\" which takes place in seven cities in Germany and twelve other European countries. The demonstrations ask people to vote at the European election on 26th May. Banner reads \"Vote for climate - vote for future\". It is also a protest against nationalism. Greenpeace volunteers wear walking balloons. Greenpeace Aktivisten beteiligen sich an den \"Ein Europa fuer Alle\"-Demonstrationen, die in 7 deutschen Staedten und weiteren europaeischen Laendern stattfinden. Sie rufen auf, an der Europa-Wahl am 26. Mai teilzunehmen. Auf den Bannern steht:\"Fuer das Klima - gegen rechts\", \"Vote for climate\". Es ist gleichzeitig ein Protest gegen Nationalismus. Greenpeace ist mit Walking Balloons dabei."},{"@type":"BreadcrumbList","@id":"https:\/\/www.greenpeace.org\/luxembourg\/fr\/communiques-de-presse\/4803\/elections-europeennes-2019-votez-pour-le-climat\/#breadcrumb","itemListElement":[{"@type":"ListItem","position":1,"name":"Home","item":"https:\/\/www.greenpeace.org\/luxembourg\/fr\/"},{"@type":"ListItem","position":2,"name":"\u00c9lections europ\u00e9ennes 2019 : votez pour le climat !"}]},{"@type":"WebSite","@id":"https:\/\/www.greenpeace.org\/luxembourg\/fr\/#website","url":"https:\/\/www.greenpeace.org\/luxembourg\/fr\/","name":"Greenpeace Luxembourg","description":"Greenpeace existe parce que cette Terre fragile a besoin d&#039;une voix. Elle a besoin de solutions. De changement. D&#039;actions.","publisher":{"@id":"https:\/\/www.greenpeace.org\/luxembourg\/fr\/#organization"},"potentialAction":[{"@type":"SearchAction","target":{"@type":"EntryPoint","urlTemplate":"https:\/\/www.greenpeace.org\/luxembourg\/fr\/?s={search_term_string}"},"query-input":{"@type":"PropertyValueSpecification","valueRequired":true,"valueName":"search_term_string"}}],"inLanguage":"fr-LU"},{"@type":"Organization","@id":"https:\/\/www.greenpeace.org\/luxembourg\/fr\/#organization","name":"Greenpeace Luxembourg","url":"https:\/\/www.greenpeace.org\/luxembourg\/fr\/","logo":{"@type":"ImageObject","inLanguage":"fr-LU","@id":"https:\/\/www.greenpeace.org\/luxembourg\/fr\/#\/schema\/logo\/image\/","url":"https:\/\/www.greenpeace.org\/static\/planet4-luxembourg-stateless\/2026\/03\/3e367f94-greenpeace_logo_green_rgb.png","contentUrl":"https:\/\/www.greenpeace.org\/static\/planet4-luxembourg-stateless\/2026\/03\/3e367f94-greenpeace_logo_green_rgb.png","width":1080,"height":175,"caption":"Greenpeace Luxembourg"},"image":{"@id":"https:\/\/www.greenpeace.org\/luxembourg\/fr\/#\/schema\/logo\/image\/"},"sameAs":["https:\/\/www.facebook.com\/greenpeaceluxembourg","https:\/\/www.instagram.com\/greenpeacelux\/","https:\/\/www.linkedin.com\/company\/greenpeace-luxembourg\/","https:\/\/www.threads.com\/@greenpeacelux","https:\/\/bsky.app\/profile\/greenpeacelux.bsky.social","https:\/\/www.youtube.com\/@GreenpeaceLux","https:\/\/www.tiktok.com\/@greenpeace_lux"]},{"@type":"Person","@id":"https:\/\/www.greenpeace.org\/luxembourg\/fr\/#\/schema\/person\/7bbeb343322bdadf139e7e27e7c86ec8","name":"Pauline Maes","url":"https:\/\/www.greenpeace.org\/luxembourg\/fr\/author\/pmaes\/"}]}},"_links":{"self":[{"href":"https:\/\/www.greenpeace.org\/luxembourg\/fr\/wp-json\/wp\/v2\/posts\/4803","targetHints":{"allow":["GET"]}}],"collection":[{"href":"https:\/\/www.greenpeace.org\/luxembourg\/fr\/wp-json\/wp\/v2\/posts"}],"about":[{"href":"https:\/\/www.greenpeace.org\/luxembourg\/fr\/wp-json\/wp\/v2\/types\/post"}],"author":[{"embeddable":true,"href":"https:\/\/www.greenpeace.org\/luxembourg\/fr\/wp-json\/wp\/v2\/users\/18"}],"replies":[{"embeddable":true,"href":"https:\/\/www.greenpeace.org\/luxembourg\/fr\/wp-json\/wp\/v2\/comments?post=4803"}],"version-history":[{"count":3,"href":"https:\/\/www.greenpeace.org\/luxembourg\/fr\/wp-json\/wp\/v2\/posts\/4803\/revisions"}],"predecessor-version":[{"id":13062,"href":"https:\/\/www.greenpeace.org\/luxembourg\/fr\/wp-json\/wp\/v2\/posts\/4803\/revisions\/13062"}],"wp:featuredmedia":[{"embeddable":true,"href":"https:\/\/www.greenpeace.org\/luxembourg\/fr\/wp-json\/wp\/v2\/media\/4807"}],"wp:attachment":[{"href":"https:\/\/www.greenpeace.org\/luxembourg\/fr\/wp-json\/wp\/v2\/media?parent=4803"}],"wp:term":[{"taxonomy":"category","embeddable":true,"href":"https:\/\/www.greenpeace.org\/luxembourg\/fr\/wp-json\/wp\/v2\/categories?post=4803"},{"taxonomy":"post_tag","embeddable":true,"href":"https:\/\/www.greenpeace.org\/luxembourg\/fr\/wp-json\/wp\/v2\/tags?post=4803"},{"taxonomy":"p4-page-type","embeddable":true,"href":"https:\/\/www.greenpeace.org\/luxembourg\/fr\/wp-json\/wp\/v2\/p4-page-type?post=4803"}],"curies":[{"name":"wp","href":"https:\/\/api.w.org\/{rel}","templated":true}]}}