{"id":4999,"date":"2019-06-19T13:59:10","date_gmt":"2019-06-19T11:59:10","guid":{"rendered":"https:\/\/www.greenpeace.org\/luxembourg\/?p=4999"},"modified":"2021-12-01T17:30:20","modified_gmt":"2021-12-01T15:30:20","slug":"test-que-savez-vous-a-propos-des-bateaux-de-greenpeace","status":"publish","type":"post","link":"https:\/\/www.greenpeace.org\/luxembourg\/fr\/actualites\/4999\/test-que-savez-vous-a-propos-des-bateaux-de-greenpeace\/","title":{"rendered":"Test : que savez-vous \u00e0 propos des bateaux de Greenpeace ?"},"content":{"rendered":"<p><b>Le nom Greenpeace vous fait-il penser \u00e0 nos bateaux et actions en mer ? Encore aujourd\u2019hui, nos bateaux sont pr\u00e9sents l\u00e0 o\u00f9 l\u2019environnement est mis \u00e0 mal, pour t\u00e9moigner des torts caus\u00e9s \u00e0 notre plan\u00e8te. Mais que savez-vous r\u00e9ellement \u00e0 propos de la flotte de Greenpeace ? Connaissez-vous la r\u00e9ponse aux cinq questions ci-dessous ?<\/b><\/p>\n<h3>1. Depuis quand Greenpeace travaille-t-elle avec des bateaux ?<\/h3>\n<div id=\"attachment_5005\" style=\"width: 1034px\" class=\"wp-caption aligncenter\"><img loading=\"lazy\" decoding=\"async\" aria-describedby=\"caption-attachment-5005\" class=\"size-large wp-image-5005\" src=\"https:\/\/www.greenpeace.org\/static\/planet4-luxembourg-stateless\/2019\/06\/5f9f4c0a-gp0few_medium_res-1024x646.jpg\" alt=\"\u00c0 bord du navire 'Phyllis Cormack' lors du premier voyage de Greenpeace contre les essais nucl\u00e9aires am\u00e9ricains au large des c\u00f4tes du Canada\" width=\"1024\" height=\"646\" srcset=\"https:\/\/www.greenpeace.org\/static\/planet4-luxembourg-stateless\/2019\/06\/5f9f4c0a-gp0few_medium_res-1024x646.jpg 1024w, https:\/\/www.greenpeace.org\/static\/planet4-luxembourg-stateless\/2019\/06\/5f9f4c0a-gp0few_medium_res-300x189.jpg 300w, https:\/\/www.greenpeace.org\/static\/planet4-luxembourg-stateless\/2019\/06\/5f9f4c0a-gp0few_medium_res-768x484.jpg 768w, https:\/\/www.greenpeace.org\/static\/planet4-luxembourg-stateless\/2019\/06\/5f9f4c0a-gp0few_medium_res-510x322.jpg 510w, https:\/\/www.greenpeace.org\/static\/planet4-luxembourg-stateless\/2019\/06\/5f9f4c0a-gp0few_medium_res.jpg 1199w\" sizes=\"auto, (max-width: 1024px) 100vw, 1024px\" \/><p id=\"caption-attachment-5005\" class=\"wp-caption-text\">\u00c0 bord du navire &#8216;Phyllis Cormack&#8217; lors du premier voyage de Greenpeace contre les essais nucl\u00e9aires am\u00e9ricains.<\/p><\/div>\n<p><b>Depuis ses tout d\u00e9buts, en 1971.\u00a0<\/b>Cette ann\u00e9e-l\u00e0, un groupe de militants nord-am\u00e9ricains, pacifistes et \u00e9cologistes, embarquent \u00e0 bord du Phyllis Cormack, un vieux\u00a0<b>bateau<\/b>, pour protester contre les essais nucl\u00e9aires am\u00e9ricains pr\u00e9vus sur l\u2019\u00eele d\u2019Amchitka, au large de l\u2019Alaska. Leur but est d\u2019emp\u00eacher ces essais en se pla\u00e7ant au centre de la zone d\u2019essai. Cette action fait sensation dans le monde entier et atteint son but. En 1972, les Etats-Unis, sous la pression massive du public, annoncent la fin des essais nucl\u00e9aires atmosph\u00e9riques. Les militants de l\u2019exp\u00e9dition cherchent alors un nom \u00e9vocateur des probl\u00e9matiques qu\u2019ils d\u00e9fendent : environnement et pacifisme. Ce sera \u00ab\u00a0<b>Greenpeace\u00a0<\/b>\u00bb. C\u2019est donc lors d\u2019une premi\u00e8re action en mer que Greenpeace est n\u00e9e\u2026<\/p>\n<h3>2. De combien de bateaux Greenpeace dispose-t-elle aujourd\u2019hui ?<\/h3>\n<div id=\"attachment_5008\" style=\"width: 1034px\" class=\"wp-caption aligncenter\"><img loading=\"lazy\" decoding=\"async\" aria-describedby=\"caption-attachment-5008\" class=\"size-large wp-image-5008\" src=\"https:\/\/www.greenpeace.org\/static\/planet4-luxembourg-stateless\/2019\/06\/ed894ea4-gp0sttcf9-1024x575.jpg\" alt=\"L'Arctic Sunrise en Arctique\" width=\"1024\" height=\"575\" srcset=\"https:\/\/www.greenpeace.org\/static\/planet4-luxembourg-stateless\/2019\/06\/ed894ea4-gp0sttcf9-1024x575.jpg 1024w, https:\/\/www.greenpeace.org\/static\/planet4-luxembourg-stateless\/2019\/06\/ed894ea4-gp0sttcf9-300x169.jpg 300w, https:\/\/www.greenpeace.org\/static\/planet4-luxembourg-stateless\/2019\/06\/ed894ea4-gp0sttcf9-768x431.jpg 768w, https:\/\/www.greenpeace.org\/static\/planet4-luxembourg-stateless\/2019\/06\/ed894ea4-gp0sttcf9-510x286.jpg 510w, https:\/\/www.greenpeace.org\/static\/planet4-luxembourg-stateless\/2019\/06\/ed894ea4-gp0sttcf9.jpg 1200w\" sizes=\"auto, (max-width: 1024px) 100vw, 1024px\" \/><p id=\"caption-attachment-5008\" class=\"wp-caption-text\">L&#8217;Arctic Sunrise en Arctique<\/p><\/div>\n<p><b>Trois :\u00a0<\/b>le\u00a0<strong>Rainbow Warrior III<\/strong>, l\u2019<strong>Esperanza<\/strong>\u00a0et l\u2019<strong>Arctic Sunrise<\/strong>. Le\u00a0<b>Rainbow Warrior<\/b>, le troisi\u00e8me du nom, est le plus \u00e9cologique de la flotte actuelle. C\u2019est un voilier qui utilise le vent comme principale source d\u2019\u00e9nergie. L\u2019<b>Esperanza<\/b>\u00a0(Espoir en espagnol) est le premier navire de Greenpeace \u00e0 avoir \u00e9t\u00e9 baptis\u00e9 par les visiteurs de notre site web. C\u2019est aussi le plus grand des bateaux de notre flotte. Enfin, l\u2019<b>Arctic Sunrise\u00a0<\/b>servait \u00e0 chasser le phoque avant qu\u2019il ne soit rachet\u00e9 par Greenpeace !<\/p>\n<h3>3. Les bateaux peuvent-ils naviguer jusqu\u2019aux P\u00f4les ?<\/h3>\n<div id=\"attachment_5012\" style=\"width: 1034px\" class=\"wp-caption aligncenter\"><img loading=\"lazy\" decoding=\"async\" aria-describedby=\"caption-attachment-5012\" class=\"size-large wp-image-5012\" src=\"https:\/\/www.greenpeace.org\/static\/planet4-luxembourg-stateless\/2019\/06\/ac6f1ee9-gp0sttca1-1024x683.jpg\" alt=\"L'\u00e9quipage de l'Esperanza en Arctique\" width=\"1024\" height=\"683\" srcset=\"https:\/\/www.greenpeace.org\/static\/planet4-luxembourg-stateless\/2019\/06\/ac6f1ee9-gp0sttca1-1024x683.jpg 1024w, https:\/\/www.greenpeace.org\/static\/planet4-luxembourg-stateless\/2019\/06\/ac6f1ee9-gp0sttca1-300x200.jpg 300w, https:\/\/www.greenpeace.org\/static\/planet4-luxembourg-stateless\/2019\/06\/ac6f1ee9-gp0sttca1-768x512.jpg 768w, https:\/\/www.greenpeace.org\/static\/planet4-luxembourg-stateless\/2019\/06\/ac6f1ee9-gp0sttca1-510x340.jpg 510w, https:\/\/www.greenpeace.org\/static\/planet4-luxembourg-stateless\/2019\/06\/ac6f1ee9-gp0sttca1.jpg 1200w\" sizes=\"auto, (max-width: 1024px) 100vw, 1024px\" \/><p id=\"caption-attachment-5012\" class=\"wp-caption-text\">L&#8217;\u00e9quipage de l&#8217;Esperanza en Arctique<\/p><\/div>\n<p><b>Oui !\u00a0<\/b>L\u2019<b>Esperanza<\/b>\u00a0navigue en ce moment m\u00eame de l\u2019Arctique \u00e0 l\u2019Antarctique. Durant ce voyage long de 10 mois, il fera escale dans de nombreuses r\u00e9gions qui, d\u2019apr\u00e8s un <a class=\"icon-link pdf-link\" href=\"https:\/\/storage.googleapis.com\/planet4-belgium-stateless\/2019\/04\/6dd4f488-30x30_blueprint_report_exec_summary_fr-web.pdf\">rapport scientifique<\/a>\u00a0publi\u00e9 par Greenpeace, doivent imp\u00e9rativement \u00eatre prot\u00e9g\u00e9es. Envie d\u2019en savoir plus ?\u00a0<a href=\"https:\/\/www.greenpeace.org\/luxembourg\/fr\/actualites\/4535\/de-larctique-a-lantarctique-suivez-lepopee-de-lesperanza\/\">Lisez notre blog consacr\u00e9 \u00e0 l\u2019exp\u00e9dition de l\u2019Esperanza.<\/a><\/p>\n<h3>4. Est-ce possible de travailler sur les bateaux ?<\/h3>\n<div id=\"attachment_5014\" style=\"width: 1034px\" class=\"wp-caption aligncenter\"><img loading=\"lazy\" decoding=\"async\" aria-describedby=\"caption-attachment-5014\" class=\"size-large wp-image-5014\" src=\"https:\/\/www.greenpeace.org\/static\/planet4-luxembourg-stateless\/2019\/06\/8b9c4a78-gp0stsrqu-1024x683.jpg\" alt=\"Une cuisini\u00e8re sur le navire Rainbow Warrior\" width=\"1024\" height=\"683\" srcset=\"https:\/\/www.greenpeace.org\/static\/planet4-luxembourg-stateless\/2019\/06\/8b9c4a78-gp0stsrqu-1024x683.jpg 1024w, https:\/\/www.greenpeace.org\/static\/planet4-luxembourg-stateless\/2019\/06\/8b9c4a78-gp0stsrqu-300x200.jpg 300w, https:\/\/www.greenpeace.org\/static\/planet4-luxembourg-stateless\/2019\/06\/8b9c4a78-gp0stsrqu-768x512.jpg 768w, https:\/\/www.greenpeace.org\/static\/planet4-luxembourg-stateless\/2019\/06\/8b9c4a78-gp0stsrqu-510x340.jpg 510w, https:\/\/www.greenpeace.org\/static\/planet4-luxembourg-stateless\/2019\/06\/8b9c4a78-gp0stsrqu.jpg 1200w\" sizes=\"auto, (max-width: 1024px) 100vw, 1024px\" \/><p id=\"caption-attachment-5014\" class=\"wp-caption-text\">Une cuisini\u00e8re sur le navire Rainbow Warrior<\/p><\/div>\n<p><b>Encore une fois oui !\u00a0<\/b>L\u2019aventure au grand air vous tente ? Contactez Greenpeace International (Division \u201cMarines Services\u201d, Keizersgracht 176, 1016 DW Amsterdam). L\u2019\u00e9quipage est compos\u00e9 de marins professionnels, mais il y a aussi \u00e0 bord des cuisiniers, des chercheurs, des avocats, des traducteurs, etc. La langue v\u00e9hiculaire est l\u2019anglais. Pour plus d\u2019informations, consultez le site de\u00a0<a href=\"https:\/\/www.greenpeace.org\/international\/act\/sail-aboard-a-greenpeace-ship\/\">Greenpeace International.<\/a><\/p>\n<h3>5. Y a-t-il moyen de visiter un bateau ?<\/h3>\n<div id=\"attachment_5016\" style=\"width: 1034px\" class=\"wp-caption aligncenter\"><img loading=\"lazy\" decoding=\"async\" aria-describedby=\"caption-attachment-5016\" class=\"size-large wp-image-5016\" src=\"https:\/\/www.greenpeace.org\/static\/planet4-luxembourg-stateless\/2019\/06\/626cbb17-gp0stth2s_medium_res-1024x683.jpg\" alt=\"Visite du Rainbow Warrior \u00e0 Piraeus, Gr\u00e8ce\" width=\"1024\" height=\"683\" srcset=\"https:\/\/www.greenpeace.org\/static\/planet4-luxembourg-stateless\/2019\/06\/626cbb17-gp0stth2s_medium_res-1024x683.jpg 1024w, https:\/\/www.greenpeace.org\/static\/planet4-luxembourg-stateless\/2019\/06\/626cbb17-gp0stth2s_medium_res-300x200.jpg 300w, https:\/\/www.greenpeace.org\/static\/planet4-luxembourg-stateless\/2019\/06\/626cbb17-gp0stth2s_medium_res-768x512.jpg 768w, https:\/\/www.greenpeace.org\/static\/planet4-luxembourg-stateless\/2019\/06\/626cbb17-gp0stth2s_medium_res-510x340.jpg 510w, https:\/\/www.greenpeace.org\/static\/planet4-luxembourg-stateless\/2019\/06\/626cbb17-gp0stth2s_medium_res.jpg 1200w\" sizes=\"auto, (max-width: 1024px) 100vw, 1024px\" \/><p id=\"caption-attachment-5016\" class=\"wp-caption-text\">Visite du Rainbow Warrior \u00e0 Piraeus, Gr\u00e8ce<\/p><\/div>\n<p><b>Bien \u00e9videmment !\u00a0<\/b>Des journ\u00e9es portes ouvertes sont r\u00e9guli\u00e8rement organis\u00e9es lors des diff\u00e9rentes escales. Ce sont des moments privil\u00e9gi\u00e9s, au cours desquels vous avez l\u2019occasion de visiter notre bateau, et d\u2019en savoir plus sur la vie \u00e0 bord d\u2019un navire et sur les actions de Greenpeace en pleine mer. En g\u00e9n\u00e9ral, parents et enfants adorent !<\/p>\n<p>&nbsp;<\/p>\n<p><a href=\"https:\/\/www.greenpeace.org\/belgium\/fr\/blog\/5464\/test-que-savez-vous-a-propos-des-bateaux-de-greenpeace\/\"><em><strong>Article Source :<\/strong> <\/em><\/a>Greenpeace Belgium<\/p>\n\t\t\t<section\n\t\t\tclass=\"boxout post-396 \"\n\t\t\t\n\t\t>\n\t\t\t<a\n\t\t\t\tdata-ga-category=\"Take Action Boxout\"\n\t\t\t\tdata-ga-action=\"Image\"\n\t\t\t\tdata-ga-label=\"n\/a\"\n\t\t\t\tclass=\"cover-card-overlay\"\n\t\t\t\thref=\"https:\/\/www.greenpeace.org\/luxembourg\/fr\/agir\/adherer-a-greenpeace\/\" \n\t\t\t><\/a>\n\t\t\t\t\t\t\t<img\n\t\t\t\t\t\tsrc=\"https:\/\/www.greenpeace.org\/static\/planet4-luxembourg-stateless\/2020\/04\/99eaaf9b-gp04tdo-1024x683.jpg\"\n\t\t\t\t\t\tsrcset=\"https:\/\/www.greenpeace.org\/static\/planet4-luxembourg-stateless\/2020\/04\/99eaaf9b-gp04tdo-300x200.jpg 300w, https:\/\/www.greenpeace.org\/static\/planet4-luxembourg-stateless\/2020\/04\/99eaaf9b-gp04tdo-1024x683.jpg 1024w, https:\/\/www.greenpeace.org\/static\/planet4-luxembourg-stateless\/2020\/04\/99eaaf9b-gp04tdo-768x512.jpg 768w, https:\/\/www.greenpeace.org\/static\/planet4-luxembourg-stateless\/2020\/04\/99eaaf9b-gp04tdo-510x340.jpg 510w, https:\/\/www.greenpeace.org\/static\/planet4-luxembourg-stateless\/2020\/04\/99eaaf9b-gp04tdo.jpg 1200w\"\n\t\t\t\t\t\tsizes=\"(min-width: 1000px) 358px, (min-width: 780px) 313px, 88px\"\n\t\t\t\t\t\talt=\"Tundra in Alaska. \u00a9 Markus Mauthe \/ Greenpeace\" title=\"Tundra in Alaska. \u00a9 Markus Mauthe \/ Greenpeace\"\n\t\t\t\t\/>\n            \t\t\t<div class=\"boxout-content\">\n\t\t\t\t\t\t\t\t\t<a\n\t\t\t\t\t\tclass=\"boxout-heading medium\"\n\t\t\t\t\t\tdata-ga-category=\"Take Action Boxout\"\n\t\t\t\t\t\tdata-ga-action=\"Title\"\n\t\t\t\t\t\tdata-ga-label=\"n\/a\"\n\t\t\t\t\t\thref=\"https:\/\/www.greenpeace.org\/luxembourg\/fr\/agir\/adherer-a-greenpeace\/\"\n\t\t\t\t\t\t\n\t\t\t\t\t>\n\t\t\t\t\t\tDevenir Adh\u00e9rent\u00b7e\n\t\t\t\t\t<\/a>\n\t\t\t\t\t\t\t\t\t\t\t\t\t<p class=\"boxout-excerpt\">Donnez vie \u00e0 vos id\u00e9aux : votre don nous permet d&#8217;agir au Luxembourg et partout dans le monde !<\/p>\n\t\t\t\t                                    <a\n                        class=\"btn btn-primary\"\n                        data-ga-category=\"Take Action Boxout\"\n                        data-ga-action=\"Call to Action\"\n                        data-ga-label=\"n\/a\"\n                        href=\"https:\/\/www.greenpeace.org\/luxembourg\/fr\/agir\/adherer-a-greenpeace\/\"\n                        \n                    >\n                        S&#039;engager\n                    <\/a>\n                \t\t\t<\/div>\n\t\t\t\t\t<\/section>\n\t","protected":false},"excerpt":{"rendered":"<p>Le nom Greenpeace vous fait-il penser \u00e0 nos bateaux et actions en mer ? Encore aujourd\u2019hui, nos bateaux sont pr\u00e9sents l\u00e0 o\u00f9 l\u2019environnement est mis \u00e0 mal, pour t\u00e9moigner des&hellip;<\/p>\n","protected":false},"author":18,"featured_media":5012,"comment_status":"closed","ping_status":"closed","sticky":false,"template":"","format":"standard","meta":{"ep_exclude_from_search":false,"p4_og_title":"","p4_og_description":"","p4_og_image":"","p4_og_image_id":"","p4_seo_canonical_url":"","p4_campaign_name":"","p4_local_project":"","p4_basket_name":"","p4_department":"","footnotes":""},"categories":[17],"tags":[29,31,33],"p4-page-type":[85],"class_list":["post-4999","post","type-post","status-publish","format-standard","has-post-thumbnail","hentry","category-greenpeace","tag-oceans","tag-militantes","tag-greenpeace-fr","p4-page-type-actualites"],"yoast_head":"<!-- This site is optimized with the Yoast SEO Premium plugin v23.9 (Yoast SEO v23.9) - https:\/\/yoast.com\/wordpress\/plugins\/seo\/ -->\n<title>Test : que savez-vous \u00e0 propos des bateaux de Greenpeace ? - Greenpeace Luxembourg<\/title>\n<meta name=\"robots\" content=\"index, follow, max-snippet:-1, max-image-preview:large, max-video-preview:-1\" \/>\n<link rel=\"canonical\" href=\"https:\/\/www.greenpeace.org\/luxembourg\/fr\/actualites\/4999\/test-que-savez-vous-a-propos-des-bateaux-de-greenpeace\/\" \/>\n<meta property=\"og:locale\" content=\"fr_FR\" \/>\n<meta property=\"og:type\" content=\"article\" \/>\n<meta property=\"og:title\" content=\"Test : que savez-vous \u00e0 propos des bateaux de Greenpeace ?\" \/>\n<meta property=\"og:description\" content=\"Le nom Greenpeace vous fait-il penser \u00e0 nos bateaux et actions en mer ? Encore aujourd\u2019hui, nos bateaux sont pr\u00e9sents l\u00e0 o\u00f9 l\u2019environnement est mis \u00e0 mal, pour t\u00e9moigner des&hellip;\" \/>\n<meta property=\"og:url\" content=\"https:\/\/www.greenpeace.org\/luxembourg\/fr\/actualites\/4999\/test-que-savez-vous-a-propos-des-bateaux-de-greenpeace\/\" \/>\n<meta property=\"og:site_name\" content=\"Greenpeace Luxembourg\" \/>\n<meta property=\"article:publisher\" content=\"https:\/\/www.facebook.com\/greenpeaceluxembourg\" \/>\n<meta property=\"article:published_time\" content=\"2019-06-19T11:59:10+00:00\" \/>\n<meta property=\"article:modified_time\" content=\"2021-12-01T15:30:20+00:00\" \/>\n<meta property=\"og:image\" content=\"https:\/\/www.greenpeace.org\/static\/planet4-luxembourg-stateless\/2019\/06\/ac6f1ee9-gp0sttca1.jpg\" \/>\n\t<meta property=\"og:image:width\" content=\"1200\" \/>\n\t<meta property=\"og:image:height\" content=\"800\" \/>\n\t<meta property=\"og:image:type\" content=\"image\/jpeg\" \/>\n<meta name=\"author\" content=\"Pauline Maes\" \/>\n<meta name=\"twitter:card\" content=\"summary_large_image\" \/>\n<meta name=\"twitter:label1\" content=\"Written by\" \/>\n\t<meta name=\"twitter:data1\" content=\"Pauline Maes\" \/>\n\t<meta name=\"twitter:label2\" content=\"Est. reading time\" \/>\n\t<meta name=\"twitter:data2\" content=\"3 minutes\" \/>\n<script type=\"application\/ld+json\" class=\"yoast-schema-graph\">{\"@context\":\"https:\/\/schema.org\",\"@graph\":[{\"@type\":\"Article\",\"@id\":\"https:\/\/www.greenpeace.org\/luxembourg\/fr\/actualites\/4999\/test-que-savez-vous-a-propos-des-bateaux-de-greenpeace\/#article\",\"isPartOf\":{\"@id\":\"https:\/\/www.greenpeace.org\/luxembourg\/fr\/actualites\/4999\/test-que-savez-vous-a-propos-des-bateaux-de-greenpeace\/\"},\"author\":{\"name\":\"Pauline Maes\",\"@id\":\"https:\/\/www.greenpeace.org\/luxembourg\/fr\/#\/schema\/person\/7bbeb343322bdadf139e7e27e7c86ec8\"},\"headline\":\"Test : que savez-vous \u00e0 propos des bateaux de Greenpeace ?\",\"datePublished\":\"2019-06-19T11:59:10+00:00\",\"dateModified\":\"2021-12-01T15:30:20+00:00\",\"mainEntityOfPage\":{\"@id\":\"https:\/\/www.greenpeace.org\/luxembourg\/fr\/actualites\/4999\/test-que-savez-vous-a-propos-des-bateaux-de-greenpeace\/\"},\"wordCount\":594,\"publisher\":{\"@id\":\"https:\/\/www.greenpeace.org\/luxembourg\/fr\/#organization\"},\"image\":{\"@id\":\"https:\/\/www.greenpeace.org\/luxembourg\/fr\/actualites\/4999\/test-que-savez-vous-a-propos-des-bateaux-de-greenpeace\/#primaryimage\"},\"thumbnailUrl\":\"https:\/\/www.greenpeace.org\/static\/planet4-luxembourg-stateless\/2019\/06\/ac6f1ee9-gp0sttca1.jpg\",\"keywords\":[\"Oc\u00e9ans\",\"Militant\u00b7es\",\"Greenpeace\"],\"articleSection\":[\"Greenpeace\"],\"inLanguage\":\"fr-LU\"},{\"@type\":\"WebPage\",\"@id\":\"https:\/\/www.greenpeace.org\/luxembourg\/fr\/actualites\/4999\/test-que-savez-vous-a-propos-des-bateaux-de-greenpeace\/\",\"url\":\"https:\/\/www.greenpeace.org\/luxembourg\/fr\/actualites\/4999\/test-que-savez-vous-a-propos-des-bateaux-de-greenpeace\/\",\"name\":\"Test : que savez-vous \u00e0 propos des bateaux de Greenpeace ? - Greenpeace Luxembourg\",\"isPartOf\":{\"@id\":\"https:\/\/www.greenpeace.org\/luxembourg\/fr\/#website\"},\"primaryImageOfPage\":{\"@id\":\"https:\/\/www.greenpeace.org\/luxembourg\/fr\/actualites\/4999\/test-que-savez-vous-a-propos-des-bateaux-de-greenpeace\/#primaryimage\"},\"image\":{\"@id\":\"https:\/\/www.greenpeace.org\/luxembourg\/fr\/actualites\/4999\/test-que-savez-vous-a-propos-des-bateaux-de-greenpeace\/#primaryimage\"},\"thumbnailUrl\":\"https:\/\/www.greenpeace.org\/static\/planet4-luxembourg-stateless\/2019\/06\/ac6f1ee9-gp0sttca1.jpg\",\"datePublished\":\"2019-06-19T11:59:10+00:00\",\"dateModified\":\"2021-12-01T15:30:20+00:00\",\"breadcrumb\":{\"@id\":\"https:\/\/www.greenpeace.org\/luxembourg\/fr\/actualites\/4999\/test-que-savez-vous-a-propos-des-bateaux-de-greenpeace\/#breadcrumb\"},\"inLanguage\":\"fr-LU\",\"potentialAction\":[{\"@type\":\"ReadAction\",\"target\":[\"https:\/\/www.greenpeace.org\/luxembourg\/fr\/actualites\/4999\/test-que-savez-vous-a-propos-des-bateaux-de-greenpeace\/\"]}]},{\"@type\":\"ImageObject\",\"inLanguage\":\"fr-LU\",\"@id\":\"https:\/\/www.greenpeace.org\/luxembourg\/fr\/actualites\/4999\/test-que-savez-vous-a-propos-des-bateaux-de-greenpeace\/#primaryimage\",\"url\":\"https:\/\/www.greenpeace.org\/static\/planet4-luxembourg-stateless\/2019\/06\/ac6f1ee9-gp0sttca1.jpg\",\"contentUrl\":\"https:\/\/www.greenpeace.org\/static\/planet4-luxembourg-stateless\/2019\/06\/ac6f1ee9-gp0sttca1.jpg\",\"width\":1200,\"height\":800,\"caption\":\"L'\u00e9quipage de l'Esperanza en Arctique\"},{\"@type\":\"BreadcrumbList\",\"@id\":\"https:\/\/www.greenpeace.org\/luxembourg\/fr\/actualites\/4999\/test-que-savez-vous-a-propos-des-bateaux-de-greenpeace\/#breadcrumb\",\"itemListElement\":[{\"@type\":\"ListItem\",\"position\":1,\"name\":\"Home\",\"item\":\"https:\/\/www.greenpeace.org\/luxembourg\/fr\/\"},{\"@type\":\"ListItem\",\"position\":2,\"name\":\"Test : que savez-vous \u00e0 propos des bateaux de Greenpeace ?\"}]},{\"@type\":\"WebSite\",\"@id\":\"https:\/\/www.greenpeace.org\/luxembourg\/fr\/#website\",\"url\":\"https:\/\/www.greenpeace.org\/luxembourg\/fr\/\",\"name\":\"Greenpeace Luxembourg\",\"description\":\"Greenpeace existe parce que cette Terre fragile a besoin d&#039;une voix. Elle a besoin de solutions. De changement. D&#039;actions.\",\"publisher\":{\"@id\":\"https:\/\/www.greenpeace.org\/luxembourg\/fr\/#organization\"},\"potentialAction\":[{\"@type\":\"SearchAction\",\"target\":{\"@type\":\"EntryPoint\",\"urlTemplate\":\"https:\/\/www.greenpeace.org\/luxembourg\/fr\/?s={search_term_string}\"},\"query-input\":{\"@type\":\"PropertyValueSpecification\",\"valueRequired\":true,\"valueName\":\"search_term_string\"}}],\"inLanguage\":\"fr-LU\"},{\"@type\":\"Organization\",\"@id\":\"https:\/\/www.greenpeace.org\/luxembourg\/fr\/#organization\",\"name\":\"Greenpeace Luxembourg\",\"url\":\"https:\/\/www.greenpeace.org\/luxembourg\/fr\/\",\"logo\":{\"@type\":\"ImageObject\",\"inLanguage\":\"fr-LU\",\"@id\":\"https:\/\/www.greenpeace.org\/luxembourg\/fr\/#\/schema\/logo\/image\/\",\"url\":\"https:\/\/www.greenpeace.org\/static\/planet4-luxembourg-stateless\/2026\/03\/3e367f94-greenpeace_logo_green_rgb.png\",\"contentUrl\":\"https:\/\/www.greenpeace.org\/static\/planet4-luxembourg-stateless\/2026\/03\/3e367f94-greenpeace_logo_green_rgb.png\",\"width\":1080,\"height\":175,\"caption\":\"Greenpeace Luxembourg\"},\"image\":{\"@id\":\"https:\/\/www.greenpeace.org\/luxembourg\/fr\/#\/schema\/logo\/image\/\"},\"sameAs\":[\"https:\/\/www.facebook.com\/greenpeaceluxembourg\",\"https:\/\/www.instagram.com\/greenpeacelux\/\",\"https:\/\/www.linkedin.com\/company\/greenpeace-luxembourg\/\",\"https:\/\/www.threads.com\/@greenpeacelux\",\"https:\/\/bsky.app\/profile\/greenpeacelux.bsky.social\",\"https:\/\/www.youtube.com\/@GreenpeaceLux\",\"https:\/\/www.tiktok.com\/@greenpeace_lux\"]},{\"@type\":\"Person\",\"@id\":\"https:\/\/www.greenpeace.org\/luxembourg\/fr\/#\/schema\/person\/7bbeb343322bdadf139e7e27e7c86ec8\",\"name\":\"Pauline Maes\",\"url\":\"https:\/\/www.greenpeace.org\/luxembourg\/fr\/author\/pmaes\/\"}]}<\/script>\n<!-- \/ Yoast SEO Premium plugin. -->","yoast_head_json":{"title":"Test : que savez-vous \u00e0 propos des bateaux de Greenpeace ? - Greenpeace Luxembourg","robots":{"index":"index","follow":"follow","max-snippet":"max-snippet:-1","max-image-preview":"max-image-preview:large","max-video-preview":"max-video-preview:-1"},"canonical":"https:\/\/www.greenpeace.org\/luxembourg\/fr\/actualites\/4999\/test-que-savez-vous-a-propos-des-bateaux-de-greenpeace\/","og_locale":"fr_FR","og_type":"article","og_title":"Test : que savez-vous \u00e0 propos des bateaux de Greenpeace ?","og_description":"Le nom Greenpeace vous fait-il penser \u00e0 nos bateaux et actions en mer ? Encore aujourd\u2019hui, nos bateaux sont pr\u00e9sents l\u00e0 o\u00f9 l\u2019environnement est mis \u00e0 mal, pour t\u00e9moigner des&hellip;","og_url":"https:\/\/www.greenpeace.org\/luxembourg\/fr\/actualites\/4999\/test-que-savez-vous-a-propos-des-bateaux-de-greenpeace\/","og_site_name":"Greenpeace Luxembourg","article_publisher":"https:\/\/www.facebook.com\/greenpeaceluxembourg","article_published_time":"2019-06-19T11:59:10+00:00","article_modified_time":"2021-12-01T15:30:20+00:00","og_image":[{"width":1200,"height":800,"url":"https:\/\/www.greenpeace.org\/static\/planet4-luxembourg-stateless\/2019\/06\/ac6f1ee9-gp0sttca1.jpg","type":"image\/jpeg"}],"author":"Pauline Maes","twitter_card":"summary_large_image","twitter_misc":{"Written by":"Pauline Maes","Est. reading time":"3 minutes"},"schema":{"@context":"https:\/\/schema.org","@graph":[{"@type":"Article","@id":"https:\/\/www.greenpeace.org\/luxembourg\/fr\/actualites\/4999\/test-que-savez-vous-a-propos-des-bateaux-de-greenpeace\/#article","isPartOf":{"@id":"https:\/\/www.greenpeace.org\/luxembourg\/fr\/actualites\/4999\/test-que-savez-vous-a-propos-des-bateaux-de-greenpeace\/"},"author":{"name":"Pauline Maes","@id":"https:\/\/www.greenpeace.org\/luxembourg\/fr\/#\/schema\/person\/7bbeb343322bdadf139e7e27e7c86ec8"},"headline":"Test : que savez-vous \u00e0 propos des bateaux de Greenpeace ?","datePublished":"2019-06-19T11:59:10+00:00","dateModified":"2021-12-01T15:30:20+00:00","mainEntityOfPage":{"@id":"https:\/\/www.greenpeace.org\/luxembourg\/fr\/actualites\/4999\/test-que-savez-vous-a-propos-des-bateaux-de-greenpeace\/"},"wordCount":594,"publisher":{"@id":"https:\/\/www.greenpeace.org\/luxembourg\/fr\/#organization"},"image":{"@id":"https:\/\/www.greenpeace.org\/luxembourg\/fr\/actualites\/4999\/test-que-savez-vous-a-propos-des-bateaux-de-greenpeace\/#primaryimage"},"thumbnailUrl":"https:\/\/www.greenpeace.org\/static\/planet4-luxembourg-stateless\/2019\/06\/ac6f1ee9-gp0sttca1.jpg","keywords":["Oc\u00e9ans","Militant\u00b7es","Greenpeace"],"articleSection":["Greenpeace"],"inLanguage":"fr-LU"},{"@type":"WebPage","@id":"https:\/\/www.greenpeace.org\/luxembourg\/fr\/actualites\/4999\/test-que-savez-vous-a-propos-des-bateaux-de-greenpeace\/","url":"https:\/\/www.greenpeace.org\/luxembourg\/fr\/actualites\/4999\/test-que-savez-vous-a-propos-des-bateaux-de-greenpeace\/","name":"Test : que savez-vous \u00e0 propos des bateaux de Greenpeace ? - Greenpeace Luxembourg","isPartOf":{"@id":"https:\/\/www.greenpeace.org\/luxembourg\/fr\/#website"},"primaryImageOfPage":{"@id":"https:\/\/www.greenpeace.org\/luxembourg\/fr\/actualites\/4999\/test-que-savez-vous-a-propos-des-bateaux-de-greenpeace\/#primaryimage"},"image":{"@id":"https:\/\/www.greenpeace.org\/luxembourg\/fr\/actualites\/4999\/test-que-savez-vous-a-propos-des-bateaux-de-greenpeace\/#primaryimage"},"thumbnailUrl":"https:\/\/www.greenpeace.org\/static\/planet4-luxembourg-stateless\/2019\/06\/ac6f1ee9-gp0sttca1.jpg","datePublished":"2019-06-19T11:59:10+00:00","dateModified":"2021-12-01T15:30:20+00:00","breadcrumb":{"@id":"https:\/\/www.greenpeace.org\/luxembourg\/fr\/actualites\/4999\/test-que-savez-vous-a-propos-des-bateaux-de-greenpeace\/#breadcrumb"},"inLanguage":"fr-LU","potentialAction":[{"@type":"ReadAction","target":["https:\/\/www.greenpeace.org\/luxembourg\/fr\/actualites\/4999\/test-que-savez-vous-a-propos-des-bateaux-de-greenpeace\/"]}]},{"@type":"ImageObject","inLanguage":"fr-LU","@id":"https:\/\/www.greenpeace.org\/luxembourg\/fr\/actualites\/4999\/test-que-savez-vous-a-propos-des-bateaux-de-greenpeace\/#primaryimage","url":"https:\/\/www.greenpeace.org\/static\/planet4-luxembourg-stateless\/2019\/06\/ac6f1ee9-gp0sttca1.jpg","contentUrl":"https:\/\/www.greenpeace.org\/static\/planet4-luxembourg-stateless\/2019\/06\/ac6f1ee9-gp0sttca1.jpg","width":1200,"height":800,"caption":"L'\u00e9quipage de l'Esperanza en Arctique"},{"@type":"BreadcrumbList","@id":"https:\/\/www.greenpeace.org\/luxembourg\/fr\/actualites\/4999\/test-que-savez-vous-a-propos-des-bateaux-de-greenpeace\/#breadcrumb","itemListElement":[{"@type":"ListItem","position":1,"name":"Home","item":"https:\/\/www.greenpeace.org\/luxembourg\/fr\/"},{"@type":"ListItem","position":2,"name":"Test : que savez-vous \u00e0 propos des bateaux de Greenpeace ?"}]},{"@type":"WebSite","@id":"https:\/\/www.greenpeace.org\/luxembourg\/fr\/#website","url":"https:\/\/www.greenpeace.org\/luxembourg\/fr\/","name":"Greenpeace Luxembourg","description":"Greenpeace existe parce que cette Terre fragile a besoin d&#039;une voix. Elle a besoin de solutions. De changement. D&#039;actions.","publisher":{"@id":"https:\/\/www.greenpeace.org\/luxembourg\/fr\/#organization"},"potentialAction":[{"@type":"SearchAction","target":{"@type":"EntryPoint","urlTemplate":"https:\/\/www.greenpeace.org\/luxembourg\/fr\/?s={search_term_string}"},"query-input":{"@type":"PropertyValueSpecification","valueRequired":true,"valueName":"search_term_string"}}],"inLanguage":"fr-LU"},{"@type":"Organization","@id":"https:\/\/www.greenpeace.org\/luxembourg\/fr\/#organization","name":"Greenpeace Luxembourg","url":"https:\/\/www.greenpeace.org\/luxembourg\/fr\/","logo":{"@type":"ImageObject","inLanguage":"fr-LU","@id":"https:\/\/www.greenpeace.org\/luxembourg\/fr\/#\/schema\/logo\/image\/","url":"https:\/\/www.greenpeace.org\/static\/planet4-luxembourg-stateless\/2026\/03\/3e367f94-greenpeace_logo_green_rgb.png","contentUrl":"https:\/\/www.greenpeace.org\/static\/planet4-luxembourg-stateless\/2026\/03\/3e367f94-greenpeace_logo_green_rgb.png","width":1080,"height":175,"caption":"Greenpeace Luxembourg"},"image":{"@id":"https:\/\/www.greenpeace.org\/luxembourg\/fr\/#\/schema\/logo\/image\/"},"sameAs":["https:\/\/www.facebook.com\/greenpeaceluxembourg","https:\/\/www.instagram.com\/greenpeacelux\/","https:\/\/www.linkedin.com\/company\/greenpeace-luxembourg\/","https:\/\/www.threads.com\/@greenpeacelux","https:\/\/bsky.app\/profile\/greenpeacelux.bsky.social","https:\/\/www.youtube.com\/@GreenpeaceLux","https:\/\/www.tiktok.com\/@greenpeace_lux"]},{"@type":"Person","@id":"https:\/\/www.greenpeace.org\/luxembourg\/fr\/#\/schema\/person\/7bbeb343322bdadf139e7e27e7c86ec8","name":"Pauline Maes","url":"https:\/\/www.greenpeace.org\/luxembourg\/fr\/author\/pmaes\/"}]}},"_links":{"self":[{"href":"https:\/\/www.greenpeace.org\/luxembourg\/fr\/wp-json\/wp\/v2\/posts\/4999","targetHints":{"allow":["GET"]}}],"collection":[{"href":"https:\/\/www.greenpeace.org\/luxembourg\/fr\/wp-json\/wp\/v2\/posts"}],"about":[{"href":"https:\/\/www.greenpeace.org\/luxembourg\/fr\/wp-json\/wp\/v2\/types\/post"}],"author":[{"embeddable":true,"href":"https:\/\/www.greenpeace.org\/luxembourg\/fr\/wp-json\/wp\/v2\/users\/18"}],"replies":[{"embeddable":true,"href":"https:\/\/www.greenpeace.org\/luxembourg\/fr\/wp-json\/wp\/v2\/comments?post=4999"}],"version-history":[{"count":6,"href":"https:\/\/www.greenpeace.org\/luxembourg\/fr\/wp-json\/wp\/v2\/posts\/4999\/revisions"}],"predecessor-version":[{"id":13050,"href":"https:\/\/www.greenpeace.org\/luxembourg\/fr\/wp-json\/wp\/v2\/posts\/4999\/revisions\/13050"}],"wp:featuredmedia":[{"embeddable":true,"href":"https:\/\/www.greenpeace.org\/luxembourg\/fr\/wp-json\/wp\/v2\/media\/5012"}],"wp:attachment":[{"href":"https:\/\/www.greenpeace.org\/luxembourg\/fr\/wp-json\/wp\/v2\/media?parent=4999"}],"wp:term":[{"taxonomy":"category","embeddable":true,"href":"https:\/\/www.greenpeace.org\/luxembourg\/fr\/wp-json\/wp\/v2\/categories?post=4999"},{"taxonomy":"post_tag","embeddable":true,"href":"https:\/\/www.greenpeace.org\/luxembourg\/fr\/wp-json\/wp\/v2\/tags?post=4999"},{"taxonomy":"p4-page-type","embeddable":true,"href":"https:\/\/www.greenpeace.org\/luxembourg\/fr\/wp-json\/wp\/v2\/p4-page-type?post=4999"}],"curies":[{"name":"wp","href":"https:\/\/api.w.org\/{rel}","templated":true}]}}