{"id":5477,"date":"2019-08-08T11:30:14","date_gmt":"2019-08-08T09:30:14","guid":{"rendered":"https:\/\/www.greenpeace.org\/luxembourg\/?p=5477"},"modified":"2021-12-01T17:29:48","modified_gmt":"2021-12-01T15:29:48","slug":"mieux-utiliser-le-sol-est-fondamental-pour-faire-face-a-la-crise-climatique","status":"publish","type":"post","link":"https:\/\/www.greenpeace.org\/luxembourg\/fr\/actualites\/5477\/mieux-utiliser-le-sol-est-fondamental-pour-faire-face-a-la-crise-climatique\/","title":{"rendered":"Mieux utiliser le sol est fondamental pour faire face \u00e0 la crise climatique"},"content":{"rendered":"<h3><strong>Cinq raisons de prendre soin de nos terres<\/strong><\/h3>\n<p><span style=\"font-weight: 400;\">Pour la sant\u00e9 des humains et de la plan\u00e8te, nous nous avons tout \u00e0 gagner \u00e0 vouloir changer notre fa\u00e7on d&#8217;utiliser les sols. L&#8217;utilisation de pratiques agricoles \u00e9cologiques et la redistribution d&#8217;une plus grande partie des terres \u00e0 la nature est essentiel pour se pr\u00e9munir contre la crise climatique, fournir suffisamment de nourriture et assurer la survie des peuples autochtones dans le monde entier.<\/span><\/p>\n<p><span style=\"font-weight: 400;\">Malheureusement, un nouveau rapport majeur du Groupe d&#8217;experts intergouvernemental sur l&#8217;\u00e9volution du climat (GIEC) r\u00e9v\u00e8le comment les terres de tous types (for\u00eats, prairies ou zones humides, pour n&#8217;en citer que quelques-unes) sont maltrait\u00e9es, causant toute une s\u00e9rie de probl\u00e8mes sociaux et environnementaux. Ironiquement, la fa\u00e7on dont nous produisons nos aliments est \u00e0 la source de beaucoup de ces probl\u00e8mes. L&#8217;agriculture industrielle s&#8217;est d\u00e9velopp\u00e9e \u00e0 un rythme ph\u00e9nom\u00e9nal \u00e0 travers la plan\u00e8te, rongeant for\u00eats et autres espaces naturels pour produire des aliments et de la viande bon march\u00e9.<\/span><\/p>\n<div id=\"attachment_5479\" style=\"width: 1034px\" class=\"wp-caption aligncenter\"><img loading=\"lazy\" decoding=\"async\" aria-describedby=\"caption-attachment-5479\" class=\"size-large wp-image-5479\" src=\"https:\/\/www.greenpeace.org\/static\/planet4-luxembourg-stateless\/2019\/08\/dc89fdf4-gp0sttekd-1024x576.jpg\" alt=\"Paysage dans la r\u00e9gion de Cerrado au Br\u00e9sil.\" width=\"1024\" height=\"576\" srcset=\"https:\/\/www.greenpeace.org\/static\/planet4-luxembourg-stateless\/2019\/08\/dc89fdf4-gp0sttekd-1024x576.jpg 1024w, https:\/\/www.greenpeace.org\/static\/planet4-luxembourg-stateless\/2019\/08\/dc89fdf4-gp0sttekd-300x169.jpg 300w, https:\/\/www.greenpeace.org\/static\/planet4-luxembourg-stateless\/2019\/08\/dc89fdf4-gp0sttekd-768x432.jpg 768w, https:\/\/www.greenpeace.org\/static\/planet4-luxembourg-stateless\/2019\/08\/dc89fdf4-gp0sttekd-510x287.jpg 510w, https:\/\/www.greenpeace.org\/static\/planet4-luxembourg-stateless\/2019\/08\/dc89fdf4-gp0sttekd.jpg 1199w\" sizes=\"auto, (max-width: 1024px) 100vw, 1024px\" \/><p id=\"caption-attachment-5479\" class=\"wp-caption-text\">Paysage dans la r\u00e9gion de Cerrado au Br\u00e9sil.<\/p><\/div>\n<h2><strong>Voici les cinq principales raisons pour lesquelles nous devrions faire plus attention \u00e0 l&#8217;utilisation des terres<\/strong><\/h2>\n<ol>\n<li><strong> Une utilisation judicieuse des terres permet de lutter contre la crise climatique<\/strong><\/li>\n<\/ol>\n<p><span style=\"font-weight: 400;\">Les for\u00eats constituent un tampon essentiel contre le r\u00e9chauffement climatique. De grandes for\u00eats saines, les prairies ou encore les zones humides sont vitales si nous voulons maintenir le r\u00e9chauffement global en dessous de 1,5\u00baC, le niveau n\u00e9cessaire pour garder le climat sous contr\u00f4le. Ces \u00e9cosyst\u00e8mes absorbent le dioxyde de carbone de l&#8217;atmosph\u00e8re pour l&#8217;enfermer dans la mati\u00e8re v\u00e9g\u00e9tale et les sols. Il faut donc prot\u00e9ger les for\u00eats restantes, laisser les for\u00eats endommag\u00e9es se reconstituer et planter des millions d&#8217;arbres d&#8217;essences indig\u00e8nes pour restaurer les for\u00eats naturelles La notion d&#8217;essences indig\u00e8nes est essentielle afin de favoriser le d\u00e9veloppement harmonieux des for\u00eats dans leurs milieu. Il faut \u00e0 tout prix \u00e9viter de cr\u00e9er des plantations commerciales d&#8217;arbres dont la capacit\u00e9 d&#8217;absorption du CO2 est nettement inf\u00e9rieure.\u00a0<\/span><\/p>\n<p><span style=\"font-weight: 400;\">Mais ce qui se passe au contraire, c&#8217;est que les for\u00eats et les prairies partent en lambeaux, en grande partie \u00e0 cause de la voracit\u00e9 de l&#8217;agriculture industrielle. Les efforts pour produire de la viande bon march\u00e9 ont remplac\u00e9 de vastes \u00e9tendues de for\u00eats par d&#8217;\u00e9normes fermes d&#8217;\u00e9levage et des plantations de soja pour nourrir les vaches, les porcs et les poulets. La conversion des for\u00eats en terres agricoles lib\u00e8re de grandes quantit\u00e9s de gaz \u00e0 effet de serre. Il n&#8217;est donc pas surprenant que pr\u00e8s d&#8217;un quart des \u00e9missions mondiales proviennent de l&#8217;agriculture, de la sylviculture et d&#8217;autres types d&#8217;utilisation des terres, et la production de viande et de produits laitiers est responsable d&#8217;une proportion importante de celles-ci.\u00a0<\/span><\/p>\n<p><span style=\"font-weight: 400;\">R\u00e9duire la quantit\u00e9 de viande et de produits laitiers que nous produisons et consommons r\u00e9duira la quantit\u00e9 de for\u00eats converties en terres agricoles. R\u00e9duire la consommation de viande dans le monde de 50%, voir plus dans les r\u00e9gions o\u00f9 la consommation de viande est d\u00e9j\u00e0 \u00e9lev\u00e9e comme en Europe et en Am\u00e9rique du Nord, dans les 30 prochaines ann\u00e9es, est crucial pour r\u00e9duire les \u00e9missions de gaz \u00e0 effet de serre et lutter contre la crise climatique.\u00a0<\/span><\/p>\n<ol start=\"2\">\n<li><strong> Prendre soin des terres, c&#8217;est prendre soin de la faune et de la flore&#8230;.<\/strong><\/li>\n<\/ol>\n<p><span style=\"font-weight: 400;\">Ce n&#8217;est un secret pour personne que les for\u00eats, les prairies et autres espaces naturels sont des refuges pour la faune et la flore. Ces espaces servent de refuge pour d\u2019innombrables esp\u00e8ces, dont beaucoup n&#8217;ont pas encore \u00e9t\u00e9 \u00e9tudi\u00e9es ou m\u00eame d\u00e9couvertes par les scientifiques.\u00a0<\/span><\/p>\n<p><span style=\"font-weight: 400;\">Au fur et \u00e0 mesure que ces paysages naturels sont convertis en terres agricoles industrielles, cette richesse est remplac\u00e9e par de vastes zones domin\u00e9es par quelques esp\u00e8ces seulement &#8211; b\u00e9tail domestiqu\u00e9 et cultures de plantation comme l&#8217;huile de palme et le soja. De nombreuses esp\u00e8ces sont pouss\u00e9es au bord de l&#8217;extinction, et le r\u00e9cent rapport de l&#8217;IPBES de l&#8217;ONU pr\u00e9vient que jusqu&#8217;\u00e0 un million d&#8217;esp\u00e8ces sont menac\u00e9es d&#8217;extinction en raison de l&#8217;activit\u00e9 humaine.\u00a0<\/span><\/p>\n<p><span style=\"font-weight: 400;\">Pour \u00e9viter cela, il faut mettre un terme \u00e0 l&#8217;expansion incessante de l&#8217;agriculture industrielle et restaurer les espaces naturels afin qu&#8217;ils puissent continuer \u00e0 soutenir la diversit\u00e9 foisonnante de la vie sur notre plan\u00e8te. De plus, l&#8217;adoption de pratiques agricoles \u00e9cologiques r\u00e9duira l&#8217;utilisation de produits chimiques &#8211; une bonne nouvelle pour les abeilles et les autres insectes dont les populations sont en d\u00e9clin.<\/span><\/p>\n<p><strong>3. &#8230;et assurer la survie des peuples autochtones<\/strong><\/p>\n<p><span style=\"font-weight: 400;\">Partout dans le monde, les droits des peuples autochtones ont \u00e9t\u00e9 bafou\u00e9s, ce qui a entra\u00een\u00e9 la destruction de leurs terres ainsi que des g\u00e9nocides. De plus, les peuples autochtones sont victimes d&#8217;intimidations, de violences et m\u00eame de meurtres lorsqu&#8217;ils entrent en conflits avec des entreprises et des gouvernements qui tentent d&#8217;exploiter leurs terres, que ce soit pour l&#8217;exploitation mini\u00e8re, foresti\u00e8re ou industrielle.\u00a0<\/span><\/p>\n<p><span style=\"font-weight: 400;\">Les peuples autochtones repr\u00e9sentent moins de 5 % de la population mondiale. Pourtant, collectivement, leurs terres d\u00e9tiennent plus d&#8217;un tiers de toutes les zones naturelles restantes et ils sont en premi\u00e8re ligne dans la lutte pour d\u00e9fendre les for\u00eats et autres zones naturelles. Des \u00e9tudes ont montr\u00e9 que les zones gouvern\u00e9es par les peuples autochtones contiennent plus de biodiversit\u00e9 qu&#8217;ailleurs. Le nouveau rapport du GIEC sur l&#8217;utilisation des terres indique clairement qu&#8217;il est essentiel de respecter et d&#8217;appuyer les peuples autochtones pour s&#8217;assurer que les for\u00eats et autres zones naturelles sont saines et bien g\u00e9r\u00e9es.\u00a0<\/span><\/p>\n<ol start=\"4\">\n<li><strong> Des terres saines signifient des sols fertiles<\/strong><\/li>\n<\/ol>\n<p><span style=\"font-weight: 400;\">Enlever la v\u00e9g\u00e9tation naturelle pour cultiver intensivement est mauvais pour les sols. L&#8217;utilisation des m\u00eames terres pour produire de multiples r\u00e9coltes chaque ann\u00e9e et l&#8217;utilisation intensive de produits agrochimiques ont caus\u00e9 des dommages consid\u00e9rables \u00e0 la fertilit\u00e9 des sols. Selon l&#8217;ONU, un tiers des terres ont \u00e9t\u00e9 d\u00e9grad\u00e9es et nous perdons 24 milliards de tonnes de sols fertiles chaque ann\u00e9e. De toute \u00e9vidence, cela aura une incidence sur notre capacit\u00e9 de produire des aliments.<\/span><\/p>\n<p><span style=\"font-weight: 400;\">La r\u00e9duction des r\u00e9gimes alimentaires riches en viande et le remplacement de l&#8217;agriculture intensive par une approche plus \u00e9cologique r\u00e9duiront la pression sur les terres et maintiendront la fertilit\u00e9 des sols. Et le sol est un autre espace majeur de stockage du carbone, donc maintenir les sols en bon \u00e9tat est une autre solution naturelle \u00e0 la crise climatique.<\/span><\/p>\n<ol start=\"5\">\n<li><strong> La sant\u00e9 des sols et des humains sont li\u00e9es<\/strong><\/li>\n<\/ol>\n<p><span style=\"font-weight: 400;\">Une personne sur neuf sur la plan\u00e8te souffre de la faim parce qu&#8217;elle n&#8217;a pas assez \u00e0 manger, il n&#8217;est donc pas logique d&#8217;utiliser autant de terres cultivables pour nourrir les animaux ou produire de la bio\u00e9nergie. Utiliser ces terres pour cultiver de la nourriture pour les personnes permet de fournir suffisamment de nourriture pour tout le monde. Mais pour cela, nous devons r\u00e9duire la quantit\u00e9 de viande et de produits laitiers que nous produisons et consommons.<\/span><\/p>\n<p><span style=\"font-weight: 400;\">Cultiver des plantes qui nourrissent directement des personnes est une utilisation beaucoup plus efficace de la terre. Le passage \u00e0 un r\u00e9gime alimentaire essentiellement v\u00e9g\u00e9tal avec plus de l\u00e9gumes, de fruits, de noix et de l\u00e9gumineuses signifie que moins de terres sont n\u00e9cessaires \u00e0 l&#8217;agriculture et plus de terres peuvent \u00eatre restitu\u00e9es aux for\u00eats. R\u00e9duire la consommation de viande peut \u00e9galement r\u00e9duire le risque de maladies comme les maladies cardiaques et le diab\u00e8te de type 2 et peut finalement ajouter jusqu&#8217;\u00e0 trois ans et demi \u00e0 la vie des humains.\u00a0<\/span><\/p>\n<p><span style=\"font-weight: 400;\">Ces changements sont b\u00e9n\u00e9fiques non seulement pour notre sant\u00e9, mais aussi pour la sant\u00e9 de la plan\u00e8te.<\/span><\/p>\n<p>&nbsp;<\/p>\n<h3><strong>Auteur<\/strong><\/h3>\n<p><em><span style=\"font-weight: 400;\">Reyes Tirado travaille au sein du laboratoire de recherche de Greenpeace \u00e0 l&#8217;Universit\u00e9 d&#8217;Exeter, au Royaume-Uni. Elle dirige des recherches sur le terrain et des analyses scientifiques sur le r\u00e9chauffement climatique et la biodiversit\u00e9, l&#8217;agriculture et les syst\u00e8mes alimentaires.<\/span><\/em><\/p>\n<p>&nbsp;<\/p>\n\t\t\t<section\n\t\t\tclass=\"boxout post-396 \"\n\t\t\t\n\t\t>\n\t\t\t<a\n\t\t\t\tdata-ga-category=\"Take Action Boxout\"\n\t\t\t\tdata-ga-action=\"Image\"\n\t\t\t\tdata-ga-label=\"n\/a\"\n\t\t\t\tclass=\"cover-card-overlay\"\n\t\t\t\thref=\"https:\/\/www.greenpeace.org\/luxembourg\/fr\/agir\/adherer-a-greenpeace\/\" \n\t\t\t><\/a>\n\t\t\t\t\t\t\t<img\n\t\t\t\t\t\tsrc=\"https:\/\/www.greenpeace.org\/static\/planet4-luxembourg-stateless\/2020\/04\/99eaaf9b-gp04tdo-1024x683.jpg\"\n\t\t\t\t\t\tsrcset=\"https:\/\/www.greenpeace.org\/static\/planet4-luxembourg-stateless\/2020\/04\/99eaaf9b-gp04tdo-300x200.jpg 300w, https:\/\/www.greenpeace.org\/static\/planet4-luxembourg-stateless\/2020\/04\/99eaaf9b-gp04tdo-1024x683.jpg 1024w, https:\/\/www.greenpeace.org\/static\/planet4-luxembourg-stateless\/2020\/04\/99eaaf9b-gp04tdo-768x512.jpg 768w, https:\/\/www.greenpeace.org\/static\/planet4-luxembourg-stateless\/2020\/04\/99eaaf9b-gp04tdo-510x340.jpg 510w, https:\/\/www.greenpeace.org\/static\/planet4-luxembourg-stateless\/2020\/04\/99eaaf9b-gp04tdo.jpg 1200w\"\n\t\t\t\t\t\tsizes=\"(min-width: 1000px) 358px, (min-width: 780px) 313px, 88px\"\n\t\t\t\t\t\talt=\"Tundra in Alaska. \u00a9 Markus Mauthe \/ Greenpeace\" title=\"Tundra in Alaska. \u00a9 Markus Mauthe \/ Greenpeace\"\n\t\t\t\t\/>\n            \t\t\t<div class=\"boxout-content\">\n\t\t\t\t\t\t\t\t\t<a\n\t\t\t\t\t\tclass=\"boxout-heading medium\"\n\t\t\t\t\t\tdata-ga-category=\"Take Action Boxout\"\n\t\t\t\t\t\tdata-ga-action=\"Title\"\n\t\t\t\t\t\tdata-ga-label=\"n\/a\"\n\t\t\t\t\t\thref=\"https:\/\/www.greenpeace.org\/luxembourg\/fr\/agir\/adherer-a-greenpeace\/\"\n\t\t\t\t\t\t\n\t\t\t\t\t>\n\t\t\t\t\t\tDevenir Adh\u00e9rent\u00b7e\n\t\t\t\t\t<\/a>\n\t\t\t\t\t\t\t\t\t\t\t\t\t<p class=\"boxout-excerpt\">Donnez vie \u00e0 vos id\u00e9aux : votre don nous permet d&#8217;agir au Luxembourg et partout dans le monde !<\/p>\n\t\t\t\t                                    <a\n                        class=\"btn btn-primary\"\n                        data-ga-category=\"Take Action Boxout\"\n                        data-ga-action=\"Call to Action\"\n                        data-ga-label=\"n\/a\"\n                        href=\"https:\/\/www.greenpeace.org\/luxembourg\/fr\/agir\/adherer-a-greenpeace\/\"\n                        \n                    >\n                        S&#039;engager\n                    <\/a>\n                \t\t\t<\/div>\n\t\t\t\t\t<\/section>\n\t","protected":false},"excerpt":{"rendered":"<p>Cinq raisons de prendre soin de nos terres Pour la sant\u00e9 des humains et de la plan\u00e8te, nous nous avons tout \u00e0 gagner \u00e0 vouloir changer notre fa\u00e7on d&#8217;utiliser les&hellip;<\/p>\n","protected":false},"author":18,"featured_media":5479,"comment_status":"closed","ping_status":"closed","sticky":false,"template":"","format":"standard","meta":{"ep_exclude_from_search":false,"p4_og_title":"","p4_og_description":"","p4_og_image":"","p4_og_image_id":"","p4_seo_canonical_url":"","p4_campaign_name":"","p4_local_project":"","p4_basket_name":"","p4_department":"","footnotes":""},"categories":[43],"tags":[37,38,39],"p4-page-type":[85],"class_list":["post-5477","post","type-post","status-publish","format-standard","has-post-thumbnail","hentry","category-nature","tag-changementclimatique","tag-biodiversite","tag-agriculturedurable","p4-page-type-actualites"],"yoast_head":"<!-- This site is optimized with the Yoast SEO Premium plugin v23.9 (Yoast SEO v23.9) - https:\/\/yoast.com\/wordpress\/plugins\/seo\/ -->\n<title>Mieux utiliser le sol est fondamental pour faire face \u00e0 la crise climatique - Greenpeace Luxembourg<\/title>\n<meta name=\"robots\" content=\"index, follow, max-snippet:-1, max-image-preview:large, max-video-preview:-1\" \/>\n<link rel=\"canonical\" href=\"https:\/\/www.greenpeace.org\/luxembourg\/fr\/actualites\/5477\/mieux-utiliser-le-sol-est-fondamental-pour-faire-face-a-la-crise-climatique\/\" \/>\n<meta property=\"og:locale\" content=\"fr_FR\" \/>\n<meta property=\"og:type\" content=\"article\" \/>\n<meta property=\"og:title\" content=\"Mieux utiliser le sol est fondamental pour faire face \u00e0 la crise climatique\" \/>\n<meta property=\"og:description\" content=\"Cinq raisons de prendre soin de nos terres Pour la sant\u00e9 des humains et de la plan\u00e8te, nous nous avons tout \u00e0 gagner \u00e0 vouloir changer notre fa\u00e7on d&#8217;utiliser les&hellip;\" \/>\n<meta property=\"og:url\" content=\"https:\/\/www.greenpeace.org\/luxembourg\/fr\/actualites\/5477\/mieux-utiliser-le-sol-est-fondamental-pour-faire-face-a-la-crise-climatique\/\" \/>\n<meta property=\"og:site_name\" content=\"Greenpeace Luxembourg\" \/>\n<meta property=\"article:publisher\" content=\"https:\/\/www.facebook.com\/greenpeaceluxembourg\" \/>\n<meta property=\"article:published_time\" content=\"2019-08-08T09:30:14+00:00\" \/>\n<meta property=\"article:modified_time\" content=\"2021-12-01T15:29:48+00:00\" \/>\n<meta property=\"og:image\" content=\"https:\/\/www.greenpeace.org\/static\/planet4-luxembourg-stateless\/2019\/08\/dc89fdf4-gp0sttekd.jpg\" \/>\n\t<meta property=\"og:image:width\" content=\"1199\" \/>\n\t<meta property=\"og:image:height\" content=\"674\" \/>\n\t<meta property=\"og:image:type\" content=\"image\/jpeg\" \/>\n<meta name=\"author\" content=\"Pauline Maes\" \/>\n<meta name=\"twitter:card\" content=\"summary_large_image\" \/>\n<meta name=\"twitter:label1\" content=\"Written by\" \/>\n\t<meta name=\"twitter:data1\" content=\"Pauline Maes\" \/>\n\t<meta name=\"twitter:label2\" content=\"Est. reading time\" \/>\n\t<meta name=\"twitter:data2\" content=\"7 minutes\" \/>\n<script type=\"application\/ld+json\" class=\"yoast-schema-graph\">{\"@context\":\"https:\/\/schema.org\",\"@graph\":[{\"@type\":\"Article\",\"@id\":\"https:\/\/www.greenpeace.org\/luxembourg\/fr\/actualites\/5477\/mieux-utiliser-le-sol-est-fondamental-pour-faire-face-a-la-crise-climatique\/#article\",\"isPartOf\":{\"@id\":\"https:\/\/www.greenpeace.org\/luxembourg\/fr\/actualites\/5477\/mieux-utiliser-le-sol-est-fondamental-pour-faire-face-a-la-crise-climatique\/\"},\"author\":{\"name\":\"Pauline Maes\",\"@id\":\"https:\/\/www.greenpeace.org\/luxembourg\/fr\/#\/schema\/person\/7bbeb343322bdadf139e7e27e7c86ec8\"},\"headline\":\"Mieux utiliser le sol est fondamental pour faire face \u00e0 la crise climatique\",\"datePublished\":\"2019-08-08T09:30:14+00:00\",\"dateModified\":\"2021-12-01T15:29:48+00:00\",\"mainEntityOfPage\":{\"@id\":\"https:\/\/www.greenpeace.org\/luxembourg\/fr\/actualites\/5477\/mieux-utiliser-le-sol-est-fondamental-pour-faire-face-a-la-crise-climatique\/\"},\"wordCount\":1428,\"publisher\":{\"@id\":\"https:\/\/www.greenpeace.org\/luxembourg\/fr\/#organization\"},\"image\":{\"@id\":\"https:\/\/www.greenpeace.org\/luxembourg\/fr\/actualites\/5477\/mieux-utiliser-le-sol-est-fondamental-pour-faire-face-a-la-crise-climatique\/#primaryimage\"},\"thumbnailUrl\":\"https:\/\/www.greenpeace.org\/static\/planet4-luxembourg-stateless\/2019\/08\/dc89fdf4-gp0sttekd.jpg\",\"keywords\":[\"ChangementClimatique\",\"Biodiversit\u00e9\",\"AgricultureDurable\"],\"articleSection\":[\"Nature\"],\"inLanguage\":\"fr-LU\"},{\"@type\":\"WebPage\",\"@id\":\"https:\/\/www.greenpeace.org\/luxembourg\/fr\/actualites\/5477\/mieux-utiliser-le-sol-est-fondamental-pour-faire-face-a-la-crise-climatique\/\",\"url\":\"https:\/\/www.greenpeace.org\/luxembourg\/fr\/actualites\/5477\/mieux-utiliser-le-sol-est-fondamental-pour-faire-face-a-la-crise-climatique\/\",\"name\":\"Mieux utiliser le sol est fondamental pour faire face \u00e0 la crise climatique - Greenpeace Luxembourg\",\"isPartOf\":{\"@id\":\"https:\/\/www.greenpeace.org\/luxembourg\/fr\/#website\"},\"primaryImageOfPage\":{\"@id\":\"https:\/\/www.greenpeace.org\/luxembourg\/fr\/actualites\/5477\/mieux-utiliser-le-sol-est-fondamental-pour-faire-face-a-la-crise-climatique\/#primaryimage\"},\"image\":{\"@id\":\"https:\/\/www.greenpeace.org\/luxembourg\/fr\/actualites\/5477\/mieux-utiliser-le-sol-est-fondamental-pour-faire-face-a-la-crise-climatique\/#primaryimage\"},\"thumbnailUrl\":\"https:\/\/www.greenpeace.org\/static\/planet4-luxembourg-stateless\/2019\/08\/dc89fdf4-gp0sttekd.jpg\",\"datePublished\":\"2019-08-08T09:30:14+00:00\",\"dateModified\":\"2021-12-01T15:29:48+00:00\",\"breadcrumb\":{\"@id\":\"https:\/\/www.greenpeace.org\/luxembourg\/fr\/actualites\/5477\/mieux-utiliser-le-sol-est-fondamental-pour-faire-face-a-la-crise-climatique\/#breadcrumb\"},\"inLanguage\":\"fr-LU\",\"potentialAction\":[{\"@type\":\"ReadAction\",\"target\":[\"https:\/\/www.greenpeace.org\/luxembourg\/fr\/actualites\/5477\/mieux-utiliser-le-sol-est-fondamental-pour-faire-face-a-la-crise-climatique\/\"]}]},{\"@type\":\"ImageObject\",\"inLanguage\":\"fr-LU\",\"@id\":\"https:\/\/www.greenpeace.org\/luxembourg\/fr\/actualites\/5477\/mieux-utiliser-le-sol-est-fondamental-pour-faire-face-a-la-crise-climatique\/#primaryimage\",\"url\":\"https:\/\/www.greenpeace.org\/static\/planet4-luxembourg-stateless\/2019\/08\/dc89fdf4-gp0sttekd.jpg\",\"contentUrl\":\"https:\/\/www.greenpeace.org\/static\/planet4-luxembourg-stateless\/2019\/08\/dc89fdf4-gp0sttekd.jpg\",\"width\":1199,\"height\":674,\"caption\":\"Paysage dans la r\u00e9gion de Cerrado au Br\u00e9sil.\"},{\"@type\":\"BreadcrumbList\",\"@id\":\"https:\/\/www.greenpeace.org\/luxembourg\/fr\/actualites\/5477\/mieux-utiliser-le-sol-est-fondamental-pour-faire-face-a-la-crise-climatique\/#breadcrumb\",\"itemListElement\":[{\"@type\":\"ListItem\",\"position\":1,\"name\":\"Home\",\"item\":\"https:\/\/www.greenpeace.org\/luxembourg\/fr\/\"},{\"@type\":\"ListItem\",\"position\":2,\"name\":\"Mieux utiliser le sol est fondamental pour faire face \u00e0 la crise climatique\"}]},{\"@type\":\"WebSite\",\"@id\":\"https:\/\/www.greenpeace.org\/luxembourg\/fr\/#website\",\"url\":\"https:\/\/www.greenpeace.org\/luxembourg\/fr\/\",\"name\":\"Greenpeace Luxembourg\",\"description\":\"Greenpeace existe parce que cette Terre fragile a besoin d&#039;une voix. Elle a besoin de solutions. De changement. D&#039;actions.\",\"publisher\":{\"@id\":\"https:\/\/www.greenpeace.org\/luxembourg\/fr\/#organization\"},\"potentialAction\":[{\"@type\":\"SearchAction\",\"target\":{\"@type\":\"EntryPoint\",\"urlTemplate\":\"https:\/\/www.greenpeace.org\/luxembourg\/fr\/?s={search_term_string}\"},\"query-input\":{\"@type\":\"PropertyValueSpecification\",\"valueRequired\":true,\"valueName\":\"search_term_string\"}}],\"inLanguage\":\"fr-LU\"},{\"@type\":\"Organization\",\"@id\":\"https:\/\/www.greenpeace.org\/luxembourg\/fr\/#organization\",\"name\":\"Greenpeace Luxembourg\",\"url\":\"https:\/\/www.greenpeace.org\/luxembourg\/fr\/\",\"logo\":{\"@type\":\"ImageObject\",\"inLanguage\":\"fr-LU\",\"@id\":\"https:\/\/www.greenpeace.org\/luxembourg\/fr\/#\/schema\/logo\/image\/\",\"url\":\"https:\/\/www.greenpeace.org\/static\/planet4-luxembourg-stateless\/2026\/03\/3e367f94-greenpeace_logo_green_rgb.png\",\"contentUrl\":\"https:\/\/www.greenpeace.org\/static\/planet4-luxembourg-stateless\/2026\/03\/3e367f94-greenpeace_logo_green_rgb.png\",\"width\":1080,\"height\":175,\"caption\":\"Greenpeace Luxembourg\"},\"image\":{\"@id\":\"https:\/\/www.greenpeace.org\/luxembourg\/fr\/#\/schema\/logo\/image\/\"},\"sameAs\":[\"https:\/\/www.facebook.com\/greenpeaceluxembourg\",\"https:\/\/www.instagram.com\/greenpeacelux\/\",\"https:\/\/www.linkedin.com\/company\/greenpeace-luxembourg\/\",\"https:\/\/www.threads.com\/@greenpeacelux\",\"https:\/\/bsky.app\/profile\/greenpeacelux.bsky.social\",\"https:\/\/www.youtube.com\/@GreenpeaceLux\",\"https:\/\/www.tiktok.com\/@greenpeace_lux\"]},{\"@type\":\"Person\",\"@id\":\"https:\/\/www.greenpeace.org\/luxembourg\/fr\/#\/schema\/person\/7bbeb343322bdadf139e7e27e7c86ec8\",\"name\":\"Pauline Maes\",\"url\":\"https:\/\/www.greenpeace.org\/luxembourg\/fr\/author\/pmaes\/\"}]}<\/script>\n<!-- \/ Yoast SEO Premium plugin. -->","yoast_head_json":{"title":"Mieux utiliser le sol est fondamental pour faire face \u00e0 la crise climatique - Greenpeace Luxembourg","robots":{"index":"index","follow":"follow","max-snippet":"max-snippet:-1","max-image-preview":"max-image-preview:large","max-video-preview":"max-video-preview:-1"},"canonical":"https:\/\/www.greenpeace.org\/luxembourg\/fr\/actualites\/5477\/mieux-utiliser-le-sol-est-fondamental-pour-faire-face-a-la-crise-climatique\/","og_locale":"fr_FR","og_type":"article","og_title":"Mieux utiliser le sol est fondamental pour faire face \u00e0 la crise climatique","og_description":"Cinq raisons de prendre soin de nos terres Pour la sant\u00e9 des humains et de la plan\u00e8te, nous nous avons tout \u00e0 gagner \u00e0 vouloir changer notre fa\u00e7on d&#8217;utiliser les&hellip;","og_url":"https:\/\/www.greenpeace.org\/luxembourg\/fr\/actualites\/5477\/mieux-utiliser-le-sol-est-fondamental-pour-faire-face-a-la-crise-climatique\/","og_site_name":"Greenpeace Luxembourg","article_publisher":"https:\/\/www.facebook.com\/greenpeaceluxembourg","article_published_time":"2019-08-08T09:30:14+00:00","article_modified_time":"2021-12-01T15:29:48+00:00","og_image":[{"width":1199,"height":674,"url":"https:\/\/www.greenpeace.org\/static\/planet4-luxembourg-stateless\/2019\/08\/dc89fdf4-gp0sttekd.jpg","type":"image\/jpeg"}],"author":"Pauline Maes","twitter_card":"summary_large_image","twitter_misc":{"Written by":"Pauline Maes","Est. reading time":"7 minutes"},"schema":{"@context":"https:\/\/schema.org","@graph":[{"@type":"Article","@id":"https:\/\/www.greenpeace.org\/luxembourg\/fr\/actualites\/5477\/mieux-utiliser-le-sol-est-fondamental-pour-faire-face-a-la-crise-climatique\/#article","isPartOf":{"@id":"https:\/\/www.greenpeace.org\/luxembourg\/fr\/actualites\/5477\/mieux-utiliser-le-sol-est-fondamental-pour-faire-face-a-la-crise-climatique\/"},"author":{"name":"Pauline Maes","@id":"https:\/\/www.greenpeace.org\/luxembourg\/fr\/#\/schema\/person\/7bbeb343322bdadf139e7e27e7c86ec8"},"headline":"Mieux utiliser le sol est fondamental pour faire face \u00e0 la crise climatique","datePublished":"2019-08-08T09:30:14+00:00","dateModified":"2021-12-01T15:29:48+00:00","mainEntityOfPage":{"@id":"https:\/\/www.greenpeace.org\/luxembourg\/fr\/actualites\/5477\/mieux-utiliser-le-sol-est-fondamental-pour-faire-face-a-la-crise-climatique\/"},"wordCount":1428,"publisher":{"@id":"https:\/\/www.greenpeace.org\/luxembourg\/fr\/#organization"},"image":{"@id":"https:\/\/www.greenpeace.org\/luxembourg\/fr\/actualites\/5477\/mieux-utiliser-le-sol-est-fondamental-pour-faire-face-a-la-crise-climatique\/#primaryimage"},"thumbnailUrl":"https:\/\/www.greenpeace.org\/static\/planet4-luxembourg-stateless\/2019\/08\/dc89fdf4-gp0sttekd.jpg","keywords":["ChangementClimatique","Biodiversit\u00e9","AgricultureDurable"],"articleSection":["Nature"],"inLanguage":"fr-LU"},{"@type":"WebPage","@id":"https:\/\/www.greenpeace.org\/luxembourg\/fr\/actualites\/5477\/mieux-utiliser-le-sol-est-fondamental-pour-faire-face-a-la-crise-climatique\/","url":"https:\/\/www.greenpeace.org\/luxembourg\/fr\/actualites\/5477\/mieux-utiliser-le-sol-est-fondamental-pour-faire-face-a-la-crise-climatique\/","name":"Mieux utiliser le sol est fondamental pour faire face \u00e0 la crise climatique - Greenpeace Luxembourg","isPartOf":{"@id":"https:\/\/www.greenpeace.org\/luxembourg\/fr\/#website"},"primaryImageOfPage":{"@id":"https:\/\/www.greenpeace.org\/luxembourg\/fr\/actualites\/5477\/mieux-utiliser-le-sol-est-fondamental-pour-faire-face-a-la-crise-climatique\/#primaryimage"},"image":{"@id":"https:\/\/www.greenpeace.org\/luxembourg\/fr\/actualites\/5477\/mieux-utiliser-le-sol-est-fondamental-pour-faire-face-a-la-crise-climatique\/#primaryimage"},"thumbnailUrl":"https:\/\/www.greenpeace.org\/static\/planet4-luxembourg-stateless\/2019\/08\/dc89fdf4-gp0sttekd.jpg","datePublished":"2019-08-08T09:30:14+00:00","dateModified":"2021-12-01T15:29:48+00:00","breadcrumb":{"@id":"https:\/\/www.greenpeace.org\/luxembourg\/fr\/actualites\/5477\/mieux-utiliser-le-sol-est-fondamental-pour-faire-face-a-la-crise-climatique\/#breadcrumb"},"inLanguage":"fr-LU","potentialAction":[{"@type":"ReadAction","target":["https:\/\/www.greenpeace.org\/luxembourg\/fr\/actualites\/5477\/mieux-utiliser-le-sol-est-fondamental-pour-faire-face-a-la-crise-climatique\/"]}]},{"@type":"ImageObject","inLanguage":"fr-LU","@id":"https:\/\/www.greenpeace.org\/luxembourg\/fr\/actualites\/5477\/mieux-utiliser-le-sol-est-fondamental-pour-faire-face-a-la-crise-climatique\/#primaryimage","url":"https:\/\/www.greenpeace.org\/static\/planet4-luxembourg-stateless\/2019\/08\/dc89fdf4-gp0sttekd.jpg","contentUrl":"https:\/\/www.greenpeace.org\/static\/planet4-luxembourg-stateless\/2019\/08\/dc89fdf4-gp0sttekd.jpg","width":1199,"height":674,"caption":"Paysage dans la r\u00e9gion de Cerrado au Br\u00e9sil."},{"@type":"BreadcrumbList","@id":"https:\/\/www.greenpeace.org\/luxembourg\/fr\/actualites\/5477\/mieux-utiliser-le-sol-est-fondamental-pour-faire-face-a-la-crise-climatique\/#breadcrumb","itemListElement":[{"@type":"ListItem","position":1,"name":"Home","item":"https:\/\/www.greenpeace.org\/luxembourg\/fr\/"},{"@type":"ListItem","position":2,"name":"Mieux utiliser le sol est fondamental pour faire face \u00e0 la crise climatique"}]},{"@type":"WebSite","@id":"https:\/\/www.greenpeace.org\/luxembourg\/fr\/#website","url":"https:\/\/www.greenpeace.org\/luxembourg\/fr\/","name":"Greenpeace Luxembourg","description":"Greenpeace existe parce que cette Terre fragile a besoin d&#039;une voix. Elle a besoin de solutions. De changement. D&#039;actions.","publisher":{"@id":"https:\/\/www.greenpeace.org\/luxembourg\/fr\/#organization"},"potentialAction":[{"@type":"SearchAction","target":{"@type":"EntryPoint","urlTemplate":"https:\/\/www.greenpeace.org\/luxembourg\/fr\/?s={search_term_string}"},"query-input":{"@type":"PropertyValueSpecification","valueRequired":true,"valueName":"search_term_string"}}],"inLanguage":"fr-LU"},{"@type":"Organization","@id":"https:\/\/www.greenpeace.org\/luxembourg\/fr\/#organization","name":"Greenpeace Luxembourg","url":"https:\/\/www.greenpeace.org\/luxembourg\/fr\/","logo":{"@type":"ImageObject","inLanguage":"fr-LU","@id":"https:\/\/www.greenpeace.org\/luxembourg\/fr\/#\/schema\/logo\/image\/","url":"https:\/\/www.greenpeace.org\/static\/planet4-luxembourg-stateless\/2026\/03\/3e367f94-greenpeace_logo_green_rgb.png","contentUrl":"https:\/\/www.greenpeace.org\/static\/planet4-luxembourg-stateless\/2026\/03\/3e367f94-greenpeace_logo_green_rgb.png","width":1080,"height":175,"caption":"Greenpeace Luxembourg"},"image":{"@id":"https:\/\/www.greenpeace.org\/luxembourg\/fr\/#\/schema\/logo\/image\/"},"sameAs":["https:\/\/www.facebook.com\/greenpeaceluxembourg","https:\/\/www.instagram.com\/greenpeacelux\/","https:\/\/www.linkedin.com\/company\/greenpeace-luxembourg\/","https:\/\/www.threads.com\/@greenpeacelux","https:\/\/bsky.app\/profile\/greenpeacelux.bsky.social","https:\/\/www.youtube.com\/@GreenpeaceLux","https:\/\/www.tiktok.com\/@greenpeace_lux"]},{"@type":"Person","@id":"https:\/\/www.greenpeace.org\/luxembourg\/fr\/#\/schema\/person\/7bbeb343322bdadf139e7e27e7c86ec8","name":"Pauline Maes","url":"https:\/\/www.greenpeace.org\/luxembourg\/fr\/author\/pmaes\/"}]}},"_links":{"self":[{"href":"https:\/\/www.greenpeace.org\/luxembourg\/fr\/wp-json\/wp\/v2\/posts\/5477","targetHints":{"allow":["GET"]}}],"collection":[{"href":"https:\/\/www.greenpeace.org\/luxembourg\/fr\/wp-json\/wp\/v2\/posts"}],"about":[{"href":"https:\/\/www.greenpeace.org\/luxembourg\/fr\/wp-json\/wp\/v2\/types\/post"}],"author":[{"embeddable":true,"href":"https:\/\/www.greenpeace.org\/luxembourg\/fr\/wp-json\/wp\/v2\/users\/18"}],"replies":[{"embeddable":true,"href":"https:\/\/www.greenpeace.org\/luxembourg\/fr\/wp-json\/wp\/v2\/comments?post=5477"}],"version-history":[{"count":4,"href":"https:\/\/www.greenpeace.org\/luxembourg\/fr\/wp-json\/wp\/v2\/posts\/5477\/revisions"}],"predecessor-version":[{"id":13032,"href":"https:\/\/www.greenpeace.org\/luxembourg\/fr\/wp-json\/wp\/v2\/posts\/5477\/revisions\/13032"}],"wp:featuredmedia":[{"embeddable":true,"href":"https:\/\/www.greenpeace.org\/luxembourg\/fr\/wp-json\/wp\/v2\/media\/5479"}],"wp:attachment":[{"href":"https:\/\/www.greenpeace.org\/luxembourg\/fr\/wp-json\/wp\/v2\/media?parent=5477"}],"wp:term":[{"taxonomy":"category","embeddable":true,"href":"https:\/\/www.greenpeace.org\/luxembourg\/fr\/wp-json\/wp\/v2\/categories?post=5477"},{"taxonomy":"post_tag","embeddable":true,"href":"https:\/\/www.greenpeace.org\/luxembourg\/fr\/wp-json\/wp\/v2\/tags?post=5477"},{"taxonomy":"p4-page-type","embeddable":true,"href":"https:\/\/www.greenpeace.org\/luxembourg\/fr\/wp-json\/wp\/v2\/p4-page-type?post=5477"}],"curies":[{"name":"wp","href":"https:\/\/api.w.org\/{rel}","templated":true}]}}