{"id":6086,"date":"2019-12-10T13:20:04","date_gmt":"2019-12-10T11:20:04","guid":{"rendered":"https:\/\/www.greenpeace.org\/luxembourg\/?p=6086"},"modified":"2019-12-10T13:20:05","modified_gmt":"2019-12-10T11:20:05","slug":"extraction-de-charbon-et-violations-des-droits-humains-en-colombie-indonesie-russie-et-afrique-du-sud-une-enquete-de-greenpeace","status":"publish","type":"post","link":"https:\/\/www.greenpeace.org\/luxembourg\/fr\/communiques-de-presse\/6086\/extraction-de-charbon-et-violations-des-droits-humains-en-colombie-indonesie-russie-et-afrique-du-sud-une-enquete-de-greenpeace\/","title":{"rendered":"Extraction de charbon et violations des droits humains en Colombie, Indon\u00e9sie, Russie et Afrique du Sud : une enqu\u00eate de Greenpeace"},"content":{"rendered":"\n<p><strong>La Colombie, l\u2019Indon\u00e9sie, la Russie et l\u2019Afrique du Sud font partie des principaux exportateurs de charbon au monde.&nbsp;<\/strong><br><\/p>\n\n<p><strong>Madrid, 9 d\u00e9cembre 2019 &#8211;<\/strong><em> &#8220;Le charbon qui est extrait ici part pour l\u2019Europe, j\u2019ai vu comment il arrive \u00e0 Gij\u00f3n (Espagne). Nous n\u2019avons plus de ferme, et 5000 enfants sont morts de malnutrition.<\/em>\u201d explique Diego Alejandro Rojas, du collectif Arbelaez (La Guajira, Colombie).&nbsp;<br><\/p>\n\n<p>Expropriations, pollution, restriction de l\u2019acc\u00e8s \u00e0 l\u2019eau, pers\u00e9cution, criminalisation ou r\u00e9pression du droit \u00e0 la manifestation sont quelques unes des violations des droits humains qui persistent dans les r\u00e9gions mini\u00e8res en Colombie, en Indon\u00e9sie, en Russie et en Afrique du Sud.<br><\/p>\n\n<p>\u00c0 l\u2019occasion de la journ\u00e9e internationale des droits humains (10 d\u00e9cembre), en collaboration avec l\u2019<em>Information Centre on Business and Human Rights<\/em>, Greenpeace d\u00e9voile un rapport intitul\u00e9&nbsp; <a href=\"https:\/\/es.greenpeace.org\/es\/wp-content\/uploads\/sites\/3\/2019\/12\/COAL-AND-HUMAN-RIGHTS.pdf\">&#8216;Les blessures du charbon : violations des droits humains dans les importations espagnoles.&#8217;<\/a> (<em>The wounds of coal. Violations of human rights in Spanish imports<\/em>) lors d\u2019une conf\u00e9rence de presse \u00e0 la COP25 afin de d\u00e9noncer les dommags caus\u00e9s par l\u2019industrie du charbon non seulement \u00e0 l\u2019environnement (la combustion du charbon \u00e9tant la principale responsable du changement climatique, en raison de ses \u00e9missions de CO<sub>2<\/sub>), mais aussi \u00e0 l\u2019\u00eatre humain.&nbsp;<br><\/p>\n\n<p>Selon Tatiana Nu\u00f1o, responsable de la campagne sur le changement climatique pour Greenpeace Espagne, <em>&#8220;la combustion du charbon est la principale cause de la crise climatique \u00e0 travers le monde et cause de s\u00e9rieux dommages \u00e0 notre sant\u00e9, tandis que son extraction co\u00fbte tr\u00e8s cher \u00e0 l\u2019environnement et aux droits de ceux qui vivent dans les r\u00e9gions mini\u00e8res. La crise climatique est une crise des droits de l\u2019humain, et le charbon est responsable des deux.\u201d<\/em>&nbsp;<br><\/p>\n\n<p>En Colombie, l\u2019exemple le plus significatif est celui de la soci\u00e9t\u00e9 mini\u00e8re de Cerrej\u00f3n, situ\u00e9e \u00e0 La Guajira. Il s\u2019agit de la plus grande mine \u00e0 ciel ouvert au monde : elle s\u2019\u00e9tend sur 69 000 hectares, extrait 108 000 tonnes de charbon par jour pour l\u2019exportation et a fait d\u00e9placer plus de 20 000 personnes \u00e0 travers le territoire. <em>&#8220;L\u2019activit\u00e9 de la mine consomme plus de 30 millions de litres d\u2019eau par jour, alors qu\u2019ici, des gens meurent de soif.\u201d <\/em>pr\u00e9cise Rojas.&nbsp;&nbsp;<br><\/p>\n\n<p>Au cours des 15 derni\u00e8res ann\u00e9es, la production indon\u00e9sienne de charbon a augment\u00e9 de fa\u00e7on exponentielle et le pays est devenu l\u2019un de plus grands exportateurs au monde, r\u00e9sultant en une croissance chaotique des licences d\u2019exploitation mini\u00e8re. Selon JATAM, une organisation environnementale install\u00e9e \u00e0 Jakarta, environ 43% de la superficie de la r\u00e9gion du Kalimantan oriental, \u00e0 Born\u00e9o, a \u00e9t\u00e9 confi\u00e9e \u00e0 des soci\u00e9t\u00e9s mini\u00e8res.<br><\/p>\n\n<p>En Russie, le rapport souligne que les entreprises exploitent intentionnellement du charbon \u00e0 proximit\u00e9 des centres de population, plut\u00f4t que dans des endroits moins peupl\u00e9s. Cela permet de r\u00e9duire le co\u00fbt des infrastructures et facilite l\u2019acc\u00e8s \u00e0 la main d\u2019oeuvre.<em> &#8220;Il y a des cas comme celui de la ville de Kiseliovsk, dont les fronti\u00e8res ont \u00e9t\u00e9 franchies par une mine \u00e0 ciel ouvert. De la neige noire est tomb\u00e9e l\u00e0-bas. C\u2019est peut-\u00eatre dur \u00e0 croire, mais des gens vivent l\u00e0.\u201d s\u2019indigne <\/em>Vladimir Slivyak, de l\u2019organisation russe Ecodefense.<br><\/p>\n\n<p>En Afrique du Sud, o\u00f9 le charbon est la deuxi\u00e8me source de revenus du pays, les violations des droits humains sont syst\u00e9matiques, tout particuli\u00e8rement dans la province de Mpumalanga, dans le nord est du pays, une r\u00e9gion riche en carbone dans laquelle 83% du total produit nationalement est extrait.&nbsp;&nbsp;<br><\/p>\n\n<p>Dans tous les cas, les femmes ont tendance \u00e0 souffrir diff\u00e9remment des impacts de l\u2019extraction. Leur invisibilit\u00e9 doit \u00eatre combattue dans le processus de n\u00e9gociation des territoires et dans les probl\u00e9matiques de compensation, afin de reconna\u00eetre leur r\u00f4le capital dans le maintien du tissu social et de garantir leur protection physique et psychologique de cette dynamique sociale qui perp\u00e9tue les violences envers elles.<br><\/p>\n\n<p><em>&#8220;J\u2019ai re\u00e7u plusieurs menaces. En 2013, ils sont venus me chercher \u00e0 la maison, mais mes chiennes m\u2019ont pr\u00e9venue et j\u2019ai pu me cacher. Ils m\u2019ont attendu toute la nuit et ont tu\u00e9 mes chiens avant de partir. R\u00e9cemment, ils ont lanc\u00e9 des pierres sur ma maison, parce qu\u2019ils veulent que je parte.\u201d <\/em>explique Mar\u00eda Cristina Figueroa Bouriyu, conseill\u00e8re \u00e0 l\u2019Organisation Indig\u00e8ne Nationale de Colombie.&nbsp;<br><\/p>\n\n<p>Les centrales thermiques au charbon sont toujours op\u00e9r\u00e9es en Espagne ; pour \u00eatre exact, en 2018, 14,1% de la production \u00e9lectrique \u00e9tait issu de la combustion du charbon, g\u00e9n\u00e9rant pr\u00e8s de 40 millions de tonnes de CO2 (soit quatre fois les \u00e9missions annuelles de Madrid toute enti\u00e8re). Au total, l\u2019importation de charbon en Espagne est mont\u00e9e \u00e0 16,5 millions de tonnes du min\u00e9ral. Les r\u00e9gions des Asturies et de la Galicie sont celles qui en ont import\u00e9 le plus. Depuis 2019, la Colombie, l\u2019Indon\u00e9sie, la Russie et l\u2019Afrique du Sud sont devenues les principaux fournisseurs de charbon en Espagne et figurent \u00e9galement dans le top europ\u00e9en et mondial.<br><\/p>\n\n<p>Les fournisseurs d\u2019\u00e9lectricit\u00e9 qui ach\u00e8tent du charbon \u00e0 faire br\u00fbler dans leurs centrales sont responsables de l\u2019identification et de la pr\u00e9vention des dommages caus\u00e9s aux droits humains tout au long de leur cha\u00eene d\u2019approvisionnement. Pourtant, aucune des cinq plus grands fournisseurs et producteurs d\u2019\u00e9lectricit\u00e9 espagnols (Endesa, Iberdrola, EDP, Viesgo et Naturgy) consult\u00e9s pour la recherche n\u2019ont fourni de donn\u00e9es sur l\u2019origine et les quantit\u00e9s de charbon import\u00e9 utilis\u00e9s dans leurs centrales.<br><\/p>\n\n<p><strong>Avec ce rapport, Greenpeace demande \u00e0 ce que les gouvernements d\u00e9finissent une date de fermeture des centrales \u00e0 charbon au plus tard pour 2030 en Europe et 2025 en Espagne. Le monde entier doit les r\u00e9duire d\u2019au moins deux tiers d\u2019ici 2030, d\u2019apr\u00e8s le rapport du GIEC, afin de ne pas augmenter la temp\u00e9rature moyenne globale au-del\u00e0 de 1,5\u00b0C<\/strong>.<br><\/p>\n\n<p>L\u2019Europe devrait \u00e9galement revoir son engagement de r\u00e9duction des gaz \u00e0 effet de serre \u00e0 la hausse, en passant \u00e0 65% de r\u00e9duction d\u2019ici 2030 afin d\u2019atteindre le z\u00e9ro net en 2040. Un mod\u00e8le d\u2019\u00e9nergie \u00e0 100% renouvelable et d\u00e9mocratique, qui ne viole pas les droits humains et respecte les principes d\u2019une justice sociale et environnementale doit \u00eatre mis en oeuvre. Nous demandons aux gouvernements d\u2019\u00e9tablir des m\u00e9canismes efficaces et d\u2019assurer leur devoir de vigilance et de contr\u00f4le en obligeant les entreprises \u00e0 garantir le respect des droits humains tout au long de leur cha\u00eene d\u2019approvisionnement.<\/p>\n\n<p><\/p>\n\n<p><strong>Notes :&nbsp;<\/strong><\/p>\n\n<p>R\u00e9sum\u00e9 du rapport (en anglais) disponible <a href=\"https:\/\/es.greenpeace.org\/es\/wp-content\/uploads\/sites\/3\/2019\/12\/COAL-AND-HUMAN-RIGHTS.pdf\">ici<\/a><\/p>\n\n<p>Rapport complet (en espagnol) disponible <a href=\"https:\/\/es.greenpeace.org\/es\/sala-de-prensa\/informes\/carbon-y-derechos-humanos-la-importacion-de-carbon-en-espana-consecuencias-en-colombia-indonesia-rusia-y-sudafrica\/\">ici<\/a><br><\/p>\n\n<p><strong>Des photos<\/strong> de la mine ouverte de Cerrejon en Colombie sont disponibles <a href=\"https:\/\/media.greenpeace.org\/CS.aspx?VP3=SearchResult&amp;VBID=27MZV8RMW77XX&amp;SMLS=1&amp;RW=1372&amp;RH=777\">ici<\/a><br><\/p>\n","protected":false},"excerpt":{"rendered":"<p>La Colombie, l\u2019Indon\u00e9sie, la Russie et l\u2019Afrique du Sud font partie des principaux exportateurs de charbon au monde.&nbsp; Madrid, 9 d\u00e9cembre 2019 &#8211; &laquo; Le charbon qui est extrait ici&hellip;<\/p>\n","protected":false},"author":25,"featured_media":6089,"comment_status":"closed","ping_status":"closed","sticky":false,"template":"","format":"standard","meta":{"ep_exclude_from_search":false,"p4_og_title":"","p4_og_description":"[caption id=\"attachment_6087\" align=\"alignnone\" width=\"1200\"]<img class=\"size-full wp-image-6087\" src=\"https:\/\/www.greenpeace.org\/static\/planet4-luxembourg-stateless\/2019\/12\/86490354-gp0stqlom.jpg\" alt=\"Gevra Open Cast Mine, Korba District in Chhattisgarh. \u00a9 Sri Kolari \/ Greenpeace\" width=\"1200\" height=\"800\" \/> Gerva Open Cast Mine, Korba District, Chhattisgarh.[\/caption]","p4_og_image":"","p4_og_image_id":"","p4_seo_canonical_url":"","p4_campaign_name":"not set","p4_local_project":"","p4_basket_name":"not set","p4_department":"","footnotes":""},"categories":[17],"tags":[],"p4-page-type":[83],"class_list":["post-6086","post","type-post","status-publish","format-standard","has-post-thumbnail","hentry","category-greenpeace","p4-page-type-communiques-de-presse"],"yoast_head":"<!-- This site is optimized with the Yoast SEO Premium plugin v23.9 (Yoast SEO v23.9) - https:\/\/yoast.com\/wordpress\/plugins\/seo\/ -->\n<title>Extraction de charbon et violations des droits humains en Colombie, Indon\u00e9sie, Russie et Afrique du Sud : une enqu\u00eate de Greenpeace - Greenpeace Luxembourg<\/title>\n<meta name=\"robots\" content=\"index, follow, max-snippet:-1, max-image-preview:large, max-video-preview:-1\" \/>\n<link rel=\"canonical\" href=\"https:\/\/www.greenpeace.org\/luxembourg\/fr\/communiques-de-presse\/6086\/extraction-de-charbon-et-violations-des-droits-humains-en-colombie-indonesie-russie-et-afrique-du-sud-une-enquete-de-greenpeace\/\" \/>\n<meta property=\"og:locale\" content=\"fr_FR\" \/>\n<meta property=\"og:type\" content=\"article\" \/>\n<meta property=\"og:title\" content=\"Extraction de charbon et violations des droits humains en Colombie, Indon\u00e9sie, Russie et Afrique du Sud : une enqu\u00eate de Greenpeace\" \/>\n<meta property=\"og:description\" content=\"La Colombie, l\u2019Indon\u00e9sie, la Russie et l\u2019Afrique du Sud font partie des principaux exportateurs de charbon au monde.&nbsp; Madrid, 9 d\u00e9cembre 2019 &#8211; &laquo; Le charbon qui est extrait ici&hellip;\" \/>\n<meta property=\"og:url\" content=\"https:\/\/www.greenpeace.org\/luxembourg\/fr\/communiques-de-presse\/6086\/extraction-de-charbon-et-violations-des-droits-humains-en-colombie-indonesie-russie-et-afrique-du-sud-une-enquete-de-greenpeace\/\" \/>\n<meta property=\"og:site_name\" content=\"Greenpeace Luxembourg\" \/>\n<meta property=\"article:publisher\" content=\"https:\/\/www.facebook.com\/greenpeaceluxembourg\" \/>\n<meta property=\"article:published_time\" content=\"2019-12-10T11:20:04+00:00\" \/>\n<meta property=\"article:modified_time\" content=\"2019-12-10T11:20:05+00:00\" \/>\n<meta property=\"og:image\" content=\"https:\/\/www.greenpeace.org\/static\/planet4-luxembourg-stateless\/2019\/12\/cabb39c8-gp01l21websizewithcreditline_00594629.jpg\" \/>\n\t<meta property=\"og:image:width\" content=\"629\" \/>\n\t<meta property=\"og:image:height\" content=\"359\" \/>\n\t<meta property=\"og:image:type\" content=\"image\/jpeg\" \/>\n<meta name=\"author\" content=\"Esther Wildanger\" \/>\n<meta name=\"twitter:card\" content=\"summary_large_image\" \/>\n<meta name=\"twitter:label1\" content=\"Written by\" \/>\n\t<meta name=\"twitter:data1\" content=\"Esther Wildanger\" \/>\n\t<meta name=\"twitter:label2\" content=\"Est. reading time\" \/>\n\t<meta name=\"twitter:data2\" content=\"6 minutes\" \/>\n<script type=\"application\/ld+json\" class=\"yoast-schema-graph\">{\"@context\":\"https:\/\/schema.org\",\"@graph\":[{\"@type\":\"Article\",\"@id\":\"https:\/\/www.greenpeace.org\/luxembourg\/fr\/communiques-de-presse\/6086\/extraction-de-charbon-et-violations-des-droits-humains-en-colombie-indonesie-russie-et-afrique-du-sud-une-enquete-de-greenpeace\/#article\",\"isPartOf\":{\"@id\":\"https:\/\/www.greenpeace.org\/luxembourg\/fr\/communiques-de-presse\/6086\/extraction-de-charbon-et-violations-des-droits-humains-en-colombie-indonesie-russie-et-afrique-du-sud-une-enquete-de-greenpeace\/\"},\"author\":{\"name\":\"Esther Wildanger\",\"@id\":\"https:\/\/www.greenpeace.org\/luxembourg\/fr\/#\/schema\/person\/3d0e81a859b59009fec36a8552ef76a7\"},\"headline\":\"Extraction de charbon et violations des droits humains en Colombie, Indon\u00e9sie, Russie et Afrique du Sud : une enqu\u00eate de Greenpeace\",\"datePublished\":\"2019-12-10T11:20:04+00:00\",\"dateModified\":\"2019-12-10T11:20:05+00:00\",\"mainEntityOfPage\":{\"@id\":\"https:\/\/www.greenpeace.org\/luxembourg\/fr\/communiques-de-presse\/6086\/extraction-de-charbon-et-violations-des-droits-humains-en-colombie-indonesie-russie-et-afrique-du-sud-une-enquete-de-greenpeace\/\"},\"wordCount\":1172,\"publisher\":{\"@id\":\"https:\/\/www.greenpeace.org\/luxembourg\/fr\/#organization\"},\"image\":{\"@id\":\"https:\/\/www.greenpeace.org\/luxembourg\/fr\/communiques-de-presse\/6086\/extraction-de-charbon-et-violations-des-droits-humains-en-colombie-indonesie-russie-et-afrique-du-sud-une-enquete-de-greenpeace\/#primaryimage\"},\"thumbnailUrl\":\"https:\/\/www.greenpeace.org\/static\/planet4-luxembourg-stateless\/2019\/12\/cabb39c8-gp01l21websizewithcreditline_00594629.jpg\",\"articleSection\":[\"Greenpeace\"],\"inLanguage\":\"fr-LU\"},{\"@type\":\"WebPage\",\"@id\":\"https:\/\/www.greenpeace.org\/luxembourg\/fr\/communiques-de-presse\/6086\/extraction-de-charbon-et-violations-des-droits-humains-en-colombie-indonesie-russie-et-afrique-du-sud-une-enquete-de-greenpeace\/\",\"url\":\"https:\/\/www.greenpeace.org\/luxembourg\/fr\/communiques-de-presse\/6086\/extraction-de-charbon-et-violations-des-droits-humains-en-colombie-indonesie-russie-et-afrique-du-sud-une-enquete-de-greenpeace\/\",\"name\":\"Extraction de charbon et violations des droits humains en Colombie, Indon\u00e9sie, Russie et Afrique du Sud : une enqu\u00eate de Greenpeace - Greenpeace Luxembourg\",\"isPartOf\":{\"@id\":\"https:\/\/www.greenpeace.org\/luxembourg\/fr\/#website\"},\"primaryImageOfPage\":{\"@id\":\"https:\/\/www.greenpeace.org\/luxembourg\/fr\/communiques-de-presse\/6086\/extraction-de-charbon-et-violations-des-droits-humains-en-colombie-indonesie-russie-et-afrique-du-sud-une-enquete-de-greenpeace\/#primaryimage\"},\"image\":{\"@id\":\"https:\/\/www.greenpeace.org\/luxembourg\/fr\/communiques-de-presse\/6086\/extraction-de-charbon-et-violations-des-droits-humains-en-colombie-indonesie-russie-et-afrique-du-sud-une-enquete-de-greenpeace\/#primaryimage\"},\"thumbnailUrl\":\"https:\/\/www.greenpeace.org\/static\/planet4-luxembourg-stateless\/2019\/12\/cabb39c8-gp01l21websizewithcreditline_00594629.jpg\",\"datePublished\":\"2019-12-10T11:20:04+00:00\",\"dateModified\":\"2019-12-10T11:20:05+00:00\",\"breadcrumb\":{\"@id\":\"https:\/\/www.greenpeace.org\/luxembourg\/fr\/communiques-de-presse\/6086\/extraction-de-charbon-et-violations-des-droits-humains-en-colombie-indonesie-russie-et-afrique-du-sud-une-enquete-de-greenpeace\/#breadcrumb\"},\"inLanguage\":\"fr-LU\",\"potentialAction\":[{\"@type\":\"ReadAction\",\"target\":[\"https:\/\/www.greenpeace.org\/luxembourg\/fr\/communiques-de-presse\/6086\/extraction-de-charbon-et-violations-des-droits-humains-en-colombie-indonesie-russie-et-afrique-du-sud-une-enquete-de-greenpeace\/\"]}]},{\"@type\":\"ImageObject\",\"inLanguage\":\"fr-LU\",\"@id\":\"https:\/\/www.greenpeace.org\/luxembourg\/fr\/communiques-de-presse\/6086\/extraction-de-charbon-et-violations-des-droits-humains-en-colombie-indonesie-russie-et-afrique-du-sud-une-enquete-de-greenpeace\/#primaryimage\",\"url\":\"https:\/\/www.greenpeace.org\/static\/planet4-luxembourg-stateless\/2019\/12\/cabb39c8-gp01l21websizewithcreditline_00594629.jpg\",\"contentUrl\":\"https:\/\/www.greenpeace.org\/static\/planet4-luxembourg-stateless\/2019\/12\/cabb39c8-gp01l21websizewithcreditline_00594629.jpg\",\"width\":629,\"height\":359},{\"@type\":\"BreadcrumbList\",\"@id\":\"https:\/\/www.greenpeace.org\/luxembourg\/fr\/communiques-de-presse\/6086\/extraction-de-charbon-et-violations-des-droits-humains-en-colombie-indonesie-russie-et-afrique-du-sud-une-enquete-de-greenpeace\/#breadcrumb\",\"itemListElement\":[{\"@type\":\"ListItem\",\"position\":1,\"name\":\"Home\",\"item\":\"https:\/\/www.greenpeace.org\/luxembourg\/fr\/\"},{\"@type\":\"ListItem\",\"position\":2,\"name\":\"Extraction de charbon et violations des droits humains en Colombie, Indon\u00e9sie, Russie et Afrique du Sud : une enqu\u00eate de Greenpeace\"}]},{\"@type\":\"WebSite\",\"@id\":\"https:\/\/www.greenpeace.org\/luxembourg\/fr\/#website\",\"url\":\"https:\/\/www.greenpeace.org\/luxembourg\/fr\/\",\"name\":\"Greenpeace Luxembourg\",\"description\":\"Greenpeace existe parce que cette Terre fragile a besoin d&#039;une voix. Elle a besoin de solutions. De changement. D&#039;actions.\",\"publisher\":{\"@id\":\"https:\/\/www.greenpeace.org\/luxembourg\/fr\/#organization\"},\"potentialAction\":[{\"@type\":\"SearchAction\",\"target\":{\"@type\":\"EntryPoint\",\"urlTemplate\":\"https:\/\/www.greenpeace.org\/luxembourg\/fr\/?s={search_term_string}\"},\"query-input\":{\"@type\":\"PropertyValueSpecification\",\"valueRequired\":true,\"valueName\":\"search_term_string\"}}],\"inLanguage\":\"fr-LU\"},{\"@type\":\"Organization\",\"@id\":\"https:\/\/www.greenpeace.org\/luxembourg\/fr\/#organization\",\"name\":\"Greenpeace Luxembourg\",\"url\":\"https:\/\/www.greenpeace.org\/luxembourg\/fr\/\",\"logo\":{\"@type\":\"ImageObject\",\"inLanguage\":\"fr-LU\",\"@id\":\"https:\/\/www.greenpeace.org\/luxembourg\/fr\/#\/schema\/logo\/image\/\",\"url\":\"https:\/\/www.greenpeace.org\/static\/planet4-luxembourg-stateless\/2026\/03\/3e367f94-greenpeace_logo_green_rgb.png\",\"contentUrl\":\"https:\/\/www.greenpeace.org\/static\/planet4-luxembourg-stateless\/2026\/03\/3e367f94-greenpeace_logo_green_rgb.png\",\"width\":1080,\"height\":175,\"caption\":\"Greenpeace Luxembourg\"},\"image\":{\"@id\":\"https:\/\/www.greenpeace.org\/luxembourg\/fr\/#\/schema\/logo\/image\/\"},\"sameAs\":[\"https:\/\/www.facebook.com\/greenpeaceluxembourg\",\"https:\/\/www.instagram.com\/greenpeacelux\/\",\"https:\/\/www.linkedin.com\/company\/greenpeace-luxembourg\/\",\"https:\/\/www.threads.com\/@greenpeacelux\",\"https:\/\/bsky.app\/profile\/greenpeacelux.bsky.social\",\"https:\/\/www.youtube.com\/@GreenpeaceLux\",\"https:\/\/www.tiktok.com\/@greenpeace_lux\"]},{\"@type\":\"Person\",\"@id\":\"https:\/\/www.greenpeace.org\/luxembourg\/fr\/#\/schema\/person\/3d0e81a859b59009fec36a8552ef76a7\",\"name\":\"Esther Wildanger\",\"url\":\"https:\/\/www.greenpeace.org\/luxembourg\/fr\/author\/ewildang\/\"}]}<\/script>\n<!-- \/ Yoast SEO Premium plugin. -->","yoast_head_json":{"title":"Extraction de charbon et violations des droits humains en Colombie, Indon\u00e9sie, Russie et Afrique du Sud : une enqu\u00eate de Greenpeace - Greenpeace Luxembourg","robots":{"index":"index","follow":"follow","max-snippet":"max-snippet:-1","max-image-preview":"max-image-preview:large","max-video-preview":"max-video-preview:-1"},"canonical":"https:\/\/www.greenpeace.org\/luxembourg\/fr\/communiques-de-presse\/6086\/extraction-de-charbon-et-violations-des-droits-humains-en-colombie-indonesie-russie-et-afrique-du-sud-une-enquete-de-greenpeace\/","og_locale":"fr_FR","og_type":"article","og_title":"Extraction de charbon et violations des droits humains en Colombie, Indon\u00e9sie, Russie et Afrique du Sud : une enqu\u00eate de Greenpeace","og_description":"La Colombie, l\u2019Indon\u00e9sie, la Russie et l\u2019Afrique du Sud font partie des principaux exportateurs de charbon au monde.&nbsp; Madrid, 9 d\u00e9cembre 2019 &#8211; &laquo; Le charbon qui est extrait ici&hellip;","og_url":"https:\/\/www.greenpeace.org\/luxembourg\/fr\/communiques-de-presse\/6086\/extraction-de-charbon-et-violations-des-droits-humains-en-colombie-indonesie-russie-et-afrique-du-sud-une-enquete-de-greenpeace\/","og_site_name":"Greenpeace Luxembourg","article_publisher":"https:\/\/www.facebook.com\/greenpeaceluxembourg","article_published_time":"2019-12-10T11:20:04+00:00","article_modified_time":"2019-12-10T11:20:05+00:00","og_image":[{"width":629,"height":359,"url":"https:\/\/www.greenpeace.org\/static\/planet4-luxembourg-stateless\/2019\/12\/cabb39c8-gp01l21websizewithcreditline_00594629.jpg","type":"image\/jpeg"}],"author":"Esther Wildanger","twitter_card":"summary_large_image","twitter_misc":{"Written by":"Esther Wildanger","Est. reading time":"6 minutes"},"schema":{"@context":"https:\/\/schema.org","@graph":[{"@type":"Article","@id":"https:\/\/www.greenpeace.org\/luxembourg\/fr\/communiques-de-presse\/6086\/extraction-de-charbon-et-violations-des-droits-humains-en-colombie-indonesie-russie-et-afrique-du-sud-une-enquete-de-greenpeace\/#article","isPartOf":{"@id":"https:\/\/www.greenpeace.org\/luxembourg\/fr\/communiques-de-presse\/6086\/extraction-de-charbon-et-violations-des-droits-humains-en-colombie-indonesie-russie-et-afrique-du-sud-une-enquete-de-greenpeace\/"},"author":{"name":"Esther Wildanger","@id":"https:\/\/www.greenpeace.org\/luxembourg\/fr\/#\/schema\/person\/3d0e81a859b59009fec36a8552ef76a7"},"headline":"Extraction de charbon et violations des droits humains en Colombie, Indon\u00e9sie, Russie et Afrique du Sud : une enqu\u00eate de Greenpeace","datePublished":"2019-12-10T11:20:04+00:00","dateModified":"2019-12-10T11:20:05+00:00","mainEntityOfPage":{"@id":"https:\/\/www.greenpeace.org\/luxembourg\/fr\/communiques-de-presse\/6086\/extraction-de-charbon-et-violations-des-droits-humains-en-colombie-indonesie-russie-et-afrique-du-sud-une-enquete-de-greenpeace\/"},"wordCount":1172,"publisher":{"@id":"https:\/\/www.greenpeace.org\/luxembourg\/fr\/#organization"},"image":{"@id":"https:\/\/www.greenpeace.org\/luxembourg\/fr\/communiques-de-presse\/6086\/extraction-de-charbon-et-violations-des-droits-humains-en-colombie-indonesie-russie-et-afrique-du-sud-une-enquete-de-greenpeace\/#primaryimage"},"thumbnailUrl":"https:\/\/www.greenpeace.org\/static\/planet4-luxembourg-stateless\/2019\/12\/cabb39c8-gp01l21websizewithcreditline_00594629.jpg","articleSection":["Greenpeace"],"inLanguage":"fr-LU"},{"@type":"WebPage","@id":"https:\/\/www.greenpeace.org\/luxembourg\/fr\/communiques-de-presse\/6086\/extraction-de-charbon-et-violations-des-droits-humains-en-colombie-indonesie-russie-et-afrique-du-sud-une-enquete-de-greenpeace\/","url":"https:\/\/www.greenpeace.org\/luxembourg\/fr\/communiques-de-presse\/6086\/extraction-de-charbon-et-violations-des-droits-humains-en-colombie-indonesie-russie-et-afrique-du-sud-une-enquete-de-greenpeace\/","name":"Extraction de charbon et violations des droits humains en Colombie, Indon\u00e9sie, Russie et Afrique du Sud : une enqu\u00eate de Greenpeace - Greenpeace Luxembourg","isPartOf":{"@id":"https:\/\/www.greenpeace.org\/luxembourg\/fr\/#website"},"primaryImageOfPage":{"@id":"https:\/\/www.greenpeace.org\/luxembourg\/fr\/communiques-de-presse\/6086\/extraction-de-charbon-et-violations-des-droits-humains-en-colombie-indonesie-russie-et-afrique-du-sud-une-enquete-de-greenpeace\/#primaryimage"},"image":{"@id":"https:\/\/www.greenpeace.org\/luxembourg\/fr\/communiques-de-presse\/6086\/extraction-de-charbon-et-violations-des-droits-humains-en-colombie-indonesie-russie-et-afrique-du-sud-une-enquete-de-greenpeace\/#primaryimage"},"thumbnailUrl":"https:\/\/www.greenpeace.org\/static\/planet4-luxembourg-stateless\/2019\/12\/cabb39c8-gp01l21websizewithcreditline_00594629.jpg","datePublished":"2019-12-10T11:20:04+00:00","dateModified":"2019-12-10T11:20:05+00:00","breadcrumb":{"@id":"https:\/\/www.greenpeace.org\/luxembourg\/fr\/communiques-de-presse\/6086\/extraction-de-charbon-et-violations-des-droits-humains-en-colombie-indonesie-russie-et-afrique-du-sud-une-enquete-de-greenpeace\/#breadcrumb"},"inLanguage":"fr-LU","potentialAction":[{"@type":"ReadAction","target":["https:\/\/www.greenpeace.org\/luxembourg\/fr\/communiques-de-presse\/6086\/extraction-de-charbon-et-violations-des-droits-humains-en-colombie-indonesie-russie-et-afrique-du-sud-une-enquete-de-greenpeace\/"]}]},{"@type":"ImageObject","inLanguage":"fr-LU","@id":"https:\/\/www.greenpeace.org\/luxembourg\/fr\/communiques-de-presse\/6086\/extraction-de-charbon-et-violations-des-droits-humains-en-colombie-indonesie-russie-et-afrique-du-sud-une-enquete-de-greenpeace\/#primaryimage","url":"https:\/\/www.greenpeace.org\/static\/planet4-luxembourg-stateless\/2019\/12\/cabb39c8-gp01l21websizewithcreditline_00594629.jpg","contentUrl":"https:\/\/www.greenpeace.org\/static\/planet4-luxembourg-stateless\/2019\/12\/cabb39c8-gp01l21websizewithcreditline_00594629.jpg","width":629,"height":359},{"@type":"BreadcrumbList","@id":"https:\/\/www.greenpeace.org\/luxembourg\/fr\/communiques-de-presse\/6086\/extraction-de-charbon-et-violations-des-droits-humains-en-colombie-indonesie-russie-et-afrique-du-sud-une-enquete-de-greenpeace\/#breadcrumb","itemListElement":[{"@type":"ListItem","position":1,"name":"Home","item":"https:\/\/www.greenpeace.org\/luxembourg\/fr\/"},{"@type":"ListItem","position":2,"name":"Extraction de charbon et violations des droits humains en Colombie, Indon\u00e9sie, Russie et Afrique du Sud : une enqu\u00eate de Greenpeace"}]},{"@type":"WebSite","@id":"https:\/\/www.greenpeace.org\/luxembourg\/fr\/#website","url":"https:\/\/www.greenpeace.org\/luxembourg\/fr\/","name":"Greenpeace Luxembourg","description":"Greenpeace existe parce que cette Terre fragile a besoin d&#039;une voix. Elle a besoin de solutions. De changement. D&#039;actions.","publisher":{"@id":"https:\/\/www.greenpeace.org\/luxembourg\/fr\/#organization"},"potentialAction":[{"@type":"SearchAction","target":{"@type":"EntryPoint","urlTemplate":"https:\/\/www.greenpeace.org\/luxembourg\/fr\/?s={search_term_string}"},"query-input":{"@type":"PropertyValueSpecification","valueRequired":true,"valueName":"search_term_string"}}],"inLanguage":"fr-LU"},{"@type":"Organization","@id":"https:\/\/www.greenpeace.org\/luxembourg\/fr\/#organization","name":"Greenpeace Luxembourg","url":"https:\/\/www.greenpeace.org\/luxembourg\/fr\/","logo":{"@type":"ImageObject","inLanguage":"fr-LU","@id":"https:\/\/www.greenpeace.org\/luxembourg\/fr\/#\/schema\/logo\/image\/","url":"https:\/\/www.greenpeace.org\/static\/planet4-luxembourg-stateless\/2026\/03\/3e367f94-greenpeace_logo_green_rgb.png","contentUrl":"https:\/\/www.greenpeace.org\/static\/planet4-luxembourg-stateless\/2026\/03\/3e367f94-greenpeace_logo_green_rgb.png","width":1080,"height":175,"caption":"Greenpeace Luxembourg"},"image":{"@id":"https:\/\/www.greenpeace.org\/luxembourg\/fr\/#\/schema\/logo\/image\/"},"sameAs":["https:\/\/www.facebook.com\/greenpeaceluxembourg","https:\/\/www.instagram.com\/greenpeacelux\/","https:\/\/www.linkedin.com\/company\/greenpeace-luxembourg\/","https:\/\/www.threads.com\/@greenpeacelux","https:\/\/bsky.app\/profile\/greenpeacelux.bsky.social","https:\/\/www.youtube.com\/@GreenpeaceLux","https:\/\/www.tiktok.com\/@greenpeace_lux"]},{"@type":"Person","@id":"https:\/\/www.greenpeace.org\/luxembourg\/fr\/#\/schema\/person\/3d0e81a859b59009fec36a8552ef76a7","name":"Esther Wildanger","url":"https:\/\/www.greenpeace.org\/luxembourg\/fr\/author\/ewildang\/"}]}},"_links":{"self":[{"href":"https:\/\/www.greenpeace.org\/luxembourg\/fr\/wp-json\/wp\/v2\/posts\/6086","targetHints":{"allow":["GET"]}}],"collection":[{"href":"https:\/\/www.greenpeace.org\/luxembourg\/fr\/wp-json\/wp\/v2\/posts"}],"about":[{"href":"https:\/\/www.greenpeace.org\/luxembourg\/fr\/wp-json\/wp\/v2\/types\/post"}],"author":[{"embeddable":true,"href":"https:\/\/www.greenpeace.org\/luxembourg\/fr\/wp-json\/wp\/v2\/users\/25"}],"replies":[{"embeddable":true,"href":"https:\/\/www.greenpeace.org\/luxembourg\/fr\/wp-json\/wp\/v2\/comments?post=6086"}],"version-history":[{"count":1,"href":"https:\/\/www.greenpeace.org\/luxembourg\/fr\/wp-json\/wp\/v2\/posts\/6086\/revisions"}],"predecessor-version":[{"id":6091,"href":"https:\/\/www.greenpeace.org\/luxembourg\/fr\/wp-json\/wp\/v2\/posts\/6086\/revisions\/6091"}],"wp:featuredmedia":[{"embeddable":true,"href":"https:\/\/www.greenpeace.org\/luxembourg\/fr\/wp-json\/wp\/v2\/media\/6089"}],"wp:attachment":[{"href":"https:\/\/www.greenpeace.org\/luxembourg\/fr\/wp-json\/wp\/v2\/media?parent=6086"}],"wp:term":[{"taxonomy":"category","embeddable":true,"href":"https:\/\/www.greenpeace.org\/luxembourg\/fr\/wp-json\/wp\/v2\/categories?post=6086"},{"taxonomy":"post_tag","embeddable":true,"href":"https:\/\/www.greenpeace.org\/luxembourg\/fr\/wp-json\/wp\/v2\/tags?post=6086"},{"taxonomy":"p4-page-type","embeddable":true,"href":"https:\/\/www.greenpeace.org\/luxembourg\/fr\/wp-json\/wp\/v2\/p4-page-type?post=6086"}],"curies":[{"name":"wp","href":"https:\/\/api.w.org\/{rel}","templated":true}]}}