{"id":6490,"date":"2020-01-23T10:58:40","date_gmt":"2020-01-23T08:58:40","guid":{"rendered":"https:\/\/www.greenpeace.org\/luxembourg\/?p=6490"},"modified":"2021-12-01T17:28:37","modified_gmt":"2021-12-01T15:28:37","slug":"antarctique-refuge-glace-dune-biodiversite-fragile","status":"publish","type":"post","link":"https:\/\/www.greenpeace.org\/luxembourg\/fr\/actualites\/6490\/antarctique-refuge-glace-dune-biodiversite-fragile\/","title":{"rendered":"Antarctique: refuge glac\u00e9 d\u2019une biodiversit\u00e9 fragile"},"content":{"rendered":"\n<p><em>Le 23 janvier 2020<\/em> &#8211; L\u2019oc\u00e9an Antarctique est la derni\u00e8re \u00e9tape de l\u2019exp\u00e9dition Protect The Oceans qui a commenc\u00e9 en avril dernier en Arctique. Comme de nombreux \u00e9cosyst\u00e8mes marins, l\u2019Antarctique est menac\u00e9 par les d\u00e9r\u00e8glements climatiques et les activit\u00e9s de p\u00eache industrielle.<\/p>\n\n<figure class=\"wp-block-image size-large  caption-style-blue-overlay caption-alignment-center\"><img loading=\"lazy\" decoding=\"async\" width=\"780\" height=\"520\" src=\"https:\/\/www.greenpeace.org\/static\/planet4-luxembourg-stateless\/2020\/01\/6abb52a2-gp0stuglv_pressmedia-780x520-1.jpg\" alt=\"\" class=\"wp-image-6491\" srcset=\"https:\/\/www.greenpeace.org\/static\/planet4-luxembourg-stateless\/2020\/01\/6abb52a2-gp0stuglv_pressmedia-780x520-1.jpg 780w, https:\/\/www.greenpeace.org\/static\/planet4-luxembourg-stateless\/2020\/01\/6abb52a2-gp0stuglv_pressmedia-780x520-1-300x200.jpg 300w, https:\/\/www.greenpeace.org\/static\/planet4-luxembourg-stateless\/2020\/01\/6abb52a2-gp0stuglv_pressmedia-780x520-1-768x512.jpg 768w, https:\/\/www.greenpeace.org\/static\/planet4-luxembourg-stateless\/2020\/01\/6abb52a2-gp0stuglv_pressmedia-780x520-1-510x340.jpg 510w\" sizes=\"auto, (max-width: 780px) 100vw, 780px\" \/><figcaption>Une baleine \u00e0 bosse identifi\u00e9e pr\u00e8s de l\u2019\u00cele de demi-lune.<\/figcaption><\/figure>\n\n<h2 class=\"wp-block-heading\">Au bout de la terre<\/h2>\n\n<p>En 2018, nous nous \u00e9tions d\u00e9j\u00e0 rendu en Antarctique afin de mettre en lumi\u00e8re les ravages de la p\u00eache au krill dont les impacts se ressentent aussi sur les manchots (dont c\u2019est la ressource alimentaire premi\u00e8re).&nbsp;L&#8217;industrie du krill s&#8217;\u00e9tait alors engag\u00e9e \u00e0 r\u00e9duire son impact sur la biodiversit\u00e9 marine de l\u2019oc\u00e9an Antarctique et \u00e0 soutenir notre de demande de cr\u00e9ation d\u2019un sanctuaire marin dans la r\u00e9gion. Nous souhaitons nous assurer qu\u2019ils tiennent parole.<\/p>\n\n<p>Une \u00e9quipe de scientifiques, d\u2019artistes, de photographes, accompagne Greenpeace dans sa mission, dont l\u2019objectif est de montrer au monde entier ce qui est en jeu avec la n\u00e9gociation du trait\u00e9 mondial des oc\u00e9ans.&nbsp;L\u2019actrice Marion Cotillard, qui soutient Greenpeace depuis plusieurs ann\u00e9es, est avec nous \u00e0 bord de l\u2019Arctic Sunrise pour faire r\u00e9sonner notre appel pour la sauvegarde des oc\u00e9ans au niveau international.<\/p>\n\n<figure class=\"wp-block-image size-large  caption-style-blue-overlay caption-alignment-center\"><img loading=\"lazy\" decoding=\"async\" width=\"780\" height=\"520\" src=\"https:\/\/www.greenpeace.org\/static\/planet4-luxembourg-stateless\/2020\/01\/d9797561-gp0stugl3_pressmedia-780x520-1.jpg\" alt=\"\" class=\"wp-image-6493\" srcset=\"https:\/\/www.greenpeace.org\/static\/planet4-luxembourg-stateless\/2020\/01\/d9797561-gp0stugl3_pressmedia-780x520-1.jpg 780w, https:\/\/www.greenpeace.org\/static\/planet4-luxembourg-stateless\/2020\/01\/d9797561-gp0stugl3_pressmedia-780x520-1-300x200.jpg 300w, https:\/\/www.greenpeace.org\/static\/planet4-luxembourg-stateless\/2020\/01\/d9797561-gp0stugl3_pressmedia-780x520-1-768x512.jpg 768w, https:\/\/www.greenpeace.org\/static\/planet4-luxembourg-stateless\/2020\/01\/d9797561-gp0stugl3_pressmedia-780x520-1-510x340.jpg 510w\" sizes=\"auto, (max-width: 780px) 100vw, 780px\" \/><figcaption>Marion Cotillard sur l\u2019\u00cele Trinity en Antarctique, lors de l\u2019exp\u00e9dition Protect The Oceans. Elle accompagne l\u2019\u00e9quipe de scientifiques lors de l\u2019observation des colonies de manchots et l\u2019identification des baleines \u00e0 bosses. \u00a9 Abbie Trayler-Smith \/ Greenpeace<\/figcaption><\/figure>\n\n<p>La mission scientifique consistera notamment \u00e0 \u00e9tudier les colonies de manchots qui vivent dans cette r\u00e9gion, en rassemblant des donn\u00e9es sur l\u2019\u00e9tat de colonies qui n\u2019ont jamais \u00e9t\u00e9 \u00e9tudi\u00e9es ou ne l\u2019ont pas \u00e9t\u00e9 depuis les ann\u00e9es 1970. Les manchots sont une esp\u00e8ce sentinelle. Les observer fournit des cl\u00e9 de compr\u00e9hension sur la mani\u00e8re dont les changements climatiques et la p\u00eache affectent l\u2019Antarctique.<\/p>\n\n<h2 class=\"wp-block-heading\">Trait\u00e9 mondial pour les oc\u00e9ans : la derni\u00e8re ligne droite<\/h2>\n\n<p>La crise climatique est aussi une crise des oc\u00e9ans. Elle impacte gravement l\u2019ensemble des oc\u00e9ans, dont l\u2019oc\u00e9an Antarctique, o\u00f9 les cons\u00e9quences se concr\u00e9tisent tr\u00e8s rapidement et se r\u00e9percutent sur l\u2019ensemble du globe. Apr\u00e8s plusieurs ann\u00e9es de discussions bien trop longues, nous avons aujourd\u2019hui l\u2019opportunit\u00e9 de pr\u00e9server les oc\u00e9ans de la crise climatique et des activit\u00e9s industrielles qui les menacent.<\/p>\n\n<figure class=\"wp-block-image size-large  caption-style-blue-overlay caption-alignment-center\"><img loading=\"lazy\" decoding=\"async\" width=\"780\" height=\"520\" src=\"https:\/\/www.greenpeace.org\/static\/planet4-luxembourg-stateless\/2020\/01\/04236805-gp0stugh4_web_size_with_credit_line-780x520-1.jpg\" alt=\"\" class=\"wp-image-6495\" srcset=\"https:\/\/www.greenpeace.org\/static\/planet4-luxembourg-stateless\/2020\/01\/04236805-gp0stugh4_web_size_with_credit_line-780x520-1.jpg 780w, https:\/\/www.greenpeace.org\/static\/planet4-luxembourg-stateless\/2020\/01\/04236805-gp0stugh4_web_size_with_credit_line-780x520-1-300x200.jpg 300w, https:\/\/www.greenpeace.org\/static\/planet4-luxembourg-stateless\/2020\/01\/04236805-gp0stugh4_web_size_with_credit_line-780x520-1-768x512.jpg 768w, https:\/\/www.greenpeace.org\/static\/planet4-luxembourg-stateless\/2020\/01\/04236805-gp0stugh4_web_size_with_credit_line-780x520-1-510x340.jpg 510w\" sizes=\"auto, (max-width: 780px) 100vw, 780px\" \/><figcaption>Une famille de manchots \u00e0 jugulaire en Antarctique, attendant l\u2019adoption du trait\u00e9 mondial pour les oc\u00e9ans.<\/figcaption><\/figure>\n\n<p>Les responsables politiques sont dans les derni\u00e8res encablures des n\u00e9gociations onusiennes qui doivent mener \u00e0 l\u2019adoption d\u2019un trait\u00e9 mondial pour les oc\u00e9ans. S\u2019ils se montrent \u00e0 la hauteur et font preuve d\u2019ambition, cela pourrait compl\u00e8tement changer la donne pour les oc\u00e9ans. Pour cela, il est imp\u00e9ratif que ce trait\u00e9 mettent en place des outils qui permettraient de cr\u00e9er au moins 30% de r\u00e9serves marines d\u2019ici 2030.<\/p>\n\n<p><strong>Rejoignez les 2,5 millions de personnes qui ont d\u00e9j\u00e0 sign\u00e9 notre p\u00e9tition pour demander \u00e0 leur gouvernement de s\u2019engager pour la cr\u00e9ation d\u2019au moins 30% de r\u00e9serves marines d\u2019ici 2030.<\/strong><\/p>\n\n<div class=\"wp-block-button aligncenter\"><a class=\"wp-block-button__link has-text-color has-grey-200-color has-background has-green-80-background-color\" href=\"https:\/\/act.greenpeace.org\/page\/42982\/petition\/1\">SIGNEZ LA PETITION<\/a><\/div>\n\n<hr class=\"wp-block-separator has-text-color has-background has-grey-200-background-color has-grey-200-color\"\/>\n\n<p><\/p>\n\n<p>Source article : <a href=\"https:\/\/www.greenpeace.fr\/antarctique-refuge-glace-dune-biodiversite-fragile\/\">Greenpeace France<\/a><\/p>\n<div class=\"EmptyMessage\">Block content is empty. Check the block&#8217;s settings or remove it.<\/div>","protected":false},"excerpt":{"rendered":"<p>L\u2019oc\u00e9an Antarctique est la derni\u00e8re \u00e9tape de l\u2019exp\u00e9dition Protect The Oceans qui a commenc\u00e9 en avril dernier en Arctique. Comme de nombreux \u00e9cosyst\u00e8mes marins, l\u2019Antarctique&hellip;<\/p>\n","protected":false},"author":25,"featured_media":6493,"comment_status":"closed","ping_status":"closed","sticky":false,"template":"","format":"standard","meta":{"ep_exclude_from_search":false,"p4_og_title":"","p4_og_description":"","p4_og_image":"","p4_og_image_id":"","p4_seo_canonical_url":"","p4_campaign_name":"not set","p4_local_project":"","p4_basket_name":"not set","p4_department":"","footnotes":""},"categories":[17,43],"tags":[29,38],"p4-page-type":[85],"class_list":["post-6490","post","type-post","status-publish","format-standard","has-post-thumbnail","hentry","category-greenpeace","category-nature","tag-oceans","tag-biodiversite","p4-page-type-actualites"],"yoast_head":"<!-- This site is optimized with the Yoast SEO Premium plugin v23.9 (Yoast SEO v23.9) - https:\/\/yoast.com\/wordpress\/plugins\/seo\/ -->\n<title>Antarctique: refuge glac\u00e9 d\u2019une biodiversit\u00e9 fragile - Greenpeace Luxembourg<\/title>\n<meta name=\"robots\" content=\"index, follow, max-snippet:-1, max-image-preview:large, max-video-preview:-1\" \/>\n<link rel=\"canonical\" href=\"https:\/\/www.greenpeace.org\/luxembourg\/fr\/actualites\/6490\/antarctique-refuge-glace-dune-biodiversite-fragile\/\" \/>\n<meta property=\"og:locale\" content=\"fr_FR\" \/>\n<meta property=\"og:type\" content=\"article\" \/>\n<meta property=\"og:title\" content=\"Antarctique: refuge glac\u00e9 d\u2019une biodiversit\u00e9 fragile\" \/>\n<meta property=\"og:description\" content=\"L\u2019oc\u00e9an Antarctique est la derni\u00e8re \u00e9tape de l\u2019exp\u00e9dition Protect The Oceans qui a commenc\u00e9 en avril dernier en Arctique. Comme de nombreux \u00e9cosyst\u00e8mes marins, l\u2019Antarctique&hellip;\" \/>\n<meta property=\"og:url\" content=\"https:\/\/www.greenpeace.org\/luxembourg\/fr\/actualites\/6490\/antarctique-refuge-glace-dune-biodiversite-fragile\/\" \/>\n<meta property=\"og:site_name\" content=\"Greenpeace Luxembourg\" \/>\n<meta property=\"article:publisher\" content=\"https:\/\/www.facebook.com\/greenpeaceluxembourg\" \/>\n<meta property=\"article:published_time\" content=\"2020-01-23T08:58:40+00:00\" \/>\n<meta property=\"article:modified_time\" content=\"2021-12-01T15:28:37+00:00\" \/>\n<meta property=\"og:image\" content=\"https:\/\/www.greenpeace.org\/static\/planet4-luxembourg-stateless\/2020\/01\/d9797561-gp0stugl3_pressmedia-780x520-1.jpg\" \/>\n\t<meta property=\"og:image:width\" content=\"780\" \/>\n\t<meta property=\"og:image:height\" content=\"520\" \/>\n\t<meta property=\"og:image:type\" content=\"image\/jpeg\" \/>\n<meta name=\"author\" content=\"Esther Wildanger\" \/>\n<meta name=\"twitter:card\" content=\"summary_large_image\" \/>\n<meta name=\"twitter:label1\" content=\"Written by\" \/>\n\t<meta name=\"twitter:data1\" content=\"Esther Wildanger\" \/>\n\t<meta name=\"twitter:label2\" content=\"Est. reading time\" \/>\n\t<meta name=\"twitter:data2\" content=\"3 minutes\" \/>\n<script type=\"application\/ld+json\" class=\"yoast-schema-graph\">{\"@context\":\"https:\/\/schema.org\",\"@graph\":[{\"@type\":\"Article\",\"@id\":\"https:\/\/www.greenpeace.org\/luxembourg\/fr\/actualites\/6490\/antarctique-refuge-glace-dune-biodiversite-fragile\/#article\",\"isPartOf\":{\"@id\":\"https:\/\/www.greenpeace.org\/luxembourg\/fr\/actualites\/6490\/antarctique-refuge-glace-dune-biodiversite-fragile\/\"},\"author\":{\"name\":\"Esther Wildanger\",\"@id\":\"https:\/\/www.greenpeace.org\/luxembourg\/fr\/#\/schema\/person\/3d0e81a859b59009fec36a8552ef76a7\"},\"headline\":\"Antarctique: refuge glac\u00e9 d\u2019une biodiversit\u00e9 fragile\",\"datePublished\":\"2020-01-23T08:58:40+00:00\",\"dateModified\":\"2021-12-01T15:28:37+00:00\",\"mainEntityOfPage\":{\"@id\":\"https:\/\/www.greenpeace.org\/luxembourg\/fr\/actualites\/6490\/antarctique-refuge-glace-dune-biodiversite-fragile\/\"},\"wordCount\":565,\"publisher\":{\"@id\":\"https:\/\/www.greenpeace.org\/luxembourg\/fr\/#organization\"},\"image\":{\"@id\":\"https:\/\/www.greenpeace.org\/luxembourg\/fr\/actualites\/6490\/antarctique-refuge-glace-dune-biodiversite-fragile\/#primaryimage\"},\"thumbnailUrl\":\"https:\/\/www.greenpeace.org\/static\/planet4-luxembourg-stateless\/2020\/01\/d9797561-gp0stugl3_pressmedia-780x520-1.jpg\",\"keywords\":[\"Oc\u00e9ans\",\"Biodiversit\u00e9\"],\"articleSection\":[\"Greenpeace\",\"Nature\"],\"inLanguage\":\"fr-LU\"},{\"@type\":\"WebPage\",\"@id\":\"https:\/\/www.greenpeace.org\/luxembourg\/fr\/actualites\/6490\/antarctique-refuge-glace-dune-biodiversite-fragile\/\",\"url\":\"https:\/\/www.greenpeace.org\/luxembourg\/fr\/actualites\/6490\/antarctique-refuge-glace-dune-biodiversite-fragile\/\",\"name\":\"Antarctique: refuge glac\u00e9 d\u2019une biodiversit\u00e9 fragile - Greenpeace Luxembourg\",\"isPartOf\":{\"@id\":\"https:\/\/www.greenpeace.org\/luxembourg\/fr\/#website\"},\"primaryImageOfPage\":{\"@id\":\"https:\/\/www.greenpeace.org\/luxembourg\/fr\/actualites\/6490\/antarctique-refuge-glace-dune-biodiversite-fragile\/#primaryimage\"},\"image\":{\"@id\":\"https:\/\/www.greenpeace.org\/luxembourg\/fr\/actualites\/6490\/antarctique-refuge-glace-dune-biodiversite-fragile\/#primaryimage\"},\"thumbnailUrl\":\"https:\/\/www.greenpeace.org\/static\/planet4-luxembourg-stateless\/2020\/01\/d9797561-gp0stugl3_pressmedia-780x520-1.jpg\",\"datePublished\":\"2020-01-23T08:58:40+00:00\",\"dateModified\":\"2021-12-01T15:28:37+00:00\",\"breadcrumb\":{\"@id\":\"https:\/\/www.greenpeace.org\/luxembourg\/fr\/actualites\/6490\/antarctique-refuge-glace-dune-biodiversite-fragile\/#breadcrumb\"},\"inLanguage\":\"fr-LU\",\"potentialAction\":[{\"@type\":\"ReadAction\",\"target\":[\"https:\/\/www.greenpeace.org\/luxembourg\/fr\/actualites\/6490\/antarctique-refuge-glace-dune-biodiversite-fragile\/\"]}]},{\"@type\":\"ImageObject\",\"inLanguage\":\"fr-LU\",\"@id\":\"https:\/\/www.greenpeace.org\/luxembourg\/fr\/actualites\/6490\/antarctique-refuge-glace-dune-biodiversite-fragile\/#primaryimage\",\"url\":\"https:\/\/www.greenpeace.org\/static\/planet4-luxembourg-stateless\/2020\/01\/d9797561-gp0stugl3_pressmedia-780x520-1.jpg\",\"contentUrl\":\"https:\/\/www.greenpeace.org\/static\/planet4-luxembourg-stateless\/2020\/01\/d9797561-gp0stugl3_pressmedia-780x520-1.jpg\",\"width\":780,\"height\":520,\"caption\":\"Marion Cotillard visits Trinity Island with Greenpeace to observe penguins and whale identification work. Greenpeace is back in the Antarctic on the last stage of the Pole to Pole Expedition. We have teamed up with a group of scientists to investigate and document the impacts the climate crisis is already having in this area. These pictures were taken in 2020 during the Antarctic leg of the Pole to Pole expedition under the Dutch permit number RWS-2019\/40813.\"},{\"@type\":\"BreadcrumbList\",\"@id\":\"https:\/\/www.greenpeace.org\/luxembourg\/fr\/actualites\/6490\/antarctique-refuge-glace-dune-biodiversite-fragile\/#breadcrumb\",\"itemListElement\":[{\"@type\":\"ListItem\",\"position\":1,\"name\":\"Home\",\"item\":\"https:\/\/www.greenpeace.org\/luxembourg\/fr\/\"},{\"@type\":\"ListItem\",\"position\":2,\"name\":\"Antarctique: refuge glac\u00e9 d\u2019une biodiversit\u00e9 fragile\"}]},{\"@type\":\"WebSite\",\"@id\":\"https:\/\/www.greenpeace.org\/luxembourg\/fr\/#website\",\"url\":\"https:\/\/www.greenpeace.org\/luxembourg\/fr\/\",\"name\":\"Greenpeace Luxembourg\",\"description\":\"Greenpeace existe parce que cette Terre fragile a besoin d&#039;une voix. Elle a besoin de solutions. De changement. D&#039;actions.\",\"publisher\":{\"@id\":\"https:\/\/www.greenpeace.org\/luxembourg\/fr\/#organization\"},\"potentialAction\":[{\"@type\":\"SearchAction\",\"target\":{\"@type\":\"EntryPoint\",\"urlTemplate\":\"https:\/\/www.greenpeace.org\/luxembourg\/fr\/?s={search_term_string}\"},\"query-input\":{\"@type\":\"PropertyValueSpecification\",\"valueRequired\":true,\"valueName\":\"search_term_string\"}}],\"inLanguage\":\"fr-LU\"},{\"@type\":\"Organization\",\"@id\":\"https:\/\/www.greenpeace.org\/luxembourg\/fr\/#organization\",\"name\":\"Greenpeace Luxembourg\",\"url\":\"https:\/\/www.greenpeace.org\/luxembourg\/fr\/\",\"logo\":{\"@type\":\"ImageObject\",\"inLanguage\":\"fr-LU\",\"@id\":\"https:\/\/www.greenpeace.org\/luxembourg\/fr\/#\/schema\/logo\/image\/\",\"url\":\"https:\/\/www.greenpeace.org\/static\/planet4-luxembourg-stateless\/2026\/03\/3e367f94-greenpeace_logo_green_rgb.png\",\"contentUrl\":\"https:\/\/www.greenpeace.org\/static\/planet4-luxembourg-stateless\/2026\/03\/3e367f94-greenpeace_logo_green_rgb.png\",\"width\":1080,\"height\":175,\"caption\":\"Greenpeace Luxembourg\"},\"image\":{\"@id\":\"https:\/\/www.greenpeace.org\/luxembourg\/fr\/#\/schema\/logo\/image\/\"},\"sameAs\":[\"https:\/\/www.facebook.com\/greenpeaceluxembourg\",\"https:\/\/www.instagram.com\/greenpeacelux\/\",\"https:\/\/www.linkedin.com\/company\/greenpeace-luxembourg\/\",\"https:\/\/www.threads.com\/@greenpeacelux\",\"https:\/\/bsky.app\/profile\/greenpeacelux.bsky.social\",\"https:\/\/www.youtube.com\/@GreenpeaceLux\",\"https:\/\/www.tiktok.com\/@greenpeace_lux\"]},{\"@type\":\"Person\",\"@id\":\"https:\/\/www.greenpeace.org\/luxembourg\/fr\/#\/schema\/person\/3d0e81a859b59009fec36a8552ef76a7\",\"name\":\"Esther Wildanger\",\"url\":\"https:\/\/www.greenpeace.org\/luxembourg\/fr\/author\/ewildang\/\"}]}<\/script>\n<!-- \/ Yoast SEO Premium plugin. -->","yoast_head_json":{"title":"Antarctique: refuge glac\u00e9 d\u2019une biodiversit\u00e9 fragile - Greenpeace Luxembourg","robots":{"index":"index","follow":"follow","max-snippet":"max-snippet:-1","max-image-preview":"max-image-preview:large","max-video-preview":"max-video-preview:-1"},"canonical":"https:\/\/www.greenpeace.org\/luxembourg\/fr\/actualites\/6490\/antarctique-refuge-glace-dune-biodiversite-fragile\/","og_locale":"fr_FR","og_type":"article","og_title":"Antarctique: refuge glac\u00e9 d\u2019une biodiversit\u00e9 fragile","og_description":"L\u2019oc\u00e9an Antarctique est la derni\u00e8re \u00e9tape de l\u2019exp\u00e9dition Protect The Oceans qui a commenc\u00e9 en avril dernier en Arctique. Comme de nombreux \u00e9cosyst\u00e8mes marins, l\u2019Antarctique&hellip;","og_url":"https:\/\/www.greenpeace.org\/luxembourg\/fr\/actualites\/6490\/antarctique-refuge-glace-dune-biodiversite-fragile\/","og_site_name":"Greenpeace Luxembourg","article_publisher":"https:\/\/www.facebook.com\/greenpeaceluxembourg","article_published_time":"2020-01-23T08:58:40+00:00","article_modified_time":"2021-12-01T15:28:37+00:00","og_image":[{"width":780,"height":520,"url":"https:\/\/www.greenpeace.org\/static\/planet4-luxembourg-stateless\/2020\/01\/d9797561-gp0stugl3_pressmedia-780x520-1.jpg","type":"image\/jpeg"}],"author":"Esther Wildanger","twitter_card":"summary_large_image","twitter_misc":{"Written by":"Esther Wildanger","Est. reading time":"3 minutes"},"schema":{"@context":"https:\/\/schema.org","@graph":[{"@type":"Article","@id":"https:\/\/www.greenpeace.org\/luxembourg\/fr\/actualites\/6490\/antarctique-refuge-glace-dune-biodiversite-fragile\/#article","isPartOf":{"@id":"https:\/\/www.greenpeace.org\/luxembourg\/fr\/actualites\/6490\/antarctique-refuge-glace-dune-biodiversite-fragile\/"},"author":{"name":"Esther Wildanger","@id":"https:\/\/www.greenpeace.org\/luxembourg\/fr\/#\/schema\/person\/3d0e81a859b59009fec36a8552ef76a7"},"headline":"Antarctique: refuge glac\u00e9 d\u2019une biodiversit\u00e9 fragile","datePublished":"2020-01-23T08:58:40+00:00","dateModified":"2021-12-01T15:28:37+00:00","mainEntityOfPage":{"@id":"https:\/\/www.greenpeace.org\/luxembourg\/fr\/actualites\/6490\/antarctique-refuge-glace-dune-biodiversite-fragile\/"},"wordCount":565,"publisher":{"@id":"https:\/\/www.greenpeace.org\/luxembourg\/fr\/#organization"},"image":{"@id":"https:\/\/www.greenpeace.org\/luxembourg\/fr\/actualites\/6490\/antarctique-refuge-glace-dune-biodiversite-fragile\/#primaryimage"},"thumbnailUrl":"https:\/\/www.greenpeace.org\/static\/planet4-luxembourg-stateless\/2020\/01\/d9797561-gp0stugl3_pressmedia-780x520-1.jpg","keywords":["Oc\u00e9ans","Biodiversit\u00e9"],"articleSection":["Greenpeace","Nature"],"inLanguage":"fr-LU"},{"@type":"WebPage","@id":"https:\/\/www.greenpeace.org\/luxembourg\/fr\/actualites\/6490\/antarctique-refuge-glace-dune-biodiversite-fragile\/","url":"https:\/\/www.greenpeace.org\/luxembourg\/fr\/actualites\/6490\/antarctique-refuge-glace-dune-biodiversite-fragile\/","name":"Antarctique: refuge glac\u00e9 d\u2019une biodiversit\u00e9 fragile - Greenpeace Luxembourg","isPartOf":{"@id":"https:\/\/www.greenpeace.org\/luxembourg\/fr\/#website"},"primaryImageOfPage":{"@id":"https:\/\/www.greenpeace.org\/luxembourg\/fr\/actualites\/6490\/antarctique-refuge-glace-dune-biodiversite-fragile\/#primaryimage"},"image":{"@id":"https:\/\/www.greenpeace.org\/luxembourg\/fr\/actualites\/6490\/antarctique-refuge-glace-dune-biodiversite-fragile\/#primaryimage"},"thumbnailUrl":"https:\/\/www.greenpeace.org\/static\/planet4-luxembourg-stateless\/2020\/01\/d9797561-gp0stugl3_pressmedia-780x520-1.jpg","datePublished":"2020-01-23T08:58:40+00:00","dateModified":"2021-12-01T15:28:37+00:00","breadcrumb":{"@id":"https:\/\/www.greenpeace.org\/luxembourg\/fr\/actualites\/6490\/antarctique-refuge-glace-dune-biodiversite-fragile\/#breadcrumb"},"inLanguage":"fr-LU","potentialAction":[{"@type":"ReadAction","target":["https:\/\/www.greenpeace.org\/luxembourg\/fr\/actualites\/6490\/antarctique-refuge-glace-dune-biodiversite-fragile\/"]}]},{"@type":"ImageObject","inLanguage":"fr-LU","@id":"https:\/\/www.greenpeace.org\/luxembourg\/fr\/actualites\/6490\/antarctique-refuge-glace-dune-biodiversite-fragile\/#primaryimage","url":"https:\/\/www.greenpeace.org\/static\/planet4-luxembourg-stateless\/2020\/01\/d9797561-gp0stugl3_pressmedia-780x520-1.jpg","contentUrl":"https:\/\/www.greenpeace.org\/static\/planet4-luxembourg-stateless\/2020\/01\/d9797561-gp0stugl3_pressmedia-780x520-1.jpg","width":780,"height":520,"caption":"Marion Cotillard visits Trinity Island with Greenpeace to observe penguins and whale identification work. Greenpeace is back in the Antarctic on the last stage of the Pole to Pole Expedition. We have teamed up with a group of scientists to investigate and document the impacts the climate crisis is already having in this area. These pictures were taken in 2020 during the Antarctic leg of the Pole to Pole expedition under the Dutch permit number RWS-2019\/40813."},{"@type":"BreadcrumbList","@id":"https:\/\/www.greenpeace.org\/luxembourg\/fr\/actualites\/6490\/antarctique-refuge-glace-dune-biodiversite-fragile\/#breadcrumb","itemListElement":[{"@type":"ListItem","position":1,"name":"Home","item":"https:\/\/www.greenpeace.org\/luxembourg\/fr\/"},{"@type":"ListItem","position":2,"name":"Antarctique: refuge glac\u00e9 d\u2019une biodiversit\u00e9 fragile"}]},{"@type":"WebSite","@id":"https:\/\/www.greenpeace.org\/luxembourg\/fr\/#website","url":"https:\/\/www.greenpeace.org\/luxembourg\/fr\/","name":"Greenpeace Luxembourg","description":"Greenpeace existe parce que cette Terre fragile a besoin d&#039;une voix. Elle a besoin de solutions. De changement. D&#039;actions.","publisher":{"@id":"https:\/\/www.greenpeace.org\/luxembourg\/fr\/#organization"},"potentialAction":[{"@type":"SearchAction","target":{"@type":"EntryPoint","urlTemplate":"https:\/\/www.greenpeace.org\/luxembourg\/fr\/?s={search_term_string}"},"query-input":{"@type":"PropertyValueSpecification","valueRequired":true,"valueName":"search_term_string"}}],"inLanguage":"fr-LU"},{"@type":"Organization","@id":"https:\/\/www.greenpeace.org\/luxembourg\/fr\/#organization","name":"Greenpeace Luxembourg","url":"https:\/\/www.greenpeace.org\/luxembourg\/fr\/","logo":{"@type":"ImageObject","inLanguage":"fr-LU","@id":"https:\/\/www.greenpeace.org\/luxembourg\/fr\/#\/schema\/logo\/image\/","url":"https:\/\/www.greenpeace.org\/static\/planet4-luxembourg-stateless\/2026\/03\/3e367f94-greenpeace_logo_green_rgb.png","contentUrl":"https:\/\/www.greenpeace.org\/static\/planet4-luxembourg-stateless\/2026\/03\/3e367f94-greenpeace_logo_green_rgb.png","width":1080,"height":175,"caption":"Greenpeace Luxembourg"},"image":{"@id":"https:\/\/www.greenpeace.org\/luxembourg\/fr\/#\/schema\/logo\/image\/"},"sameAs":["https:\/\/www.facebook.com\/greenpeaceluxembourg","https:\/\/www.instagram.com\/greenpeacelux\/","https:\/\/www.linkedin.com\/company\/greenpeace-luxembourg\/","https:\/\/www.threads.com\/@greenpeacelux","https:\/\/bsky.app\/profile\/greenpeacelux.bsky.social","https:\/\/www.youtube.com\/@GreenpeaceLux","https:\/\/www.tiktok.com\/@greenpeace_lux"]},{"@type":"Person","@id":"https:\/\/www.greenpeace.org\/luxembourg\/fr\/#\/schema\/person\/3d0e81a859b59009fec36a8552ef76a7","name":"Esther Wildanger","url":"https:\/\/www.greenpeace.org\/luxembourg\/fr\/author\/ewildang\/"}]}},"_links":{"self":[{"href":"https:\/\/www.greenpeace.org\/luxembourg\/fr\/wp-json\/wp\/v2\/posts\/6490","targetHints":{"allow":["GET"]}}],"collection":[{"href":"https:\/\/www.greenpeace.org\/luxembourg\/fr\/wp-json\/wp\/v2\/posts"}],"about":[{"href":"https:\/\/www.greenpeace.org\/luxembourg\/fr\/wp-json\/wp\/v2\/types\/post"}],"author":[{"embeddable":true,"href":"https:\/\/www.greenpeace.org\/luxembourg\/fr\/wp-json\/wp\/v2\/users\/25"}],"replies":[{"embeddable":true,"href":"https:\/\/www.greenpeace.org\/luxembourg\/fr\/wp-json\/wp\/v2\/comments?post=6490"}],"version-history":[{"count":10,"href":"https:\/\/www.greenpeace.org\/luxembourg\/fr\/wp-json\/wp\/v2\/posts\/6490\/revisions"}],"predecessor-version":[{"id":12986,"href":"https:\/\/www.greenpeace.org\/luxembourg\/fr\/wp-json\/wp\/v2\/posts\/6490\/revisions\/12986"}],"wp:featuredmedia":[{"embeddable":true,"href":"https:\/\/www.greenpeace.org\/luxembourg\/fr\/wp-json\/wp\/v2\/media\/6493"}],"wp:attachment":[{"href":"https:\/\/www.greenpeace.org\/luxembourg\/fr\/wp-json\/wp\/v2\/media?parent=6490"}],"wp:term":[{"taxonomy":"category","embeddable":true,"href":"https:\/\/www.greenpeace.org\/luxembourg\/fr\/wp-json\/wp\/v2\/categories?post=6490"},{"taxonomy":"post_tag","embeddable":true,"href":"https:\/\/www.greenpeace.org\/luxembourg\/fr\/wp-json\/wp\/v2\/tags?post=6490"},{"taxonomy":"p4-page-type","embeddable":true,"href":"https:\/\/www.greenpeace.org\/luxembourg\/fr\/wp-json\/wp\/v2\/p4-page-type?post=6490"}],"curies":[{"name":"wp","href":"https:\/\/api.w.org\/{rel}","templated":true}]}}