{"id":6671,"date":"2020-03-08T08:00:00","date_gmt":"2020-03-08T06:00:00","guid":{"rendered":"https:\/\/www.greenpeace.org\/luxembourg\/?p=6671"},"modified":"2025-07-02T09:36:20","modified_gmt":"2025-07-02T07:36:20","slug":"femmes-du-monde-unissez-vous","status":"publish","type":"post","link":"https:\/\/www.greenpeace.org\/luxembourg\/fr\/actualites\/6671\/femmes-du-monde-unissez-vous\/","title":{"rendered":"Femmes du monde, unissez-vous !"},"content":{"rendered":"\n<p>En ce dimanche 8 mars 2020, journ\u00e9e internationale des droits des femmes*, r\u00e9fl\u00e9chissons un instant aux violences faites envers toute une partie de la population uniquement en raison de son genre. R\u00e9fl\u00e9chissons-y non seulement en tant qu\u2019hommes envers les femmes mais aussi en tant que femmes envers d\u2019autres femmes. Car il ne s\u2019agit pas seulement de lutter contre les in\u00e9galit\u00e9s de genre, mais contre <a href=\"https:\/\/fr.wikipedia.org\/wiki\/Intersectionnalit%C3%A9\">toutes les formes de domination et de discrimination<\/a>.<\/p>\n\n<h3 class=\"wp-block-heading\"><strong>\u00c9cologie et f\u00e9minisme<\/strong><\/h3>\n\n<p>Depuis les premi\u00e8res pr\u00e9occupations \u00e9cologiques, les femmes ont toujours <a href=\"https:\/\/qz.com\/1720372\/women-are-not-the-new-face-of-climate-justice-theyre-the-original-face\/\">incarn\u00e9 le visage de la lutte pour la plan\u00e8te<\/a>, principalement parce qu\u2019elles en sont les premi\u00e8res impact\u00e9es. Pourquoi ? D\u2019une part, parce que ce sont elles qui, dans le mod\u00e8le h\u00e9g\u00e9monique patriarcal, g\u00e8rent le foyer. Et, d\u2019autre part, parce que ce sont les personnes les plus d\u00e9munies qui subissent de plein fouet la crise climatique et que <a href=\"https:\/\/www.oxfamamerica.org\/static\/media\/files\/climatechangewomen-factsheet.pdf\">70% des personnes qui vivent dans la pauvret\u00e9 sont des femmes<\/a>. Des \u00e9tudes ont par ailleurs montr\u00e9 que <a href=\"https:\/\/www.mediaterre.org\/canada-quebec\/actu,20161201184411.html\">les violences contre les femmes augmentent<\/a> \u00e0 la suite d\u2019une catastrophe naturelle en raison du stress post-traumatique, du manque de ressources (eau, nourriture, \u00e9nergie\u2026) et de la disparition temporaire des syst\u00e8mes de r\u00e9gulation de la violence (forces de l\u2019ordre mais aussi moyens de communication etc.). \u00c0 elles donc &#8211; \u00e0 nous &#8211; la lourde t\u00e2che de penser \u00e0 l\u2019avenir du monde.<\/p>\n\n<p>Les probl\u00e9matiques \u00e9cologiques sont ainsi indissociables des probl\u00e9matiques f\u00e9ministes et ce, partout \u00e0 travers le monde : car elles concernent <strong>toutes les femmes<\/strong>.<\/p>\n\n<figure class=\"wp-block-image size-large  caption-style-blue-overlay caption-alignment-center\"><img loading=\"lazy\" decoding=\"async\" width=\"1024\" height=\"683\" src=\"https:\/\/www.greenpeace.org\/static\/planet4-luxembourg-stateless\/2020\/03\/c30741c6-gp0stqa8k_medium_res-1-1024x683.jpg\" alt=\"\" class=\"wp-image-6677\" srcset=\"https:\/\/www.greenpeace.org\/static\/planet4-luxembourg-stateless\/2020\/03\/c30741c6-gp0stqa8k_medium_res-1-1024x683.jpg 1024w, https:\/\/www.greenpeace.org\/static\/planet4-luxembourg-stateless\/2020\/03\/c30741c6-gp0stqa8k_medium_res-1-300x200.jpg 300w, https:\/\/www.greenpeace.org\/static\/planet4-luxembourg-stateless\/2020\/03\/c30741c6-gp0stqa8k_medium_res-1-768x512.jpg 768w, https:\/\/www.greenpeace.org\/static\/planet4-luxembourg-stateless\/2020\/03\/c30741c6-gp0stqa8k_medium_res-1-510x340.jpg 510w, https:\/\/www.greenpeace.org\/static\/planet4-luxembourg-stateless\/2020\/03\/c30741c6-gp0stqa8k_medium_res-1.jpg 1200w\" sizes=\"auto, (max-width: 1024px) 100vw, 1024px\" \/><figcaption>\u00a9 Jeremy Sutton-Hibbert \/ Greenpeace <\/figcaption><\/figure>\n\n<h3 class=\"wp-block-heading\"><strong>Ne pas invisibiliser la parole des personnes de couleurs<\/strong><\/h3>\n\n<p>Janvier 2020, alors en pleine couverture du Forum \u00c9conomique Mondial, l\u2019AP publie un portrait de groupe des jeunes activistes pr\u00e9sentes sur place afin de rappeler la responsabilit\u00e9 du secteur financier dans la crise climatique. Mais sur la photo<a href=\"https:\/\/www.theguardian.com\/world\/2020\/jan\/29\/vanessa-nakate-interview-climate-activism-cropped-photo-davos\"> manque Vanessa Nakate, militante ougandaise<\/a>, effac\u00e9e lors du recadrage.<\/p>\n\n<p>Moins d\u2019un mois plus tard, Karin Louise Hermes, militante germano-philippine, <a href=\"https:\/\/www.vice.com\/en_us\/article\/g5x5ny\/why-i-quit-being-a-climate-activist\">se retire de la lutte environnementale<\/a>. Parce qu\u2019elle r\u00e9alise qu\u2019elle n\u2019est y est admise que pour en montrer la \u201cdiversit\u00e9\u201d, comme un contre-exemple \u00e0 la <a href=\"https:\/\/www.diversegreen.org\/press-release-environmental-movement-is-getting-more-white-failing-to-improve-its-racial-and-ethnic-diversity\/\">question de la blancheur \u00e9crasante du mouvement environnemental<\/a> et que sa parole n\u2019est finalement pas prise en compte.<\/p>\n\n<p>Ce que ces r\u00e9alit\u00e9s alarmantes nous rappellent, c\u2019est qu\u2019encore en 2020, une femme ne peut parler publiquement d\u2019\u00e9cologie et \u00eatre <a href=\"https:\/\/www.youtube.com\/watch?v=PI8MTIx_67M\">plus ou moins prise au s\u00e9rieux<\/a> qu\u2019\u00e0 la seule condition d\u2019\u00eatre blanche. Quand bien m\u00eame, on ne le r\u00e9p\u00e8tera pas assez, les femmes sont les <a href=\"https:\/\/www.unwomen.org\/en\/news\/in-focus\/climate-change\">premi\u00e8res victimes du r\u00e9chauffement climatique<\/a>. Et c\u2019est le monde dans lequel nous voulons continuer \u00e0 vivre ? <strong>Il n\u2019en est pas question<\/strong>.<br><\/p>\n\n<h3 class=\"wp-block-heading\"><strong>Solidarit\u00e9 avec les femmes du monde entier<\/strong><\/h3>\n\n<p>Avant toute chose, il s\u2019agit de prendre conscience de ses propres biais, de son propre racisme. De son propre sexisme. Ne pas r\u00e9duire le discours des femmes de couleurs \u00e0 la seule diversit\u00e9, au seul t\u00e9moignage. \u00c9couter &#8211; vraiment \u00e9couter &#8211; leurs expertises, leurs avis. <strong>Ne pas les effacer<\/strong>. Ne pas se contenter de les&nbsp; inclure, mais travailler avec elles, ensemble, main dans la main, car si toutes nos luttes ne se ressemblent pas, <strong>nous ne pourrons pas y faire face s\u00e9par\u00e9ment<\/strong>.<\/p>\n\n<p>En ce 8 mars 2020, journ\u00e9e internationale des droits des femmes, c\u00e9l\u00e9brons Xiye Bastida, Isra Hirsi, Ayakha Melithafa, vous et toutes les autres qui, \u00e0 travers le monde, se l\u00e8vent pour l\u2019avenir de tou\u00b7tes.<\/p>\n\n<p><em>* Par femme on entend ici toute personne qui se d\u00e9signe comme femme ou qui est socialement identifi\u00e9e comme femme.<\/em><\/p>\n","protected":false},"excerpt":{"rendered":"<p>En ce dimanche 8 mars 2020, journ\u00e9e internationale des droits des femmes*, r\u00e9fl\u00e9chissons un instant aux violences faites envers toute une partie de la population uniquement en raison de son&hellip;<\/p>\n","protected":false},"author":16,"featured_media":6674,"comment_status":"closed","ping_status":"closed","sticky":false,"template":"","format":"standard","meta":{"ep_exclude_from_search":false,"p4_og_title":"","p4_og_description":"","p4_og_image":"","p4_og_image_id":"","p4_seo_canonical_url":"","p4_campaign_name":"not set","p4_local_project":"","p4_basket_name":"not set","p4_department":"","footnotes":""},"categories":[17],"tags":[31],"p4-page-type":[85],"class_list":["post-6671","post","type-post","status-publish","format-standard","has-post-thumbnail","hentry","category-greenpeace","tag-militantes","p4-page-type-actualites"],"yoast_head":"<!-- This site is optimized with the Yoast SEO Premium plugin v23.9 (Yoast SEO v23.9) - https:\/\/yoast.com\/wordpress\/plugins\/seo\/ -->\n<title>Femmes du monde, unissez-vous ! - Greenpeace Luxembourg<\/title>\n<meta name=\"robots\" content=\"index, follow, max-snippet:-1, max-image-preview:large, max-video-preview:-1\" \/>\n<link rel=\"canonical\" href=\"https:\/\/www.greenpeace.org\/luxembourg\/fr\/actualites\/6671\/femmes-du-monde-unissez-vous\/\" \/>\n<meta property=\"og:locale\" content=\"fr_FR\" \/>\n<meta property=\"og:type\" content=\"article\" \/>\n<meta property=\"og:title\" content=\"Femmes du monde, unissez-vous !\" \/>\n<meta property=\"og:description\" content=\"En ce dimanche 8 mars 2020, journ\u00e9e internationale des droits des femmes*, r\u00e9fl\u00e9chissons un instant aux violences faites envers toute une partie de la population uniquement en raison de son&hellip;\" \/>\n<meta property=\"og:url\" content=\"https:\/\/www.greenpeace.org\/luxembourg\/fr\/actualites\/6671\/femmes-du-monde-unissez-vous\/\" \/>\n<meta property=\"og:site_name\" content=\"Greenpeace Luxembourg\" \/>\n<meta property=\"article:publisher\" content=\"https:\/\/www.facebook.com\/greenpeaceluxembourg\" \/>\n<meta property=\"article:published_time\" content=\"2020-03-08T06:00:00+00:00\" \/>\n<meta property=\"article:modified_time\" content=\"2025-07-02T07:36:20+00:00\" \/>\n<meta property=\"og:image\" content=\"https:\/\/www.greenpeace.org\/static\/planet4-luxembourg-stateless\/2020\/03\/776f4915-gp0stqmuu_web_size.jpg\" \/>\n\t<meta property=\"og:image:width\" content=\"799\" \/>\n\t<meta property=\"og:image:height\" content=\"416\" \/>\n\t<meta property=\"og:image:type\" content=\"image\/jpeg\" \/>\n<meta name=\"author\" content=\"Ana\u00efs Hector\" \/>\n<meta name=\"twitter:card\" content=\"summary_large_image\" \/>\n<meta name=\"twitter:label1\" content=\"Written by\" \/>\n\t<meta name=\"twitter:data1\" content=\"Ana\u00efs Hector\" \/>\n\t<meta name=\"twitter:label2\" content=\"Est. reading time\" \/>\n\t<meta name=\"twitter:data2\" content=\"3 minutes\" \/>\n<script type=\"application\/ld+json\" class=\"yoast-schema-graph\">{\"@context\":\"https:\/\/schema.org\",\"@graph\":[{\"@type\":\"Article\",\"@id\":\"https:\/\/www.greenpeace.org\/luxembourg\/fr\/actualites\/6671\/femmes-du-monde-unissez-vous\/#article\",\"isPartOf\":{\"@id\":\"https:\/\/www.greenpeace.org\/luxembourg\/fr\/actualites\/6671\/femmes-du-monde-unissez-vous\/\"},\"author\":{\"name\":\"Ana\u00efs Hector\",\"@id\":\"https:\/\/www.greenpeace.org\/luxembourg\/fr\/#\/schema\/person\/c47954bbbea84ee4bf6f1f3f5812774b\"},\"headline\":\"Femmes du monde, unissez-vous !\",\"datePublished\":\"2020-03-08T06:00:00+00:00\",\"dateModified\":\"2025-07-02T07:36:20+00:00\",\"mainEntityOfPage\":{\"@id\":\"https:\/\/www.greenpeace.org\/luxembourg\/fr\/actualites\/6671\/femmes-du-monde-unissez-vous\/\"},\"wordCount\":619,\"publisher\":{\"@id\":\"https:\/\/www.greenpeace.org\/luxembourg\/fr\/#organization\"},\"image\":{\"@id\":\"https:\/\/www.greenpeace.org\/luxembourg\/fr\/actualites\/6671\/femmes-du-monde-unissez-vous\/#primaryimage\"},\"thumbnailUrl\":\"https:\/\/www.greenpeace.org\/static\/planet4-luxembourg-stateless\/2020\/03\/776f4915-gp0stqmuu_web_size.jpg\",\"keywords\":[\"Militant\u00b7es\"],\"articleSection\":[\"Greenpeace\"],\"inLanguage\":\"fr-LU\"},{\"@type\":\"WebPage\",\"@id\":\"https:\/\/www.greenpeace.org\/luxembourg\/fr\/actualites\/6671\/femmes-du-monde-unissez-vous\/\",\"url\":\"https:\/\/www.greenpeace.org\/luxembourg\/fr\/actualites\/6671\/femmes-du-monde-unissez-vous\/\",\"name\":\"Femmes du monde, unissez-vous ! - Greenpeace Luxembourg\",\"isPartOf\":{\"@id\":\"https:\/\/www.greenpeace.org\/luxembourg\/fr\/#website\"},\"primaryImageOfPage\":{\"@id\":\"https:\/\/www.greenpeace.org\/luxembourg\/fr\/actualites\/6671\/femmes-du-monde-unissez-vous\/#primaryimage\"},\"image\":{\"@id\":\"https:\/\/www.greenpeace.org\/luxembourg\/fr\/actualites\/6671\/femmes-du-monde-unissez-vous\/#primaryimage\"},\"thumbnailUrl\":\"https:\/\/www.greenpeace.org\/static\/planet4-luxembourg-stateless\/2020\/03\/776f4915-gp0stqmuu_web_size.jpg\",\"datePublished\":\"2020-03-08T06:00:00+00:00\",\"dateModified\":\"2025-07-02T07:36:20+00:00\",\"breadcrumb\":{\"@id\":\"https:\/\/www.greenpeace.org\/luxembourg\/fr\/actualites\/6671\/femmes-du-monde-unissez-vous\/#breadcrumb\"},\"inLanguage\":\"fr-LU\",\"potentialAction\":[{\"@type\":\"ReadAction\",\"target\":[\"https:\/\/www.greenpeace.org\/luxembourg\/fr\/actualites\/6671\/femmes-du-monde-unissez-vous\/\"]}]},{\"@type\":\"ImageObject\",\"inLanguage\":\"fr-LU\",\"@id\":\"https:\/\/www.greenpeace.org\/luxembourg\/fr\/actualites\/6671\/femmes-du-monde-unissez-vous\/#primaryimage\",\"url\":\"https:\/\/www.greenpeace.org\/static\/planet4-luxembourg-stateless\/2020\/03\/776f4915-gp0stqmuu_web_size.jpg\",\"contentUrl\":\"https:\/\/www.greenpeace.org\/static\/planet4-luxembourg-stateless\/2020\/03\/776f4915-gp0stqmuu_web_size.jpg\",\"width\":799,\"height\":416,\"caption\":\"Break Free volunteers dressed up as \\\"Rosie the Riveter\\\" demand clean air in Taichung, Taiwan. One of the world's biggest coal power plants is located in this city of 275 million population, and threatens the health of women and children of Central Taiwan. The demand for strict control on air quality and ending coal is growing to be one of the major local environmental issues.\"},{\"@type\":\"BreadcrumbList\",\"@id\":\"https:\/\/www.greenpeace.org\/luxembourg\/fr\/actualites\/6671\/femmes-du-monde-unissez-vous\/#breadcrumb\",\"itemListElement\":[{\"@type\":\"ListItem\",\"position\":1,\"name\":\"Home\",\"item\":\"https:\/\/www.greenpeace.org\/luxembourg\/fr\/\"},{\"@type\":\"ListItem\",\"position\":2,\"name\":\"Femmes du monde, unissez-vous !\"}]},{\"@type\":\"WebSite\",\"@id\":\"https:\/\/www.greenpeace.org\/luxembourg\/fr\/#website\",\"url\":\"https:\/\/www.greenpeace.org\/luxembourg\/fr\/\",\"name\":\"Greenpeace Luxembourg\",\"description\":\"Greenpeace existe parce que cette Terre fragile a besoin d&#039;une voix. Elle a besoin de solutions. De changement. D&#039;actions.\",\"publisher\":{\"@id\":\"https:\/\/www.greenpeace.org\/luxembourg\/fr\/#organization\"},\"potentialAction\":[{\"@type\":\"SearchAction\",\"target\":{\"@type\":\"EntryPoint\",\"urlTemplate\":\"https:\/\/www.greenpeace.org\/luxembourg\/fr\/?s={search_term_string}\"},\"query-input\":{\"@type\":\"PropertyValueSpecification\",\"valueRequired\":true,\"valueName\":\"search_term_string\"}}],\"inLanguage\":\"fr-LU\"},{\"@type\":\"Organization\",\"@id\":\"https:\/\/www.greenpeace.org\/luxembourg\/fr\/#organization\",\"name\":\"Greenpeace Luxembourg\",\"url\":\"https:\/\/www.greenpeace.org\/luxembourg\/fr\/\",\"logo\":{\"@type\":\"ImageObject\",\"inLanguage\":\"fr-LU\",\"@id\":\"https:\/\/www.greenpeace.org\/luxembourg\/fr\/#\/schema\/logo\/image\/\",\"url\":\"https:\/\/www.greenpeace.org\/static\/planet4-luxembourg-stateless\/2026\/03\/3e367f94-greenpeace_logo_green_rgb.png\",\"contentUrl\":\"https:\/\/www.greenpeace.org\/static\/planet4-luxembourg-stateless\/2026\/03\/3e367f94-greenpeace_logo_green_rgb.png\",\"width\":1080,\"height\":175,\"caption\":\"Greenpeace Luxembourg\"},\"image\":{\"@id\":\"https:\/\/www.greenpeace.org\/luxembourg\/fr\/#\/schema\/logo\/image\/\"},\"sameAs\":[\"https:\/\/www.facebook.com\/greenpeaceluxembourg\",\"https:\/\/www.instagram.com\/greenpeacelux\/\",\"https:\/\/www.linkedin.com\/company\/greenpeace-luxembourg\/\",\"https:\/\/www.threads.com\/@greenpeacelux\",\"https:\/\/bsky.app\/profile\/greenpeacelux.bsky.social\",\"https:\/\/www.youtube.com\/@GreenpeaceLux\",\"https:\/\/www.tiktok.com\/@greenpeace_lux\"]},{\"@type\":\"Person\",\"@id\":\"https:\/\/www.greenpeace.org\/luxembourg\/fr\/#\/schema\/person\/c47954bbbea84ee4bf6f1f3f5812774b\",\"name\":\"Ana\u00efs Hector\",\"url\":\"https:\/\/www.greenpeace.org\/luxembourg\/fr\/author\/ahector\/\"}]}<\/script>\n<!-- \/ Yoast SEO Premium plugin. -->","yoast_head_json":{"title":"Femmes du monde, unissez-vous ! - Greenpeace Luxembourg","robots":{"index":"index","follow":"follow","max-snippet":"max-snippet:-1","max-image-preview":"max-image-preview:large","max-video-preview":"max-video-preview:-1"},"canonical":"https:\/\/www.greenpeace.org\/luxembourg\/fr\/actualites\/6671\/femmes-du-monde-unissez-vous\/","og_locale":"fr_FR","og_type":"article","og_title":"Femmes du monde, unissez-vous !","og_description":"En ce dimanche 8 mars 2020, journ\u00e9e internationale des droits des femmes*, r\u00e9fl\u00e9chissons un instant aux violences faites envers toute une partie de la population uniquement en raison de son&hellip;","og_url":"https:\/\/www.greenpeace.org\/luxembourg\/fr\/actualites\/6671\/femmes-du-monde-unissez-vous\/","og_site_name":"Greenpeace Luxembourg","article_publisher":"https:\/\/www.facebook.com\/greenpeaceluxembourg","article_published_time":"2020-03-08T06:00:00+00:00","article_modified_time":"2025-07-02T07:36:20+00:00","og_image":[{"width":799,"height":416,"url":"https:\/\/www.greenpeace.org\/static\/planet4-luxembourg-stateless\/2020\/03\/776f4915-gp0stqmuu_web_size.jpg","type":"image\/jpeg"}],"author":"Ana\u00efs Hector","twitter_card":"summary_large_image","twitter_misc":{"Written by":"Ana\u00efs Hector","Est. reading time":"3 minutes"},"schema":{"@context":"https:\/\/schema.org","@graph":[{"@type":"Article","@id":"https:\/\/www.greenpeace.org\/luxembourg\/fr\/actualites\/6671\/femmes-du-monde-unissez-vous\/#article","isPartOf":{"@id":"https:\/\/www.greenpeace.org\/luxembourg\/fr\/actualites\/6671\/femmes-du-monde-unissez-vous\/"},"author":{"name":"Ana\u00efs Hector","@id":"https:\/\/www.greenpeace.org\/luxembourg\/fr\/#\/schema\/person\/c47954bbbea84ee4bf6f1f3f5812774b"},"headline":"Femmes du monde, unissez-vous !","datePublished":"2020-03-08T06:00:00+00:00","dateModified":"2025-07-02T07:36:20+00:00","mainEntityOfPage":{"@id":"https:\/\/www.greenpeace.org\/luxembourg\/fr\/actualites\/6671\/femmes-du-monde-unissez-vous\/"},"wordCount":619,"publisher":{"@id":"https:\/\/www.greenpeace.org\/luxembourg\/fr\/#organization"},"image":{"@id":"https:\/\/www.greenpeace.org\/luxembourg\/fr\/actualites\/6671\/femmes-du-monde-unissez-vous\/#primaryimage"},"thumbnailUrl":"https:\/\/www.greenpeace.org\/static\/planet4-luxembourg-stateless\/2020\/03\/776f4915-gp0stqmuu_web_size.jpg","keywords":["Militant\u00b7es"],"articleSection":["Greenpeace"],"inLanguage":"fr-LU"},{"@type":"WebPage","@id":"https:\/\/www.greenpeace.org\/luxembourg\/fr\/actualites\/6671\/femmes-du-monde-unissez-vous\/","url":"https:\/\/www.greenpeace.org\/luxembourg\/fr\/actualites\/6671\/femmes-du-monde-unissez-vous\/","name":"Femmes du monde, unissez-vous ! - Greenpeace Luxembourg","isPartOf":{"@id":"https:\/\/www.greenpeace.org\/luxembourg\/fr\/#website"},"primaryImageOfPage":{"@id":"https:\/\/www.greenpeace.org\/luxembourg\/fr\/actualites\/6671\/femmes-du-monde-unissez-vous\/#primaryimage"},"image":{"@id":"https:\/\/www.greenpeace.org\/luxembourg\/fr\/actualites\/6671\/femmes-du-monde-unissez-vous\/#primaryimage"},"thumbnailUrl":"https:\/\/www.greenpeace.org\/static\/planet4-luxembourg-stateless\/2020\/03\/776f4915-gp0stqmuu_web_size.jpg","datePublished":"2020-03-08T06:00:00+00:00","dateModified":"2025-07-02T07:36:20+00:00","breadcrumb":{"@id":"https:\/\/www.greenpeace.org\/luxembourg\/fr\/actualites\/6671\/femmes-du-monde-unissez-vous\/#breadcrumb"},"inLanguage":"fr-LU","potentialAction":[{"@type":"ReadAction","target":["https:\/\/www.greenpeace.org\/luxembourg\/fr\/actualites\/6671\/femmes-du-monde-unissez-vous\/"]}]},{"@type":"ImageObject","inLanguage":"fr-LU","@id":"https:\/\/www.greenpeace.org\/luxembourg\/fr\/actualites\/6671\/femmes-du-monde-unissez-vous\/#primaryimage","url":"https:\/\/www.greenpeace.org\/static\/planet4-luxembourg-stateless\/2020\/03\/776f4915-gp0stqmuu_web_size.jpg","contentUrl":"https:\/\/www.greenpeace.org\/static\/planet4-luxembourg-stateless\/2020\/03\/776f4915-gp0stqmuu_web_size.jpg","width":799,"height":416,"caption":"Break Free volunteers dressed up as \"Rosie the Riveter\" demand clean air in Taichung, Taiwan. One of the world's biggest coal power plants is located in this city of 275 million population, and threatens the health of women and children of Central Taiwan. The demand for strict control on air quality and ending coal is growing to be one of the major local environmental issues."},{"@type":"BreadcrumbList","@id":"https:\/\/www.greenpeace.org\/luxembourg\/fr\/actualites\/6671\/femmes-du-monde-unissez-vous\/#breadcrumb","itemListElement":[{"@type":"ListItem","position":1,"name":"Home","item":"https:\/\/www.greenpeace.org\/luxembourg\/fr\/"},{"@type":"ListItem","position":2,"name":"Femmes du monde, unissez-vous !"}]},{"@type":"WebSite","@id":"https:\/\/www.greenpeace.org\/luxembourg\/fr\/#website","url":"https:\/\/www.greenpeace.org\/luxembourg\/fr\/","name":"Greenpeace Luxembourg","description":"Greenpeace existe parce que cette Terre fragile a besoin d&#039;une voix. Elle a besoin de solutions. De changement. D&#039;actions.","publisher":{"@id":"https:\/\/www.greenpeace.org\/luxembourg\/fr\/#organization"},"potentialAction":[{"@type":"SearchAction","target":{"@type":"EntryPoint","urlTemplate":"https:\/\/www.greenpeace.org\/luxembourg\/fr\/?s={search_term_string}"},"query-input":{"@type":"PropertyValueSpecification","valueRequired":true,"valueName":"search_term_string"}}],"inLanguage":"fr-LU"},{"@type":"Organization","@id":"https:\/\/www.greenpeace.org\/luxembourg\/fr\/#organization","name":"Greenpeace Luxembourg","url":"https:\/\/www.greenpeace.org\/luxembourg\/fr\/","logo":{"@type":"ImageObject","inLanguage":"fr-LU","@id":"https:\/\/www.greenpeace.org\/luxembourg\/fr\/#\/schema\/logo\/image\/","url":"https:\/\/www.greenpeace.org\/static\/planet4-luxembourg-stateless\/2026\/03\/3e367f94-greenpeace_logo_green_rgb.png","contentUrl":"https:\/\/www.greenpeace.org\/static\/planet4-luxembourg-stateless\/2026\/03\/3e367f94-greenpeace_logo_green_rgb.png","width":1080,"height":175,"caption":"Greenpeace Luxembourg"},"image":{"@id":"https:\/\/www.greenpeace.org\/luxembourg\/fr\/#\/schema\/logo\/image\/"},"sameAs":["https:\/\/www.facebook.com\/greenpeaceluxembourg","https:\/\/www.instagram.com\/greenpeacelux\/","https:\/\/www.linkedin.com\/company\/greenpeace-luxembourg\/","https:\/\/www.threads.com\/@greenpeacelux","https:\/\/bsky.app\/profile\/greenpeacelux.bsky.social","https:\/\/www.youtube.com\/@GreenpeaceLux","https:\/\/www.tiktok.com\/@greenpeace_lux"]},{"@type":"Person","@id":"https:\/\/www.greenpeace.org\/luxembourg\/fr\/#\/schema\/person\/c47954bbbea84ee4bf6f1f3f5812774b","name":"Ana\u00efs Hector","url":"https:\/\/www.greenpeace.org\/luxembourg\/fr\/author\/ahector\/"}]}},"_links":{"self":[{"href":"https:\/\/www.greenpeace.org\/luxembourg\/fr\/wp-json\/wp\/v2\/posts\/6671","targetHints":{"allow":["GET"]}}],"collection":[{"href":"https:\/\/www.greenpeace.org\/luxembourg\/fr\/wp-json\/wp\/v2\/posts"}],"about":[{"href":"https:\/\/www.greenpeace.org\/luxembourg\/fr\/wp-json\/wp\/v2\/types\/post"}],"author":[{"embeddable":true,"href":"https:\/\/www.greenpeace.org\/luxembourg\/fr\/wp-json\/wp\/v2\/users\/16"}],"replies":[{"embeddable":true,"href":"https:\/\/www.greenpeace.org\/luxembourg\/fr\/wp-json\/wp\/v2\/comments?post=6671"}],"version-history":[{"count":6,"href":"https:\/\/www.greenpeace.org\/luxembourg\/fr\/wp-json\/wp\/v2\/posts\/6671\/revisions"}],"predecessor-version":[{"id":24992,"href":"https:\/\/www.greenpeace.org\/luxembourg\/fr\/wp-json\/wp\/v2\/posts\/6671\/revisions\/24992"}],"wp:featuredmedia":[{"embeddable":true,"href":"https:\/\/www.greenpeace.org\/luxembourg\/fr\/wp-json\/wp\/v2\/media\/6674"}],"wp:attachment":[{"href":"https:\/\/www.greenpeace.org\/luxembourg\/fr\/wp-json\/wp\/v2\/media?parent=6671"}],"wp:term":[{"taxonomy":"category","embeddable":true,"href":"https:\/\/www.greenpeace.org\/luxembourg\/fr\/wp-json\/wp\/v2\/categories?post=6671"},{"taxonomy":"post_tag","embeddable":true,"href":"https:\/\/www.greenpeace.org\/luxembourg\/fr\/wp-json\/wp\/v2\/tags?post=6671"},{"taxonomy":"p4-page-type","embeddable":true,"href":"https:\/\/www.greenpeace.org\/luxembourg\/fr\/wp-json\/wp\/v2\/p4-page-type?post=6671"}],"curies":[{"name":"wp","href":"https:\/\/api.w.org\/{rel}","templated":true}]}}