{"id":6891,"date":"2020-03-26T11:30:48","date_gmt":"2020-03-26T09:30:48","guid":{"rendered":"https:\/\/www.greenpeace.org\/luxembourg\/?p=6891"},"modified":"2026-03-12T17:55:18","modified_gmt":"2026-03-12T15:55:18","slug":"fonds-de-compensation-enfin-une-analyse-des-risques-climatiques-de-ses-investissements","status":"publish","type":"post","link":"https:\/\/www.greenpeace.org\/luxembourg\/fr\/communiques-de-presse\/6891\/fonds-de-compensation-enfin-une-analyse-des-risques-climatiques-de-ses-investissements\/","title":{"rendered":"Fonds de Compensation : enfin une analyse des risques climatiques de ses investissements"},"content":{"rendered":"\n<p><strong><em>Luxembourg<\/em>, <em>26 mars 2020<\/em> &#8211; Le pr\u00e9sident du Fonds de Compensation (FDC), Fernand Lepage, a assur\u00e9, dans une <a href=\"https:\/\/www.greenpeace.org\/static\/planet4-luxembourg-stateless\/2020\/03\/34bba859-fdc_letter_brief-lepage-12.3.2020.pdf\">lettre adress\u00e9e \u00e0 Greenpeace Luxembourg<\/a>, que le fonds d\u00e9livrera un rapport de durabilit\u00e9 au cours du troisi\u00e8me trimestre 2020 [1]. M. Lepage a expliqu\u00e9 dans le document, dat\u00e9 du 12 mars 2020, que ce rapport comprendra une analyse d\u00e9taill\u00e9e de l&#8217;empreinte carbone et des risques financiers li\u00e9s au changement climatique des investissements du FDC. Greenpeace salue cette d\u00e9cision, tout en demandant une nouvelle fois aux d\u00e9cideurs du FDC de faire cesser tout soutien financier apport\u00e9 aux entreprises des combustibles fossiles.<\/strong><\/p>\n\n<p><em>&#8220;\u00c9valuer l&#8217;empreinte carbone et les risques financiers li\u00e9s au changement climatique des investissements issus de notre syst\u00e8me de retraite est une premi\u00e8re \u00e9tape importante, mais le FDC devrait mettre fin \u00e0 tout soutien financier de l&#8217;industrie des combustibles fossiles et d&#8217;autres entreprises polluantes. Nous demandons au FDC d&#8217;aligner ses investissements avec l&#8217;Accord de Paris\u201d, <\/em>exige Martina Holbach, charg\u00e9e de campagne Climat et Finance chez Greenpeace Luxembourg. <em>\u201cComme la plupart des crises, le changement climatique exige du gouvernement qu&#8217;il remplisse sa mission de protection des citoyen\u00b7nes. Nous vivons en ce moment une crise sanitaire en parall\u00e8le, qui illustre \u00e0 quel point les changements fondamentaux exigent des actions audacieuses et l\u2019accompagnement de la population par le gouvernement. Et nous avons la preuve que c&#8217;est tout \u00e0 fait faisable<\/em>&#8220;.<\/p>\n\n<p>Le respect de l&#8217;Accord de Paris suppose que le Luxembourg prenne imm\u00e9diatement en main ses engagements en mati\u00e8re de protection du climat et s\u2019attaque \u00e0 la question des investissements du fonds de pension. Le FDC devrait suivre l&#8217;exemple d&#8217;autres investisseurs financiers importants, comme le fonds de pension public su\u00e9dois AP1 [2] et mettre fin \u00e0 tous ses investissements dans les entreprises des combustibles fossiles.<\/p>\n\n<p>Nous esp\u00e9rons que la d\u00e9cision du FDC de proc\u00e9der \u00e0 l\u2019\u00e9valuation climatique de ses investissements cr\u00e9\u00e9 un pr\u00e9c\u00e9dent important pour le pays. \u00c0 l\u2019heure actuelle, l&#8217;autorit\u00e9 de r\u00e9gulation financi\u00e8re luxembourgeoise ne consid\u00e8re pas la d\u00e9claration et la divulgation de ces informations comme essentielle aux int\u00e9r\u00eats des b\u00e9n\u00e9ficiaires des fonds de pension et des investisseurs financiers, c\u2019est-\u00e0-dire qu\u2019elle estime que les informations climatiques ne sont pas des obligations fiduciaires. Alors que le gouvernement fait la promotion du Luxembourg en tant que centre financier vert, l&#8217;industrie des fonds d&#8217;investissement du pays, qui repr\u00e9sente 4 700 milliards d&#8217;euros, n&#8217;est tout simplement pas oblig\u00e9e de surveiller et de communiquer sur les \u00e9missions de carbone qu&#8217;elle finance. On estime que l&#8217;ensemble du portefeuille d&#8217;actions des fonds luxembourgeois rejetteraient entre 300 et 400 millions de tonnes de dioxyde de carbone chaque ann\u00e9e [3], ce qui \u00e9quivaut \u00e0 30 \u00e0 40 fois les \u00e9missions directes du Luxembourg.<\/p>\n\n<p><em>&#8220;Nous demandons au gouvernement luxembourgeois de rendre obligatoire la publication d\u2019informations relatives au climat<\/em> <em>pour tous les acteurs&nbsp; du domaine. La crise climatique n&#8217;est pas seulement dangereuse pour la plan\u00e8te, mais aussi pour le secteur financier qui est particuli\u00e8rement important pour l&#8217;\u00e9conomie de notre pays. Nous avons besoin de mesures r\u00e9glementaires pour freiner les investissements \u00e0 forte intensit\u00e9 de carbone ; le temps des engagements volontaires est r\u00e9volu. Notre gouvernement doit nous prot\u00e9ger et exiger des pollueurs qu\u2019ils prennent leur responsabilit\u00e9s<\/em>&#8220;, conclu&nbsp; Myrna Koster, charg\u00e9e de campagne Justice climatique chez Greenpeace Luxembourg.<\/p>\n\n<hr class=\"wp-block-separator has-text-color has-background has-grey-200-background-color has-grey-200-color\"\/>\n\n<p><strong>Notes aux r\u00e9dacteurs et r\u00e9dactrices :<\/strong><\/p>\n\n<p>[1] En septembre 2019, Greenpeace Luxembourg a engag\u00e9 une proc\u00e9dure judiciaire devant le tribunal administratif apr\u00e8s que le ministre de la s\u00e9curit\u00e9 sociale Romain Schneider ait refus\u00e9 de r\u00e9pondre \u00e0 une lettre envoy\u00e9e par l&#8217;ONG demandant des informations sur les investissements du fonds dans les combustibles fossiles et sur les risques financiers climatiques li\u00e9s \u00e0 ceux-ci. En d\u00e9cembre 2019, le tribunal administratif a d\u00e9clar\u00e9 recevable l&#8217;action en justice de Greenpeace contre le ministre de la s\u00e9curit\u00e9 sociale et a soulign\u00e9 que le ministre n&#8217;avait pas respect\u00e9 son obligation l\u00e9gale. Cependant, selon la Cour, il n&#8217;y avait pas de base juridique obligeant le ministre de se conformer \u00e0 l&#8217;Accord de Paris ou de poss\u00e9der les informations relatives au climat demand\u00e9es par Greenpeace Luxembourg.<\/p>\n\n<p>[2] Le 16 mars, le fonds de pension public su\u00e9dois AP1 a annonc\u00e9 qu&#8217;il allait se d\u00e9barrasser de son portefeuille d&#8217;entreprises de combustibles fossiles en raison des risques financiers li\u00e9s au charbon, au p\u00e9trole et au gaz. Pour plus d&#8217;informations, cliquez <a href=\"https:\/\/www.greenpeace.org\/sweden\/pressmeddelanden\/6102\/swedish-public-pension-fund-divests-from-fossils\/\">ici<\/a>.<\/p>\n\n<p>[3] Nous ne connaissons pas de statistiques exactes sur la quantit\u00e9 de CO2 \u00e9mise annuellement par les fonds domicili\u00e9s au Luxembourg, mais des calculs r\u00e9trospectifs indiquent que l&#8217;ensemble du portefeuille d&#8217;actions des fonds luxembourgeois \u00e9met 300 \u00e0 400 millions de tonnes de CO2 par an. Ces chiffres incluent les \u00e9missions directes (scope 1) et les \u00e9missions provenant de l&#8217;\u00e9nergie achet\u00e9e (scope 2), mais n&#8217;incluent pas les \u00e9missions indirectes qui proviennent de la cha\u00eene de valeur et de l&#8217;utilisation des produits (scope 3). Pour plus d\u2019informations, cliquez <a href=\"http:\/\/www.land.lu\/page\/article\/353\/336353\/FRE\/index.html\">ici<\/a>.<\/p>\n\t\t\t<section\n\t\t\tclass=\"boxout post-5672 \"\n\t\t\t\n\t\t>\n\t\t\t<a\n\t\t\t\tdata-ga-category=\"Take Action Boxout\"\n\t\t\t\tdata-ga-action=\"Image\"\n\t\t\t\tdata-ga-label=\"n\/a\"\n\t\t\t\tclass=\"cover-card-overlay\"\n\t\t\t\thref=\"https:\/\/www.greenpeace.org\/luxembourg\/fr\/refusons-de-financer-la-crise-climatique\/\" \n\t\t\t><\/a>\n\t\t\t\t\t\t\t<img\n\t\t\t\t\t\tsrc=\"https:\/\/www.greenpeace.org\/static\/planet4-luxembourg-stateless\/2019\/09\/d79549bf-4cab98e6-gp0strcjp-1024x683.jpg\"\n\t\t\t\t\t\tsrcset=\"https:\/\/www.greenpeace.org\/static\/planet4-luxembourg-stateless\/2019\/09\/d79549bf-4cab98e6-gp0strcjp-300x200.jpg 300w, https:\/\/www.greenpeace.org\/static\/planet4-luxembourg-stateless\/2019\/09\/d79549bf-4cab98e6-gp0strcjp-768x512.jpg 768w, https:\/\/www.greenpeace.org\/static\/planet4-luxembourg-stateless\/2019\/09\/d79549bf-4cab98e6-gp0strcjp-1024x683.jpg 1024w, https:\/\/www.greenpeace.org\/static\/planet4-luxembourg-stateless\/2019\/09\/d79549bf-4cab98e6-gp0strcjp-510x340.jpg 510w, https:\/\/www.greenpeace.org\/static\/planet4-luxembourg-stateless\/2019\/09\/d79549bf-4cab98e6-gp0strcjp.jpg 1200w\"\n\t\t\t\t\t\tsizes=\"(min-width: 1000px) 358px, (min-width: 780px) 313px, 88px\"\n\t\t\t\t\t\talt=\"\" title=\"\"\n\t\t\t\t\/>\n            \t\t\t<div class=\"boxout-content\">\n\t\t\t\t\t\t\t\t\t<a\n\t\t\t\t\t\tclass=\"boxout-heading medium\"\n\t\t\t\t\t\tdata-ga-category=\"Take Action Boxout\"\n\t\t\t\t\t\tdata-ga-action=\"Title\"\n\t\t\t\t\t\tdata-ga-label=\"n\/a\"\n\t\t\t\t\t\thref=\"https:\/\/www.greenpeace.org\/luxembourg\/fr\/refusons-de-financer-la-crise-climatique\/\"\n\t\t\t\t\t\t\n\t\t\t\t\t>\n\t\t\t\t\t\tFDC : Refusons de financer la crise climatique avec l\u2019argent de nos retraites\n\t\t\t\t\t<\/a>\n\t\t\t\t\t\t\t\t\t\t\t\t\t<p class=\"boxout-excerpt\">Au Luxembourg, l\u2019argent de nos cotisations sociales finance la destruction de l\u2019environnement et du climat. <\/p>\n\t\t\t\t                                    <a\n                        class=\"btn btn-primary\"\n                        data-ga-category=\"Take Action Boxout\"\n                        data-ga-action=\"Call to Action\"\n                        data-ga-label=\"n\/a\"\n                        href=\"https:\/\/www.greenpeace.org\/luxembourg\/fr\/refusons-de-financer-la-crise-climatique\/\"\n                        \n                    >\n                        S&#039;engager\n                    <\/a>\n                \t\t\t<\/div>\n\t\t\t\t\t<\/section>\n\t","protected":false},"excerpt":{"rendered":"<p>Le pr\u00e9sident du Fonds de Compensation (FDC), Fernand Lepage, a assur\u00e9, dans une lettre adress\u00e9e \u00e0 Greenpeace Luxembourg [1], que le fonds d\u00e9livrera un rapport&hellip;<\/p>\n","protected":false},"author":25,"featured_media":6894,"comment_status":"closed","ping_status":"closed","sticky":false,"template":"","format":"standard","meta":{"ep_exclude_from_search":false,"p4_og_title":"Fonds de Compensation : enfin une analyse des risques climatiques de ses investissements","p4_og_description":"Le pr\u00e9sident du FDC promet un rapport de durabilit\u00e9 \u00e0 Greenpeace Luxembourg. L'organisation reste attentive au suivi des engagements.","p4_og_image":"","p4_og_image_id":"","p4_seo_canonical_url":"","p4_campaign_name":"not set","p4_local_project":"not set","p4_basket_name":"not set","p4_department":"","footnotes":""},"categories":[41],"tags":[32,35,95,97],"p4-page-type":[83],"class_list":["post-6891","post","type-post","status-publish","format-standard","has-post-thumbnail","hentry","category-climat","tag-luxembourg","tag-energiesfossiles","tag-secteurfinancier","tag-justice","p4-page-type-communiques-de-presse"],"yoast_head":"<!-- This site is optimized with the Yoast SEO Premium plugin v23.9 (Yoast SEO v23.9) - https:\/\/yoast.com\/wordpress\/plugins\/seo\/ -->\n<title>Fonds de Compensation : une analyse des risques climatiques<\/title>\n<meta name=\"description\" content=\"Le pr\u00e9sident du FDC promet un rapport de durabilit\u00e9 \u00e0 Greenpeace Luxembourg. L&#039;organisation reste attentive au suivi des engagements.\" \/>\n<meta name=\"robots\" content=\"index, follow, max-snippet:-1, max-image-preview:large, max-video-preview:-1\" \/>\n<link rel=\"canonical\" href=\"https:\/\/www.greenpeace.org\/luxembourg\/fr\/communiques-de-presse\/6891\/fonds-de-compensation-enfin-une-analyse-des-risques-climatiques-de-ses-investissements\/\" \/>\n<meta property=\"og:locale\" content=\"fr_FR\" \/>\n<meta property=\"og:type\" content=\"article\" \/>\n<meta property=\"og:title\" content=\"Fonds de Compensation : enfin une analyse des risques climatiques de ses investissements\" \/>\n<meta property=\"og:description\" content=\"Le pr\u00e9sident du FDC promet un rapport de durabilit\u00e9 \u00e0 Greenpeace Luxembourg. L&#039;organisation reste attentive au suivi des engagements.\" \/>\n<meta property=\"og:url\" content=\"https:\/\/www.greenpeace.org\/luxembourg\/fr\/communiques-de-presse\/6891\/fonds-de-compensation-enfin-une-analyse-des-risques-climatiques-de-ses-investissements\/\" \/>\n<meta property=\"og:site_name\" content=\"Greenpeace Luxembourg\" \/>\n<meta property=\"article:publisher\" content=\"https:\/\/www.facebook.com\/greenpeaceluxembourg\" \/>\n<meta property=\"article:published_time\" content=\"2020-03-26T09:30:48+00:00\" \/>\n<meta property=\"article:modified_time\" content=\"2026-03-12T15:55:18+00:00\" \/>\n<meta property=\"og:image\" content=\"https:\/\/www.greenpeace.org\/static\/planet4-luxembourg-stateless\/2020\/03\/3ddc4fb3-gp024yz.jpg\" \/>\n\t<meta property=\"og:image:width\" content=\"1200\" \/>\n\t<meta property=\"og:image:height\" content=\"800\" \/>\n\t<meta property=\"og:image:type\" content=\"image\/jpeg\" \/>\n<meta name=\"author\" content=\"Esther Wildanger\" \/>\n<meta name=\"twitter:card\" content=\"summary_large_image\" \/>\n<meta name=\"twitter:label1\" content=\"Written by\" \/>\n\t<meta name=\"twitter:data1\" content=\"Esther Wildanger\" \/>\n\t<meta name=\"twitter:label2\" content=\"Est. reading time\" \/>\n\t<meta name=\"twitter:data2\" content=\"5 minutes\" \/>\n<script type=\"application\/ld+json\" class=\"yoast-schema-graph\">{\"@context\":\"https:\/\/schema.org\",\"@graph\":[{\"@type\":\"Article\",\"@id\":\"https:\/\/www.greenpeace.org\/luxembourg\/fr\/communiques-de-presse\/6891\/fonds-de-compensation-enfin-une-analyse-des-risques-climatiques-de-ses-investissements\/#article\",\"isPartOf\":{\"@id\":\"https:\/\/www.greenpeace.org\/luxembourg\/fr\/communiques-de-presse\/6891\/fonds-de-compensation-enfin-une-analyse-des-risques-climatiques-de-ses-investissements\/\"},\"author\":{\"name\":\"Esther Wildanger\",\"@id\":\"https:\/\/www.greenpeace.org\/luxembourg\/fr\/#\/schema\/person\/3d0e81a859b59009fec36a8552ef76a7\"},\"headline\":\"Fonds de Compensation : enfin une analyse des risques climatiques de ses investissements\",\"datePublished\":\"2020-03-26T09:30:48+00:00\",\"dateModified\":\"2026-03-12T15:55:18+00:00\",\"mainEntityOfPage\":{\"@id\":\"https:\/\/www.greenpeace.org\/luxembourg\/fr\/communiques-de-presse\/6891\/fonds-de-compensation-enfin-une-analyse-des-risques-climatiques-de-ses-investissements\/\"},\"wordCount\":866,\"publisher\":{\"@id\":\"https:\/\/www.greenpeace.org\/luxembourg\/fr\/#organization\"},\"image\":{\"@id\":\"https:\/\/www.greenpeace.org\/luxembourg\/fr\/communiques-de-presse\/6891\/fonds-de-compensation-enfin-une-analyse-des-risques-climatiques-de-ses-investissements\/#primaryimage\"},\"thumbnailUrl\":\"https:\/\/www.greenpeace.org\/static\/planet4-luxembourg-stateless\/2020\/03\/3ddc4fb3-gp024yz.jpg\",\"keywords\":[\"Luxembourg\",\"EnergiesFossiles\",\"SecteurFinancier\",\"Justice\"],\"articleSection\":[\"Climat\"],\"inLanguage\":\"fr-LU\"},{\"@type\":\"WebPage\",\"@id\":\"https:\/\/www.greenpeace.org\/luxembourg\/fr\/communiques-de-presse\/6891\/fonds-de-compensation-enfin-une-analyse-des-risques-climatiques-de-ses-investissements\/\",\"url\":\"https:\/\/www.greenpeace.org\/luxembourg\/fr\/communiques-de-presse\/6891\/fonds-de-compensation-enfin-une-analyse-des-risques-climatiques-de-ses-investissements\/\",\"name\":\"Fonds de Compensation : une analyse des risques climatiques\",\"isPartOf\":{\"@id\":\"https:\/\/www.greenpeace.org\/luxembourg\/fr\/#website\"},\"primaryImageOfPage\":{\"@id\":\"https:\/\/www.greenpeace.org\/luxembourg\/fr\/communiques-de-presse\/6891\/fonds-de-compensation-enfin-une-analyse-des-risques-climatiques-de-ses-investissements\/#primaryimage\"},\"image\":{\"@id\":\"https:\/\/www.greenpeace.org\/luxembourg\/fr\/communiques-de-presse\/6891\/fonds-de-compensation-enfin-une-analyse-des-risques-climatiques-de-ses-investissements\/#primaryimage\"},\"thumbnailUrl\":\"https:\/\/www.greenpeace.org\/static\/planet4-luxembourg-stateless\/2020\/03\/3ddc4fb3-gp024yz.jpg\",\"datePublished\":\"2020-03-26T09:30:48+00:00\",\"dateModified\":\"2026-03-12T15:55:18+00:00\",\"description\":\"Le pr\u00e9sident du FDC promet un rapport de durabilit\u00e9 \u00e0 Greenpeace Luxembourg. L'organisation reste attentive au suivi des engagements.\",\"breadcrumb\":{\"@id\":\"https:\/\/www.greenpeace.org\/luxembourg\/fr\/communiques-de-presse\/6891\/fonds-de-compensation-enfin-une-analyse-des-risques-climatiques-de-ses-investissements\/#breadcrumb\"},\"inLanguage\":\"fr-LU\",\"potentialAction\":[{\"@type\":\"ReadAction\",\"target\":[\"https:\/\/www.greenpeace.org\/luxembourg\/fr\/communiques-de-presse\/6891\/fonds-de-compensation-enfin-une-analyse-des-risques-climatiques-de-ses-investissements\/\"]}]},{\"@type\":\"ImageObject\",\"inLanguage\":\"fr-LU\",\"@id\":\"https:\/\/www.greenpeace.org\/luxembourg\/fr\/communiques-de-presse\/6891\/fonds-de-compensation-enfin-une-analyse-des-risques-climatiques-de-ses-investissements\/#primaryimage\",\"url\":\"https:\/\/www.greenpeace.org\/static\/planet4-luxembourg-stateless\/2020\/03\/3ddc4fb3-gp024yz.jpg\",\"contentUrl\":\"https:\/\/www.greenpeace.org\/static\/planet4-luxembourg-stateless\/2020\/03\/3ddc4fb3-gp024yz.jpg\",\"width\":1200,\"height\":800,\"caption\":\"Oil covered shells litter the shores near Dalian. Many of the beaches and rocks along the coast are sticky with a coat of oil.\"},{\"@type\":\"BreadcrumbList\",\"@id\":\"https:\/\/www.greenpeace.org\/luxembourg\/fr\/communiques-de-presse\/6891\/fonds-de-compensation-enfin-une-analyse-des-risques-climatiques-de-ses-investissements\/#breadcrumb\",\"itemListElement\":[{\"@type\":\"ListItem\",\"position\":1,\"name\":\"Home\",\"item\":\"https:\/\/www.greenpeace.org\/luxembourg\/fr\/\"},{\"@type\":\"ListItem\",\"position\":2,\"name\":\"Fonds de Compensation : enfin une analyse des risques climatiques de ses investissements\"}]},{\"@type\":\"WebSite\",\"@id\":\"https:\/\/www.greenpeace.org\/luxembourg\/fr\/#website\",\"url\":\"https:\/\/www.greenpeace.org\/luxembourg\/fr\/\",\"name\":\"Greenpeace Luxembourg\",\"description\":\"Greenpeace existe parce que cette Terre fragile a besoin d&#039;une voix. Elle a besoin de solutions. De changement. D&#039;actions.\",\"publisher\":{\"@id\":\"https:\/\/www.greenpeace.org\/luxembourg\/fr\/#organization\"},\"potentialAction\":[{\"@type\":\"SearchAction\",\"target\":{\"@type\":\"EntryPoint\",\"urlTemplate\":\"https:\/\/www.greenpeace.org\/luxembourg\/fr\/?s={search_term_string}\"},\"query-input\":{\"@type\":\"PropertyValueSpecification\",\"valueRequired\":true,\"valueName\":\"search_term_string\"}}],\"inLanguage\":\"fr-LU\"},{\"@type\":\"Organization\",\"@id\":\"https:\/\/www.greenpeace.org\/luxembourg\/fr\/#organization\",\"name\":\"Greenpeace Luxembourg\",\"url\":\"https:\/\/www.greenpeace.org\/luxembourg\/fr\/\",\"logo\":{\"@type\":\"ImageObject\",\"inLanguage\":\"fr-LU\",\"@id\":\"https:\/\/www.greenpeace.org\/luxembourg\/fr\/#\/schema\/logo\/image\/\",\"url\":\"https:\/\/www.greenpeace.org\/static\/planet4-luxembourg-stateless\/2026\/03\/3e367f94-greenpeace_logo_green_rgb.png\",\"contentUrl\":\"https:\/\/www.greenpeace.org\/static\/planet4-luxembourg-stateless\/2026\/03\/3e367f94-greenpeace_logo_green_rgb.png\",\"width\":1080,\"height\":175,\"caption\":\"Greenpeace Luxembourg\"},\"image\":{\"@id\":\"https:\/\/www.greenpeace.org\/luxembourg\/fr\/#\/schema\/logo\/image\/\"},\"sameAs\":[\"https:\/\/www.facebook.com\/greenpeaceluxembourg\",\"https:\/\/www.instagram.com\/greenpeacelux\/\",\"https:\/\/www.linkedin.com\/company\/greenpeace-luxembourg\/\",\"https:\/\/www.threads.com\/@greenpeacelux\",\"https:\/\/bsky.app\/profile\/greenpeacelux.bsky.social\",\"https:\/\/www.youtube.com\/@GreenpeaceLux\",\"https:\/\/www.tiktok.com\/@greenpeace_lux\"]},{\"@type\":\"Person\",\"@id\":\"https:\/\/www.greenpeace.org\/luxembourg\/fr\/#\/schema\/person\/3d0e81a859b59009fec36a8552ef76a7\",\"name\":\"Esther Wildanger\",\"url\":\"https:\/\/www.greenpeace.org\/luxembourg\/fr\/author\/ewildang\/\"}]}<\/script>\n<!-- \/ Yoast SEO Premium plugin. -->","yoast_head_json":{"title":"Fonds de Compensation : une analyse des risques climatiques","description":"Le pr\u00e9sident du FDC promet un rapport de durabilit\u00e9 \u00e0 Greenpeace Luxembourg. L'organisation reste attentive au suivi des engagements.","robots":{"index":"index","follow":"follow","max-snippet":"max-snippet:-1","max-image-preview":"max-image-preview:large","max-video-preview":"max-video-preview:-1"},"canonical":"https:\/\/www.greenpeace.org\/luxembourg\/fr\/communiques-de-presse\/6891\/fonds-de-compensation-enfin-une-analyse-des-risques-climatiques-de-ses-investissements\/","og_locale":"fr_FR","og_type":"article","og_title":"Fonds de Compensation : enfin une analyse des risques climatiques de ses investissements","og_description":"Le pr\u00e9sident du FDC promet un rapport de durabilit\u00e9 \u00e0 Greenpeace Luxembourg. L'organisation reste attentive au suivi des engagements.","og_url":"https:\/\/www.greenpeace.org\/luxembourg\/fr\/communiques-de-presse\/6891\/fonds-de-compensation-enfin-une-analyse-des-risques-climatiques-de-ses-investissements\/","og_site_name":"Greenpeace Luxembourg","article_publisher":"https:\/\/www.facebook.com\/greenpeaceluxembourg","article_published_time":"2020-03-26T09:30:48+00:00","article_modified_time":"2026-03-12T15:55:18+00:00","og_image":[{"width":1200,"height":800,"url":"https:\/\/www.greenpeace.org\/static\/planet4-luxembourg-stateless\/2020\/03\/3ddc4fb3-gp024yz.jpg","type":"image\/jpeg"}],"author":"Esther Wildanger","twitter_card":"summary_large_image","twitter_misc":{"Written by":"Esther Wildanger","Est. reading time":"5 minutes"},"schema":{"@context":"https:\/\/schema.org","@graph":[{"@type":"Article","@id":"https:\/\/www.greenpeace.org\/luxembourg\/fr\/communiques-de-presse\/6891\/fonds-de-compensation-enfin-une-analyse-des-risques-climatiques-de-ses-investissements\/#article","isPartOf":{"@id":"https:\/\/www.greenpeace.org\/luxembourg\/fr\/communiques-de-presse\/6891\/fonds-de-compensation-enfin-une-analyse-des-risques-climatiques-de-ses-investissements\/"},"author":{"name":"Esther Wildanger","@id":"https:\/\/www.greenpeace.org\/luxembourg\/fr\/#\/schema\/person\/3d0e81a859b59009fec36a8552ef76a7"},"headline":"Fonds de Compensation : enfin une analyse des risques climatiques de ses investissements","datePublished":"2020-03-26T09:30:48+00:00","dateModified":"2026-03-12T15:55:18+00:00","mainEntityOfPage":{"@id":"https:\/\/www.greenpeace.org\/luxembourg\/fr\/communiques-de-presse\/6891\/fonds-de-compensation-enfin-une-analyse-des-risques-climatiques-de-ses-investissements\/"},"wordCount":866,"publisher":{"@id":"https:\/\/www.greenpeace.org\/luxembourg\/fr\/#organization"},"image":{"@id":"https:\/\/www.greenpeace.org\/luxembourg\/fr\/communiques-de-presse\/6891\/fonds-de-compensation-enfin-une-analyse-des-risques-climatiques-de-ses-investissements\/#primaryimage"},"thumbnailUrl":"https:\/\/www.greenpeace.org\/static\/planet4-luxembourg-stateless\/2020\/03\/3ddc4fb3-gp024yz.jpg","keywords":["Luxembourg","EnergiesFossiles","SecteurFinancier","Justice"],"articleSection":["Climat"],"inLanguage":"fr-LU"},{"@type":"WebPage","@id":"https:\/\/www.greenpeace.org\/luxembourg\/fr\/communiques-de-presse\/6891\/fonds-de-compensation-enfin-une-analyse-des-risques-climatiques-de-ses-investissements\/","url":"https:\/\/www.greenpeace.org\/luxembourg\/fr\/communiques-de-presse\/6891\/fonds-de-compensation-enfin-une-analyse-des-risques-climatiques-de-ses-investissements\/","name":"Fonds de Compensation : une analyse des risques climatiques","isPartOf":{"@id":"https:\/\/www.greenpeace.org\/luxembourg\/fr\/#website"},"primaryImageOfPage":{"@id":"https:\/\/www.greenpeace.org\/luxembourg\/fr\/communiques-de-presse\/6891\/fonds-de-compensation-enfin-une-analyse-des-risques-climatiques-de-ses-investissements\/#primaryimage"},"image":{"@id":"https:\/\/www.greenpeace.org\/luxembourg\/fr\/communiques-de-presse\/6891\/fonds-de-compensation-enfin-une-analyse-des-risques-climatiques-de-ses-investissements\/#primaryimage"},"thumbnailUrl":"https:\/\/www.greenpeace.org\/static\/planet4-luxembourg-stateless\/2020\/03\/3ddc4fb3-gp024yz.jpg","datePublished":"2020-03-26T09:30:48+00:00","dateModified":"2026-03-12T15:55:18+00:00","description":"Le pr\u00e9sident du FDC promet un rapport de durabilit\u00e9 \u00e0 Greenpeace Luxembourg. L'organisation reste attentive au suivi des engagements.","breadcrumb":{"@id":"https:\/\/www.greenpeace.org\/luxembourg\/fr\/communiques-de-presse\/6891\/fonds-de-compensation-enfin-une-analyse-des-risques-climatiques-de-ses-investissements\/#breadcrumb"},"inLanguage":"fr-LU","potentialAction":[{"@type":"ReadAction","target":["https:\/\/www.greenpeace.org\/luxembourg\/fr\/communiques-de-presse\/6891\/fonds-de-compensation-enfin-une-analyse-des-risques-climatiques-de-ses-investissements\/"]}]},{"@type":"ImageObject","inLanguage":"fr-LU","@id":"https:\/\/www.greenpeace.org\/luxembourg\/fr\/communiques-de-presse\/6891\/fonds-de-compensation-enfin-une-analyse-des-risques-climatiques-de-ses-investissements\/#primaryimage","url":"https:\/\/www.greenpeace.org\/static\/planet4-luxembourg-stateless\/2020\/03\/3ddc4fb3-gp024yz.jpg","contentUrl":"https:\/\/www.greenpeace.org\/static\/planet4-luxembourg-stateless\/2020\/03\/3ddc4fb3-gp024yz.jpg","width":1200,"height":800,"caption":"Oil covered shells litter the shores near Dalian. Many of the beaches and rocks along the coast are sticky with a coat of oil."},{"@type":"BreadcrumbList","@id":"https:\/\/www.greenpeace.org\/luxembourg\/fr\/communiques-de-presse\/6891\/fonds-de-compensation-enfin-une-analyse-des-risques-climatiques-de-ses-investissements\/#breadcrumb","itemListElement":[{"@type":"ListItem","position":1,"name":"Home","item":"https:\/\/www.greenpeace.org\/luxembourg\/fr\/"},{"@type":"ListItem","position":2,"name":"Fonds de Compensation : enfin une analyse des risques climatiques de ses investissements"}]},{"@type":"WebSite","@id":"https:\/\/www.greenpeace.org\/luxembourg\/fr\/#website","url":"https:\/\/www.greenpeace.org\/luxembourg\/fr\/","name":"Greenpeace Luxembourg","description":"Greenpeace existe parce que cette Terre fragile a besoin d&#039;une voix. Elle a besoin de solutions. De changement. D&#039;actions.","publisher":{"@id":"https:\/\/www.greenpeace.org\/luxembourg\/fr\/#organization"},"potentialAction":[{"@type":"SearchAction","target":{"@type":"EntryPoint","urlTemplate":"https:\/\/www.greenpeace.org\/luxembourg\/fr\/?s={search_term_string}"},"query-input":{"@type":"PropertyValueSpecification","valueRequired":true,"valueName":"search_term_string"}}],"inLanguage":"fr-LU"},{"@type":"Organization","@id":"https:\/\/www.greenpeace.org\/luxembourg\/fr\/#organization","name":"Greenpeace Luxembourg","url":"https:\/\/www.greenpeace.org\/luxembourg\/fr\/","logo":{"@type":"ImageObject","inLanguage":"fr-LU","@id":"https:\/\/www.greenpeace.org\/luxembourg\/fr\/#\/schema\/logo\/image\/","url":"https:\/\/www.greenpeace.org\/static\/planet4-luxembourg-stateless\/2026\/03\/3e367f94-greenpeace_logo_green_rgb.png","contentUrl":"https:\/\/www.greenpeace.org\/static\/planet4-luxembourg-stateless\/2026\/03\/3e367f94-greenpeace_logo_green_rgb.png","width":1080,"height":175,"caption":"Greenpeace Luxembourg"},"image":{"@id":"https:\/\/www.greenpeace.org\/luxembourg\/fr\/#\/schema\/logo\/image\/"},"sameAs":["https:\/\/www.facebook.com\/greenpeaceluxembourg","https:\/\/www.instagram.com\/greenpeacelux\/","https:\/\/www.linkedin.com\/company\/greenpeace-luxembourg\/","https:\/\/www.threads.com\/@greenpeacelux","https:\/\/bsky.app\/profile\/greenpeacelux.bsky.social","https:\/\/www.youtube.com\/@GreenpeaceLux","https:\/\/www.tiktok.com\/@greenpeace_lux"]},{"@type":"Person","@id":"https:\/\/www.greenpeace.org\/luxembourg\/fr\/#\/schema\/person\/3d0e81a859b59009fec36a8552ef76a7","name":"Esther Wildanger","url":"https:\/\/www.greenpeace.org\/luxembourg\/fr\/author\/ewildang\/"}]}},"_links":{"self":[{"href":"https:\/\/www.greenpeace.org\/luxembourg\/fr\/wp-json\/wp\/v2\/posts\/6891","targetHints":{"allow":["GET"]}}],"collection":[{"href":"https:\/\/www.greenpeace.org\/luxembourg\/fr\/wp-json\/wp\/v2\/posts"}],"about":[{"href":"https:\/\/www.greenpeace.org\/luxembourg\/fr\/wp-json\/wp\/v2\/types\/post"}],"author":[{"embeddable":true,"href":"https:\/\/www.greenpeace.org\/luxembourg\/fr\/wp-json\/wp\/v2\/users\/25"}],"replies":[{"embeddable":true,"href":"https:\/\/www.greenpeace.org\/luxembourg\/fr\/wp-json\/wp\/v2\/comments?post=6891"}],"version-history":[{"count":8,"href":"https:\/\/www.greenpeace.org\/luxembourg\/fr\/wp-json\/wp\/v2\/posts\/6891\/revisions"}],"predecessor-version":[{"id":27518,"href":"https:\/\/www.greenpeace.org\/luxembourg\/fr\/wp-json\/wp\/v2\/posts\/6891\/revisions\/27518"}],"wp:featuredmedia":[{"embeddable":true,"href":"https:\/\/www.greenpeace.org\/luxembourg\/fr\/wp-json\/wp\/v2\/media\/6894"}],"wp:attachment":[{"href":"https:\/\/www.greenpeace.org\/luxembourg\/fr\/wp-json\/wp\/v2\/media?parent=6891"}],"wp:term":[{"taxonomy":"category","embeddable":true,"href":"https:\/\/www.greenpeace.org\/luxembourg\/fr\/wp-json\/wp\/v2\/categories?post=6891"},{"taxonomy":"post_tag","embeddable":true,"href":"https:\/\/www.greenpeace.org\/luxembourg\/fr\/wp-json\/wp\/v2\/tags?post=6891"},{"taxonomy":"p4-page-type","embeddable":true,"href":"https:\/\/www.greenpeace.org\/luxembourg\/fr\/wp-json\/wp\/v2\/p4-page-type?post=6891"}],"curies":[{"name":"wp","href":"https:\/\/api.w.org\/{rel}","templated":true}]}}