{"id":8940,"date":"2020-05-19T14:14:40","date_gmt":"2020-05-19T12:14:40","guid":{"rendered":"https:\/\/www.greenpeace.org\/luxembourg\/?p=8940"},"modified":"2021-12-01T17:27:39","modified_gmt":"2021-12-01T15:27:39","slug":"pas-de-retour-en-arriere-sur-la-protection-du-climat-et-kascht-wat-et-kascht","status":"publish","type":"post","link":"https:\/\/www.greenpeace.org\/luxembourg\/fr\/communiques-de-presse\/8940\/pas-de-retour-en-arriere-sur-la-protection-du-climat-et-kascht-wat-et-kascht\/","title":{"rendered":"Pas de retour en arri\u00e8re sur la protection du climat :  \u00ab Et kascht wat et kascht ! \u00bb"},"content":{"rendered":"\n<p><strong><em>Esch-sur-Alzette<\/em>, le 19 mai 2020 &#8211; Greenpeace exhorte le gouvernement \u00e0 <a href=\"https:\/\/luxtimes.lu\/business-finance\/40636-fuel-tax-rise-delayed-with-few-customers-at-the-pump\">annuler la suspension des augmentations des accises sur les carburants<\/a> annonc\u00e9e il y a quelques jours. La baisse des ventes d&#8217;essence et de diesel provoqu\u00e9e par la crise de Covid-19 ne doit pas saper les efforts du Luxembourg pour la protection du climat. Tandis qu\u2019au niveau europ\u00e9en, le Grand-Duch\u00e9 fait campagne pour un \u201c<a href=\"https:\/\/www.climatechangenews.com\/2020\/04\/09\/european-green-deal-must-central-resilient-recovery-covid-19\/\">Green Deal<\/a>\u201d, il continue \u00e0 domicile d\u2019alimenter sa propre d\u00e9pendance aux \u00e9nergies fossiles. Ce sont en grande partie ces derni\u00e8res qui ont fait augmenter le bilan national de <a href=\"https:\/\/www.climatechangenews.com\/2020\/04\/09\/european-green-deal-must-central-resilient-recovery-covid-19\/\">CO<sub>2<\/sub> de 7,5% en 2019<\/a> [1] ! Surmonter la crise \u00e9conomique et sanitaire ne doit pas se faire au d\u00e9triment de la protection du climat. Le gouvernement doit rendre disponibles tous les moyens afin d\u2019atteindre les objectifs pour la protection du climat.<\/strong><\/p>\n\n<p><em><em>\u00ab La crise du coronavirus illustre ce le Conseil national du d\u00e9veloppement durable et les organisations non gouvernementales pointent du doigt depuis des ann\u00e9es : le Luxembourg est tributaire des ventes de carburant, ce qui nuit non seulement au climat mais pr\u00e9sente \u00e9galement un risque cons\u00e9quent pour les finances publiques<\/em> \u00bb [2], explique Frank Thinnes, charg\u00e9 de campagne Climat et \u00c9nergie pour Greenpeace Luxembourg. \u00ab<em> La d\u00e9cision du gouvernement de suspendre l&#8217;augmentation des accises sur le carburant n&#8217;est pas un bon signal. Le financement du budget de l&#8217;\u00c9tat ne peut pas d\u00e9pendre de sources de revenus qui peuvent dispara\u00eetre du jour au lendemain. Nous devons maintenant tirer les le\u00e7ons de cette crise et ne m\u00e9nager aucun effort pour mettre enfin un terme \u00e0 cette d\u00e9pendance.<\/em>&nbsp;\u00bb<\/em><\/p>\n\n<p>La situation actuelle, provoqu\u00e9e par la crise sanitaire, a fait d\u00e9gringoler la vente de p\u00e9trole et de diesel : le groupement p\u00e9trolier luxembourgeois a en effet constat\u00e9 une chute de 50% \u00e0 90% pour les diff\u00e9rentes pompes \u00e0 essence. Pour l\u2019\u00c9tat, c\u2019est \u00e9galement, via les accises, une perte s\u00e8che de plusieurs millions d\u2019euros.<\/p>\n\n<p>&nbsp;\u00ab <em>Le plan de relance du gouvernement luxembourgeois devra se d\u00e9tourner des entreprises qui d\u00e9r\u00e8glent le climat et d\u00e9truisent la biodiversit\u00e9, et non pas viser le retour \u00e0 une croissance \u00e9conomique \u00e0 forte intensit\u00e9 de gaz \u00e0 effet de serre<\/em> \u00bb, d\u00e9clare Frank Thinnes. \u00ab <em>C\u2019est maintenant \u00e0 l&#8217;\u00c9tat de conditionner le versement des aides publiques, et de contraindre les firmes concern\u00e9es \u00e0 investir dans la transition \u00e9cologique. L\u2019argent de l\u2019\u00c9tat ne doit sous aucun pr\u00e9texte encourager \u00e0 la contribution des crises \u00e0 venir. Greenpeace demande une transparence totale sur l\u2019attribution de ces aides.&nbsp;<\/em>\u00bb<\/p>\n\n<hr class=\"wp-block-separator has-text-color has-background has-grey-200-background-color has-grey-200-color\"\/>\n\n<p><strong>Notes aux r\u00e9dacteurs et r\u00e9dactrices<\/strong><\/p>\n\n<p>(1) Deux tiers des \u00e9missions \u00e0 gaz \u00e0 effet de serre du Luxembourg trouvent leurs origines dans la vente de carburant. En 2019 l\u2019importation de diesel et d&#8217;essence a augment\u00e9 (<a href=\"https:\/\/statistiques.public.lu\/stat\/TableViewer\/tableView.aspx?ReportId=12755&amp;IF_Language=fra&amp;MainTheme=1&amp;FldrName=4&amp;RFPath=50\">Statec<\/a>). Le Luxembourg doit drastiquement r\u00e9duire cette consommation de p\u00e9trole, en particulier par le transport routier qui passe notre pays, parfois m\u00eame en faisant un d\u00e9tour en raison&nbsp; du prix favorable du Diesel. L\u2019\u00e9tat doit mettre fin \u00e0 cette pratique. Il faut renforcer et mettre en place des mesures comme l&#8217;augmentation des accises \u00e0 court termes, comme pr\u00e9vu dans le PNEC.<\/p>\n\n<p>(2) D\u00e9j\u00e0 en 2008 un avis du CSDD d\u00e9montrait la d\u00e9pendance nocive de plusieurs accises, comme celle de la vente des carburants, dans le budget de l\u2019\u00e9tat du Luxembourg. Apr\u00e8s la crise immobili\u00e8re de 2008\/2009, le pays a recommenc\u00e9 comme avant&nbsp; et la vente de carburants a atteint&nbsp; de nouveaux records par la suite. En d\u00e9finitive, on peut reprocher \u00e0 l\u2019\u00c9tat de ne pas savoir tirer les cons\u00e9quences des crises pr\u00e9c\u00e9dentes, puisqu\u2019\u00e0 nouveau, l\u2019\u00c9tat est confront\u00e9 \u00e0 une forte baisse de ses recettes avec la chute des ventes de carburants.<\/p>\n<div class=\"EmptyMessage\">Block content is empty. Check the block&#8217;s settings or remove it.<\/div>","protected":false},"excerpt":{"rendered":"<p>Greenpeace exhorte le gouvernement \u00e0 annuler la suspension des augmentations des accises sur les carburants annonc\u00e9e il y a quelques jours. La baisse des&hellip;<\/p>\n","protected":false},"author":25,"featured_media":8950,"comment_status":"closed","ping_status":"closed","sticky":false,"template":"","format":"standard","meta":{"ep_exclude_from_search":false,"p4_og_title":"","p4_og_description":"","p4_og_image":"","p4_og_image_id":"","p4_seo_canonical_url":"","p4_campaign_name":"not set","p4_local_project":"not set","p4_basket_name":"not set","p4_department":"","footnotes":""},"categories":[41,17],"tags":[32],"p4-page-type":[83],"class_list":["post-8940","post","type-post","status-publish","format-standard","has-post-thumbnail","hentry","category-climat","category-greenpeace","tag-luxembourg","p4-page-type-communiques-de-presse"],"yoast_head":"<!-- This site is optimized with the Yoast SEO Premium plugin v23.9 (Yoast SEO v23.9) - https:\/\/yoast.com\/wordpress\/plugins\/seo\/ -->\n<title>Pas de retour en arri\u00e8re sur la protection du climat : \u00ab Et kascht wat et kascht ! \u00bb - Greenpeace Luxembourg<\/title>\n<meta name=\"robots\" content=\"index, follow, max-snippet:-1, max-image-preview:large, max-video-preview:-1\" \/>\n<link rel=\"canonical\" href=\"https:\/\/www.greenpeace.org\/luxembourg\/fr\/communiques-de-presse\/8940\/pas-de-retour-en-arriere-sur-la-protection-du-climat-et-kascht-wat-et-kascht\/\" \/>\n<meta property=\"og:locale\" content=\"fr_FR\" \/>\n<meta property=\"og:type\" content=\"article\" \/>\n<meta property=\"og:title\" content=\"Pas de retour en arri\u00e8re sur la protection du climat : \u00ab Et kascht wat et kascht ! \u00bb\" \/>\n<meta property=\"og:description\" content=\"Greenpeace exhorte le gouvernement \u00e0 annuler la suspension des augmentations des accises sur les carburants annonc\u00e9e il y a quelques jours. La baisse des&hellip;\" \/>\n<meta property=\"og:url\" content=\"https:\/\/www.greenpeace.org\/luxembourg\/fr\/communiques-de-presse\/8940\/pas-de-retour-en-arriere-sur-la-protection-du-climat-et-kascht-wat-et-kascht\/\" \/>\n<meta property=\"og:site_name\" content=\"Greenpeace Luxembourg\" \/>\n<meta property=\"article:publisher\" content=\"https:\/\/www.facebook.com\/greenpeaceluxembourg\" \/>\n<meta property=\"article:published_time\" content=\"2020-05-19T12:14:40+00:00\" \/>\n<meta property=\"article:modified_time\" content=\"2021-12-01T15:27:39+00:00\" \/>\n<meta property=\"og:image\" content=\"https:\/\/www.greenpeace.org\/static\/planet4-luxembourg-stateless\/2020\/05\/18d0673b-gp0stt5gf-409x340-1.jpg\" \/>\n\t<meta property=\"og:image:width\" content=\"409\" \/>\n\t<meta property=\"og:image:height\" content=\"340\" \/>\n\t<meta property=\"og:image:type\" content=\"image\/jpeg\" \/>\n<meta name=\"author\" content=\"Esther Wildanger\" \/>\n<meta name=\"twitter:card\" content=\"summary_large_image\" \/>\n<meta name=\"twitter:label1\" content=\"Written by\" \/>\n\t<meta name=\"twitter:data1\" content=\"Esther Wildanger\" \/>\n\t<meta name=\"twitter:label2\" content=\"Est. reading time\" \/>\n\t<meta name=\"twitter:data2\" content=\"3 minutes\" \/>\n<script type=\"application\/ld+json\" class=\"yoast-schema-graph\">{\"@context\":\"https:\/\/schema.org\",\"@graph\":[{\"@type\":\"Article\",\"@id\":\"https:\/\/www.greenpeace.org\/luxembourg\/fr\/communiques-de-presse\/8940\/pas-de-retour-en-arriere-sur-la-protection-du-climat-et-kascht-wat-et-kascht\/#article\",\"isPartOf\":{\"@id\":\"https:\/\/www.greenpeace.org\/luxembourg\/fr\/communiques-de-presse\/8940\/pas-de-retour-en-arriere-sur-la-protection-du-climat-et-kascht-wat-et-kascht\/\"},\"author\":{\"name\":\"Esther Wildanger\",\"@id\":\"https:\/\/www.greenpeace.org\/luxembourg\/fr\/#\/schema\/person\/3d0e81a859b59009fec36a8552ef76a7\"},\"headline\":\"Pas de retour en arri\u00e8re sur la protection du climat : \u00ab Et kascht wat et kascht ! \u00bb\",\"datePublished\":\"2020-05-19T12:14:40+00:00\",\"dateModified\":\"2021-12-01T15:27:39+00:00\",\"mainEntityOfPage\":{\"@id\":\"https:\/\/www.greenpeace.org\/luxembourg\/fr\/communiques-de-presse\/8940\/pas-de-retour-en-arriere-sur-la-protection-du-climat-et-kascht-wat-et-kascht\/\"},\"wordCount\":641,\"publisher\":{\"@id\":\"https:\/\/www.greenpeace.org\/luxembourg\/fr\/#organization\"},\"image\":{\"@id\":\"https:\/\/www.greenpeace.org\/luxembourg\/fr\/communiques-de-presse\/8940\/pas-de-retour-en-arriere-sur-la-protection-du-climat-et-kascht-wat-et-kascht\/#primaryimage\"},\"thumbnailUrl\":\"https:\/\/www.greenpeace.org\/static\/planet4-luxembourg-stateless\/2020\/05\/18d0673b-gp0stt5gf-409x340-1.jpg\",\"keywords\":[\"Luxembourg\"],\"articleSection\":[\"Climat\",\"Greenpeace\"],\"inLanguage\":\"fr-LU\"},{\"@type\":\"WebPage\",\"@id\":\"https:\/\/www.greenpeace.org\/luxembourg\/fr\/communiques-de-presse\/8940\/pas-de-retour-en-arriere-sur-la-protection-du-climat-et-kascht-wat-et-kascht\/\",\"url\":\"https:\/\/www.greenpeace.org\/luxembourg\/fr\/communiques-de-presse\/8940\/pas-de-retour-en-arriere-sur-la-protection-du-climat-et-kascht-wat-et-kascht\/\",\"name\":\"Pas de retour en arri\u00e8re sur la protection du climat : \u00ab Et kascht wat et kascht ! \u00bb - Greenpeace Luxembourg\",\"isPartOf\":{\"@id\":\"https:\/\/www.greenpeace.org\/luxembourg\/fr\/#website\"},\"primaryImageOfPage\":{\"@id\":\"https:\/\/www.greenpeace.org\/luxembourg\/fr\/communiques-de-presse\/8940\/pas-de-retour-en-arriere-sur-la-protection-du-climat-et-kascht-wat-et-kascht\/#primaryimage\"},\"image\":{\"@id\":\"https:\/\/www.greenpeace.org\/luxembourg\/fr\/communiques-de-presse\/8940\/pas-de-retour-en-arriere-sur-la-protection-du-climat-et-kascht-wat-et-kascht\/#primaryimage\"},\"thumbnailUrl\":\"https:\/\/www.greenpeace.org\/static\/planet4-luxembourg-stateless\/2020\/05\/18d0673b-gp0stt5gf-409x340-1.jpg\",\"datePublished\":\"2020-05-19T12:14:40+00:00\",\"dateModified\":\"2021-12-01T15:27:39+00:00\",\"breadcrumb\":{\"@id\":\"https:\/\/www.greenpeace.org\/luxembourg\/fr\/communiques-de-presse\/8940\/pas-de-retour-en-arriere-sur-la-protection-du-climat-et-kascht-wat-et-kascht\/#breadcrumb\"},\"inLanguage\":\"fr-LU\",\"potentialAction\":[{\"@type\":\"ReadAction\",\"target\":[\"https:\/\/www.greenpeace.org\/luxembourg\/fr\/communiques-de-presse\/8940\/pas-de-retour-en-arriere-sur-la-protection-du-climat-et-kascht-wat-et-kascht\/\"]}]},{\"@type\":\"ImageObject\",\"inLanguage\":\"fr-LU\",\"@id\":\"https:\/\/www.greenpeace.org\/luxembourg\/fr\/communiques-de-presse\/8940\/pas-de-retour-en-arriere-sur-la-protection-du-climat-et-kascht-wat-et-kascht\/#primaryimage\",\"url\":\"https:\/\/www.greenpeace.org\/static\/planet4-luxembourg-stateless\/2020\/05\/18d0673b-gp0stt5gf-409x340-1.jpg\",\"contentUrl\":\"https:\/\/www.greenpeace.org\/static\/planet4-luxembourg-stateless\/2020\/05\/18d0673b-gp0stt5gf-409x340-1.jpg\",\"width\":409,\"height\":340,\"caption\":\"Senator Ed Markey, D-Mass, hosts a press conference calling for bold climate action in Congress and to blast Republicans for blocking real action on climate change. Members of the Sunrise Movement surround the podium.\"},{\"@type\":\"BreadcrumbList\",\"@id\":\"https:\/\/www.greenpeace.org\/luxembourg\/fr\/communiques-de-presse\/8940\/pas-de-retour-en-arriere-sur-la-protection-du-climat-et-kascht-wat-et-kascht\/#breadcrumb\",\"itemListElement\":[{\"@type\":\"ListItem\",\"position\":1,\"name\":\"Home\",\"item\":\"https:\/\/www.greenpeace.org\/luxembourg\/fr\/\"},{\"@type\":\"ListItem\",\"position\":2,\"name\":\"Pas de retour en arri\u00e8re sur la protection du climat : \u00ab Et kascht wat et kascht ! \u00bb\"}]},{\"@type\":\"WebSite\",\"@id\":\"https:\/\/www.greenpeace.org\/luxembourg\/fr\/#website\",\"url\":\"https:\/\/www.greenpeace.org\/luxembourg\/fr\/\",\"name\":\"Greenpeace Luxembourg\",\"description\":\"Greenpeace existe parce que cette Terre fragile a besoin d&#039;une voix. Elle a besoin de solutions. De changement. D&#039;actions.\",\"publisher\":{\"@id\":\"https:\/\/www.greenpeace.org\/luxembourg\/fr\/#organization\"},\"potentialAction\":[{\"@type\":\"SearchAction\",\"target\":{\"@type\":\"EntryPoint\",\"urlTemplate\":\"https:\/\/www.greenpeace.org\/luxembourg\/fr\/?s={search_term_string}\"},\"query-input\":{\"@type\":\"PropertyValueSpecification\",\"valueRequired\":true,\"valueName\":\"search_term_string\"}}],\"inLanguage\":\"fr-LU\"},{\"@type\":\"Organization\",\"@id\":\"https:\/\/www.greenpeace.org\/luxembourg\/fr\/#organization\",\"name\":\"Greenpeace Luxembourg\",\"url\":\"https:\/\/www.greenpeace.org\/luxembourg\/fr\/\",\"logo\":{\"@type\":\"ImageObject\",\"inLanguage\":\"fr-LU\",\"@id\":\"https:\/\/www.greenpeace.org\/luxembourg\/fr\/#\/schema\/logo\/image\/\",\"url\":\"https:\/\/www.greenpeace.org\/static\/planet4-luxembourg-stateless\/2026\/03\/3e367f94-greenpeace_logo_green_rgb.png\",\"contentUrl\":\"https:\/\/www.greenpeace.org\/static\/planet4-luxembourg-stateless\/2026\/03\/3e367f94-greenpeace_logo_green_rgb.png\",\"width\":1080,\"height\":175,\"caption\":\"Greenpeace Luxembourg\"},\"image\":{\"@id\":\"https:\/\/www.greenpeace.org\/luxembourg\/fr\/#\/schema\/logo\/image\/\"},\"sameAs\":[\"https:\/\/www.facebook.com\/greenpeaceluxembourg\",\"https:\/\/www.instagram.com\/greenpeacelux\/\",\"https:\/\/www.linkedin.com\/company\/greenpeace-luxembourg\/\",\"https:\/\/www.threads.com\/@greenpeacelux\",\"https:\/\/bsky.app\/profile\/greenpeacelux.bsky.social\",\"https:\/\/www.youtube.com\/@GreenpeaceLux\",\"https:\/\/www.tiktok.com\/@greenpeace_lux\"]},{\"@type\":\"Person\",\"@id\":\"https:\/\/www.greenpeace.org\/luxembourg\/fr\/#\/schema\/person\/3d0e81a859b59009fec36a8552ef76a7\",\"name\":\"Esther Wildanger\",\"url\":\"https:\/\/www.greenpeace.org\/luxembourg\/fr\/author\/ewildang\/\"}]}<\/script>\n<!-- \/ Yoast SEO Premium plugin. -->","yoast_head_json":{"title":"Pas de retour en arri\u00e8re sur la protection du climat : \u00ab Et kascht wat et kascht ! \u00bb - Greenpeace Luxembourg","robots":{"index":"index","follow":"follow","max-snippet":"max-snippet:-1","max-image-preview":"max-image-preview:large","max-video-preview":"max-video-preview:-1"},"canonical":"https:\/\/www.greenpeace.org\/luxembourg\/fr\/communiques-de-presse\/8940\/pas-de-retour-en-arriere-sur-la-protection-du-climat-et-kascht-wat-et-kascht\/","og_locale":"fr_FR","og_type":"article","og_title":"Pas de retour en arri\u00e8re sur la protection du climat : \u00ab Et kascht wat et kascht ! \u00bb","og_description":"Greenpeace exhorte le gouvernement \u00e0 annuler la suspension des augmentations des accises sur les carburants annonc\u00e9e il y a quelques jours. La baisse des&hellip;","og_url":"https:\/\/www.greenpeace.org\/luxembourg\/fr\/communiques-de-presse\/8940\/pas-de-retour-en-arriere-sur-la-protection-du-climat-et-kascht-wat-et-kascht\/","og_site_name":"Greenpeace Luxembourg","article_publisher":"https:\/\/www.facebook.com\/greenpeaceluxembourg","article_published_time":"2020-05-19T12:14:40+00:00","article_modified_time":"2021-12-01T15:27:39+00:00","og_image":[{"width":409,"height":340,"url":"https:\/\/www.greenpeace.org\/static\/planet4-luxembourg-stateless\/2020\/05\/18d0673b-gp0stt5gf-409x340-1.jpg","type":"image\/jpeg"}],"author":"Esther Wildanger","twitter_card":"summary_large_image","twitter_misc":{"Written by":"Esther Wildanger","Est. reading time":"3 minutes"},"schema":{"@context":"https:\/\/schema.org","@graph":[{"@type":"Article","@id":"https:\/\/www.greenpeace.org\/luxembourg\/fr\/communiques-de-presse\/8940\/pas-de-retour-en-arriere-sur-la-protection-du-climat-et-kascht-wat-et-kascht\/#article","isPartOf":{"@id":"https:\/\/www.greenpeace.org\/luxembourg\/fr\/communiques-de-presse\/8940\/pas-de-retour-en-arriere-sur-la-protection-du-climat-et-kascht-wat-et-kascht\/"},"author":{"name":"Esther Wildanger","@id":"https:\/\/www.greenpeace.org\/luxembourg\/fr\/#\/schema\/person\/3d0e81a859b59009fec36a8552ef76a7"},"headline":"Pas de retour en arri\u00e8re sur la protection du climat : \u00ab Et kascht wat et kascht ! \u00bb","datePublished":"2020-05-19T12:14:40+00:00","dateModified":"2021-12-01T15:27:39+00:00","mainEntityOfPage":{"@id":"https:\/\/www.greenpeace.org\/luxembourg\/fr\/communiques-de-presse\/8940\/pas-de-retour-en-arriere-sur-la-protection-du-climat-et-kascht-wat-et-kascht\/"},"wordCount":641,"publisher":{"@id":"https:\/\/www.greenpeace.org\/luxembourg\/fr\/#organization"},"image":{"@id":"https:\/\/www.greenpeace.org\/luxembourg\/fr\/communiques-de-presse\/8940\/pas-de-retour-en-arriere-sur-la-protection-du-climat-et-kascht-wat-et-kascht\/#primaryimage"},"thumbnailUrl":"https:\/\/www.greenpeace.org\/static\/planet4-luxembourg-stateless\/2020\/05\/18d0673b-gp0stt5gf-409x340-1.jpg","keywords":["Luxembourg"],"articleSection":["Climat","Greenpeace"],"inLanguage":"fr-LU"},{"@type":"WebPage","@id":"https:\/\/www.greenpeace.org\/luxembourg\/fr\/communiques-de-presse\/8940\/pas-de-retour-en-arriere-sur-la-protection-du-climat-et-kascht-wat-et-kascht\/","url":"https:\/\/www.greenpeace.org\/luxembourg\/fr\/communiques-de-presse\/8940\/pas-de-retour-en-arriere-sur-la-protection-du-climat-et-kascht-wat-et-kascht\/","name":"Pas de retour en arri\u00e8re sur la protection du climat : \u00ab Et kascht wat et kascht ! \u00bb - Greenpeace Luxembourg","isPartOf":{"@id":"https:\/\/www.greenpeace.org\/luxembourg\/fr\/#website"},"primaryImageOfPage":{"@id":"https:\/\/www.greenpeace.org\/luxembourg\/fr\/communiques-de-presse\/8940\/pas-de-retour-en-arriere-sur-la-protection-du-climat-et-kascht-wat-et-kascht\/#primaryimage"},"image":{"@id":"https:\/\/www.greenpeace.org\/luxembourg\/fr\/communiques-de-presse\/8940\/pas-de-retour-en-arriere-sur-la-protection-du-climat-et-kascht-wat-et-kascht\/#primaryimage"},"thumbnailUrl":"https:\/\/www.greenpeace.org\/static\/planet4-luxembourg-stateless\/2020\/05\/18d0673b-gp0stt5gf-409x340-1.jpg","datePublished":"2020-05-19T12:14:40+00:00","dateModified":"2021-12-01T15:27:39+00:00","breadcrumb":{"@id":"https:\/\/www.greenpeace.org\/luxembourg\/fr\/communiques-de-presse\/8940\/pas-de-retour-en-arriere-sur-la-protection-du-climat-et-kascht-wat-et-kascht\/#breadcrumb"},"inLanguage":"fr-LU","potentialAction":[{"@type":"ReadAction","target":["https:\/\/www.greenpeace.org\/luxembourg\/fr\/communiques-de-presse\/8940\/pas-de-retour-en-arriere-sur-la-protection-du-climat-et-kascht-wat-et-kascht\/"]}]},{"@type":"ImageObject","inLanguage":"fr-LU","@id":"https:\/\/www.greenpeace.org\/luxembourg\/fr\/communiques-de-presse\/8940\/pas-de-retour-en-arriere-sur-la-protection-du-climat-et-kascht-wat-et-kascht\/#primaryimage","url":"https:\/\/www.greenpeace.org\/static\/planet4-luxembourg-stateless\/2020\/05\/18d0673b-gp0stt5gf-409x340-1.jpg","contentUrl":"https:\/\/www.greenpeace.org\/static\/planet4-luxembourg-stateless\/2020\/05\/18d0673b-gp0stt5gf-409x340-1.jpg","width":409,"height":340,"caption":"Senator Ed Markey, D-Mass, hosts a press conference calling for bold climate action in Congress and to blast Republicans for blocking real action on climate change. Members of the Sunrise Movement surround the podium."},{"@type":"BreadcrumbList","@id":"https:\/\/www.greenpeace.org\/luxembourg\/fr\/communiques-de-presse\/8940\/pas-de-retour-en-arriere-sur-la-protection-du-climat-et-kascht-wat-et-kascht\/#breadcrumb","itemListElement":[{"@type":"ListItem","position":1,"name":"Home","item":"https:\/\/www.greenpeace.org\/luxembourg\/fr\/"},{"@type":"ListItem","position":2,"name":"Pas de retour en arri\u00e8re sur la protection du climat : \u00ab Et kascht wat et kascht ! \u00bb"}]},{"@type":"WebSite","@id":"https:\/\/www.greenpeace.org\/luxembourg\/fr\/#website","url":"https:\/\/www.greenpeace.org\/luxembourg\/fr\/","name":"Greenpeace Luxembourg","description":"Greenpeace existe parce que cette Terre fragile a besoin d&#039;une voix. Elle a besoin de solutions. De changement. D&#039;actions.","publisher":{"@id":"https:\/\/www.greenpeace.org\/luxembourg\/fr\/#organization"},"potentialAction":[{"@type":"SearchAction","target":{"@type":"EntryPoint","urlTemplate":"https:\/\/www.greenpeace.org\/luxembourg\/fr\/?s={search_term_string}"},"query-input":{"@type":"PropertyValueSpecification","valueRequired":true,"valueName":"search_term_string"}}],"inLanguage":"fr-LU"},{"@type":"Organization","@id":"https:\/\/www.greenpeace.org\/luxembourg\/fr\/#organization","name":"Greenpeace Luxembourg","url":"https:\/\/www.greenpeace.org\/luxembourg\/fr\/","logo":{"@type":"ImageObject","inLanguage":"fr-LU","@id":"https:\/\/www.greenpeace.org\/luxembourg\/fr\/#\/schema\/logo\/image\/","url":"https:\/\/www.greenpeace.org\/static\/planet4-luxembourg-stateless\/2026\/03\/3e367f94-greenpeace_logo_green_rgb.png","contentUrl":"https:\/\/www.greenpeace.org\/static\/planet4-luxembourg-stateless\/2026\/03\/3e367f94-greenpeace_logo_green_rgb.png","width":1080,"height":175,"caption":"Greenpeace Luxembourg"},"image":{"@id":"https:\/\/www.greenpeace.org\/luxembourg\/fr\/#\/schema\/logo\/image\/"},"sameAs":["https:\/\/www.facebook.com\/greenpeaceluxembourg","https:\/\/www.instagram.com\/greenpeacelux\/","https:\/\/www.linkedin.com\/company\/greenpeace-luxembourg\/","https:\/\/www.threads.com\/@greenpeacelux","https:\/\/bsky.app\/profile\/greenpeacelux.bsky.social","https:\/\/www.youtube.com\/@GreenpeaceLux","https:\/\/www.tiktok.com\/@greenpeace_lux"]},{"@type":"Person","@id":"https:\/\/www.greenpeace.org\/luxembourg\/fr\/#\/schema\/person\/3d0e81a859b59009fec36a8552ef76a7","name":"Esther Wildanger","url":"https:\/\/www.greenpeace.org\/luxembourg\/fr\/author\/ewildang\/"}]}},"_links":{"self":[{"href":"https:\/\/www.greenpeace.org\/luxembourg\/fr\/wp-json\/wp\/v2\/posts\/8940","targetHints":{"allow":["GET"]}}],"collection":[{"href":"https:\/\/www.greenpeace.org\/luxembourg\/fr\/wp-json\/wp\/v2\/posts"}],"about":[{"href":"https:\/\/www.greenpeace.org\/luxembourg\/fr\/wp-json\/wp\/v2\/types\/post"}],"author":[{"embeddable":true,"href":"https:\/\/www.greenpeace.org\/luxembourg\/fr\/wp-json\/wp\/v2\/users\/25"}],"replies":[{"embeddable":true,"href":"https:\/\/www.greenpeace.org\/luxembourg\/fr\/wp-json\/wp\/v2\/comments?post=8940"}],"version-history":[{"count":6,"href":"https:\/\/www.greenpeace.org\/luxembourg\/fr\/wp-json\/wp\/v2\/posts\/8940\/revisions"}],"predecessor-version":[{"id":12952,"href":"https:\/\/www.greenpeace.org\/luxembourg\/fr\/wp-json\/wp\/v2\/posts\/8940\/revisions\/12952"}],"wp:featuredmedia":[{"embeddable":true,"href":"https:\/\/www.greenpeace.org\/luxembourg\/fr\/wp-json\/wp\/v2\/media\/8950"}],"wp:attachment":[{"href":"https:\/\/www.greenpeace.org\/luxembourg\/fr\/wp-json\/wp\/v2\/media?parent=8940"}],"wp:term":[{"taxonomy":"category","embeddable":true,"href":"https:\/\/www.greenpeace.org\/luxembourg\/fr\/wp-json\/wp\/v2\/categories?post=8940"},{"taxonomy":"post_tag","embeddable":true,"href":"https:\/\/www.greenpeace.org\/luxembourg\/fr\/wp-json\/wp\/v2\/tags?post=8940"},{"taxonomy":"p4-page-type","embeddable":true,"href":"https:\/\/www.greenpeace.org\/luxembourg\/fr\/wp-json\/wp\/v2\/p4-page-type?post=8940"}],"curies":[{"name":"wp","href":"https:\/\/api.w.org\/{rel}","templated":true}]}}