{"id":8960,"date":"2020-05-20T09:11:41","date_gmt":"2020-05-20T07:11:41","guid":{"rendered":"https:\/\/www.greenpeace.org\/luxembourg\/?p=8960"},"modified":"2020-05-20T09:14:29","modified_gmt":"2020-05-20T07:14:29","slug":"rapport-financier-2019","status":"publish","type":"post","link":"https:\/\/www.greenpeace.org\/luxembourg\/fr\/rapports\/8960\/rapport-financier-2019\/","title":{"rendered":"Rapport financier 2019"},"content":{"rendered":"\n<p><br>En 2019, l\u2019humanit\u00e9 enti\u00e8re a \u00e9t\u00e9 t\u00e9moin de nombreux d\u00e9sastres \u00e9cologiques, signes de l\u2019urgence climatique. Pour r\u00e9pondre \u00e0 la hauteur de la situation, des hommes et des femmes, comme vous, se sont lev\u00e9\u00b7es et ont plac\u00e9 leurs efforts vers la construction d\u2019un autre monde. Aux quatre coins du globe, des milliers de jeunes sont descendu\u00b7es dans les rues pour r\u00e9clamer des mesures ambitieuses contre les d\u00e9r\u00e8glements climatiques. Au Luxembourg, l\u2019ampleur incomparable de leur mobilisation a marqu\u00e9 l\u2019opinion publique et a touch\u00e9 la sph\u00e8re politique.<br><br>Gr\u00e2ce et avec chaque adh\u00e9rent\u00b7e et b\u00e9n\u00e9vole, Greenpeace a pos\u00e9 des jalons pour b\u00e2tir le monde de demain. 2019 a \u00e9t\u00e9 l\u2019ann\u00e9e de notre plus grande exp\u00e9dition. Nos navires ont sillonn\u00e9 l\u2019oc\u00e9an Atlantique du P\u00f4le Nord au P\u00f4le Sud pendant pr\u00e8s d\u2019un an. L\u2019objectif \u00e9tait de faire r\u00e9sonner la voix des 3 millions de signataires de la p\u00e9tition \u201cProt\u00e9geons les oc\u00e9ans\u201d et de demander aux gouvernements du monde une vraie protection internationale contraignante.<br><br>En 2019, nous nous sommes confront\u00e9s devant les tribunaux \u00e0 l\u2019\u00c9tat luxembourgeois et \u00e0 la politique d\u2019investissement climaticide du Fonds de<br>Compensation. Il est temps que le gouvernement respecte les engagements pris lors de l&#8217;Accord de Paris et prenne ainsi ses responsabilit\u00e9s face \u00e0 la crise climatique dans laquelle nous trouvons. Notre escale anti-plastique \u00e0 Remich ou nos activit\u00e9s solaires dans les \u00e9coles sont d\u2019autres exemples de notre travail local, pour une transition \u00e9cologique juste et \u00e0 la port\u00e9e de tou\u00b7tes.<\/p>\n\n<p>Vous rendez ces projets possibles. Votre <a href=\"https:\/\/faire-un-don.greenpeace.lu\/\">soutien financier<\/a> nous permet de lutter contre toutes les menaces envers l\u2019environnement. Un grand merci, car ce sont uniquement vos dons qui nous financent et garantissent notre libert\u00e9 d\u2019action et de parole.<\/p>\n\n<div class=\"wp-block-buttons is-layout-flex wp-block-buttons-is-layout-flex\">\n<div class=\"wp-block-button\"><a class=\"wp-block-button__link\" href=\"https:\/\/www.greenpeace.org\/static\/planet4-luxembourg-stateless\/2020\/05\/6333609f-rapport-financier-2019_greenpeace-luxembourg.pdf\" target=\"_blank\" rel=\"noreferrer noopener\">Rapport Financier 2019<\/a><\/div>\n<\/div>\n\n<p><\/p>\n","protected":false},"excerpt":{"rendered":"<p>Gr\u00e2ce et avec chaque adh\u00e9rent\u00b7e et b\u00e9n\u00e9vole, Greenpeace a pos\u00e9 des jalons pour b\u00e2tir le monde de demain. Consultez notre rapport financier 2019 en toute transparence.<\/p>\n","protected":false},"author":22,"featured_media":8961,"comment_status":"closed","ping_status":"closed","sticky":false,"template":"","format":"standard","meta":{"ep_exclude_from_search":false,"p4_og_title":"","p4_og_description":"","p4_og_image":"","p4_og_image_id":"","p4_seo_canonical_url":"","p4_campaign_name":"not set","p4_local_project":"not set","p4_basket_name":"not set","p4_department":"","footnotes":""},"categories":[17],"tags":[33],"p4-page-type":[84],"class_list":["post-8960","post","type-post","status-publish","format-standard","has-post-thumbnail","hentry","category-greenpeace","tag-greenpeace-fr","p4-page-type-rapports"],"yoast_head":"<!-- This site is optimized with the Yoast SEO Premium plugin v23.9 (Yoast SEO v23.9) - https:\/\/yoast.com\/wordpress\/plugins\/seo\/ -->\n<title>Rapport financier 2019 - Greenpeace Luxembourg<\/title>\n<meta name=\"robots\" content=\"index, follow, max-snippet:-1, max-image-preview:large, max-video-preview:-1\" \/>\n<link rel=\"canonical\" href=\"https:\/\/www.greenpeace.org\/luxembourg\/fr\/rapports\/8960\/rapport-financier-2019\/\" \/>\n<meta property=\"og:locale\" content=\"fr_FR\" \/>\n<meta property=\"og:type\" content=\"article\" \/>\n<meta property=\"og:title\" content=\"Rapport financier 2019\" \/>\n<meta property=\"og:description\" content=\"Gr\u00e2ce et avec chaque adh\u00e9rent\u00b7e et b\u00e9n\u00e9vole, Greenpeace a pos\u00e9 des jalons pour b\u00e2tir le monde de demain. Consultez notre rapport financier 2019 en toute transparence.\" \/>\n<meta property=\"og:url\" content=\"https:\/\/www.greenpeace.org\/luxembourg\/fr\/rapports\/8960\/rapport-financier-2019\/\" \/>\n<meta property=\"og:site_name\" content=\"Greenpeace Luxembourg\" \/>\n<meta property=\"article:publisher\" content=\"https:\/\/www.facebook.com\/greenpeaceluxembourg\" \/>\n<meta property=\"article:published_time\" content=\"2020-05-20T07:11:41+00:00\" \/>\n<meta property=\"article:modified_time\" content=\"2020-05-20T07:14:29+00:00\" \/>\n<meta property=\"og:image\" content=\"https:\/\/www.greenpeace.org\/static\/planet4-luxembourg-stateless\/2020\/05\/59cd61df-rapportfinancier_2019.jpg\" \/>\n\t<meta property=\"og:image:width\" content=\"210\" \/>\n\t<meta property=\"og:image:height\" content=\"300\" \/>\n\t<meta property=\"og:image:type\" content=\"image\/jpeg\" \/>\n<meta name=\"author\" content=\"Lise Bockler\" \/>\n<meta name=\"twitter:card\" content=\"summary_large_image\" \/>\n<meta name=\"twitter:label1\" content=\"Written by\" \/>\n\t<meta name=\"twitter:data1\" content=\"Lise Bockler\" \/>\n\t<meta name=\"twitter:label2\" content=\"Est. reading time\" \/>\n\t<meta name=\"twitter:data2\" content=\"2 minutes\" \/>\n<script type=\"application\/ld+json\" class=\"yoast-schema-graph\">{\"@context\":\"https:\/\/schema.org\",\"@graph\":[{\"@type\":\"Article\",\"@id\":\"https:\/\/www.greenpeace.org\/luxembourg\/fr\/rapports\/8960\/rapport-financier-2019\/#article\",\"isPartOf\":{\"@id\":\"https:\/\/www.greenpeace.org\/luxembourg\/fr\/rapports\/8960\/rapport-financier-2019\/\"},\"author\":{\"name\":\"Lise Bockler\",\"@id\":\"https:\/\/www.greenpeace.org\/luxembourg\/fr\/#\/schema\/person\/7d322b18d9b47ed2f3e7a6d8f5641c7f\"},\"headline\":\"Rapport financier 2019\",\"datePublished\":\"2020-05-20T07:11:41+00:00\",\"dateModified\":\"2020-05-20T07:14:29+00:00\",\"mainEntityOfPage\":{\"@id\":\"https:\/\/www.greenpeace.org\/luxembourg\/fr\/rapports\/8960\/rapport-financier-2019\/\"},\"wordCount\":315,\"publisher\":{\"@id\":\"https:\/\/www.greenpeace.org\/luxembourg\/fr\/#organization\"},\"image\":{\"@id\":\"https:\/\/www.greenpeace.org\/luxembourg\/fr\/rapports\/8960\/rapport-financier-2019\/#primaryimage\"},\"thumbnailUrl\":\"https:\/\/www.greenpeace.org\/static\/planet4-luxembourg-stateless\/2020\/05\/59cd61df-rapportfinancier_2019.jpg\",\"keywords\":[\"Greenpeace\"],\"articleSection\":[\"Greenpeace\"],\"inLanguage\":\"fr-LU\"},{\"@type\":\"WebPage\",\"@id\":\"https:\/\/www.greenpeace.org\/luxembourg\/fr\/rapports\/8960\/rapport-financier-2019\/\",\"url\":\"https:\/\/www.greenpeace.org\/luxembourg\/fr\/rapports\/8960\/rapport-financier-2019\/\",\"name\":\"Rapport financier 2019 - Greenpeace Luxembourg\",\"isPartOf\":{\"@id\":\"https:\/\/www.greenpeace.org\/luxembourg\/fr\/#website\"},\"primaryImageOfPage\":{\"@id\":\"https:\/\/www.greenpeace.org\/luxembourg\/fr\/rapports\/8960\/rapport-financier-2019\/#primaryimage\"},\"image\":{\"@id\":\"https:\/\/www.greenpeace.org\/luxembourg\/fr\/rapports\/8960\/rapport-financier-2019\/#primaryimage\"},\"thumbnailUrl\":\"https:\/\/www.greenpeace.org\/static\/planet4-luxembourg-stateless\/2020\/05\/59cd61df-rapportfinancier_2019.jpg\",\"datePublished\":\"2020-05-20T07:11:41+00:00\",\"dateModified\":\"2020-05-20T07:14:29+00:00\",\"breadcrumb\":{\"@id\":\"https:\/\/www.greenpeace.org\/luxembourg\/fr\/rapports\/8960\/rapport-financier-2019\/#breadcrumb\"},\"inLanguage\":\"fr-LU\",\"potentialAction\":[{\"@type\":\"ReadAction\",\"target\":[\"https:\/\/www.greenpeace.org\/luxembourg\/fr\/rapports\/8960\/rapport-financier-2019\/\"]}]},{\"@type\":\"ImageObject\",\"inLanguage\":\"fr-LU\",\"@id\":\"https:\/\/www.greenpeace.org\/luxembourg\/fr\/rapports\/8960\/rapport-financier-2019\/#primaryimage\",\"url\":\"https:\/\/www.greenpeace.org\/static\/planet4-luxembourg-stateless\/2020\/05\/59cd61df-rapportfinancier_2019.jpg\",\"contentUrl\":\"https:\/\/www.greenpeace.org\/static\/planet4-luxembourg-stateless\/2020\/05\/59cd61df-rapportfinancier_2019.jpg\",\"width\":210,\"height\":300},{\"@type\":\"BreadcrumbList\",\"@id\":\"https:\/\/www.greenpeace.org\/luxembourg\/fr\/rapports\/8960\/rapport-financier-2019\/#breadcrumb\",\"itemListElement\":[{\"@type\":\"ListItem\",\"position\":1,\"name\":\"Home\",\"item\":\"https:\/\/www.greenpeace.org\/luxembourg\/fr\/\"},{\"@type\":\"ListItem\",\"position\":2,\"name\":\"Rapport financier 2019\"}]},{\"@type\":\"WebSite\",\"@id\":\"https:\/\/www.greenpeace.org\/luxembourg\/fr\/#website\",\"url\":\"https:\/\/www.greenpeace.org\/luxembourg\/fr\/\",\"name\":\"Greenpeace Luxembourg\",\"description\":\"Greenpeace existe parce que cette Terre fragile a besoin d&#039;une voix. Elle a besoin de solutions. De changement. D&#039;actions.\",\"publisher\":{\"@id\":\"https:\/\/www.greenpeace.org\/luxembourg\/fr\/#organization\"},\"potentialAction\":[{\"@type\":\"SearchAction\",\"target\":{\"@type\":\"EntryPoint\",\"urlTemplate\":\"https:\/\/www.greenpeace.org\/luxembourg\/fr\/?s={search_term_string}\"},\"query-input\":{\"@type\":\"PropertyValueSpecification\",\"valueRequired\":true,\"valueName\":\"search_term_string\"}}],\"inLanguage\":\"fr-LU\"},{\"@type\":\"Organization\",\"@id\":\"https:\/\/www.greenpeace.org\/luxembourg\/fr\/#organization\",\"name\":\"Greenpeace Luxembourg\",\"url\":\"https:\/\/www.greenpeace.org\/luxembourg\/fr\/\",\"logo\":{\"@type\":\"ImageObject\",\"inLanguage\":\"fr-LU\",\"@id\":\"https:\/\/www.greenpeace.org\/luxembourg\/fr\/#\/schema\/logo\/image\/\",\"url\":\"https:\/\/www.greenpeace.org\/static\/planet4-luxembourg-stateless\/2026\/03\/3e367f94-greenpeace_logo_green_rgb.png\",\"contentUrl\":\"https:\/\/www.greenpeace.org\/static\/planet4-luxembourg-stateless\/2026\/03\/3e367f94-greenpeace_logo_green_rgb.png\",\"width\":1080,\"height\":175,\"caption\":\"Greenpeace Luxembourg\"},\"image\":{\"@id\":\"https:\/\/www.greenpeace.org\/luxembourg\/fr\/#\/schema\/logo\/image\/\"},\"sameAs\":[\"https:\/\/www.facebook.com\/greenpeaceluxembourg\",\"https:\/\/www.instagram.com\/greenpeacelux\/\",\"https:\/\/www.linkedin.com\/company\/greenpeace-luxembourg\/\",\"https:\/\/www.threads.com\/@greenpeacelux\",\"https:\/\/bsky.app\/profile\/greenpeacelux.bsky.social\",\"https:\/\/www.youtube.com\/@GreenpeaceLux\",\"https:\/\/www.tiktok.com\/@greenpeace_lux\"]},{\"@type\":\"Person\",\"@id\":\"https:\/\/www.greenpeace.org\/luxembourg\/fr\/#\/schema\/person\/7d322b18d9b47ed2f3e7a6d8f5641c7f\",\"name\":\"Lise Bockler\",\"url\":\"https:\/\/www.greenpeace.org\/luxembourg\/fr\/author\/lbockler\/\"}]}<\/script>\n<!-- \/ Yoast SEO Premium plugin. -->","yoast_head_json":{"title":"Rapport financier 2019 - Greenpeace Luxembourg","robots":{"index":"index","follow":"follow","max-snippet":"max-snippet:-1","max-image-preview":"max-image-preview:large","max-video-preview":"max-video-preview:-1"},"canonical":"https:\/\/www.greenpeace.org\/luxembourg\/fr\/rapports\/8960\/rapport-financier-2019\/","og_locale":"fr_FR","og_type":"article","og_title":"Rapport financier 2019","og_description":"Gr\u00e2ce et avec chaque adh\u00e9rent\u00b7e et b\u00e9n\u00e9vole, Greenpeace a pos\u00e9 des jalons pour b\u00e2tir le monde de demain. Consultez notre rapport financier 2019 en toute transparence.","og_url":"https:\/\/www.greenpeace.org\/luxembourg\/fr\/rapports\/8960\/rapport-financier-2019\/","og_site_name":"Greenpeace Luxembourg","article_publisher":"https:\/\/www.facebook.com\/greenpeaceluxembourg","article_published_time":"2020-05-20T07:11:41+00:00","article_modified_time":"2020-05-20T07:14:29+00:00","og_image":[{"width":210,"height":300,"url":"https:\/\/www.greenpeace.org\/static\/planet4-luxembourg-stateless\/2020\/05\/59cd61df-rapportfinancier_2019.jpg","type":"image\/jpeg"}],"author":"Lise Bockler","twitter_card":"summary_large_image","twitter_misc":{"Written by":"Lise Bockler","Est. reading time":"2 minutes"},"schema":{"@context":"https:\/\/schema.org","@graph":[{"@type":"Article","@id":"https:\/\/www.greenpeace.org\/luxembourg\/fr\/rapports\/8960\/rapport-financier-2019\/#article","isPartOf":{"@id":"https:\/\/www.greenpeace.org\/luxembourg\/fr\/rapports\/8960\/rapport-financier-2019\/"},"author":{"name":"Lise Bockler","@id":"https:\/\/www.greenpeace.org\/luxembourg\/fr\/#\/schema\/person\/7d322b18d9b47ed2f3e7a6d8f5641c7f"},"headline":"Rapport financier 2019","datePublished":"2020-05-20T07:11:41+00:00","dateModified":"2020-05-20T07:14:29+00:00","mainEntityOfPage":{"@id":"https:\/\/www.greenpeace.org\/luxembourg\/fr\/rapports\/8960\/rapport-financier-2019\/"},"wordCount":315,"publisher":{"@id":"https:\/\/www.greenpeace.org\/luxembourg\/fr\/#organization"},"image":{"@id":"https:\/\/www.greenpeace.org\/luxembourg\/fr\/rapports\/8960\/rapport-financier-2019\/#primaryimage"},"thumbnailUrl":"https:\/\/www.greenpeace.org\/static\/planet4-luxembourg-stateless\/2020\/05\/59cd61df-rapportfinancier_2019.jpg","keywords":["Greenpeace"],"articleSection":["Greenpeace"],"inLanguage":"fr-LU"},{"@type":"WebPage","@id":"https:\/\/www.greenpeace.org\/luxembourg\/fr\/rapports\/8960\/rapport-financier-2019\/","url":"https:\/\/www.greenpeace.org\/luxembourg\/fr\/rapports\/8960\/rapport-financier-2019\/","name":"Rapport financier 2019 - Greenpeace Luxembourg","isPartOf":{"@id":"https:\/\/www.greenpeace.org\/luxembourg\/fr\/#website"},"primaryImageOfPage":{"@id":"https:\/\/www.greenpeace.org\/luxembourg\/fr\/rapports\/8960\/rapport-financier-2019\/#primaryimage"},"image":{"@id":"https:\/\/www.greenpeace.org\/luxembourg\/fr\/rapports\/8960\/rapport-financier-2019\/#primaryimage"},"thumbnailUrl":"https:\/\/www.greenpeace.org\/static\/planet4-luxembourg-stateless\/2020\/05\/59cd61df-rapportfinancier_2019.jpg","datePublished":"2020-05-20T07:11:41+00:00","dateModified":"2020-05-20T07:14:29+00:00","breadcrumb":{"@id":"https:\/\/www.greenpeace.org\/luxembourg\/fr\/rapports\/8960\/rapport-financier-2019\/#breadcrumb"},"inLanguage":"fr-LU","potentialAction":[{"@type":"ReadAction","target":["https:\/\/www.greenpeace.org\/luxembourg\/fr\/rapports\/8960\/rapport-financier-2019\/"]}]},{"@type":"ImageObject","inLanguage":"fr-LU","@id":"https:\/\/www.greenpeace.org\/luxembourg\/fr\/rapports\/8960\/rapport-financier-2019\/#primaryimage","url":"https:\/\/www.greenpeace.org\/static\/planet4-luxembourg-stateless\/2020\/05\/59cd61df-rapportfinancier_2019.jpg","contentUrl":"https:\/\/www.greenpeace.org\/static\/planet4-luxembourg-stateless\/2020\/05\/59cd61df-rapportfinancier_2019.jpg","width":210,"height":300},{"@type":"BreadcrumbList","@id":"https:\/\/www.greenpeace.org\/luxembourg\/fr\/rapports\/8960\/rapport-financier-2019\/#breadcrumb","itemListElement":[{"@type":"ListItem","position":1,"name":"Home","item":"https:\/\/www.greenpeace.org\/luxembourg\/fr\/"},{"@type":"ListItem","position":2,"name":"Rapport financier 2019"}]},{"@type":"WebSite","@id":"https:\/\/www.greenpeace.org\/luxembourg\/fr\/#website","url":"https:\/\/www.greenpeace.org\/luxembourg\/fr\/","name":"Greenpeace Luxembourg","description":"Greenpeace existe parce que cette Terre fragile a besoin d&#039;une voix. Elle a besoin de solutions. De changement. D&#039;actions.","publisher":{"@id":"https:\/\/www.greenpeace.org\/luxembourg\/fr\/#organization"},"potentialAction":[{"@type":"SearchAction","target":{"@type":"EntryPoint","urlTemplate":"https:\/\/www.greenpeace.org\/luxembourg\/fr\/?s={search_term_string}"},"query-input":{"@type":"PropertyValueSpecification","valueRequired":true,"valueName":"search_term_string"}}],"inLanguage":"fr-LU"},{"@type":"Organization","@id":"https:\/\/www.greenpeace.org\/luxembourg\/fr\/#organization","name":"Greenpeace Luxembourg","url":"https:\/\/www.greenpeace.org\/luxembourg\/fr\/","logo":{"@type":"ImageObject","inLanguage":"fr-LU","@id":"https:\/\/www.greenpeace.org\/luxembourg\/fr\/#\/schema\/logo\/image\/","url":"https:\/\/www.greenpeace.org\/static\/planet4-luxembourg-stateless\/2026\/03\/3e367f94-greenpeace_logo_green_rgb.png","contentUrl":"https:\/\/www.greenpeace.org\/static\/planet4-luxembourg-stateless\/2026\/03\/3e367f94-greenpeace_logo_green_rgb.png","width":1080,"height":175,"caption":"Greenpeace Luxembourg"},"image":{"@id":"https:\/\/www.greenpeace.org\/luxembourg\/fr\/#\/schema\/logo\/image\/"},"sameAs":["https:\/\/www.facebook.com\/greenpeaceluxembourg","https:\/\/www.instagram.com\/greenpeacelux\/","https:\/\/www.linkedin.com\/company\/greenpeace-luxembourg\/","https:\/\/www.threads.com\/@greenpeacelux","https:\/\/bsky.app\/profile\/greenpeacelux.bsky.social","https:\/\/www.youtube.com\/@GreenpeaceLux","https:\/\/www.tiktok.com\/@greenpeace_lux"]},{"@type":"Person","@id":"https:\/\/www.greenpeace.org\/luxembourg\/fr\/#\/schema\/person\/7d322b18d9b47ed2f3e7a6d8f5641c7f","name":"Lise Bockler","url":"https:\/\/www.greenpeace.org\/luxembourg\/fr\/author\/lbockler\/"}]}},"_links":{"self":[{"href":"https:\/\/www.greenpeace.org\/luxembourg\/fr\/wp-json\/wp\/v2\/posts\/8960","targetHints":{"allow":["GET"]}}],"collection":[{"href":"https:\/\/www.greenpeace.org\/luxembourg\/fr\/wp-json\/wp\/v2\/posts"}],"about":[{"href":"https:\/\/www.greenpeace.org\/luxembourg\/fr\/wp-json\/wp\/v2\/types\/post"}],"author":[{"embeddable":true,"href":"https:\/\/www.greenpeace.org\/luxembourg\/fr\/wp-json\/wp\/v2\/users\/22"}],"replies":[{"embeddable":true,"href":"https:\/\/www.greenpeace.org\/luxembourg\/fr\/wp-json\/wp\/v2\/comments?post=8960"}],"version-history":[{"count":4,"href":"https:\/\/www.greenpeace.org\/luxembourg\/fr\/wp-json\/wp\/v2\/posts\/8960\/revisions"}],"predecessor-version":[{"id":8970,"href":"https:\/\/www.greenpeace.org\/luxembourg\/fr\/wp-json\/wp\/v2\/posts\/8960\/revisions\/8970"}],"wp:featuredmedia":[{"embeddable":true,"href":"https:\/\/www.greenpeace.org\/luxembourg\/fr\/wp-json\/wp\/v2\/media\/8961"}],"wp:attachment":[{"href":"https:\/\/www.greenpeace.org\/luxembourg\/fr\/wp-json\/wp\/v2\/media?parent=8960"}],"wp:term":[{"taxonomy":"category","embeddable":true,"href":"https:\/\/www.greenpeace.org\/luxembourg\/fr\/wp-json\/wp\/v2\/categories?post=8960"},{"taxonomy":"post_tag","embeddable":true,"href":"https:\/\/www.greenpeace.org\/luxembourg\/fr\/wp-json\/wp\/v2\/tags?post=8960"},{"taxonomy":"p4-page-type","embeddable":true,"href":"https:\/\/www.greenpeace.org\/luxembourg\/fr\/wp-json\/wp\/v2\/p4-page-type?post=8960"}],"curies":[{"name":"wp","href":"https:\/\/api.w.org\/{rel}","templated":true}]}}