{"id":8981,"date":"2020-05-27T11:21:19","date_gmt":"2020-05-27T09:21:19","guid":{"rendered":"https:\/\/www.greenpeace.org\/luxembourg\/?p=8981"},"modified":"2021-12-01T17:27:33","modified_gmt":"2021-12-01T15:27:33","slug":"reactive-de-greenpeace-a-lissue-de-la-loi-sur-la-responsabilite-civile-en-matiere-nucleaire","status":"publish","type":"post","link":"https:\/\/www.greenpeace.org\/luxembourg\/fr\/communiques-de-presse\/8981\/reactive-de-greenpeace-a-lissue-de-la-loi-sur-la-responsabilite-civile-en-matiere-nucleaire\/","title":{"rendered":"R\u00e9active de Greenpeace \u00e0 l&#8217;issue de la loi sur la responsabilit\u00e9 civile en mati\u00e8re nucl\u00e9aire"},"content":{"rendered":"\n<p><strong><em>Luxembourg, <\/em><\/strong><strong>le 27 mai 2020 &#8211; <\/strong><strong>Greenpeace salue l\u2019adoption de la nouvelle loi sur la <\/strong><strong>responsabilit\u00e9 civile en mati\u00e8re nucl\u00e9aire.<\/strong><\/p>\n\n<p>Depuis la catastrophe de Fukushima en 2011, Greenpeace a demand\u00e9 \u00e0 plusieurs gouvernements d\u2019\u00e9laborer une telle loi &#8211; en cas d\u2019un accident nucl\u00e9aire, les conventions internationales, tr\u00e8s lacunaires, ne prot\u00e8geraient non pas les victimes mais bien les op\u00e9rateurs des centrales.<\/p>\n\n<p>\u00ab Avec un parc nucl\u00e9aire vieillissant et les projets de prolongation de la dur\u00e9e de vie des r\u00e9acteurs \u00e0 Cattenom et ailleurs en France, les marges de s\u00fbret\u00e9 diminuent et les risques d\u2019un accident augmentent \u00bb, regrette Roger Spautz, charg\u00e9 de campagne nucl\u00e9aire de Greenpeace.<\/p>\n\n<p>L\u2019organisation demande au gouvernement de s\u2019engager contre la prolongation de la dur\u00e9e de vie des r\u00e9acteurs dans les pays voisins et contre le projet de stockage g\u00e9ologique des d\u00e9chets radioactifs en Belgique pr\u00e8s de la fronti\u00e8re luxembourgeoise.<\/p>\n\t\t\t<section\n\t\t\tclass=\"boxout post-428 \"\n\t\t\t\n\t\t>\n\t\t\t<a\n\t\t\t\tdata-ga-category=\"Take Action Boxout\"\n\t\t\t\tdata-ga-action=\"Image\"\n\t\t\t\tdata-ga-label=\"n\/a\"\n\t\t\t\tclass=\"cover-card-overlay\"\n\t\t\t\thref=\"https:\/\/www.greenpeace.org\/luxembourg\/fr\/agir\/exigeons-la-fin-du-nucleaire\/\" \n\t\t\t><\/a>\n\t\t\t\t\t\t\t<img\n\t\t\t\t\t\tsrc=\"https:\/\/www.greenpeace.org\/static\/planet4-luxembourg-stateless\/2020\/07\/e0610c64-nuclear_waste.jpg\"\n\t\t\t\t\t\tsrcset=\"https:\/\/www.greenpeace.org\/static\/planet4-luxembourg-stateless\/2020\/07\/e0610c64-nuclear_waste-300x199.jpg 300w, https:\/\/www.greenpeace.org\/static\/planet4-luxembourg-stateless\/2020\/07\/e0610c64-nuclear_waste-768x510.jpg 768w, https:\/\/www.greenpeace.org\/static\/planet4-luxembourg-stateless\/2020\/07\/e0610c64-nuclear_waste-510x338.jpg 510w, https:\/\/www.greenpeace.org\/static\/planet4-luxembourg-stateless\/2020\/07\/e0610c64-nuclear_waste.jpg 999w\"\n\t\t\t\t\t\tsizes=\"(min-width: 1000px) 358px, (min-width: 780px) 313px, 88px\"\n\t\t\t\t\t\talt=\"\" title=\"\"\n\t\t\t\t\/>\n            \t\t\t<div class=\"boxout-content\">\n\t\t\t\t\t\t\t\t\t<a\n\t\t\t\t\t\tclass=\"boxout-heading medium\"\n\t\t\t\t\t\tdata-ga-category=\"Take Action Boxout\"\n\t\t\t\t\t\tdata-ga-action=\"Title\"\n\t\t\t\t\t\tdata-ga-label=\"n\/a\"\n\t\t\t\t\t\thref=\"https:\/\/www.greenpeace.org\/luxembourg\/fr\/agir\/exigeons-la-fin-du-nucleaire\/\"\n\t\t\t\t\t\t\n\t\t\t\t\t>\n\t\t\t\t\t\t\u00c9xigeons la fin du nucl\u00e9aire\n\t\t\t\t\t<\/a>\n\t\t\t\t\t\t\t\t\t\t\t\t\t<p class=\"boxout-excerpt\">Le risque Z\u00e9ro n\u2019existe pas.\nFissures, fragilit\u00e9 des structures, anomalies de construction, les installations nous r\u00e9servent chaque fois plus de surprises et les d\u00e9chets sont ing\u00e9rables. <\/p>\n\t\t\t\t                                    <a\n                        class=\"btn btn-primary\"\n                        data-ga-category=\"Take Action Boxout\"\n                        data-ga-action=\"Call to Action\"\n                        data-ga-label=\"n\/a\"\n                        href=\"https:\/\/www.greenpeace.org\/luxembourg\/fr\/agir\/exigeons-la-fin-du-nucleaire\/\"\n                        \n                    >\n                        S&#039;engager\n                    <\/a>\n                \t\t\t<\/div>\n\t\t\t\t\t<\/section>\n\t","protected":false},"excerpt":{"rendered":"<p>Depuis la catastrophe de Fukushima en 2011, Greenpeace a demand\u00e9 \u00e0 plusieurs gouvernements d\u2019\u00e9laborer une telle loi &#8211; en cas d\u2019un accident nucl\u00e9aire, les conventions internationales, tr\u00e8s&#8230;<\/p>\n","protected":false},"author":25,"featured_media":8982,"comment_status":"closed","ping_status":"closed","sticky":false,"template":"","format":"standard","meta":{"ep_exclude_from_search":false,"p4_og_title":"","p4_og_description":"","p4_og_image":"","p4_og_image_id":"","p4_seo_canonical_url":"","p4_campaign_name":"not set","p4_local_project":"not set","p4_basket_name":"not set","p4_department":"","footnotes":""},"categories":[42],"tags":[30,32],"p4-page-type":[83],"class_list":["post-8981","post","type-post","status-publish","format-standard","has-post-thumbnail","hentry","category-energie","tag-nucleaire","tag-luxembourg","p4-page-type-communiques-de-presse"],"yoast_head":"<!-- This site is optimized with the Yoast SEO Premium plugin v23.9 (Yoast SEO v23.9) - https:\/\/yoast.com\/wordpress\/plugins\/seo\/ -->\n<title>R\u00e9active de Greenpeace \u00e0 l&#039;issue de la loi sur la responsabilit\u00e9 civile en mati\u00e8re nucl\u00e9aire - Greenpeace Luxembourg<\/title>\n<meta name=\"robots\" content=\"index, follow, max-snippet:-1, max-image-preview:large, max-video-preview:-1\" \/>\n<link rel=\"canonical\" href=\"https:\/\/www.greenpeace.org\/luxembourg\/fr\/communiques-de-presse\/8981\/reactive-de-greenpeace-a-lissue-de-la-loi-sur-la-responsabilite-civile-en-matiere-nucleaire\/\" \/>\n<meta property=\"og:locale\" content=\"fr_FR\" \/>\n<meta property=\"og:type\" content=\"article\" \/>\n<meta property=\"og:title\" content=\"R\u00e9active de Greenpeace \u00e0 l&#039;issue de la loi sur la responsabilit\u00e9 civile en mati\u00e8re nucl\u00e9aire\" \/>\n<meta property=\"og:description\" content=\"Depuis la catastrophe de Fukushima en 2011, Greenpeace a demand\u00e9 \u00e0 plusieurs gouvernements d\u2019\u00e9laborer une telle loi - en cas d\u2019un accident nucl\u00e9aire, les conventions internationales, tr\u00e8s...\" \/>\n<meta property=\"og:url\" content=\"https:\/\/www.greenpeace.org\/luxembourg\/fr\/communiques-de-presse\/8981\/reactive-de-greenpeace-a-lissue-de-la-loi-sur-la-responsabilite-civile-en-matiere-nucleaire\/\" \/>\n<meta property=\"og:site_name\" content=\"Greenpeace Luxembourg\" \/>\n<meta property=\"article:publisher\" content=\"https:\/\/www.facebook.com\/greenpeaceluxembourg\" \/>\n<meta property=\"article:published_time\" content=\"2020-05-27T09:21:19+00:00\" \/>\n<meta property=\"article:modified_time\" content=\"2021-12-01T15:27:33+00:00\" \/>\n<meta property=\"og:image\" content=\"https:\/\/www.greenpeace.org\/static\/planet4-luxembourg-stateless\/2020\/05\/df8ed536-gp0sto94o.jpg\" \/>\n\t<meta property=\"og:image:width\" content=\"1200\" \/>\n\t<meta property=\"og:image:height\" content=\"799\" \/>\n\t<meta property=\"og:image:type\" content=\"image\/jpeg\" \/>\n<meta name=\"author\" content=\"Esther Wildanger\" \/>\n<meta name=\"twitter:card\" content=\"summary_large_image\" \/>\n<meta name=\"twitter:label1\" content=\"Written by\" \/>\n\t<meta name=\"twitter:data1\" content=\"Esther Wildanger\" \/>\n\t<meta name=\"twitter:label2\" content=\"Est. reading time\" \/>\n\t<meta name=\"twitter:data2\" content=\"1 minute\" \/>\n<script type=\"application\/ld+json\" class=\"yoast-schema-graph\">{\"@context\":\"https:\/\/schema.org\",\"@graph\":[{\"@type\":\"Article\",\"@id\":\"https:\/\/www.greenpeace.org\/luxembourg\/fr\/communiques-de-presse\/8981\/reactive-de-greenpeace-a-lissue-de-la-loi-sur-la-responsabilite-civile-en-matiere-nucleaire\/#article\",\"isPartOf\":{\"@id\":\"https:\/\/www.greenpeace.org\/luxembourg\/fr\/communiques-de-presse\/8981\/reactive-de-greenpeace-a-lissue-de-la-loi-sur-la-responsabilite-civile-en-matiere-nucleaire\/\"},\"author\":{\"name\":\"Esther Wildanger\",\"@id\":\"https:\/\/www.greenpeace.org\/luxembourg\/fr\/#\/schema\/person\/3d0e81a859b59009fec36a8552ef76a7\"},\"headline\":\"R\u00e9active de Greenpeace \u00e0 l&#8217;issue de la loi sur la responsabilit\u00e9 civile en mati\u00e8re nucl\u00e9aire\",\"datePublished\":\"2020-05-27T09:21:19+00:00\",\"dateModified\":\"2021-12-01T15:27:33+00:00\",\"mainEntityOfPage\":{\"@id\":\"https:\/\/www.greenpeace.org\/luxembourg\/fr\/communiques-de-presse\/8981\/reactive-de-greenpeace-a-lissue-de-la-loi-sur-la-responsabilite-civile-en-matiere-nucleaire\/\"},\"wordCount\":176,\"publisher\":{\"@id\":\"https:\/\/www.greenpeace.org\/luxembourg\/fr\/#organization\"},\"image\":{\"@id\":\"https:\/\/www.greenpeace.org\/luxembourg\/fr\/communiques-de-presse\/8981\/reactive-de-greenpeace-a-lissue-de-la-loi-sur-la-responsabilite-civile-en-matiere-nucleaire\/#primaryimage\"},\"thumbnailUrl\":\"https:\/\/www.greenpeace.org\/static\/planet4-luxembourg-stateless\/2020\/05\/df8ed536-gp0sto94o.jpg\",\"keywords\":[\"Nucl\u00e9aire\",\"Luxembourg\"],\"articleSection\":[\"\u00c9nergie\"],\"inLanguage\":\"fr-LU\"},{\"@type\":\"WebPage\",\"@id\":\"https:\/\/www.greenpeace.org\/luxembourg\/fr\/communiques-de-presse\/8981\/reactive-de-greenpeace-a-lissue-de-la-loi-sur-la-responsabilite-civile-en-matiere-nucleaire\/\",\"url\":\"https:\/\/www.greenpeace.org\/luxembourg\/fr\/communiques-de-presse\/8981\/reactive-de-greenpeace-a-lissue-de-la-loi-sur-la-responsabilite-civile-en-matiere-nucleaire\/\",\"name\":\"R\u00e9active de Greenpeace \u00e0 l'issue de la loi sur la responsabilit\u00e9 civile en mati\u00e8re nucl\u00e9aire - Greenpeace Luxembourg\",\"isPartOf\":{\"@id\":\"https:\/\/www.greenpeace.org\/luxembourg\/fr\/#website\"},\"primaryImageOfPage\":{\"@id\":\"https:\/\/www.greenpeace.org\/luxembourg\/fr\/communiques-de-presse\/8981\/reactive-de-greenpeace-a-lissue-de-la-loi-sur-la-responsabilite-civile-en-matiere-nucleaire\/#primaryimage\"},\"image\":{\"@id\":\"https:\/\/www.greenpeace.org\/luxembourg\/fr\/communiques-de-presse\/8981\/reactive-de-greenpeace-a-lissue-de-la-loi-sur-la-responsabilite-civile-en-matiere-nucleaire\/#primaryimage\"},\"thumbnailUrl\":\"https:\/\/www.greenpeace.org\/static\/planet4-luxembourg-stateless\/2020\/05\/df8ed536-gp0sto94o.jpg\",\"datePublished\":\"2020-05-27T09:21:19+00:00\",\"dateModified\":\"2021-12-01T15:27:33+00:00\",\"breadcrumb\":{\"@id\":\"https:\/\/www.greenpeace.org\/luxembourg\/fr\/communiques-de-presse\/8981\/reactive-de-greenpeace-a-lissue-de-la-loi-sur-la-responsabilite-civile-en-matiere-nucleaire\/#breadcrumb\"},\"inLanguage\":\"fr-LU\",\"potentialAction\":[{\"@type\":\"ReadAction\",\"target\":[\"https:\/\/www.greenpeace.org\/luxembourg\/fr\/communiques-de-presse\/8981\/reactive-de-greenpeace-a-lissue-de-la-loi-sur-la-responsabilite-civile-en-matiere-nucleaire\/\"]}]},{\"@type\":\"ImageObject\",\"inLanguage\":\"fr-LU\",\"@id\":\"https:\/\/www.greenpeace.org\/luxembourg\/fr\/communiques-de-presse\/8981\/reactive-de-greenpeace-a-lissue-de-la-loi-sur-la-responsabilite-civile-en-matiere-nucleaire\/#primaryimage\",\"url\":\"https:\/\/www.greenpeace.org\/static\/planet4-luxembourg-stateless\/2020\/05\/df8ed536-gp0sto94o.jpg\",\"contentUrl\":\"https:\/\/www.greenpeace.org\/static\/planet4-luxembourg-stateless\/2020\/05\/df8ed536-gp0sto94o.jpg\",\"width\":1200,\"height\":799,\"caption\":\"Greenpeace activists protest with tape bearing the message \\\"The End\\\" against the aging Tihange nuclear power plant in Belgium.\"},{\"@type\":\"BreadcrumbList\",\"@id\":\"https:\/\/www.greenpeace.org\/luxembourg\/fr\/communiques-de-presse\/8981\/reactive-de-greenpeace-a-lissue-de-la-loi-sur-la-responsabilite-civile-en-matiere-nucleaire\/#breadcrumb\",\"itemListElement\":[{\"@type\":\"ListItem\",\"position\":1,\"name\":\"Home\",\"item\":\"https:\/\/www.greenpeace.org\/luxembourg\/fr\/\"},{\"@type\":\"ListItem\",\"position\":2,\"name\":\"R\u00e9active de Greenpeace \u00e0 l&#8217;issue de la loi sur la responsabilit\u00e9 civile en mati\u00e8re nucl\u00e9aire\"}]},{\"@type\":\"WebSite\",\"@id\":\"https:\/\/www.greenpeace.org\/luxembourg\/fr\/#website\",\"url\":\"https:\/\/www.greenpeace.org\/luxembourg\/fr\/\",\"name\":\"Greenpeace Luxembourg\",\"description\":\"Greenpeace existe parce que cette Terre fragile a besoin d&#039;une voix. Elle a besoin de solutions. De changement. D&#039;actions.\",\"publisher\":{\"@id\":\"https:\/\/www.greenpeace.org\/luxembourg\/fr\/#organization\"},\"potentialAction\":[{\"@type\":\"SearchAction\",\"target\":{\"@type\":\"EntryPoint\",\"urlTemplate\":\"https:\/\/www.greenpeace.org\/luxembourg\/fr\/?s={search_term_string}\"},\"query-input\":{\"@type\":\"PropertyValueSpecification\",\"valueRequired\":true,\"valueName\":\"search_term_string\"}}],\"inLanguage\":\"fr-LU\"},{\"@type\":\"Organization\",\"@id\":\"https:\/\/www.greenpeace.org\/luxembourg\/fr\/#organization\",\"name\":\"Greenpeace Luxembourg\",\"url\":\"https:\/\/www.greenpeace.org\/luxembourg\/fr\/\",\"logo\":{\"@type\":\"ImageObject\",\"inLanguage\":\"fr-LU\",\"@id\":\"https:\/\/www.greenpeace.org\/luxembourg\/fr\/#\/schema\/logo\/image\/\",\"url\":\"https:\/\/www.greenpeace.org\/static\/planet4-luxembourg-stateless\/2026\/03\/3e367f94-greenpeace_logo_green_rgb.png\",\"contentUrl\":\"https:\/\/www.greenpeace.org\/static\/planet4-luxembourg-stateless\/2026\/03\/3e367f94-greenpeace_logo_green_rgb.png\",\"width\":1080,\"height\":175,\"caption\":\"Greenpeace Luxembourg\"},\"image\":{\"@id\":\"https:\/\/www.greenpeace.org\/luxembourg\/fr\/#\/schema\/logo\/image\/\"},\"sameAs\":[\"https:\/\/www.facebook.com\/greenpeaceluxembourg\",\"https:\/\/www.instagram.com\/greenpeacelux\/\",\"https:\/\/www.linkedin.com\/company\/greenpeace-luxembourg\/\",\"https:\/\/www.threads.com\/@greenpeacelux\",\"https:\/\/bsky.app\/profile\/greenpeacelux.bsky.social\",\"https:\/\/www.youtube.com\/@GreenpeaceLux\",\"https:\/\/www.tiktok.com\/@greenpeace_lux\"]},{\"@type\":\"Person\",\"@id\":\"https:\/\/www.greenpeace.org\/luxembourg\/fr\/#\/schema\/person\/3d0e81a859b59009fec36a8552ef76a7\",\"name\":\"Esther Wildanger\",\"url\":\"https:\/\/www.greenpeace.org\/luxembourg\/fr\/author\/ewildang\/\"}]}<\/script>\n<!-- \/ Yoast SEO Premium plugin. -->","yoast_head_json":{"title":"R\u00e9active de Greenpeace \u00e0 l'issue de la loi sur la responsabilit\u00e9 civile en mati\u00e8re nucl\u00e9aire - Greenpeace Luxembourg","robots":{"index":"index","follow":"follow","max-snippet":"max-snippet:-1","max-image-preview":"max-image-preview:large","max-video-preview":"max-video-preview:-1"},"canonical":"https:\/\/www.greenpeace.org\/luxembourg\/fr\/communiques-de-presse\/8981\/reactive-de-greenpeace-a-lissue-de-la-loi-sur-la-responsabilite-civile-en-matiere-nucleaire\/","og_locale":"fr_FR","og_type":"article","og_title":"R\u00e9active de Greenpeace \u00e0 l'issue de la loi sur la responsabilit\u00e9 civile en mati\u00e8re nucl\u00e9aire","og_description":"Depuis la catastrophe de Fukushima en 2011, Greenpeace a demand\u00e9 \u00e0 plusieurs gouvernements d\u2019\u00e9laborer une telle loi - en cas d\u2019un accident nucl\u00e9aire, les conventions internationales, tr\u00e8s...","og_url":"https:\/\/www.greenpeace.org\/luxembourg\/fr\/communiques-de-presse\/8981\/reactive-de-greenpeace-a-lissue-de-la-loi-sur-la-responsabilite-civile-en-matiere-nucleaire\/","og_site_name":"Greenpeace Luxembourg","article_publisher":"https:\/\/www.facebook.com\/greenpeaceluxembourg","article_published_time":"2020-05-27T09:21:19+00:00","article_modified_time":"2021-12-01T15:27:33+00:00","og_image":[{"width":1200,"height":799,"url":"https:\/\/www.greenpeace.org\/static\/planet4-luxembourg-stateless\/2020\/05\/df8ed536-gp0sto94o.jpg","type":"image\/jpeg"}],"author":"Esther Wildanger","twitter_card":"summary_large_image","twitter_misc":{"Written by":"Esther Wildanger","Est. reading time":"1 minute"},"schema":{"@context":"https:\/\/schema.org","@graph":[{"@type":"Article","@id":"https:\/\/www.greenpeace.org\/luxembourg\/fr\/communiques-de-presse\/8981\/reactive-de-greenpeace-a-lissue-de-la-loi-sur-la-responsabilite-civile-en-matiere-nucleaire\/#article","isPartOf":{"@id":"https:\/\/www.greenpeace.org\/luxembourg\/fr\/communiques-de-presse\/8981\/reactive-de-greenpeace-a-lissue-de-la-loi-sur-la-responsabilite-civile-en-matiere-nucleaire\/"},"author":{"name":"Esther Wildanger","@id":"https:\/\/www.greenpeace.org\/luxembourg\/fr\/#\/schema\/person\/3d0e81a859b59009fec36a8552ef76a7"},"headline":"R\u00e9active de Greenpeace \u00e0 l&#8217;issue de la loi sur la responsabilit\u00e9 civile en mati\u00e8re nucl\u00e9aire","datePublished":"2020-05-27T09:21:19+00:00","dateModified":"2021-12-01T15:27:33+00:00","mainEntityOfPage":{"@id":"https:\/\/www.greenpeace.org\/luxembourg\/fr\/communiques-de-presse\/8981\/reactive-de-greenpeace-a-lissue-de-la-loi-sur-la-responsabilite-civile-en-matiere-nucleaire\/"},"wordCount":176,"publisher":{"@id":"https:\/\/www.greenpeace.org\/luxembourg\/fr\/#organization"},"image":{"@id":"https:\/\/www.greenpeace.org\/luxembourg\/fr\/communiques-de-presse\/8981\/reactive-de-greenpeace-a-lissue-de-la-loi-sur-la-responsabilite-civile-en-matiere-nucleaire\/#primaryimage"},"thumbnailUrl":"https:\/\/www.greenpeace.org\/static\/planet4-luxembourg-stateless\/2020\/05\/df8ed536-gp0sto94o.jpg","keywords":["Nucl\u00e9aire","Luxembourg"],"articleSection":["\u00c9nergie"],"inLanguage":"fr-LU"},{"@type":"WebPage","@id":"https:\/\/www.greenpeace.org\/luxembourg\/fr\/communiques-de-presse\/8981\/reactive-de-greenpeace-a-lissue-de-la-loi-sur-la-responsabilite-civile-en-matiere-nucleaire\/","url":"https:\/\/www.greenpeace.org\/luxembourg\/fr\/communiques-de-presse\/8981\/reactive-de-greenpeace-a-lissue-de-la-loi-sur-la-responsabilite-civile-en-matiere-nucleaire\/","name":"R\u00e9active de Greenpeace \u00e0 l'issue de la loi sur la responsabilit\u00e9 civile en mati\u00e8re nucl\u00e9aire - Greenpeace Luxembourg","isPartOf":{"@id":"https:\/\/www.greenpeace.org\/luxembourg\/fr\/#website"},"primaryImageOfPage":{"@id":"https:\/\/www.greenpeace.org\/luxembourg\/fr\/communiques-de-presse\/8981\/reactive-de-greenpeace-a-lissue-de-la-loi-sur-la-responsabilite-civile-en-matiere-nucleaire\/#primaryimage"},"image":{"@id":"https:\/\/www.greenpeace.org\/luxembourg\/fr\/communiques-de-presse\/8981\/reactive-de-greenpeace-a-lissue-de-la-loi-sur-la-responsabilite-civile-en-matiere-nucleaire\/#primaryimage"},"thumbnailUrl":"https:\/\/www.greenpeace.org\/static\/planet4-luxembourg-stateless\/2020\/05\/df8ed536-gp0sto94o.jpg","datePublished":"2020-05-27T09:21:19+00:00","dateModified":"2021-12-01T15:27:33+00:00","breadcrumb":{"@id":"https:\/\/www.greenpeace.org\/luxembourg\/fr\/communiques-de-presse\/8981\/reactive-de-greenpeace-a-lissue-de-la-loi-sur-la-responsabilite-civile-en-matiere-nucleaire\/#breadcrumb"},"inLanguage":"fr-LU","potentialAction":[{"@type":"ReadAction","target":["https:\/\/www.greenpeace.org\/luxembourg\/fr\/communiques-de-presse\/8981\/reactive-de-greenpeace-a-lissue-de-la-loi-sur-la-responsabilite-civile-en-matiere-nucleaire\/"]}]},{"@type":"ImageObject","inLanguage":"fr-LU","@id":"https:\/\/www.greenpeace.org\/luxembourg\/fr\/communiques-de-presse\/8981\/reactive-de-greenpeace-a-lissue-de-la-loi-sur-la-responsabilite-civile-en-matiere-nucleaire\/#primaryimage","url":"https:\/\/www.greenpeace.org\/static\/planet4-luxembourg-stateless\/2020\/05\/df8ed536-gp0sto94o.jpg","contentUrl":"https:\/\/www.greenpeace.org\/static\/planet4-luxembourg-stateless\/2020\/05\/df8ed536-gp0sto94o.jpg","width":1200,"height":799,"caption":"Greenpeace activists protest with tape bearing the message \"The End\" against the aging Tihange nuclear power plant in Belgium."},{"@type":"BreadcrumbList","@id":"https:\/\/www.greenpeace.org\/luxembourg\/fr\/communiques-de-presse\/8981\/reactive-de-greenpeace-a-lissue-de-la-loi-sur-la-responsabilite-civile-en-matiere-nucleaire\/#breadcrumb","itemListElement":[{"@type":"ListItem","position":1,"name":"Home","item":"https:\/\/www.greenpeace.org\/luxembourg\/fr\/"},{"@type":"ListItem","position":2,"name":"R\u00e9active de Greenpeace \u00e0 l&#8217;issue de la loi sur la responsabilit\u00e9 civile en mati\u00e8re nucl\u00e9aire"}]},{"@type":"WebSite","@id":"https:\/\/www.greenpeace.org\/luxembourg\/fr\/#website","url":"https:\/\/www.greenpeace.org\/luxembourg\/fr\/","name":"Greenpeace Luxembourg","description":"Greenpeace existe parce que cette Terre fragile a besoin d&#039;une voix. Elle a besoin de solutions. De changement. D&#039;actions.","publisher":{"@id":"https:\/\/www.greenpeace.org\/luxembourg\/fr\/#organization"},"potentialAction":[{"@type":"SearchAction","target":{"@type":"EntryPoint","urlTemplate":"https:\/\/www.greenpeace.org\/luxembourg\/fr\/?s={search_term_string}"},"query-input":{"@type":"PropertyValueSpecification","valueRequired":true,"valueName":"search_term_string"}}],"inLanguage":"fr-LU"},{"@type":"Organization","@id":"https:\/\/www.greenpeace.org\/luxembourg\/fr\/#organization","name":"Greenpeace Luxembourg","url":"https:\/\/www.greenpeace.org\/luxembourg\/fr\/","logo":{"@type":"ImageObject","inLanguage":"fr-LU","@id":"https:\/\/www.greenpeace.org\/luxembourg\/fr\/#\/schema\/logo\/image\/","url":"https:\/\/www.greenpeace.org\/static\/planet4-luxembourg-stateless\/2026\/03\/3e367f94-greenpeace_logo_green_rgb.png","contentUrl":"https:\/\/www.greenpeace.org\/static\/planet4-luxembourg-stateless\/2026\/03\/3e367f94-greenpeace_logo_green_rgb.png","width":1080,"height":175,"caption":"Greenpeace Luxembourg"},"image":{"@id":"https:\/\/www.greenpeace.org\/luxembourg\/fr\/#\/schema\/logo\/image\/"},"sameAs":["https:\/\/www.facebook.com\/greenpeaceluxembourg","https:\/\/www.instagram.com\/greenpeacelux\/","https:\/\/www.linkedin.com\/company\/greenpeace-luxembourg\/","https:\/\/www.threads.com\/@greenpeacelux","https:\/\/bsky.app\/profile\/greenpeacelux.bsky.social","https:\/\/www.youtube.com\/@GreenpeaceLux","https:\/\/www.tiktok.com\/@greenpeace_lux"]},{"@type":"Person","@id":"https:\/\/www.greenpeace.org\/luxembourg\/fr\/#\/schema\/person\/3d0e81a859b59009fec36a8552ef76a7","name":"Esther Wildanger","url":"https:\/\/www.greenpeace.org\/luxembourg\/fr\/author\/ewildang\/"}]}},"_links":{"self":[{"href":"https:\/\/www.greenpeace.org\/luxembourg\/fr\/wp-json\/wp\/v2\/posts\/8981","targetHints":{"allow":["GET"]}}],"collection":[{"href":"https:\/\/www.greenpeace.org\/luxembourg\/fr\/wp-json\/wp\/v2\/posts"}],"about":[{"href":"https:\/\/www.greenpeace.org\/luxembourg\/fr\/wp-json\/wp\/v2\/types\/post"}],"author":[{"embeddable":true,"href":"https:\/\/www.greenpeace.org\/luxembourg\/fr\/wp-json\/wp\/v2\/users\/25"}],"replies":[{"embeddable":true,"href":"https:\/\/www.greenpeace.org\/luxembourg\/fr\/wp-json\/wp\/v2\/comments?post=8981"}],"version-history":[{"count":4,"href":"https:\/\/www.greenpeace.org\/luxembourg\/fr\/wp-json\/wp\/v2\/posts\/8981\/revisions"}],"predecessor-version":[{"id":12948,"href":"https:\/\/www.greenpeace.org\/luxembourg\/fr\/wp-json\/wp\/v2\/posts\/8981\/revisions\/12948"}],"wp:featuredmedia":[{"embeddable":true,"href":"https:\/\/www.greenpeace.org\/luxembourg\/fr\/wp-json\/wp\/v2\/media\/8982"}],"wp:attachment":[{"href":"https:\/\/www.greenpeace.org\/luxembourg\/fr\/wp-json\/wp\/v2\/media?parent=8981"}],"wp:term":[{"taxonomy":"category","embeddable":true,"href":"https:\/\/www.greenpeace.org\/luxembourg\/fr\/wp-json\/wp\/v2\/categories?post=8981"},{"taxonomy":"post_tag","embeddable":true,"href":"https:\/\/www.greenpeace.org\/luxembourg\/fr\/wp-json\/wp\/v2\/tags?post=8981"},{"taxonomy":"p4-page-type","embeddable":true,"href":"https:\/\/www.greenpeace.org\/luxembourg\/fr\/wp-json\/wp\/v2\/p4-page-type?post=8981"}],"curies":[{"name":"wp","href":"https:\/\/api.w.org\/{rel}","templated":true}]}}