{"id":9200,"date":"2020-06-18T09:44:57","date_gmt":"2020-06-18T07:44:57","guid":{"rendered":"https:\/\/www.greenpeace.org\/luxembourg\/?p=9200"},"modified":"2021-12-01T17:27:14","modified_gmt":"2021-12-01T15:27:14","slug":"mise-en-garde-de-greenpeace-la-reponse-au-covid-19-profite-aux-combustibles-fossiles","status":"publish","type":"post","link":"https:\/\/www.greenpeace.org\/luxembourg\/fr\/communiques-de-presse\/9200\/mise-en-garde-de-greenpeace-la-reponse-au-covid-19-profite-aux-combustibles-fossiles\/","title":{"rendered":"Mise en garde de Greenpeace : la r\u00e9ponse au Covid-19 profite aux combustibles fossiles"},"content":{"rendered":"\n<p><em>Luxembourg, 18 juin 202<\/em><em>0<\/em> &#8211;<strong> Au-del\u00e0 des plans de sauvetage controvers\u00e9s des entreprises, <\/strong><a href=\"https:\/\/storage.googleapis.com\/planet4-netherlands-stateless\/2020\/06\/f3a54f1f-report-covid-recovery.pdf\"><strong>une enqu\u00eate de Greenpeace<\/strong><\/a><strong> montre que tout un \u00e9ventail de mesures \u00e9conomiques, comme la politique macro\u00e9conomique, les m\u00e9canismes d\u2019all\u00e9gements fiscaux, la r\u00e9duction des droits d&#8217;accises ainsi que des changements dans les cadres de r\u00e9glementations profitent aux secteurs des \u00e9nergies fossiles et \u00e0 haute intensit\u00e9 de charbon.&nbsp;<\/strong><\/p>\n\n<p>Le 19 juin, les chefs d\u2019\u00c9tat se r\u00e9uniront au Conseil europ\u00e9en o\u00f9 il sera de leur devoir de veiller \u00e0 ce que les mesures \u00e9conomiques et les fonds de relance soient utilis\u00e9s uniquement \u00e0 des fins vertes et socialement justes.<\/p>\n\n<p>L\u2019UE a propos\u00e9 d\u2019investir environ 4 trillions d\u2019euros (4 000 000 000 000) dans l\u2019\u00e9conomie europ\u00e9enne afin de se remettre de la crise sanitaire. <a href=\"https:\/\/ec.europa.eu\/commission\/presscorner\/detail\/en\/speech_20_769\">3.4 trillion<\/a> ont d\u00e9j\u00e0 \u00e9t\u00e9 approuv\u00e9s et la Commission de l\u2019UE vient d\u2019en proposer <a href=\"https:\/\/ec.europa.eu\/commission\/presscorner\/detail\/en\/speech_20_941\">750 billions (750 000 000 000) suppl\u00e9mentaires pour la relance<\/a>. Soit plus de <a href=\"https:\/\/ec.europa.eu\/commission\/presscorner\/detail\/en\/speech_20_769\">25% du PIB de l\u2019Europe<\/a> et presque 9000 d\u2019euros par citoyen.&nbsp;<\/p>\n\n<p>Plus de la moiti\u00e9 de cette somme sera sans doute consacr\u00e9e aux aides d\u2019\u00c9tat. Si ces investissements ne sont pas assortis de conditions vertes obligatoires ni de garantie de conformit\u00e9 \u00e0 l&#8217;accord de Paris, c\u2019est toute l&#8217;industrie fossile qui risque de b\u00e9n\u00e9ficier de cet argent, par le biais de plans de sauvetage toxiques et de mesures \u00e9conomiques suppl\u00e9mentaires.<\/p>\n\n<p>Le<a href=\"https:\/\/www.greenpeace.org\/eu-unit\/issues\/climate-energy\/2725\/airline-bailout-tracker\/\"> renflouement de l&#8217;industrie a\u00e9ronautique<\/a> est l\u2019exemple le plus rapport\u00e9 de ce soutien, puisque les investissements en aides d&#8217;\u00c9tat atteignent \u00e0 l\u2019heure actuelle pr\u00e8s de 33 milliards d&#8217;euros. Cependant &#8211; et il s\u2019agit l\u00e0 d\u2019un probl\u00e8me bien moins visible que les chercheurs ont explor\u00e9 &#8211; une s\u00e9rie de mesures dans les programmes de relance permettent aux gouvernements nationaux d\u2019aider l\u2019industrie des combustibles fossiles. Quatre diff\u00e9rents canaux de soutien aux entreprises de combustibles fossiles li\u00e9s au Covid-19 ont \u00e9t\u00e9 \u00e9tudi\u00e9s : taxation, soutien fiscal hors taxe, outils mon\u00e9taires et plusieurs types d\u2019aide de r\u00e9glementation. Dans chacune de ces quatre cat\u00e9gories, des signes de soutien volontaires ou fortuits aux combustibles fossiles et aux entreprises connexes ont \u00e9t\u00e9 expos\u00e9s.<\/p>\n\n<p><em>\u201cNous avons constat\u00e9 que les gouvernements prennent en douce de nouvelles mesures \u00e9conomiques qui garantissent une seconde chance aux gros pollueurs, ce qui risque de nous mettre pour de bon sur les rails de plusieurs d\u00e9cennies d\u2019\u00e9missions de gaz \u00e0 effet de serre suppl\u00e9mentaires. Le gouvernement luxembourgeois a aussi d\u00e9cid\u00e9 de suspendre de fa\u00e7on ind\u00e9termin\u00e9e certaines accises d\u00e9j\u00e0 pr\u00e9vues sur l&#8217;essence et le diesel. Que ce soit intentionnel ou accidentel, les gouvernements qui utilisent de l\u2019argent public pour quoi que ce soit d\u2019autre qu\u2019une reprise verte et juste sont inexcusables.\u201d <\/em>affirme <strong>Frank Thinnes<\/strong>, charg\u00e9 de campagne Climat et \u00c9nergie pour Greenpeace Luxembourg.<\/p>\n\n<p>L\u2019organisation exhorte la Commission europ\u00e9enne \u00e0 mettre en oeuvre un observatoire pour une relance durable et \u00e9cologique, charg\u00e9 de surveiller les programmes \u00e9conomiques de toute l\u2019Union Europ\u00e9enne, au niveau national et international, et de s\u2019assurer qu\u2019ils soient conformes aux objectifs de l\u2019accord de Paris, qui exclut le secteur des combustibles fossiles des pr\u00eats publics subventionn\u00e9s. Ces fonds ne doivent pas alimenter les pollueurs ni les profits individuels, au d\u00e9pend de la plan\u00e8te et de la sant\u00e9 publique. Greenpeace demande aussi \u00e0 ce que les mesures prot\u00e8gent les moyens de subsistance de chacun et pr\u00e9servent les droits humains fondamentaux.<\/p>\n\n<p>\u201c<em>Dix-neuf gouvernements nationaux \u00e0 travers l\u2019Europe ont soutenu publiquement l\u2019importance d\u2019une relance \u00e9cologique et sociale. Ils continuent pourtant de jeter l\u2019argent public dans les industries toxiques et de d\u00e9ployer des filets de s\u00e9curit\u00e9 qui permettent \u00e0 l\u2019industrie p\u00e9troli\u00e8re, gazi\u00e8re et charbonni\u00e8re de survivre. Demain, nos dirigeant\u00b7es nationaux se rencontrent pour discuter de la relance europ\u00e9enne \u00e0 long terme : ils doivent sans tarder mettre en place des garanties environnementales sur l\u2019argent qui est investi en ce moment-m\u00eame. Nous ne pouvons pas nous permettre de voir un seul euro gaspill\u00e9 dans les responsables de la crise climatique, quand nous sommes d\u00e9j\u00e0 en train de foncer vers le point de non-retour.<\/em>\u201d conclut Frank Thinnes.<\/p>\n<div class=\"EmptyMessage\">Block content is empty. Check the block&#8217;s settings or remove it.<\/div>","protected":false},"excerpt":{"rendered":"<p>Au-del\u00e0 des plans de sauvetage controvers\u00e9s des entreprises, une enqu\u00eate de Greenpeace montre que tout un \u00e9ventail de mesures \u00e9conomiques, comme la politique macro\u00e9conomique, les&hellip;<\/p>\n","protected":false},"author":25,"featured_media":9203,"comment_status":"closed","ping_status":"closed","sticky":false,"template":"","format":"standard","meta":{"ep_exclude_from_search":false,"p4_og_title":"","p4_og_description":"","p4_og_image":"","p4_og_image_id":"","p4_seo_canonical_url":"","p4_campaign_name":"not set","p4_local_project":"not set","p4_basket_name":"not set","p4_department":"","footnotes":""},"categories":[41],"tags":[32,35],"p4-page-type":[83],"class_list":["post-9200","post","type-post","status-publish","format-standard","has-post-thumbnail","hentry","category-climat","tag-luxembourg","tag-energiesfossiles","p4-page-type-communiques-de-presse"],"yoast_head":"<!-- This site is optimized with the Yoast SEO Premium plugin v23.9 (Yoast SEO v23.9) - https:\/\/yoast.com\/wordpress\/plugins\/seo\/ -->\n<title>Mise en garde de Greenpeace : la r\u00e9ponse au Covid-19 profite aux combustibles fossiles - Greenpeace Luxembourg<\/title>\n<meta name=\"robots\" content=\"index, follow, max-snippet:-1, max-image-preview:large, max-video-preview:-1\" \/>\n<link rel=\"canonical\" href=\"https:\/\/www.greenpeace.org\/luxembourg\/fr\/communiques-de-presse\/9200\/mise-en-garde-de-greenpeace-la-reponse-au-covid-19-profite-aux-combustibles-fossiles\/\" \/>\n<meta property=\"og:locale\" content=\"fr_FR\" \/>\n<meta property=\"og:type\" content=\"article\" \/>\n<meta property=\"og:title\" content=\"Mise en garde de Greenpeace : la r\u00e9ponse au Covid-19 profite aux combustibles fossiles\" \/>\n<meta property=\"og:description\" content=\"Au-del\u00e0 des plans de sauvetage controvers\u00e9s des entreprises, une enqu\u00eate de Greenpeace montre que tout un \u00e9ventail de mesures \u00e9conomiques, comme la politique macro\u00e9conomique, les&hellip;\" \/>\n<meta property=\"og:url\" content=\"https:\/\/www.greenpeace.org\/luxembourg\/fr\/communiques-de-presse\/9200\/mise-en-garde-de-greenpeace-la-reponse-au-covid-19-profite-aux-combustibles-fossiles\/\" \/>\n<meta property=\"og:site_name\" content=\"Greenpeace Luxembourg\" \/>\n<meta property=\"article:publisher\" content=\"https:\/\/www.facebook.com\/greenpeaceluxembourg\" \/>\n<meta property=\"article:published_time\" content=\"2020-06-18T07:44:57+00:00\" \/>\n<meta property=\"article:modified_time\" content=\"2021-12-01T15:27:14+00:00\" \/>\n<meta property=\"og:image\" content=\"https:\/\/www.greenpeace.org\/static\/planet4-luxembourg-stateless\/2020\/06\/cb6afb11-97636630_10156748502321467_8957449574809600000_o.jpg\" \/>\n\t<meta property=\"og:image:width\" content=\"1807\" \/>\n\t<meta property=\"og:image:height\" content=\"1195\" \/>\n\t<meta property=\"og:image:type\" content=\"image\/jpeg\" \/>\n<meta name=\"author\" content=\"Esther Wildanger\" \/>\n<meta name=\"twitter:card\" content=\"summary_large_image\" \/>\n<meta name=\"twitter:label1\" content=\"Written by\" \/>\n\t<meta name=\"twitter:data1\" content=\"Esther Wildanger\" \/>\n\t<meta name=\"twitter:label2\" content=\"Est. reading time\" \/>\n\t<meta name=\"twitter:data2\" content=\"4 minutes\" \/>\n<script type=\"application\/ld+json\" class=\"yoast-schema-graph\">{\"@context\":\"https:\/\/schema.org\",\"@graph\":[{\"@type\":\"Article\",\"@id\":\"https:\/\/www.greenpeace.org\/luxembourg\/fr\/communiques-de-presse\/9200\/mise-en-garde-de-greenpeace-la-reponse-au-covid-19-profite-aux-combustibles-fossiles\/#article\",\"isPartOf\":{\"@id\":\"https:\/\/www.greenpeace.org\/luxembourg\/fr\/communiques-de-presse\/9200\/mise-en-garde-de-greenpeace-la-reponse-au-covid-19-profite-aux-combustibles-fossiles\/\"},\"author\":{\"name\":\"Esther Wildanger\",\"@id\":\"https:\/\/www.greenpeace.org\/luxembourg\/fr\/#\/schema\/person\/3d0e81a859b59009fec36a8552ef76a7\"},\"headline\":\"Mise en garde de Greenpeace : la r\u00e9ponse au Covid-19 profite aux combustibles fossiles\",\"datePublished\":\"2020-06-18T07:44:57+00:00\",\"dateModified\":\"2021-12-01T15:27:14+00:00\",\"mainEntityOfPage\":{\"@id\":\"https:\/\/www.greenpeace.org\/luxembourg\/fr\/communiques-de-presse\/9200\/mise-en-garde-de-greenpeace-la-reponse-au-covid-19-profite-aux-combustibles-fossiles\/\"},\"wordCount\":728,\"publisher\":{\"@id\":\"https:\/\/www.greenpeace.org\/luxembourg\/fr\/#organization\"},\"image\":{\"@id\":\"https:\/\/www.greenpeace.org\/luxembourg\/fr\/communiques-de-presse\/9200\/mise-en-garde-de-greenpeace-la-reponse-au-covid-19-profite-aux-combustibles-fossiles\/#primaryimage\"},\"thumbnailUrl\":\"https:\/\/www.greenpeace.org\/static\/planet4-luxembourg-stateless\/2020\/06\/cb6afb11-97636630_10156748502321467_8957449574809600000_o.jpg\",\"keywords\":[\"Luxembourg\",\"EnergiesFossiles\"],\"articleSection\":[\"Climat\"],\"inLanguage\":\"fr-LU\"},{\"@type\":\"WebPage\",\"@id\":\"https:\/\/www.greenpeace.org\/luxembourg\/fr\/communiques-de-presse\/9200\/mise-en-garde-de-greenpeace-la-reponse-au-covid-19-profite-aux-combustibles-fossiles\/\",\"url\":\"https:\/\/www.greenpeace.org\/luxembourg\/fr\/communiques-de-presse\/9200\/mise-en-garde-de-greenpeace-la-reponse-au-covid-19-profite-aux-combustibles-fossiles\/\",\"name\":\"Mise en garde de Greenpeace : la r\u00e9ponse au Covid-19 profite aux combustibles fossiles - Greenpeace Luxembourg\",\"isPartOf\":{\"@id\":\"https:\/\/www.greenpeace.org\/luxembourg\/fr\/#website\"},\"primaryImageOfPage\":{\"@id\":\"https:\/\/www.greenpeace.org\/luxembourg\/fr\/communiques-de-presse\/9200\/mise-en-garde-de-greenpeace-la-reponse-au-covid-19-profite-aux-combustibles-fossiles\/#primaryimage\"},\"image\":{\"@id\":\"https:\/\/www.greenpeace.org\/luxembourg\/fr\/communiques-de-presse\/9200\/mise-en-garde-de-greenpeace-la-reponse-au-covid-19-profite-aux-combustibles-fossiles\/#primaryimage\"},\"thumbnailUrl\":\"https:\/\/www.greenpeace.org\/static\/planet4-luxembourg-stateless\/2020\/06\/cb6afb11-97636630_10156748502321467_8957449574809600000_o.jpg\",\"datePublished\":\"2020-06-18T07:44:57+00:00\",\"dateModified\":\"2021-12-01T15:27:14+00:00\",\"breadcrumb\":{\"@id\":\"https:\/\/www.greenpeace.org\/luxembourg\/fr\/communiques-de-presse\/9200\/mise-en-garde-de-greenpeace-la-reponse-au-covid-19-profite-aux-combustibles-fossiles\/#breadcrumb\"},\"inLanguage\":\"fr-LU\",\"potentialAction\":[{\"@type\":\"ReadAction\",\"target\":[\"https:\/\/www.greenpeace.org\/luxembourg\/fr\/communiques-de-presse\/9200\/mise-en-garde-de-greenpeace-la-reponse-au-covid-19-profite-aux-combustibles-fossiles\/\"]}]},{\"@type\":\"ImageObject\",\"inLanguage\":\"fr-LU\",\"@id\":\"https:\/\/www.greenpeace.org\/luxembourg\/fr\/communiques-de-presse\/9200\/mise-en-garde-de-greenpeace-la-reponse-au-covid-19-profite-aux-combustibles-fossiles\/#primaryimage\",\"url\":\"https:\/\/www.greenpeace.org\/static\/planet4-luxembourg-stateless\/2020\/06\/cb6afb11-97636630_10156748502321467_8957449574809600000_o.jpg\",\"contentUrl\":\"https:\/\/www.greenpeace.org\/static\/planet4-luxembourg-stateless\/2020\/06\/cb6afb11-97636630_10156748502321467_8957449574809600000_o.jpg\",\"width\":1807,\"height\":1195},{\"@type\":\"BreadcrumbList\",\"@id\":\"https:\/\/www.greenpeace.org\/luxembourg\/fr\/communiques-de-presse\/9200\/mise-en-garde-de-greenpeace-la-reponse-au-covid-19-profite-aux-combustibles-fossiles\/#breadcrumb\",\"itemListElement\":[{\"@type\":\"ListItem\",\"position\":1,\"name\":\"Home\",\"item\":\"https:\/\/www.greenpeace.org\/luxembourg\/fr\/\"},{\"@type\":\"ListItem\",\"position\":2,\"name\":\"Mise en garde de Greenpeace : la r\u00e9ponse au Covid-19 profite aux combustibles fossiles\"}]},{\"@type\":\"WebSite\",\"@id\":\"https:\/\/www.greenpeace.org\/luxembourg\/fr\/#website\",\"url\":\"https:\/\/www.greenpeace.org\/luxembourg\/fr\/\",\"name\":\"Greenpeace Luxembourg\",\"description\":\"Greenpeace existe parce que cette Terre fragile a besoin d&#039;une voix. Elle a besoin de solutions. De changement. D&#039;actions.\",\"publisher\":{\"@id\":\"https:\/\/www.greenpeace.org\/luxembourg\/fr\/#organization\"},\"potentialAction\":[{\"@type\":\"SearchAction\",\"target\":{\"@type\":\"EntryPoint\",\"urlTemplate\":\"https:\/\/www.greenpeace.org\/luxembourg\/fr\/?s={search_term_string}\"},\"query-input\":{\"@type\":\"PropertyValueSpecification\",\"valueRequired\":true,\"valueName\":\"search_term_string\"}}],\"inLanguage\":\"fr-LU\"},{\"@type\":\"Organization\",\"@id\":\"https:\/\/www.greenpeace.org\/luxembourg\/fr\/#organization\",\"name\":\"Greenpeace Luxembourg\",\"url\":\"https:\/\/www.greenpeace.org\/luxembourg\/fr\/\",\"logo\":{\"@type\":\"ImageObject\",\"inLanguage\":\"fr-LU\",\"@id\":\"https:\/\/www.greenpeace.org\/luxembourg\/fr\/#\/schema\/logo\/image\/\",\"url\":\"https:\/\/www.greenpeace.org\/static\/planet4-luxembourg-stateless\/2026\/03\/3e367f94-greenpeace_logo_green_rgb.png\",\"contentUrl\":\"https:\/\/www.greenpeace.org\/static\/planet4-luxembourg-stateless\/2026\/03\/3e367f94-greenpeace_logo_green_rgb.png\",\"width\":1080,\"height\":175,\"caption\":\"Greenpeace Luxembourg\"},\"image\":{\"@id\":\"https:\/\/www.greenpeace.org\/luxembourg\/fr\/#\/schema\/logo\/image\/\"},\"sameAs\":[\"https:\/\/www.facebook.com\/greenpeaceluxembourg\",\"https:\/\/www.instagram.com\/greenpeacelux\/\",\"https:\/\/www.linkedin.com\/company\/greenpeace-luxembourg\/\",\"https:\/\/www.threads.com\/@greenpeacelux\",\"https:\/\/bsky.app\/profile\/greenpeacelux.bsky.social\",\"https:\/\/www.youtube.com\/@GreenpeaceLux\",\"https:\/\/www.tiktok.com\/@greenpeace_lux\"]},{\"@type\":\"Person\",\"@id\":\"https:\/\/www.greenpeace.org\/luxembourg\/fr\/#\/schema\/person\/3d0e81a859b59009fec36a8552ef76a7\",\"name\":\"Esther Wildanger\",\"url\":\"https:\/\/www.greenpeace.org\/luxembourg\/fr\/author\/ewildang\/\"}]}<\/script>\n<!-- \/ Yoast SEO Premium plugin. -->","yoast_head_json":{"title":"Mise en garde de Greenpeace : la r\u00e9ponse au Covid-19 profite aux combustibles fossiles - Greenpeace Luxembourg","robots":{"index":"index","follow":"follow","max-snippet":"max-snippet:-1","max-image-preview":"max-image-preview:large","max-video-preview":"max-video-preview:-1"},"canonical":"https:\/\/www.greenpeace.org\/luxembourg\/fr\/communiques-de-presse\/9200\/mise-en-garde-de-greenpeace-la-reponse-au-covid-19-profite-aux-combustibles-fossiles\/","og_locale":"fr_FR","og_type":"article","og_title":"Mise en garde de Greenpeace : la r\u00e9ponse au Covid-19 profite aux combustibles fossiles","og_description":"Au-del\u00e0 des plans de sauvetage controvers\u00e9s des entreprises, une enqu\u00eate de Greenpeace montre que tout un \u00e9ventail de mesures \u00e9conomiques, comme la politique macro\u00e9conomique, les&hellip;","og_url":"https:\/\/www.greenpeace.org\/luxembourg\/fr\/communiques-de-presse\/9200\/mise-en-garde-de-greenpeace-la-reponse-au-covid-19-profite-aux-combustibles-fossiles\/","og_site_name":"Greenpeace Luxembourg","article_publisher":"https:\/\/www.facebook.com\/greenpeaceluxembourg","article_published_time":"2020-06-18T07:44:57+00:00","article_modified_time":"2021-12-01T15:27:14+00:00","og_image":[{"width":1807,"height":1195,"url":"https:\/\/www.greenpeace.org\/static\/planet4-luxembourg-stateless\/2020\/06\/cb6afb11-97636630_10156748502321467_8957449574809600000_o.jpg","type":"image\/jpeg"}],"author":"Esther Wildanger","twitter_card":"summary_large_image","twitter_misc":{"Written by":"Esther Wildanger","Est. reading time":"4 minutes"},"schema":{"@context":"https:\/\/schema.org","@graph":[{"@type":"Article","@id":"https:\/\/www.greenpeace.org\/luxembourg\/fr\/communiques-de-presse\/9200\/mise-en-garde-de-greenpeace-la-reponse-au-covid-19-profite-aux-combustibles-fossiles\/#article","isPartOf":{"@id":"https:\/\/www.greenpeace.org\/luxembourg\/fr\/communiques-de-presse\/9200\/mise-en-garde-de-greenpeace-la-reponse-au-covid-19-profite-aux-combustibles-fossiles\/"},"author":{"name":"Esther Wildanger","@id":"https:\/\/www.greenpeace.org\/luxembourg\/fr\/#\/schema\/person\/3d0e81a859b59009fec36a8552ef76a7"},"headline":"Mise en garde de Greenpeace : la r\u00e9ponse au Covid-19 profite aux combustibles fossiles","datePublished":"2020-06-18T07:44:57+00:00","dateModified":"2021-12-01T15:27:14+00:00","mainEntityOfPage":{"@id":"https:\/\/www.greenpeace.org\/luxembourg\/fr\/communiques-de-presse\/9200\/mise-en-garde-de-greenpeace-la-reponse-au-covid-19-profite-aux-combustibles-fossiles\/"},"wordCount":728,"publisher":{"@id":"https:\/\/www.greenpeace.org\/luxembourg\/fr\/#organization"},"image":{"@id":"https:\/\/www.greenpeace.org\/luxembourg\/fr\/communiques-de-presse\/9200\/mise-en-garde-de-greenpeace-la-reponse-au-covid-19-profite-aux-combustibles-fossiles\/#primaryimage"},"thumbnailUrl":"https:\/\/www.greenpeace.org\/static\/planet4-luxembourg-stateless\/2020\/06\/cb6afb11-97636630_10156748502321467_8957449574809600000_o.jpg","keywords":["Luxembourg","EnergiesFossiles"],"articleSection":["Climat"],"inLanguage":"fr-LU"},{"@type":"WebPage","@id":"https:\/\/www.greenpeace.org\/luxembourg\/fr\/communiques-de-presse\/9200\/mise-en-garde-de-greenpeace-la-reponse-au-covid-19-profite-aux-combustibles-fossiles\/","url":"https:\/\/www.greenpeace.org\/luxembourg\/fr\/communiques-de-presse\/9200\/mise-en-garde-de-greenpeace-la-reponse-au-covid-19-profite-aux-combustibles-fossiles\/","name":"Mise en garde de Greenpeace : la r\u00e9ponse au Covid-19 profite aux combustibles fossiles - Greenpeace Luxembourg","isPartOf":{"@id":"https:\/\/www.greenpeace.org\/luxembourg\/fr\/#website"},"primaryImageOfPage":{"@id":"https:\/\/www.greenpeace.org\/luxembourg\/fr\/communiques-de-presse\/9200\/mise-en-garde-de-greenpeace-la-reponse-au-covid-19-profite-aux-combustibles-fossiles\/#primaryimage"},"image":{"@id":"https:\/\/www.greenpeace.org\/luxembourg\/fr\/communiques-de-presse\/9200\/mise-en-garde-de-greenpeace-la-reponse-au-covid-19-profite-aux-combustibles-fossiles\/#primaryimage"},"thumbnailUrl":"https:\/\/www.greenpeace.org\/static\/planet4-luxembourg-stateless\/2020\/06\/cb6afb11-97636630_10156748502321467_8957449574809600000_o.jpg","datePublished":"2020-06-18T07:44:57+00:00","dateModified":"2021-12-01T15:27:14+00:00","breadcrumb":{"@id":"https:\/\/www.greenpeace.org\/luxembourg\/fr\/communiques-de-presse\/9200\/mise-en-garde-de-greenpeace-la-reponse-au-covid-19-profite-aux-combustibles-fossiles\/#breadcrumb"},"inLanguage":"fr-LU","potentialAction":[{"@type":"ReadAction","target":["https:\/\/www.greenpeace.org\/luxembourg\/fr\/communiques-de-presse\/9200\/mise-en-garde-de-greenpeace-la-reponse-au-covid-19-profite-aux-combustibles-fossiles\/"]}]},{"@type":"ImageObject","inLanguage":"fr-LU","@id":"https:\/\/www.greenpeace.org\/luxembourg\/fr\/communiques-de-presse\/9200\/mise-en-garde-de-greenpeace-la-reponse-au-covid-19-profite-aux-combustibles-fossiles\/#primaryimage","url":"https:\/\/www.greenpeace.org\/static\/planet4-luxembourg-stateless\/2020\/06\/cb6afb11-97636630_10156748502321467_8957449574809600000_o.jpg","contentUrl":"https:\/\/www.greenpeace.org\/static\/planet4-luxembourg-stateless\/2020\/06\/cb6afb11-97636630_10156748502321467_8957449574809600000_o.jpg","width":1807,"height":1195},{"@type":"BreadcrumbList","@id":"https:\/\/www.greenpeace.org\/luxembourg\/fr\/communiques-de-presse\/9200\/mise-en-garde-de-greenpeace-la-reponse-au-covid-19-profite-aux-combustibles-fossiles\/#breadcrumb","itemListElement":[{"@type":"ListItem","position":1,"name":"Home","item":"https:\/\/www.greenpeace.org\/luxembourg\/fr\/"},{"@type":"ListItem","position":2,"name":"Mise en garde de Greenpeace : la r\u00e9ponse au Covid-19 profite aux combustibles fossiles"}]},{"@type":"WebSite","@id":"https:\/\/www.greenpeace.org\/luxembourg\/fr\/#website","url":"https:\/\/www.greenpeace.org\/luxembourg\/fr\/","name":"Greenpeace Luxembourg","description":"Greenpeace existe parce que cette Terre fragile a besoin d&#039;une voix. Elle a besoin de solutions. De changement. D&#039;actions.","publisher":{"@id":"https:\/\/www.greenpeace.org\/luxembourg\/fr\/#organization"},"potentialAction":[{"@type":"SearchAction","target":{"@type":"EntryPoint","urlTemplate":"https:\/\/www.greenpeace.org\/luxembourg\/fr\/?s={search_term_string}"},"query-input":{"@type":"PropertyValueSpecification","valueRequired":true,"valueName":"search_term_string"}}],"inLanguage":"fr-LU"},{"@type":"Organization","@id":"https:\/\/www.greenpeace.org\/luxembourg\/fr\/#organization","name":"Greenpeace Luxembourg","url":"https:\/\/www.greenpeace.org\/luxembourg\/fr\/","logo":{"@type":"ImageObject","inLanguage":"fr-LU","@id":"https:\/\/www.greenpeace.org\/luxembourg\/fr\/#\/schema\/logo\/image\/","url":"https:\/\/www.greenpeace.org\/static\/planet4-luxembourg-stateless\/2026\/03\/3e367f94-greenpeace_logo_green_rgb.png","contentUrl":"https:\/\/www.greenpeace.org\/static\/planet4-luxembourg-stateless\/2026\/03\/3e367f94-greenpeace_logo_green_rgb.png","width":1080,"height":175,"caption":"Greenpeace Luxembourg"},"image":{"@id":"https:\/\/www.greenpeace.org\/luxembourg\/fr\/#\/schema\/logo\/image\/"},"sameAs":["https:\/\/www.facebook.com\/greenpeaceluxembourg","https:\/\/www.instagram.com\/greenpeacelux\/","https:\/\/www.linkedin.com\/company\/greenpeace-luxembourg\/","https:\/\/www.threads.com\/@greenpeacelux","https:\/\/bsky.app\/profile\/greenpeacelux.bsky.social","https:\/\/www.youtube.com\/@GreenpeaceLux","https:\/\/www.tiktok.com\/@greenpeace_lux"]},{"@type":"Person","@id":"https:\/\/www.greenpeace.org\/luxembourg\/fr\/#\/schema\/person\/3d0e81a859b59009fec36a8552ef76a7","name":"Esther Wildanger","url":"https:\/\/www.greenpeace.org\/luxembourg\/fr\/author\/ewildang\/"}]}},"_links":{"self":[{"href":"https:\/\/www.greenpeace.org\/luxembourg\/fr\/wp-json\/wp\/v2\/posts\/9200","targetHints":{"allow":["GET"]}}],"collection":[{"href":"https:\/\/www.greenpeace.org\/luxembourg\/fr\/wp-json\/wp\/v2\/posts"}],"about":[{"href":"https:\/\/www.greenpeace.org\/luxembourg\/fr\/wp-json\/wp\/v2\/types\/post"}],"author":[{"embeddable":true,"href":"https:\/\/www.greenpeace.org\/luxembourg\/fr\/wp-json\/wp\/v2\/users\/25"}],"replies":[{"embeddable":true,"href":"https:\/\/www.greenpeace.org\/luxembourg\/fr\/wp-json\/wp\/v2\/comments?post=9200"}],"version-history":[{"count":2,"href":"https:\/\/www.greenpeace.org\/luxembourg\/fr\/wp-json\/wp\/v2\/posts\/9200\/revisions"}],"predecessor-version":[{"id":12937,"href":"https:\/\/www.greenpeace.org\/luxembourg\/fr\/wp-json\/wp\/v2\/posts\/9200\/revisions\/12937"}],"wp:featuredmedia":[{"embeddable":true,"href":"https:\/\/www.greenpeace.org\/luxembourg\/fr\/wp-json\/wp\/v2\/media\/9203"}],"wp:attachment":[{"href":"https:\/\/www.greenpeace.org\/luxembourg\/fr\/wp-json\/wp\/v2\/media?parent=9200"}],"wp:term":[{"taxonomy":"category","embeddable":true,"href":"https:\/\/www.greenpeace.org\/luxembourg\/fr\/wp-json\/wp\/v2\/categories?post=9200"},{"taxonomy":"post_tag","embeddable":true,"href":"https:\/\/www.greenpeace.org\/luxembourg\/fr\/wp-json\/wp\/v2\/tags?post=9200"},{"taxonomy":"p4-page-type","embeddable":true,"href":"https:\/\/www.greenpeace.org\/luxembourg\/fr\/wp-json\/wp\/v2\/p4-page-type?post=9200"}],"curies":[{"name":"wp","href":"https:\/\/api.w.org\/{rel}","templated":true}]}}