{"id":9622,"date":"2020-08-26T08:34:07","date_gmt":"2020-08-26T06:34:07","guid":{"rendered":"https:\/\/www.greenpeace.org\/luxembourg\/?p=9622"},"modified":"2021-12-01T17:26:42","modified_gmt":"2021-12-01T15:26:42","slug":"consultation-publique-de-la-banque-centrale-europeenne-exigez-la-fin-du-financement-des-entreprises-climaticides","status":"publish","type":"post","link":"https:\/\/www.greenpeace.org\/luxembourg\/fr\/communiques-de-presse\/9622\/consultation-publique-de-la-banque-centrale-europeenne-exigez-la-fin-du-financement-des-entreprises-climaticides\/","title":{"rendered":"Consultation publique de la Banque centrale europ\u00e9enne : exigez la fin du financement des entreprises climaticides !"},"content":{"rendered":"\n<p><strong>Luxembourg, 26 ao\u00fbt 2020&nbsp; &#8211;<\/strong> <strong>Greenpeace appelle tou.tes les citoyen.nes du Luxembourg \u00e0 participer \u00e0 la consultation publique sur la politique mon\u00e9taire de la Banque centrale europ\u00e9enne (BCE).<\/strong><\/p>\n\n<p>Une analyse de Greenpeace publi\u00e9e en juin (voir ci-dessous) a conclu que la Banque centrale europ\u00e9enne, dans le cadre de ses efforts pour lutter contre les effets de la pand\u00e9mie de Covid-19, a investi plus de 7,6 milliards d&#8217;euros dans des obligations \u00e9mises par des entreprises de combustibles fossiles entre la mi-mars et la mi-mai 2020. Avec les achats d&#8217;obligations de sept grands pollueurs seulement, la BCE a contribu\u00e9 \u00e0 hauteur de 11,2 millions de tonnes d\u2019\u00e9missions de gaz \u00e0 effet de serre, soit plus que les \u00e9missions annuelles du Luxembourg.&nbsp;<\/p>\n\n<p>L\u2019analyse des achats d&#8217;obligations d&#8217;entreprises montre que 4,4 milliards d&#8217;euros sont all\u00e9s \u00e0 des fournisseurs d\u2019\u00e9nergie, notamment \u00e0 des pollueurs importants comme Engie et EON. Plus de 3,2 milliards d&#8217;euros ont \u00e9t\u00e9 inject\u00e9s dans l&#8217;industrie du p\u00e9trole et du gaz, et parmi les obligations achet\u00e9es figurent celles de Shell &#8211; l&#8217;une des entreprises les plus polluantes au monde -, de Total et d\u2019Eni.&nbsp;<\/p>\n\n<p><em>\u00ab La Banque centrale europ\u00e9enne est l&#8217;un des plus grands acheteurs d&#8217;obligations au monde. Tout achat d&#8217;actifs par la banque peut avoir un impact consid\u00e9rable sur la relance \u00e9conomique &#8220;verte&#8221; en Europe et sur la crise climatique mondiale \u00bb<\/em>, explique Martina Holbach, charg\u00e9e de campagne Climat et Finance chez Greenpeace Luxembourg. <em>\u00ab Il est donc d&#8217;autant plus important que les citoyen\u00b7nes soutiennent une politique mon\u00e9taire de la BCE qui soit respectueuse de l&#8217;environnement et durable \u00bb.<\/em><\/p>\n\n<p>La Banque centrale europ\u00e9enne a mis en place une plateforme en ligne o\u00f9 chacun\u00b7e peut soumettre des propositions d&#8217;ici la fin octobre 2020 sur la mani\u00e8re dont la politique mon\u00e9taire de la BCE devrait \u00eatre r\u00e9vis\u00e9e. Pour faciliter la participation au processus de consultation publique, Greenpeace propose <a rel=\"noreferrer noopener\" href=\"https:\/\/act.greenpeace.org\/page\/64905\/petition\/1?utm_campaign=finance&amp;utm_source=email&amp;utm_medium=email&amp;utm_content=link&amp;utm_term=shiftthetrillions.bce&amp;tracking_id=fr.sign.mh.all-supporters&amp;utm_medium=email&amp;utm_source=engagingnetworks&amp;utm_campaign=finance&amp;utm_content=20200805+-+Consultation+publique+BCE\" target=\"_blank\">un guide et des r\u00e9ponses pr\u00e9r\u00e9dig\u00e9es<\/a> sur une page d\u00e9di\u00e9e.<\/p>\n\n<p><em>\u00ab La BCE et les autres banques centrales ont besoin d&#8217;un changement de cap. Les actifs achet\u00e9s par la banque en r\u00e9ponse \u00e0 la pand\u00e9mie de COVID-19 contribuent \u00e0 l&#8217;urgence climatique. Mais le statu quo n&#8217;est pas une option, car la crise climatique s\u2019aggrave. L&#8217;argent public ne doit plus \u00eatre affect\u00e9 aux combustibles fossiles. La BCE doit donc exclure ces derniers, ainsi que les autres actifs \u00e0 forte intensit\u00e9 de gaz \u00e0 effet de serre, de ses futurs achats \u00bb,<\/em> explique Martina Holbach.<\/p>\n\n<div class=\"wp-block-file\"><a href=\"https:\/\/www.greenpeace.org\/static\/planet4-luxembourg-stateless\/2020\/08\/d14e53a2-bce_financer-la-crise-climatique.pdf\">Analyse de Greenpeace<\/a><\/div>\n\n<div class=\"wp-block-file\"><a href=\"https:\/\/www.greenpeace.org\/static\/planet4-luxembourg-stateless\/2020\/08\/3eb9dd62-qa-bce.pdf\">Q&amp;A sur la BCE<\/a><\/div>\n\n<p><\/p>\n\t\t\t<section\n\t\t\tclass=\"boxout post-5672 \"\n\t\t\t\n\t\t>\n\t\t\t<a\n\t\t\t\tdata-ga-category=\"Take Action Boxout\"\n\t\t\t\tdata-ga-action=\"Image\"\n\t\t\t\tdata-ga-label=\"n\/a\"\n\t\t\t\tclass=\"cover-card-overlay\"\n\t\t\t\thref=\"https:\/\/www.greenpeace.org\/luxembourg\/fr\/refusons-de-financer-la-crise-climatique\/\" \n\t\t\t><\/a>\n\t\t\t\t\t\t\t<img\n\t\t\t\t\t\tsrc=\"https:\/\/www.greenpeace.org\/static\/planet4-luxembourg-stateless\/2019\/09\/d79549bf-4cab98e6-gp0strcjp-1024x683.jpg\"\n\t\t\t\t\t\tsrcset=\"https:\/\/www.greenpeace.org\/static\/planet4-luxembourg-stateless\/2019\/09\/d79549bf-4cab98e6-gp0strcjp-300x200.jpg 300w, https:\/\/www.greenpeace.org\/static\/planet4-luxembourg-stateless\/2019\/09\/d79549bf-4cab98e6-gp0strcjp-768x512.jpg 768w, https:\/\/www.greenpeace.org\/static\/planet4-luxembourg-stateless\/2019\/09\/d79549bf-4cab98e6-gp0strcjp-1024x683.jpg 1024w, https:\/\/www.greenpeace.org\/static\/planet4-luxembourg-stateless\/2019\/09\/d79549bf-4cab98e6-gp0strcjp-510x340.jpg 510w, https:\/\/www.greenpeace.org\/static\/planet4-luxembourg-stateless\/2019\/09\/d79549bf-4cab98e6-gp0strcjp.jpg 1200w\"\n\t\t\t\t\t\tsizes=\"(min-width: 1000px) 358px, (min-width: 780px) 313px, 88px\"\n\t\t\t\t\t\talt=\"\" title=\"\"\n\t\t\t\t\/>\n            \t\t\t<div class=\"boxout-content\">\n\t\t\t\t\t\t\t\t\t<a\n\t\t\t\t\t\tclass=\"boxout-heading medium\"\n\t\t\t\t\t\tdata-ga-category=\"Take Action Boxout\"\n\t\t\t\t\t\tdata-ga-action=\"Title\"\n\t\t\t\t\t\tdata-ga-label=\"n\/a\"\n\t\t\t\t\t\thref=\"https:\/\/www.greenpeace.org\/luxembourg\/fr\/refusons-de-financer-la-crise-climatique\/\"\n\t\t\t\t\t\t\n\t\t\t\t\t>\n\t\t\t\t\t\tFDC : Refusons de financer la crise climatique avec l\u2019argent de nos retraites\n\t\t\t\t\t<\/a>\n\t\t\t\t\t\t\t\t\t\t\t\t\t<p class=\"boxout-excerpt\">Au Luxembourg, l\u2019argent de nos cotisations sociales finance la destruction de l\u2019environnement et du climat. <\/p>\n\t\t\t\t                                    <a\n                        class=\"btn btn-primary\"\n                        data-ga-category=\"Take Action Boxout\"\n                        data-ga-action=\"Call to Action\"\n                        data-ga-label=\"n\/a\"\n                        href=\"https:\/\/www.greenpeace.org\/luxembourg\/fr\/refusons-de-financer-la-crise-climatique\/\"\n                        \n                    >\n                        S&#039;engager\n                    <\/a>\n                \t\t\t<\/div>\n\t\t\t\t\t<\/section>\n\t","protected":false},"excerpt":{"rendered":"<p>Greenpeace appelle tou.tes les citoyen.nes \u00e0 participer \u00e0 la consultation publique sur la politique mon\u00e9taire de la BCE.<\/p>\n","protected":false},"author":31,"featured_media":9623,"comment_status":"closed","ping_status":"closed","sticky":false,"template":"","format":"standard","meta":{"ep_exclude_from_search":false,"p4_og_title":"","p4_og_description":"","p4_og_image":"","p4_og_image_id":"","p4_seo_canonical_url":"","p4_campaign_name":"not set","p4_local_project":"not set","p4_basket_name":"not set","p4_department":"","footnotes":""},"categories":[41,42],"tags":[32,35,95,97],"p4-page-type":[83],"class_list":["post-9622","post","type-post","status-publish","format-standard","has-post-thumbnail","hentry","category-climat","category-energie","tag-luxembourg","tag-energiesfossiles","tag-secteurfinancier","tag-justice","p4-page-type-communiques-de-presse"],"yoast_head":"<!-- This site is optimized with the Yoast SEO Premium plugin v23.9 (Yoast SEO v23.9) - https:\/\/yoast.com\/wordpress\/plugins\/seo\/ -->\n<title>Consultation publique de la Banque centrale europ\u00e9enne : exigez la fin du financement des entreprises climaticides ! - Greenpeace Luxembourg<\/title>\n<meta name=\"robots\" content=\"index, follow, max-snippet:-1, max-image-preview:large, max-video-preview:-1\" \/>\n<link rel=\"canonical\" href=\"https:\/\/www.greenpeace.org\/luxembourg\/fr\/communiques-de-presse\/9622\/consultation-publique-de-la-banque-centrale-europeenne-exigez-la-fin-du-financement-des-entreprises-climaticides\/\" \/>\n<meta property=\"og:locale\" content=\"fr_FR\" \/>\n<meta property=\"og:type\" content=\"article\" \/>\n<meta property=\"og:title\" content=\"Consultation publique de la Banque centrale europ\u00e9enne : exigez la fin du financement des entreprises climaticides !\" \/>\n<meta property=\"og:description\" content=\"Greenpeace appelle tou.tes les citoyen.nes \u00e0 participer \u00e0 la consultation publique sur la politique mon\u00e9taire de la BCE.\" \/>\n<meta property=\"og:url\" content=\"https:\/\/www.greenpeace.org\/luxembourg\/fr\/communiques-de-presse\/9622\/consultation-publique-de-la-banque-centrale-europeenne-exigez-la-fin-du-financement-des-entreprises-climaticides\/\" \/>\n<meta property=\"og:site_name\" content=\"Greenpeace Luxembourg\" \/>\n<meta property=\"article:publisher\" content=\"https:\/\/www.facebook.com\/greenpeaceluxembourg\" \/>\n<meta property=\"article:published_time\" content=\"2020-08-26T06:34:07+00:00\" \/>\n<meta property=\"article:modified_time\" content=\"2021-12-01T15:26:42+00:00\" \/>\n<meta property=\"og:image\" content=\"https:\/\/www.greenpeace.org\/static\/planet4-luxembourg-stateless\/2020\/08\/3caf81f1-gp0stthsr_low_res_with_credit_line.jpg\" \/>\n\t<meta property=\"og:image:width\" content=\"600\" \/>\n\t<meta property=\"og:image:height\" content=\"396\" \/>\n\t<meta property=\"og:image:type\" content=\"image\/jpeg\" \/>\n<meta name=\"author\" content=\"Myriam Wecker\" \/>\n<meta name=\"twitter:card\" content=\"summary_large_image\" \/>\n<meta name=\"twitter:label1\" content=\"Written by\" \/>\n\t<meta name=\"twitter:data1\" content=\"Myriam Wecker\" \/>\n\t<meta name=\"twitter:label2\" content=\"Est. reading time\" \/>\n\t<meta name=\"twitter:data2\" content=\"2 minutes\" \/>\n<script type=\"application\/ld+json\" class=\"yoast-schema-graph\">{\"@context\":\"https:\/\/schema.org\",\"@graph\":[{\"@type\":\"Article\",\"@id\":\"https:\/\/www.greenpeace.org\/luxembourg\/fr\/communiques-de-presse\/9622\/consultation-publique-de-la-banque-centrale-europeenne-exigez-la-fin-du-financement-des-entreprises-climaticides\/#article\",\"isPartOf\":{\"@id\":\"https:\/\/www.greenpeace.org\/luxembourg\/fr\/communiques-de-presse\/9622\/consultation-publique-de-la-banque-centrale-europeenne-exigez-la-fin-du-financement-des-entreprises-climaticides\/\"},\"author\":{\"name\":\"Myriam Wecker\",\"@id\":\"https:\/\/www.greenpeace.org\/luxembourg\/fr\/#\/schema\/person\/c2ae6002b8ed18c00be0c6b320eea776\"},\"headline\":\"Consultation publique de la Banque centrale europ\u00e9enne : exigez la fin du financement des entreprises climaticides !\",\"datePublished\":\"2020-08-26T06:34:07+00:00\",\"dateModified\":\"2021-12-01T15:26:42+00:00\",\"mainEntityOfPage\":{\"@id\":\"https:\/\/www.greenpeace.org\/luxembourg\/fr\/communiques-de-presse\/9622\/consultation-publique-de-la-banque-centrale-europeenne-exigez-la-fin-du-financement-des-entreprises-climaticides\/\"},\"wordCount\":457,\"publisher\":{\"@id\":\"https:\/\/www.greenpeace.org\/luxembourg\/fr\/#organization\"},\"image\":{\"@id\":\"https:\/\/www.greenpeace.org\/luxembourg\/fr\/communiques-de-presse\/9622\/consultation-publique-de-la-banque-centrale-europeenne-exigez-la-fin-du-financement-des-entreprises-climaticides\/#primaryimage\"},\"thumbnailUrl\":\"https:\/\/www.greenpeace.org\/static\/planet4-luxembourg-stateless\/2020\/08\/3caf81f1-gp0stthsr_low_res_with_credit_line.jpg\",\"keywords\":[\"Luxembourg\",\"EnergiesFossiles\",\"SecteurFinancier\",\"Justice\"],\"articleSection\":[\"Climat\",\"\u00c9nergie\"],\"inLanguage\":\"fr-LU\"},{\"@type\":\"WebPage\",\"@id\":\"https:\/\/www.greenpeace.org\/luxembourg\/fr\/communiques-de-presse\/9622\/consultation-publique-de-la-banque-centrale-europeenne-exigez-la-fin-du-financement-des-entreprises-climaticides\/\",\"url\":\"https:\/\/www.greenpeace.org\/luxembourg\/fr\/communiques-de-presse\/9622\/consultation-publique-de-la-banque-centrale-europeenne-exigez-la-fin-du-financement-des-entreprises-climaticides\/\",\"name\":\"Consultation publique de la Banque centrale europ\u00e9enne : exigez la fin du financement des entreprises climaticides ! - Greenpeace Luxembourg\",\"isPartOf\":{\"@id\":\"https:\/\/www.greenpeace.org\/luxembourg\/fr\/#website\"},\"primaryImageOfPage\":{\"@id\":\"https:\/\/www.greenpeace.org\/luxembourg\/fr\/communiques-de-presse\/9622\/consultation-publique-de-la-banque-centrale-europeenne-exigez-la-fin-du-financement-des-entreprises-climaticides\/#primaryimage\"},\"image\":{\"@id\":\"https:\/\/www.greenpeace.org\/luxembourg\/fr\/communiques-de-presse\/9622\/consultation-publique-de-la-banque-centrale-europeenne-exigez-la-fin-du-financement-des-entreprises-climaticides\/#primaryimage\"},\"thumbnailUrl\":\"https:\/\/www.greenpeace.org\/static\/planet4-luxembourg-stateless\/2020\/08\/3caf81f1-gp0stthsr_low_res_with_credit_line.jpg\",\"datePublished\":\"2020-08-26T06:34:07+00:00\",\"dateModified\":\"2021-12-01T15:26:42+00:00\",\"breadcrumb\":{\"@id\":\"https:\/\/www.greenpeace.org\/luxembourg\/fr\/communiques-de-presse\/9622\/consultation-publique-de-la-banque-centrale-europeenne-exigez-la-fin-du-financement-des-entreprises-climaticides\/#breadcrumb\"},\"inLanguage\":\"fr-LU\",\"potentialAction\":[{\"@type\":\"ReadAction\",\"target\":[\"https:\/\/www.greenpeace.org\/luxembourg\/fr\/communiques-de-presse\/9622\/consultation-publique-de-la-banque-centrale-europeenne-exigez-la-fin-du-financement-des-entreprises-climaticides\/\"]}]},{\"@type\":\"ImageObject\",\"inLanguage\":\"fr-LU\",\"@id\":\"https:\/\/www.greenpeace.org\/luxembourg\/fr\/communiques-de-presse\/9622\/consultation-publique-de-la-banque-centrale-europeenne-exigez-la-fin-du-financement-des-entreprises-climaticides\/#primaryimage\",\"url\":\"https:\/\/www.greenpeace.org\/static\/planet4-luxembourg-stateless\/2020\/08\/3caf81f1-gp0stthsr_low_res_with_credit_line.jpg\",\"contentUrl\":\"https:\/\/www.greenpeace.org\/static\/planet4-luxembourg-stateless\/2020\/08\/3caf81f1-gp0stthsr_low_res_with_credit_line.jpg\",\"width\":600,\"height\":396,\"caption\":\"Greenpeace campaigner Sarah North holds a banner reading \\\"Climate Emergency\\\" whilst floating in front of BP oil rig on day 11 of the protest in the North Sea. Greenpeace is calling on BP to halt drilling for new oil in light of the climate emergency and refocus their business on renewable energy.\"},{\"@type\":\"BreadcrumbList\",\"@id\":\"https:\/\/www.greenpeace.org\/luxembourg\/fr\/communiques-de-presse\/9622\/consultation-publique-de-la-banque-centrale-europeenne-exigez-la-fin-du-financement-des-entreprises-climaticides\/#breadcrumb\",\"itemListElement\":[{\"@type\":\"ListItem\",\"position\":1,\"name\":\"Home\",\"item\":\"https:\/\/www.greenpeace.org\/luxembourg\/fr\/\"},{\"@type\":\"ListItem\",\"position\":2,\"name\":\"Consultation publique de la Banque centrale europ\u00e9enne : exigez la fin du financement des entreprises climaticides !\"}]},{\"@type\":\"WebSite\",\"@id\":\"https:\/\/www.greenpeace.org\/luxembourg\/fr\/#website\",\"url\":\"https:\/\/www.greenpeace.org\/luxembourg\/fr\/\",\"name\":\"Greenpeace Luxembourg\",\"description\":\"Greenpeace existe parce que cette Terre fragile a besoin d&#039;une voix. Elle a besoin de solutions. De changement. D&#039;actions.\",\"publisher\":{\"@id\":\"https:\/\/www.greenpeace.org\/luxembourg\/fr\/#organization\"},\"potentialAction\":[{\"@type\":\"SearchAction\",\"target\":{\"@type\":\"EntryPoint\",\"urlTemplate\":\"https:\/\/www.greenpeace.org\/luxembourg\/fr\/?s={search_term_string}\"},\"query-input\":{\"@type\":\"PropertyValueSpecification\",\"valueRequired\":true,\"valueName\":\"search_term_string\"}}],\"inLanguage\":\"fr-LU\"},{\"@type\":\"Organization\",\"@id\":\"https:\/\/www.greenpeace.org\/luxembourg\/fr\/#organization\",\"name\":\"Greenpeace Luxembourg\",\"url\":\"https:\/\/www.greenpeace.org\/luxembourg\/fr\/\",\"logo\":{\"@type\":\"ImageObject\",\"inLanguage\":\"fr-LU\",\"@id\":\"https:\/\/www.greenpeace.org\/luxembourg\/fr\/#\/schema\/logo\/image\/\",\"url\":\"https:\/\/www.greenpeace.org\/static\/planet4-luxembourg-stateless\/2026\/03\/3e367f94-greenpeace_logo_green_rgb.png\",\"contentUrl\":\"https:\/\/www.greenpeace.org\/static\/planet4-luxembourg-stateless\/2026\/03\/3e367f94-greenpeace_logo_green_rgb.png\",\"width\":1080,\"height\":175,\"caption\":\"Greenpeace Luxembourg\"},\"image\":{\"@id\":\"https:\/\/www.greenpeace.org\/luxembourg\/fr\/#\/schema\/logo\/image\/\"},\"sameAs\":[\"https:\/\/www.facebook.com\/greenpeaceluxembourg\",\"https:\/\/www.instagram.com\/greenpeacelux\/\",\"https:\/\/www.linkedin.com\/company\/greenpeace-luxembourg\/\",\"https:\/\/www.threads.com\/@greenpeacelux\",\"https:\/\/bsky.app\/profile\/greenpeacelux.bsky.social\",\"https:\/\/www.youtube.com\/@GreenpeaceLux\",\"https:\/\/www.tiktok.com\/@greenpeace_lux\"]},{\"@type\":\"Person\",\"@id\":\"https:\/\/www.greenpeace.org\/luxembourg\/fr\/#\/schema\/person\/c2ae6002b8ed18c00be0c6b320eea776\",\"name\":\"Myriam Wecker\",\"url\":\"https:\/\/www.greenpeace.org\/luxembourg\/fr\/author\/mwecker\/\"}]}<\/script>\n<!-- \/ Yoast SEO Premium plugin. -->","yoast_head_json":{"title":"Consultation publique de la Banque centrale europ\u00e9enne : exigez la fin du financement des entreprises climaticides ! - Greenpeace Luxembourg","robots":{"index":"index","follow":"follow","max-snippet":"max-snippet:-1","max-image-preview":"max-image-preview:large","max-video-preview":"max-video-preview:-1"},"canonical":"https:\/\/www.greenpeace.org\/luxembourg\/fr\/communiques-de-presse\/9622\/consultation-publique-de-la-banque-centrale-europeenne-exigez-la-fin-du-financement-des-entreprises-climaticides\/","og_locale":"fr_FR","og_type":"article","og_title":"Consultation publique de la Banque centrale europ\u00e9enne : exigez la fin du financement des entreprises climaticides !","og_description":"Greenpeace appelle tou.tes les citoyen.nes \u00e0 participer \u00e0 la consultation publique sur la politique mon\u00e9taire de la BCE.","og_url":"https:\/\/www.greenpeace.org\/luxembourg\/fr\/communiques-de-presse\/9622\/consultation-publique-de-la-banque-centrale-europeenne-exigez-la-fin-du-financement-des-entreprises-climaticides\/","og_site_name":"Greenpeace Luxembourg","article_publisher":"https:\/\/www.facebook.com\/greenpeaceluxembourg","article_published_time":"2020-08-26T06:34:07+00:00","article_modified_time":"2021-12-01T15:26:42+00:00","og_image":[{"width":600,"height":396,"url":"https:\/\/www.greenpeace.org\/static\/planet4-luxembourg-stateless\/2020\/08\/3caf81f1-gp0stthsr_low_res_with_credit_line.jpg","type":"image\/jpeg"}],"author":"Myriam Wecker","twitter_card":"summary_large_image","twitter_misc":{"Written by":"Myriam Wecker","Est. reading time":"2 minutes"},"schema":{"@context":"https:\/\/schema.org","@graph":[{"@type":"Article","@id":"https:\/\/www.greenpeace.org\/luxembourg\/fr\/communiques-de-presse\/9622\/consultation-publique-de-la-banque-centrale-europeenne-exigez-la-fin-du-financement-des-entreprises-climaticides\/#article","isPartOf":{"@id":"https:\/\/www.greenpeace.org\/luxembourg\/fr\/communiques-de-presse\/9622\/consultation-publique-de-la-banque-centrale-europeenne-exigez-la-fin-du-financement-des-entreprises-climaticides\/"},"author":{"name":"Myriam Wecker","@id":"https:\/\/www.greenpeace.org\/luxembourg\/fr\/#\/schema\/person\/c2ae6002b8ed18c00be0c6b320eea776"},"headline":"Consultation publique de la Banque centrale europ\u00e9enne : exigez la fin du financement des entreprises climaticides !","datePublished":"2020-08-26T06:34:07+00:00","dateModified":"2021-12-01T15:26:42+00:00","mainEntityOfPage":{"@id":"https:\/\/www.greenpeace.org\/luxembourg\/fr\/communiques-de-presse\/9622\/consultation-publique-de-la-banque-centrale-europeenne-exigez-la-fin-du-financement-des-entreprises-climaticides\/"},"wordCount":457,"publisher":{"@id":"https:\/\/www.greenpeace.org\/luxembourg\/fr\/#organization"},"image":{"@id":"https:\/\/www.greenpeace.org\/luxembourg\/fr\/communiques-de-presse\/9622\/consultation-publique-de-la-banque-centrale-europeenne-exigez-la-fin-du-financement-des-entreprises-climaticides\/#primaryimage"},"thumbnailUrl":"https:\/\/www.greenpeace.org\/static\/planet4-luxembourg-stateless\/2020\/08\/3caf81f1-gp0stthsr_low_res_with_credit_line.jpg","keywords":["Luxembourg","EnergiesFossiles","SecteurFinancier","Justice"],"articleSection":["Climat","\u00c9nergie"],"inLanguage":"fr-LU"},{"@type":"WebPage","@id":"https:\/\/www.greenpeace.org\/luxembourg\/fr\/communiques-de-presse\/9622\/consultation-publique-de-la-banque-centrale-europeenne-exigez-la-fin-du-financement-des-entreprises-climaticides\/","url":"https:\/\/www.greenpeace.org\/luxembourg\/fr\/communiques-de-presse\/9622\/consultation-publique-de-la-banque-centrale-europeenne-exigez-la-fin-du-financement-des-entreprises-climaticides\/","name":"Consultation publique de la Banque centrale europ\u00e9enne : exigez la fin du financement des entreprises climaticides ! - Greenpeace Luxembourg","isPartOf":{"@id":"https:\/\/www.greenpeace.org\/luxembourg\/fr\/#website"},"primaryImageOfPage":{"@id":"https:\/\/www.greenpeace.org\/luxembourg\/fr\/communiques-de-presse\/9622\/consultation-publique-de-la-banque-centrale-europeenne-exigez-la-fin-du-financement-des-entreprises-climaticides\/#primaryimage"},"image":{"@id":"https:\/\/www.greenpeace.org\/luxembourg\/fr\/communiques-de-presse\/9622\/consultation-publique-de-la-banque-centrale-europeenne-exigez-la-fin-du-financement-des-entreprises-climaticides\/#primaryimage"},"thumbnailUrl":"https:\/\/www.greenpeace.org\/static\/planet4-luxembourg-stateless\/2020\/08\/3caf81f1-gp0stthsr_low_res_with_credit_line.jpg","datePublished":"2020-08-26T06:34:07+00:00","dateModified":"2021-12-01T15:26:42+00:00","breadcrumb":{"@id":"https:\/\/www.greenpeace.org\/luxembourg\/fr\/communiques-de-presse\/9622\/consultation-publique-de-la-banque-centrale-europeenne-exigez-la-fin-du-financement-des-entreprises-climaticides\/#breadcrumb"},"inLanguage":"fr-LU","potentialAction":[{"@type":"ReadAction","target":["https:\/\/www.greenpeace.org\/luxembourg\/fr\/communiques-de-presse\/9622\/consultation-publique-de-la-banque-centrale-europeenne-exigez-la-fin-du-financement-des-entreprises-climaticides\/"]}]},{"@type":"ImageObject","inLanguage":"fr-LU","@id":"https:\/\/www.greenpeace.org\/luxembourg\/fr\/communiques-de-presse\/9622\/consultation-publique-de-la-banque-centrale-europeenne-exigez-la-fin-du-financement-des-entreprises-climaticides\/#primaryimage","url":"https:\/\/www.greenpeace.org\/static\/planet4-luxembourg-stateless\/2020\/08\/3caf81f1-gp0stthsr_low_res_with_credit_line.jpg","contentUrl":"https:\/\/www.greenpeace.org\/static\/planet4-luxembourg-stateless\/2020\/08\/3caf81f1-gp0stthsr_low_res_with_credit_line.jpg","width":600,"height":396,"caption":"Greenpeace campaigner Sarah North holds a banner reading \"Climate Emergency\" whilst floating in front of BP oil rig on day 11 of the protest in the North Sea. Greenpeace is calling on BP to halt drilling for new oil in light of the climate emergency and refocus their business on renewable energy."},{"@type":"BreadcrumbList","@id":"https:\/\/www.greenpeace.org\/luxembourg\/fr\/communiques-de-presse\/9622\/consultation-publique-de-la-banque-centrale-europeenne-exigez-la-fin-du-financement-des-entreprises-climaticides\/#breadcrumb","itemListElement":[{"@type":"ListItem","position":1,"name":"Home","item":"https:\/\/www.greenpeace.org\/luxembourg\/fr\/"},{"@type":"ListItem","position":2,"name":"Consultation publique de la Banque centrale europ\u00e9enne : exigez la fin du financement des entreprises climaticides !"}]},{"@type":"WebSite","@id":"https:\/\/www.greenpeace.org\/luxembourg\/fr\/#website","url":"https:\/\/www.greenpeace.org\/luxembourg\/fr\/","name":"Greenpeace Luxembourg","description":"Greenpeace existe parce que cette Terre fragile a besoin d&#039;une voix. Elle a besoin de solutions. De changement. D&#039;actions.","publisher":{"@id":"https:\/\/www.greenpeace.org\/luxembourg\/fr\/#organization"},"potentialAction":[{"@type":"SearchAction","target":{"@type":"EntryPoint","urlTemplate":"https:\/\/www.greenpeace.org\/luxembourg\/fr\/?s={search_term_string}"},"query-input":{"@type":"PropertyValueSpecification","valueRequired":true,"valueName":"search_term_string"}}],"inLanguage":"fr-LU"},{"@type":"Organization","@id":"https:\/\/www.greenpeace.org\/luxembourg\/fr\/#organization","name":"Greenpeace Luxembourg","url":"https:\/\/www.greenpeace.org\/luxembourg\/fr\/","logo":{"@type":"ImageObject","inLanguage":"fr-LU","@id":"https:\/\/www.greenpeace.org\/luxembourg\/fr\/#\/schema\/logo\/image\/","url":"https:\/\/www.greenpeace.org\/static\/planet4-luxembourg-stateless\/2026\/03\/3e367f94-greenpeace_logo_green_rgb.png","contentUrl":"https:\/\/www.greenpeace.org\/static\/planet4-luxembourg-stateless\/2026\/03\/3e367f94-greenpeace_logo_green_rgb.png","width":1080,"height":175,"caption":"Greenpeace Luxembourg"},"image":{"@id":"https:\/\/www.greenpeace.org\/luxembourg\/fr\/#\/schema\/logo\/image\/"},"sameAs":["https:\/\/www.facebook.com\/greenpeaceluxembourg","https:\/\/www.instagram.com\/greenpeacelux\/","https:\/\/www.linkedin.com\/company\/greenpeace-luxembourg\/","https:\/\/www.threads.com\/@greenpeacelux","https:\/\/bsky.app\/profile\/greenpeacelux.bsky.social","https:\/\/www.youtube.com\/@GreenpeaceLux","https:\/\/www.tiktok.com\/@greenpeace_lux"]},{"@type":"Person","@id":"https:\/\/www.greenpeace.org\/luxembourg\/fr\/#\/schema\/person\/c2ae6002b8ed18c00be0c6b320eea776","name":"Myriam Wecker","url":"https:\/\/www.greenpeace.org\/luxembourg\/fr\/author\/mwecker\/"}]}},"_links":{"self":[{"href":"https:\/\/www.greenpeace.org\/luxembourg\/fr\/wp-json\/wp\/v2\/posts\/9622","targetHints":{"allow":["GET"]}}],"collection":[{"href":"https:\/\/www.greenpeace.org\/luxembourg\/fr\/wp-json\/wp\/v2\/posts"}],"about":[{"href":"https:\/\/www.greenpeace.org\/luxembourg\/fr\/wp-json\/wp\/v2\/types\/post"}],"author":[{"embeddable":true,"href":"https:\/\/www.greenpeace.org\/luxembourg\/fr\/wp-json\/wp\/v2\/users\/31"}],"replies":[{"embeddable":true,"href":"https:\/\/www.greenpeace.org\/luxembourg\/fr\/wp-json\/wp\/v2\/comments?post=9622"}],"version-history":[{"count":8,"href":"https:\/\/www.greenpeace.org\/luxembourg\/fr\/wp-json\/wp\/v2\/posts\/9622\/revisions"}],"predecessor-version":[{"id":12918,"href":"https:\/\/www.greenpeace.org\/luxembourg\/fr\/wp-json\/wp\/v2\/posts\/9622\/revisions\/12918"}],"wp:featuredmedia":[{"embeddable":true,"href":"https:\/\/www.greenpeace.org\/luxembourg\/fr\/wp-json\/wp\/v2\/media\/9623"}],"wp:attachment":[{"href":"https:\/\/www.greenpeace.org\/luxembourg\/fr\/wp-json\/wp\/v2\/media?parent=9622"}],"wp:term":[{"taxonomy":"category","embeddable":true,"href":"https:\/\/www.greenpeace.org\/luxembourg\/fr\/wp-json\/wp\/v2\/categories?post=9622"},{"taxonomy":"post_tag","embeddable":true,"href":"https:\/\/www.greenpeace.org\/luxembourg\/fr\/wp-json\/wp\/v2\/tags?post=9622"},{"taxonomy":"p4-page-type","embeddable":true,"href":"https:\/\/www.greenpeace.org\/luxembourg\/fr\/wp-json\/wp\/v2\/p4-page-type?post=9622"}],"curies":[{"name":"wp","href":"https:\/\/api.w.org\/{rel}","templated":true}]}}