{"id":9849,"date":"2020-09-25T08:25:33","date_gmt":"2020-09-25T06:25:33","guid":{"rendered":"https:\/\/www.greenpeace.org\/luxembourg\/?p=9849"},"modified":"2021-12-01T17:26:24","modified_gmt":"2021-12-01T15:26:24","slug":"consultation-transfrontaliere-sur-la-prolongation-des-centrales-nucleaires-belges","status":"publish","type":"post","link":"https:\/\/www.greenpeace.org\/luxembourg\/fr\/communiques-de-presse\/9849\/consultation-transfrontaliere-sur-la-prolongation-des-centrales-nucleaires-belges\/","title":{"rendered":"Consultation transfrontali\u00e8re sur la prolongation des centrales nucl\u00e9aires belges"},"content":{"rendered":"\n<p><em>Luxembourg, <\/em>25 septembre 2020<em>&nbsp;&nbsp;<\/em><\/p>\n\n<p><br>Suite \u00e0 une d\u00e9cision de la Cour de justice de l\u2019Union europ\u00e9enne en 2019, la Cour constitutionnelle belge avait annul\u00e9 en ao\u00fbt 2020 la loi de 2015 sur la prolongation de la dur\u00e9e de vie des r\u00e9acteurs 1 et 2 de la centrale nucl\u00e9aire de Doel. Dans son arr\u00eat, la Cour belge a ordonn\u00e9 au Gouvernement d\u2019organiser une \u00e9tude d\u2019incidences sur l\u2019environnement impliquant une phase de participation du public et une consultation transfrontali\u00e8re avant le 31 d\u00e9cembre 2022.<\/p>\n\n<p>\u00ab&nbsp;<em>Une prolongation de la dur\u00e9e de vie d\u2019une centrale nucl\u00e9aire peut impacter les riverains ainsi que les pays voisins en cas d\u2019accident. Comme les marges de s\u00fbret\u00e9 diminuent avec le vieillissement d\u2019un r\u00e9acteur, les risques d\u2019un accident nucl\u00e9aire augmentent. Le fait qu\u2019un incident ne soit pas improbable est d\u00e9montr\u00e9 par les nombreux d\u00e9fauts des anciennes centrales nucl\u00e9aires, r\u00e9guli\u00e8rement mises \u00e0 l\u2019arr\u00eat<\/em>&nbsp;\u00bb, d\u00e9clare Roger Spautz, charg\u00e9 de campagne nucl\u00e9aire de Greenpeace.<\/p>\n\n<p>La Ministre de l\u2019\u00e9nergie, de l\u2019environnement et du d\u00e9veloppement durable de la Belgique vient de notifier les pays voisins qu\u2019une \u00e9valuation des incidences environnementales (EIE) avec consultation transfrontali\u00e8re, conform\u00e9ment \u00e0 la convention Espoo, sera organis\u00e9e dans le premier trimestre en 2021. Les pays voisins qui souhaitent participer \u00e0 cette consultation doivent manifester leur int\u00e9r\u00eat avant fin-septembre.<\/p>\n\n<p>Greenpeace f\u00e9licite le gouvernement luxembourgeois d\u2019avoir introduit une demande aupr\u00e8s du gouvernement belge pour participer \u00e0 cette consultation et d\u2019avoir fait une demande pour une EIE dans le cadre de la prolongation de la dur\u00e9e de vie du r\u00e9acteur 1 de la centrale de Tihange.<\/p>\n\t\t\t<section\n\t\t\tclass=\"boxout post-428 \"\n\t\t\t\n\t\t>\n\t\t\t<a\n\t\t\t\tdata-ga-category=\"Take Action Boxout\"\n\t\t\t\tdata-ga-action=\"Image\"\n\t\t\t\tdata-ga-label=\"n\/a\"\n\t\t\t\tclass=\"cover-card-overlay\"\n\t\t\t\thref=\"https:\/\/www.greenpeace.org\/luxembourg\/fr\/agir\/exigeons-la-fin-du-nucleaire\/\" \n\t\t\t><\/a>\n\t\t\t\t\t\t\t<img\n\t\t\t\t\t\tsrc=\"https:\/\/www.greenpeace.org\/static\/planet4-luxembourg-stateless\/2020\/07\/e0610c64-nuclear_waste.jpg\"\n\t\t\t\t\t\tsrcset=\"https:\/\/www.greenpeace.org\/static\/planet4-luxembourg-stateless\/2020\/07\/e0610c64-nuclear_waste-300x199.jpg 300w, https:\/\/www.greenpeace.org\/static\/planet4-luxembourg-stateless\/2020\/07\/e0610c64-nuclear_waste-768x510.jpg 768w, https:\/\/www.greenpeace.org\/static\/planet4-luxembourg-stateless\/2020\/07\/e0610c64-nuclear_waste-510x338.jpg 510w, https:\/\/www.greenpeace.org\/static\/planet4-luxembourg-stateless\/2020\/07\/e0610c64-nuclear_waste.jpg 999w\"\n\t\t\t\t\t\tsizes=\"(min-width: 1000px) 358px, (min-width: 780px) 313px, 88px\"\n\t\t\t\t\t\talt=\"\" title=\"\"\n\t\t\t\t\/>\n            \t\t\t<div class=\"boxout-content\">\n\t\t\t\t\t\t\t\t\t<a\n\t\t\t\t\t\tclass=\"boxout-heading medium\"\n\t\t\t\t\t\tdata-ga-category=\"Take Action Boxout\"\n\t\t\t\t\t\tdata-ga-action=\"Title\"\n\t\t\t\t\t\tdata-ga-label=\"n\/a\"\n\t\t\t\t\t\thref=\"https:\/\/www.greenpeace.org\/luxembourg\/fr\/agir\/exigeons-la-fin-du-nucleaire\/\"\n\t\t\t\t\t\t\n\t\t\t\t\t>\n\t\t\t\t\t\t\u00c9xigeons la fin du nucl\u00e9aire\n\t\t\t\t\t<\/a>\n\t\t\t\t\t\t\t\t\t\t\t\t\t<p class=\"boxout-excerpt\">Le risque Z\u00e9ro n\u2019existe pas.\nFissures, fragilit\u00e9 des structures, anomalies de construction, les installations nous r\u00e9servent chaque fois plus de surprises et les d\u00e9chets sont ing\u00e9rables. <\/p>\n\t\t\t\t                                    <a\n                        class=\"btn btn-primary\"\n                        data-ga-category=\"Take Action Boxout\"\n                        data-ga-action=\"Call to Action\"\n                        data-ga-label=\"n\/a\"\n                        href=\"https:\/\/www.greenpeace.org\/luxembourg\/fr\/agir\/exigeons-la-fin-du-nucleaire\/\"\n                        \n                    >\n                        S&#039;engager\n                    <\/a>\n                \t\t\t<\/div>\n\t\t\t\t\t<\/section>\n\t","protected":false},"excerpt":{"rendered":"<p>Suite \u00e0 une d\u00e9cision de la Cour de justice de l\u2019Union europ\u00e9enne en 2019, la Cour constitutionnelle belge avait annul\u00e9 en ao\u00fbt 2020 la loi de 2015 sur la prolongation&#8230;<\/p>\n","protected":false},"author":25,"featured_media":9850,"comment_status":"closed","ping_status":"closed","sticky":false,"template":"","format":"standard","meta":{"ep_exclude_from_search":false,"p4_og_title":"","p4_og_description":"","p4_og_image":"","p4_og_image_id":"","p4_seo_canonical_url":"","p4_campaign_name":"not set","p4_local_project":"not set","p4_basket_name":"not set","p4_department":"","footnotes":""},"categories":[42],"tags":[30],"p4-page-type":[83],"class_list":["post-9849","post","type-post","status-publish","format-standard","has-post-thumbnail","hentry","category-energie","tag-nucleaire","p4-page-type-communiques-de-presse"],"yoast_head":"<!-- This site is optimized with the Yoast SEO Premium plugin v23.9 (Yoast SEO v23.9) - https:\/\/yoast.com\/wordpress\/plugins\/seo\/ -->\n<title>Consultation transfrontali\u00e8re sur la prolongation des centrales nucl\u00e9aires belges - Greenpeace Luxembourg<\/title>\n<meta name=\"robots\" content=\"index, follow, max-snippet:-1, max-image-preview:large, max-video-preview:-1\" \/>\n<link rel=\"canonical\" href=\"https:\/\/www.greenpeace.org\/luxembourg\/fr\/communiques-de-presse\/9849\/consultation-transfrontaliere-sur-la-prolongation-des-centrales-nucleaires-belges\/\" \/>\n<meta property=\"og:locale\" content=\"fr_FR\" \/>\n<meta property=\"og:type\" content=\"article\" \/>\n<meta property=\"og:title\" content=\"Consultation transfrontali\u00e8re sur la prolongation des centrales nucl\u00e9aires belges\" \/>\n<meta property=\"og:description\" content=\"Suite \u00e0 une d\u00e9cision de la Cour de justice de l\u2019Union europ\u00e9enne en 2019, la Cour constitutionnelle belge avait annul\u00e9 en ao\u00fbt 2020 la loi de 2015 sur la prolongation...\" \/>\n<meta property=\"og:url\" content=\"https:\/\/www.greenpeace.org\/luxembourg\/fr\/communiques-de-presse\/9849\/consultation-transfrontaliere-sur-la-prolongation-des-centrales-nucleaires-belges\/\" \/>\n<meta property=\"og:site_name\" content=\"Greenpeace Luxembourg\" \/>\n<meta property=\"article:publisher\" content=\"https:\/\/www.facebook.com\/greenpeaceluxembourg\" \/>\n<meta property=\"article:published_time\" content=\"2020-09-25T06:25:33+00:00\" \/>\n<meta property=\"article:modified_time\" content=\"2021-12-01T15:26:24+00:00\" \/>\n<meta property=\"og:image\" content=\"https:\/\/www.greenpeace.org\/static\/planet4-luxembourg-stateless\/2020\/09\/d754cb6e-gp0stpq5m_web_size_with_credit_line.jpg\" \/>\n\t<meta property=\"og:image:width\" content=\"800\" \/>\n\t<meta property=\"og:image:height\" content=\"534\" \/>\n\t<meta property=\"og:image:type\" content=\"image\/jpeg\" \/>\n<meta name=\"author\" content=\"Esther Wildanger\" \/>\n<meta name=\"twitter:card\" content=\"summary_large_image\" \/>\n<meta name=\"twitter:label1\" content=\"Written by\" \/>\n\t<meta name=\"twitter:data1\" content=\"Esther Wildanger\" \/>\n\t<meta name=\"twitter:label2\" content=\"Est. reading time\" \/>\n\t<meta name=\"twitter:data2\" content=\"1 minute\" \/>\n<script type=\"application\/ld+json\" class=\"yoast-schema-graph\">{\"@context\":\"https:\/\/schema.org\",\"@graph\":[{\"@type\":\"Article\",\"@id\":\"https:\/\/www.greenpeace.org\/luxembourg\/fr\/communiques-de-presse\/9849\/consultation-transfrontaliere-sur-la-prolongation-des-centrales-nucleaires-belges\/#article\",\"isPartOf\":{\"@id\":\"https:\/\/www.greenpeace.org\/luxembourg\/fr\/communiques-de-presse\/9849\/consultation-transfrontaliere-sur-la-prolongation-des-centrales-nucleaires-belges\/\"},\"author\":{\"name\":\"Esther Wildanger\",\"@id\":\"https:\/\/www.greenpeace.org\/luxembourg\/fr\/#\/schema\/person\/3d0e81a859b59009fec36a8552ef76a7\"},\"headline\":\"Consultation transfrontali\u00e8re sur la prolongation des centrales nucl\u00e9aires belges\",\"datePublished\":\"2020-09-25T06:25:33+00:00\",\"dateModified\":\"2021-12-01T15:26:24+00:00\",\"mainEntityOfPage\":{\"@id\":\"https:\/\/www.greenpeace.org\/luxembourg\/fr\/communiques-de-presse\/9849\/consultation-transfrontaliere-sur-la-prolongation-des-centrales-nucleaires-belges\/\"},\"wordCount\":299,\"publisher\":{\"@id\":\"https:\/\/www.greenpeace.org\/luxembourg\/fr\/#organization\"},\"image\":{\"@id\":\"https:\/\/www.greenpeace.org\/luxembourg\/fr\/communiques-de-presse\/9849\/consultation-transfrontaliere-sur-la-prolongation-des-centrales-nucleaires-belges\/#primaryimage\"},\"thumbnailUrl\":\"https:\/\/www.greenpeace.org\/static\/planet4-luxembourg-stateless\/2020\/09\/d754cb6e-gp0stpq5m_web_size_with_credit_line.jpg\",\"keywords\":[\"Nucl\u00e9aire\"],\"articleSection\":[\"\u00c9nergie\"],\"inLanguage\":\"fr-LU\"},{\"@type\":\"WebPage\",\"@id\":\"https:\/\/www.greenpeace.org\/luxembourg\/fr\/communiques-de-presse\/9849\/consultation-transfrontaliere-sur-la-prolongation-des-centrales-nucleaires-belges\/\",\"url\":\"https:\/\/www.greenpeace.org\/luxembourg\/fr\/communiques-de-presse\/9849\/consultation-transfrontaliere-sur-la-prolongation-des-centrales-nucleaires-belges\/\",\"name\":\"Consultation transfrontali\u00e8re sur la prolongation des centrales nucl\u00e9aires belges - Greenpeace Luxembourg\",\"isPartOf\":{\"@id\":\"https:\/\/www.greenpeace.org\/luxembourg\/fr\/#website\"},\"primaryImageOfPage\":{\"@id\":\"https:\/\/www.greenpeace.org\/luxembourg\/fr\/communiques-de-presse\/9849\/consultation-transfrontaliere-sur-la-prolongation-des-centrales-nucleaires-belges\/#primaryimage\"},\"image\":{\"@id\":\"https:\/\/www.greenpeace.org\/luxembourg\/fr\/communiques-de-presse\/9849\/consultation-transfrontaliere-sur-la-prolongation-des-centrales-nucleaires-belges\/#primaryimage\"},\"thumbnailUrl\":\"https:\/\/www.greenpeace.org\/static\/planet4-luxembourg-stateless\/2020\/09\/d754cb6e-gp0stpq5m_web_size_with_credit_line.jpg\",\"datePublished\":\"2020-09-25T06:25:33+00:00\",\"dateModified\":\"2021-12-01T15:26:24+00:00\",\"breadcrumb\":{\"@id\":\"https:\/\/www.greenpeace.org\/luxembourg\/fr\/communiques-de-presse\/9849\/consultation-transfrontaliere-sur-la-prolongation-des-centrales-nucleaires-belges\/#breadcrumb\"},\"inLanguage\":\"fr-LU\",\"potentialAction\":[{\"@type\":\"ReadAction\",\"target\":[\"https:\/\/www.greenpeace.org\/luxembourg\/fr\/communiques-de-presse\/9849\/consultation-transfrontaliere-sur-la-prolongation-des-centrales-nucleaires-belges\/\"]}]},{\"@type\":\"ImageObject\",\"inLanguage\":\"fr-LU\",\"@id\":\"https:\/\/www.greenpeace.org\/luxembourg\/fr\/communiques-de-presse\/9849\/consultation-transfrontaliere-sur-la-prolongation-des-centrales-nucleaires-belges\/#primaryimage\",\"url\":\"https:\/\/www.greenpeace.org\/static\/planet4-luxembourg-stateless\/2020\/09\/d754cb6e-gp0stpq5m_web_size_with_credit_line.jpg\",\"contentUrl\":\"https:\/\/www.greenpeace.org\/static\/planet4-luxembourg-stateless\/2020\/09\/d754cb6e-gp0stpq5m_web_size_with_credit_line.jpg\",\"width\":800,\"height\":534,\"caption\":\"Doel Nuclear Power Plant near Antwerp in Belgium Atomkraftwerk Doel nahe Antwerpen in Belgien\"},{\"@type\":\"BreadcrumbList\",\"@id\":\"https:\/\/www.greenpeace.org\/luxembourg\/fr\/communiques-de-presse\/9849\/consultation-transfrontaliere-sur-la-prolongation-des-centrales-nucleaires-belges\/#breadcrumb\",\"itemListElement\":[{\"@type\":\"ListItem\",\"position\":1,\"name\":\"Home\",\"item\":\"https:\/\/www.greenpeace.org\/luxembourg\/fr\/\"},{\"@type\":\"ListItem\",\"position\":2,\"name\":\"Consultation transfrontali\u00e8re sur la prolongation des centrales nucl\u00e9aires belges\"}]},{\"@type\":\"WebSite\",\"@id\":\"https:\/\/www.greenpeace.org\/luxembourg\/fr\/#website\",\"url\":\"https:\/\/www.greenpeace.org\/luxembourg\/fr\/\",\"name\":\"Greenpeace Luxembourg\",\"description\":\"Greenpeace existe parce que cette Terre fragile a besoin d&#039;une voix. Elle a besoin de solutions. De changement. D&#039;actions.\",\"publisher\":{\"@id\":\"https:\/\/www.greenpeace.org\/luxembourg\/fr\/#organization\"},\"potentialAction\":[{\"@type\":\"SearchAction\",\"target\":{\"@type\":\"EntryPoint\",\"urlTemplate\":\"https:\/\/www.greenpeace.org\/luxembourg\/fr\/?s={search_term_string}\"},\"query-input\":{\"@type\":\"PropertyValueSpecification\",\"valueRequired\":true,\"valueName\":\"search_term_string\"}}],\"inLanguage\":\"fr-LU\"},{\"@type\":\"Organization\",\"@id\":\"https:\/\/www.greenpeace.org\/luxembourg\/fr\/#organization\",\"name\":\"Greenpeace Luxembourg\",\"url\":\"https:\/\/www.greenpeace.org\/luxembourg\/fr\/\",\"logo\":{\"@type\":\"ImageObject\",\"inLanguage\":\"fr-LU\",\"@id\":\"https:\/\/www.greenpeace.org\/luxembourg\/fr\/#\/schema\/logo\/image\/\",\"url\":\"https:\/\/www.greenpeace.org\/static\/planet4-luxembourg-stateless\/2026\/03\/3e367f94-greenpeace_logo_green_rgb.png\",\"contentUrl\":\"https:\/\/www.greenpeace.org\/static\/planet4-luxembourg-stateless\/2026\/03\/3e367f94-greenpeace_logo_green_rgb.png\",\"width\":1080,\"height\":175,\"caption\":\"Greenpeace Luxembourg\"},\"image\":{\"@id\":\"https:\/\/www.greenpeace.org\/luxembourg\/fr\/#\/schema\/logo\/image\/\"},\"sameAs\":[\"https:\/\/www.facebook.com\/greenpeaceluxembourg\",\"https:\/\/www.instagram.com\/greenpeacelux\/\",\"https:\/\/www.linkedin.com\/company\/greenpeace-luxembourg\/\",\"https:\/\/www.threads.com\/@greenpeacelux\",\"https:\/\/bsky.app\/profile\/greenpeacelux.bsky.social\",\"https:\/\/www.youtube.com\/@GreenpeaceLux\",\"https:\/\/www.tiktok.com\/@greenpeace_lux\"]},{\"@type\":\"Person\",\"@id\":\"https:\/\/www.greenpeace.org\/luxembourg\/fr\/#\/schema\/person\/3d0e81a859b59009fec36a8552ef76a7\",\"name\":\"Esther Wildanger\",\"url\":\"https:\/\/www.greenpeace.org\/luxembourg\/fr\/author\/ewildang\/\"}]}<\/script>\n<!-- \/ Yoast SEO Premium plugin. -->","yoast_head_json":{"title":"Consultation transfrontali\u00e8re sur la prolongation des centrales nucl\u00e9aires belges - Greenpeace Luxembourg","robots":{"index":"index","follow":"follow","max-snippet":"max-snippet:-1","max-image-preview":"max-image-preview:large","max-video-preview":"max-video-preview:-1"},"canonical":"https:\/\/www.greenpeace.org\/luxembourg\/fr\/communiques-de-presse\/9849\/consultation-transfrontaliere-sur-la-prolongation-des-centrales-nucleaires-belges\/","og_locale":"fr_FR","og_type":"article","og_title":"Consultation transfrontali\u00e8re sur la prolongation des centrales nucl\u00e9aires belges","og_description":"Suite \u00e0 une d\u00e9cision de la Cour de justice de l\u2019Union europ\u00e9enne en 2019, la Cour constitutionnelle belge avait annul\u00e9 en ao\u00fbt 2020 la loi de 2015 sur la prolongation...","og_url":"https:\/\/www.greenpeace.org\/luxembourg\/fr\/communiques-de-presse\/9849\/consultation-transfrontaliere-sur-la-prolongation-des-centrales-nucleaires-belges\/","og_site_name":"Greenpeace Luxembourg","article_publisher":"https:\/\/www.facebook.com\/greenpeaceluxembourg","article_published_time":"2020-09-25T06:25:33+00:00","article_modified_time":"2021-12-01T15:26:24+00:00","og_image":[{"width":800,"height":534,"url":"https:\/\/www.greenpeace.org\/static\/planet4-luxembourg-stateless\/2020\/09\/d754cb6e-gp0stpq5m_web_size_with_credit_line.jpg","type":"image\/jpeg"}],"author":"Esther Wildanger","twitter_card":"summary_large_image","twitter_misc":{"Written by":"Esther Wildanger","Est. reading time":"1 minute"},"schema":{"@context":"https:\/\/schema.org","@graph":[{"@type":"Article","@id":"https:\/\/www.greenpeace.org\/luxembourg\/fr\/communiques-de-presse\/9849\/consultation-transfrontaliere-sur-la-prolongation-des-centrales-nucleaires-belges\/#article","isPartOf":{"@id":"https:\/\/www.greenpeace.org\/luxembourg\/fr\/communiques-de-presse\/9849\/consultation-transfrontaliere-sur-la-prolongation-des-centrales-nucleaires-belges\/"},"author":{"name":"Esther Wildanger","@id":"https:\/\/www.greenpeace.org\/luxembourg\/fr\/#\/schema\/person\/3d0e81a859b59009fec36a8552ef76a7"},"headline":"Consultation transfrontali\u00e8re sur la prolongation des centrales nucl\u00e9aires belges","datePublished":"2020-09-25T06:25:33+00:00","dateModified":"2021-12-01T15:26:24+00:00","mainEntityOfPage":{"@id":"https:\/\/www.greenpeace.org\/luxembourg\/fr\/communiques-de-presse\/9849\/consultation-transfrontaliere-sur-la-prolongation-des-centrales-nucleaires-belges\/"},"wordCount":299,"publisher":{"@id":"https:\/\/www.greenpeace.org\/luxembourg\/fr\/#organization"},"image":{"@id":"https:\/\/www.greenpeace.org\/luxembourg\/fr\/communiques-de-presse\/9849\/consultation-transfrontaliere-sur-la-prolongation-des-centrales-nucleaires-belges\/#primaryimage"},"thumbnailUrl":"https:\/\/www.greenpeace.org\/static\/planet4-luxembourg-stateless\/2020\/09\/d754cb6e-gp0stpq5m_web_size_with_credit_line.jpg","keywords":["Nucl\u00e9aire"],"articleSection":["\u00c9nergie"],"inLanguage":"fr-LU"},{"@type":"WebPage","@id":"https:\/\/www.greenpeace.org\/luxembourg\/fr\/communiques-de-presse\/9849\/consultation-transfrontaliere-sur-la-prolongation-des-centrales-nucleaires-belges\/","url":"https:\/\/www.greenpeace.org\/luxembourg\/fr\/communiques-de-presse\/9849\/consultation-transfrontaliere-sur-la-prolongation-des-centrales-nucleaires-belges\/","name":"Consultation transfrontali\u00e8re sur la prolongation des centrales nucl\u00e9aires belges - Greenpeace Luxembourg","isPartOf":{"@id":"https:\/\/www.greenpeace.org\/luxembourg\/fr\/#website"},"primaryImageOfPage":{"@id":"https:\/\/www.greenpeace.org\/luxembourg\/fr\/communiques-de-presse\/9849\/consultation-transfrontaliere-sur-la-prolongation-des-centrales-nucleaires-belges\/#primaryimage"},"image":{"@id":"https:\/\/www.greenpeace.org\/luxembourg\/fr\/communiques-de-presse\/9849\/consultation-transfrontaliere-sur-la-prolongation-des-centrales-nucleaires-belges\/#primaryimage"},"thumbnailUrl":"https:\/\/www.greenpeace.org\/static\/planet4-luxembourg-stateless\/2020\/09\/d754cb6e-gp0stpq5m_web_size_with_credit_line.jpg","datePublished":"2020-09-25T06:25:33+00:00","dateModified":"2021-12-01T15:26:24+00:00","breadcrumb":{"@id":"https:\/\/www.greenpeace.org\/luxembourg\/fr\/communiques-de-presse\/9849\/consultation-transfrontaliere-sur-la-prolongation-des-centrales-nucleaires-belges\/#breadcrumb"},"inLanguage":"fr-LU","potentialAction":[{"@type":"ReadAction","target":["https:\/\/www.greenpeace.org\/luxembourg\/fr\/communiques-de-presse\/9849\/consultation-transfrontaliere-sur-la-prolongation-des-centrales-nucleaires-belges\/"]}]},{"@type":"ImageObject","inLanguage":"fr-LU","@id":"https:\/\/www.greenpeace.org\/luxembourg\/fr\/communiques-de-presse\/9849\/consultation-transfrontaliere-sur-la-prolongation-des-centrales-nucleaires-belges\/#primaryimage","url":"https:\/\/www.greenpeace.org\/static\/planet4-luxembourg-stateless\/2020\/09\/d754cb6e-gp0stpq5m_web_size_with_credit_line.jpg","contentUrl":"https:\/\/www.greenpeace.org\/static\/planet4-luxembourg-stateless\/2020\/09\/d754cb6e-gp0stpq5m_web_size_with_credit_line.jpg","width":800,"height":534,"caption":"Doel Nuclear Power Plant near Antwerp in Belgium Atomkraftwerk Doel nahe Antwerpen in Belgien"},{"@type":"BreadcrumbList","@id":"https:\/\/www.greenpeace.org\/luxembourg\/fr\/communiques-de-presse\/9849\/consultation-transfrontaliere-sur-la-prolongation-des-centrales-nucleaires-belges\/#breadcrumb","itemListElement":[{"@type":"ListItem","position":1,"name":"Home","item":"https:\/\/www.greenpeace.org\/luxembourg\/fr\/"},{"@type":"ListItem","position":2,"name":"Consultation transfrontali\u00e8re sur la prolongation des centrales nucl\u00e9aires belges"}]},{"@type":"WebSite","@id":"https:\/\/www.greenpeace.org\/luxembourg\/fr\/#website","url":"https:\/\/www.greenpeace.org\/luxembourg\/fr\/","name":"Greenpeace Luxembourg","description":"Greenpeace existe parce que cette Terre fragile a besoin d&#039;une voix. Elle a besoin de solutions. De changement. D&#039;actions.","publisher":{"@id":"https:\/\/www.greenpeace.org\/luxembourg\/fr\/#organization"},"potentialAction":[{"@type":"SearchAction","target":{"@type":"EntryPoint","urlTemplate":"https:\/\/www.greenpeace.org\/luxembourg\/fr\/?s={search_term_string}"},"query-input":{"@type":"PropertyValueSpecification","valueRequired":true,"valueName":"search_term_string"}}],"inLanguage":"fr-LU"},{"@type":"Organization","@id":"https:\/\/www.greenpeace.org\/luxembourg\/fr\/#organization","name":"Greenpeace Luxembourg","url":"https:\/\/www.greenpeace.org\/luxembourg\/fr\/","logo":{"@type":"ImageObject","inLanguage":"fr-LU","@id":"https:\/\/www.greenpeace.org\/luxembourg\/fr\/#\/schema\/logo\/image\/","url":"https:\/\/www.greenpeace.org\/static\/planet4-luxembourg-stateless\/2026\/03\/3e367f94-greenpeace_logo_green_rgb.png","contentUrl":"https:\/\/www.greenpeace.org\/static\/planet4-luxembourg-stateless\/2026\/03\/3e367f94-greenpeace_logo_green_rgb.png","width":1080,"height":175,"caption":"Greenpeace Luxembourg"},"image":{"@id":"https:\/\/www.greenpeace.org\/luxembourg\/fr\/#\/schema\/logo\/image\/"},"sameAs":["https:\/\/www.facebook.com\/greenpeaceluxembourg","https:\/\/www.instagram.com\/greenpeacelux\/","https:\/\/www.linkedin.com\/company\/greenpeace-luxembourg\/","https:\/\/www.threads.com\/@greenpeacelux","https:\/\/bsky.app\/profile\/greenpeacelux.bsky.social","https:\/\/www.youtube.com\/@GreenpeaceLux","https:\/\/www.tiktok.com\/@greenpeace_lux"]},{"@type":"Person","@id":"https:\/\/www.greenpeace.org\/luxembourg\/fr\/#\/schema\/person\/3d0e81a859b59009fec36a8552ef76a7","name":"Esther Wildanger","url":"https:\/\/www.greenpeace.org\/luxembourg\/fr\/author\/ewildang\/"}]}},"_links":{"self":[{"href":"https:\/\/www.greenpeace.org\/luxembourg\/fr\/wp-json\/wp\/v2\/posts\/9849","targetHints":{"allow":["GET"]}}],"collection":[{"href":"https:\/\/www.greenpeace.org\/luxembourg\/fr\/wp-json\/wp\/v2\/posts"}],"about":[{"href":"https:\/\/www.greenpeace.org\/luxembourg\/fr\/wp-json\/wp\/v2\/types\/post"}],"author":[{"embeddable":true,"href":"https:\/\/www.greenpeace.org\/luxembourg\/fr\/wp-json\/wp\/v2\/users\/25"}],"replies":[{"embeddable":true,"href":"https:\/\/www.greenpeace.org\/luxembourg\/fr\/wp-json\/wp\/v2\/comments?post=9849"}],"version-history":[{"count":5,"href":"https:\/\/www.greenpeace.org\/luxembourg\/fr\/wp-json\/wp\/v2\/posts\/9849\/revisions"}],"predecessor-version":[{"id":12907,"href":"https:\/\/www.greenpeace.org\/luxembourg\/fr\/wp-json\/wp\/v2\/posts\/9849\/revisions\/12907"}],"wp:featuredmedia":[{"embeddable":true,"href":"https:\/\/www.greenpeace.org\/luxembourg\/fr\/wp-json\/wp\/v2\/media\/9850"}],"wp:attachment":[{"href":"https:\/\/www.greenpeace.org\/luxembourg\/fr\/wp-json\/wp\/v2\/media?parent=9849"}],"wp:term":[{"taxonomy":"category","embeddable":true,"href":"https:\/\/www.greenpeace.org\/luxembourg\/fr\/wp-json\/wp\/v2\/categories?post=9849"},{"taxonomy":"post_tag","embeddable":true,"href":"https:\/\/www.greenpeace.org\/luxembourg\/fr\/wp-json\/wp\/v2\/tags?post=9849"},{"taxonomy":"p4-page-type","embeddable":true,"href":"https:\/\/www.greenpeace.org\/luxembourg\/fr\/wp-json\/wp\/v2\/p4-page-type?post=9849"}],"curies":[{"name":"wp","href":"https:\/\/api.w.org\/{rel}","templated":true}]}}