{"id":9874,"date":"2020-09-30T18:26:41","date_gmt":"2020-09-30T16:26:41","guid":{"rendered":"https:\/\/www.greenpeace.org\/luxembourg\/?p=9874"},"modified":"2021-12-01T17:26:23","modified_gmt":"2021-12-01T15:26:23","slug":"15-c-cest-la-limite","status":"publish","type":"post","link":"https:\/\/www.greenpeace.org\/luxembourg\/fr\/communiques-de-presse\/9874\/15-c-cest-la-limite\/","title":{"rendered":"\u00ab 1,5 \u00b0C, c\u2019est la limite ! \u00bb"},"content":{"rendered":"\n<p><strong><em>Berlin \/ Luxembourg, 30 septembre 2020<\/em> &#8211; Greenpeace appelle les ministres du climat et de l\u2019environnement \u00e0 renforcer l&#8217;objectif d&#8217;\u00e9conomie des \u00e9missions de <strong>CO<sub>2<\/sub><\/strong> pour 2030 \u00e0 65 %. Cette valeur est n\u00e9cessaire pour maintenir la temp\u00e9rature au-dessous de la limite critique de 1,5\u00b0 C &#8211; une recommandation ferme des scientifiques sp\u00e9cialistes du climat.<\/strong><\/p>\n\n<p>Les ministres europ\u00e9en\u00b7nes de 27 pays discutent \u00e9galement de la proposition de la Commission europ\u00e9enne de r\u00e9duire les \u00e9missions de gaz \u00e0 effet de serre dans l&#8217;UE de 55 % net d&#8217;ici 2030. Selon l\u2019accord de Paris &#8211; dont tous les pays de l\u2019UE font partis &#8211; est pourtant clair : cet objectif ne suffira pas \u00e0 limiter le r\u00e9chauffement climatique \u00e0 1,5 \u00b0 C.<\/p>\n\n<p>En outre, la Commission europ\u00e9enne veut diluer l&#8217;objectif en trichant dans leur bilan. Pour la premi\u00e8re fois, elle veut d\u00e9duire les \u00e9missions stock\u00e9es par les for\u00eats et les sols. Les r\u00e9ductions n\u00e9cessaires des \u00e9missions dans les secteurs nuisibles au climat tels que l&#8217;\u00e9nergie, les transports et l&#8217;agriculture pourraient donc \u00eatre report\u00e9es ou m\u00eame remplac\u00e9es.<\/p>\n\n<p><strong>Les magouilles du bilan en mati\u00e8re de protection du climat dans l&#8217;UE doivent \u00eatre suspendues !<\/strong><\/p>\n\n<p>Il en va de la responsabilit\u00e9 des ministres, au sein de la pr\u00e9sidence allemande du Conseil de l&#8217;UE, de n\u00e9gocier un accord sur un objectif climatique de l&#8217;UE pour 2030 qui rende justice \u00e0 l&#8217;urgence de la crise climatique. \u00ab Un mauvais objectif climatique de l&#8217;UE serait une insulte aux centaines de milliers de gr\u00e9vistes du climat qui sont descendu\u00b7es dans les rues de toute l&#8217;Europe la semaine derni\u00e8re \u00bb, d\u00e9clare Frank Thinnes, charg\u00e9 de campagne Climat et Energie \u00e0 Greenpeace Luxembourg. \u00ab La science nous a donn\u00e9 un objectif d&#8217;au moins 65 % d&#8217;\u00e9conomies d&#8217;\u00e9missions. Essayer de tricher et de se f\u00e9liciter en m\u00eame temps, c\u2019est de l\u2019hypocrisie mensong\u00e8re, car les magouilles et ruses arithm\u00e9tiques ne r\u00e9duisent pas les \u00e9missions. \u00bb&nbsp;<\/p>\n\n<p>Greenpeace salue l&#8217;engagement de notre ministre de l\u2019environnement Carole Dieschbourg, qui a imm\u00e9diatement accept\u00e9 de contacter nos correspondant\u00b7es \u00e0 Berlin pour les n\u00e9gociations. Nous partageons \u00e9videmment la vision critique des \u00e9missions \u00ab nettes \u00bb. Malheureusement, selon la ministre, certains pays de l&#8217;UE le voient diff\u00e9remment. Une <a rel=\"noreferrer noopener\" href=\"https:\/\/storage.googleapis.com\/planet4-eu-unit-stateless\/2020\/09\/20200929-NGO-analysis-EC-2030-climat-plan.pdf\" target=\"_blank\">analyse<\/a> de huit grandes ONG \u00e9cologiques examine les plans climat de la Commission europ\u00e9enne pour 2030. Conclusion : les r\u00e9ductions d&#8217;\u00e9missions r\u00e9elles de 50,5 \u00e0 52,8 % soutenues par la Commission europ\u00e9enne pour 2030 sont totalement inad\u00e9quates et totalement irresponsables.<\/p>\n<div class=\"EmptyMessage\">Block content is empty. Check the block&#8217;s settings or remove it.<\/div>","protected":false},"excerpt":{"rendered":"<p>Greenpeace appelle les ministres \u00e0 renforcer l&#8217;objectif d&#8217;\u00e9conomie des \u00e9missions de CO2 pour 2030 \u00e0 65 %. <\/p>\n","protected":false},"author":31,"featured_media":9875,"comment_status":"closed","ping_status":"closed","sticky":false,"template":"","format":"standard","meta":{"ep_exclude_from_search":false,"p4_og_title":"","p4_og_description":"","p4_og_image":"","p4_og_image_id":"","p4_seo_canonical_url":"","p4_campaign_name":"not set","p4_local_project":"not set","p4_basket_name":"not set","p4_department":"","footnotes":""},"categories":[41,42,17],"tags":[32,35],"p4-page-type":[83],"class_list":["post-9874","post","type-post","status-publish","format-standard","has-post-thumbnail","hentry","category-climat","category-energie","category-greenpeace","tag-luxembourg","tag-energiesfossiles","p4-page-type-communiques-de-presse"],"yoast_head":"<!-- This site is optimized with the Yoast SEO Premium plugin v23.9 (Yoast SEO v23.9) - https:\/\/yoast.com\/wordpress\/plugins\/seo\/ -->\n<title>\u00ab 1,5 \u00b0C, c\u2019est la limite ! \u00bb - Greenpeace Luxembourg<\/title>\n<meta name=\"robots\" content=\"index, follow, max-snippet:-1, max-image-preview:large, max-video-preview:-1\" \/>\n<link rel=\"canonical\" href=\"https:\/\/www.greenpeace.org\/luxembourg\/fr\/communiques-de-presse\/9874\/15-c-cest-la-limite\/\" \/>\n<meta property=\"og:locale\" content=\"fr_FR\" \/>\n<meta property=\"og:type\" content=\"article\" \/>\n<meta property=\"og:title\" content=\"\u00ab 1,5 \u00b0C, c\u2019est la limite ! \u00bb\" \/>\n<meta property=\"og:description\" content=\"Greenpeace appelle les ministres \u00e0 renforcer l&#039;objectif d&#039;\u00e9conomie des \u00e9missions de CO2 pour 2030 \u00e0 65 %.\" \/>\n<meta property=\"og:url\" content=\"https:\/\/www.greenpeace.org\/luxembourg\/fr\/communiques-de-presse\/9874\/15-c-cest-la-limite\/\" \/>\n<meta property=\"og:site_name\" content=\"Greenpeace Luxembourg\" \/>\n<meta property=\"article:publisher\" content=\"https:\/\/www.facebook.com\/greenpeaceluxembourg\" \/>\n<meta property=\"article:published_time\" content=\"2020-09-30T16:26:41+00:00\" \/>\n<meta property=\"article:modified_time\" content=\"2021-12-01T15:26:23+00:00\" \/>\n<meta property=\"og:image\" content=\"https:\/\/www.greenpeace.org\/static\/planet4-luxembourg-stateless\/2020\/09\/cdf54ba8-dieschbourg-gp-berlin.jpg\" \/>\n\t<meta property=\"og:image:width\" content=\"1200\" \/>\n\t<meta property=\"og:image:height\" content=\"800\" \/>\n\t<meta property=\"og:image:type\" content=\"image\/jpeg\" \/>\n<meta name=\"author\" content=\"Myriam Wecker\" \/>\n<meta name=\"twitter:card\" content=\"summary_large_image\" \/>\n<meta name=\"twitter:label1\" content=\"Written by\" \/>\n\t<meta name=\"twitter:data1\" content=\"Myriam Wecker\" \/>\n\t<meta name=\"twitter:label2\" content=\"Est. reading time\" \/>\n\t<meta name=\"twitter:data2\" content=\"2 minutes\" \/>\n<script type=\"application\/ld+json\" class=\"yoast-schema-graph\">{\"@context\":\"https:\/\/schema.org\",\"@graph\":[{\"@type\":\"Article\",\"@id\":\"https:\/\/www.greenpeace.org\/luxembourg\/fr\/communiques-de-presse\/9874\/15-c-cest-la-limite\/#article\",\"isPartOf\":{\"@id\":\"https:\/\/www.greenpeace.org\/luxembourg\/fr\/communiques-de-presse\/9874\/15-c-cest-la-limite\/\"},\"author\":{\"name\":\"Myriam Wecker\",\"@id\":\"https:\/\/www.greenpeace.org\/luxembourg\/fr\/#\/schema\/person\/c2ae6002b8ed18c00be0c6b320eea776\"},\"headline\":\"\u00ab 1,5 \u00b0C, c\u2019est la limite ! \u00bb\",\"datePublished\":\"2020-09-30T16:26:41+00:00\",\"dateModified\":\"2021-12-01T15:26:23+00:00\",\"mainEntityOfPage\":{\"@id\":\"https:\/\/www.greenpeace.org\/luxembourg\/fr\/communiques-de-presse\/9874\/15-c-cest-la-limite\/\"},\"wordCount\":428,\"publisher\":{\"@id\":\"https:\/\/www.greenpeace.org\/luxembourg\/fr\/#organization\"},\"image\":{\"@id\":\"https:\/\/www.greenpeace.org\/luxembourg\/fr\/communiques-de-presse\/9874\/15-c-cest-la-limite\/#primaryimage\"},\"thumbnailUrl\":\"https:\/\/www.greenpeace.org\/static\/planet4-luxembourg-stateless\/2020\/09\/cdf54ba8-dieschbourg-gp-berlin.jpg\",\"keywords\":[\"Luxembourg\",\"EnergiesFossiles\"],\"articleSection\":[\"Climat\",\"\u00c9nergie\",\"Greenpeace\"],\"inLanguage\":\"fr-LU\"},{\"@type\":\"WebPage\",\"@id\":\"https:\/\/www.greenpeace.org\/luxembourg\/fr\/communiques-de-presse\/9874\/15-c-cest-la-limite\/\",\"url\":\"https:\/\/www.greenpeace.org\/luxembourg\/fr\/communiques-de-presse\/9874\/15-c-cest-la-limite\/\",\"name\":\"\u00ab 1,5 \u00b0C, c\u2019est la limite ! \u00bb - Greenpeace Luxembourg\",\"isPartOf\":{\"@id\":\"https:\/\/www.greenpeace.org\/luxembourg\/fr\/#website\"},\"primaryImageOfPage\":{\"@id\":\"https:\/\/www.greenpeace.org\/luxembourg\/fr\/communiques-de-presse\/9874\/15-c-cest-la-limite\/#primaryimage\"},\"image\":{\"@id\":\"https:\/\/www.greenpeace.org\/luxembourg\/fr\/communiques-de-presse\/9874\/15-c-cest-la-limite\/#primaryimage\"},\"thumbnailUrl\":\"https:\/\/www.greenpeace.org\/static\/planet4-luxembourg-stateless\/2020\/09\/cdf54ba8-dieschbourg-gp-berlin.jpg\",\"datePublished\":\"2020-09-30T16:26:41+00:00\",\"dateModified\":\"2021-12-01T15:26:23+00:00\",\"breadcrumb\":{\"@id\":\"https:\/\/www.greenpeace.org\/luxembourg\/fr\/communiques-de-presse\/9874\/15-c-cest-la-limite\/#breadcrumb\"},\"inLanguage\":\"fr-LU\",\"potentialAction\":[{\"@type\":\"ReadAction\",\"target\":[\"https:\/\/www.greenpeace.org\/luxembourg\/fr\/communiques-de-presse\/9874\/15-c-cest-la-limite\/\"]}]},{\"@type\":\"ImageObject\",\"inLanguage\":\"fr-LU\",\"@id\":\"https:\/\/www.greenpeace.org\/luxembourg\/fr\/communiques-de-presse\/9874\/15-c-cest-la-limite\/#primaryimage\",\"url\":\"https:\/\/www.greenpeace.org\/static\/planet4-luxembourg-stateless\/2020\/09\/cdf54ba8-dieschbourg-gp-berlin.jpg\",\"contentUrl\":\"https:\/\/www.greenpeace.org\/static\/planet4-luxembourg-stateless\/2020\/09\/cdf54ba8-dieschbourg-gp-berlin.jpg\",\"width\":1200,\"height\":800},{\"@type\":\"BreadcrumbList\",\"@id\":\"https:\/\/www.greenpeace.org\/luxembourg\/fr\/communiques-de-presse\/9874\/15-c-cest-la-limite\/#breadcrumb\",\"itemListElement\":[{\"@type\":\"ListItem\",\"position\":1,\"name\":\"Home\",\"item\":\"https:\/\/www.greenpeace.org\/luxembourg\/fr\/\"},{\"@type\":\"ListItem\",\"position\":2,\"name\":\"\u00ab 1,5 \u00b0C, c\u2019est la limite ! \u00bb\"}]},{\"@type\":\"WebSite\",\"@id\":\"https:\/\/www.greenpeace.org\/luxembourg\/fr\/#website\",\"url\":\"https:\/\/www.greenpeace.org\/luxembourg\/fr\/\",\"name\":\"Greenpeace Luxembourg\",\"description\":\"Greenpeace existe parce que cette Terre fragile a besoin d&#039;une voix. Elle a besoin de solutions. De changement. D&#039;actions.\",\"publisher\":{\"@id\":\"https:\/\/www.greenpeace.org\/luxembourg\/fr\/#organization\"},\"potentialAction\":[{\"@type\":\"SearchAction\",\"target\":{\"@type\":\"EntryPoint\",\"urlTemplate\":\"https:\/\/www.greenpeace.org\/luxembourg\/fr\/?s={search_term_string}\"},\"query-input\":{\"@type\":\"PropertyValueSpecification\",\"valueRequired\":true,\"valueName\":\"search_term_string\"}}],\"inLanguage\":\"fr-LU\"},{\"@type\":\"Organization\",\"@id\":\"https:\/\/www.greenpeace.org\/luxembourg\/fr\/#organization\",\"name\":\"Greenpeace Luxembourg\",\"url\":\"https:\/\/www.greenpeace.org\/luxembourg\/fr\/\",\"logo\":{\"@type\":\"ImageObject\",\"inLanguage\":\"fr-LU\",\"@id\":\"https:\/\/www.greenpeace.org\/luxembourg\/fr\/#\/schema\/logo\/image\/\",\"url\":\"https:\/\/www.greenpeace.org\/static\/planet4-luxembourg-stateless\/2026\/03\/3e367f94-greenpeace_logo_green_rgb.png\",\"contentUrl\":\"https:\/\/www.greenpeace.org\/static\/planet4-luxembourg-stateless\/2026\/03\/3e367f94-greenpeace_logo_green_rgb.png\",\"width\":1080,\"height\":175,\"caption\":\"Greenpeace Luxembourg\"},\"image\":{\"@id\":\"https:\/\/www.greenpeace.org\/luxembourg\/fr\/#\/schema\/logo\/image\/\"},\"sameAs\":[\"https:\/\/www.facebook.com\/greenpeaceluxembourg\",\"https:\/\/www.instagram.com\/greenpeacelux\/\",\"https:\/\/www.linkedin.com\/company\/greenpeace-luxembourg\/\",\"https:\/\/www.threads.com\/@greenpeacelux\",\"https:\/\/bsky.app\/profile\/greenpeacelux.bsky.social\",\"https:\/\/www.youtube.com\/@GreenpeaceLux\",\"https:\/\/www.tiktok.com\/@greenpeace_lux\"]},{\"@type\":\"Person\",\"@id\":\"https:\/\/www.greenpeace.org\/luxembourg\/fr\/#\/schema\/person\/c2ae6002b8ed18c00be0c6b320eea776\",\"name\":\"Myriam Wecker\",\"url\":\"https:\/\/www.greenpeace.org\/luxembourg\/fr\/author\/mwecker\/\"}]}<\/script>\n<!-- \/ Yoast SEO Premium plugin. -->","yoast_head_json":{"title":"\u00ab 1,5 \u00b0C, c\u2019est la limite ! \u00bb - Greenpeace Luxembourg","robots":{"index":"index","follow":"follow","max-snippet":"max-snippet:-1","max-image-preview":"max-image-preview:large","max-video-preview":"max-video-preview:-1"},"canonical":"https:\/\/www.greenpeace.org\/luxembourg\/fr\/communiques-de-presse\/9874\/15-c-cest-la-limite\/","og_locale":"fr_FR","og_type":"article","og_title":"\u00ab 1,5 \u00b0C, c\u2019est la limite ! \u00bb","og_description":"Greenpeace appelle les ministres \u00e0 renforcer l'objectif d'\u00e9conomie des \u00e9missions de CO2 pour 2030 \u00e0 65 %.","og_url":"https:\/\/www.greenpeace.org\/luxembourg\/fr\/communiques-de-presse\/9874\/15-c-cest-la-limite\/","og_site_name":"Greenpeace Luxembourg","article_publisher":"https:\/\/www.facebook.com\/greenpeaceluxembourg","article_published_time":"2020-09-30T16:26:41+00:00","article_modified_time":"2021-12-01T15:26:23+00:00","og_image":[{"width":1200,"height":800,"url":"https:\/\/www.greenpeace.org\/static\/planet4-luxembourg-stateless\/2020\/09\/cdf54ba8-dieschbourg-gp-berlin.jpg","type":"image\/jpeg"}],"author":"Myriam Wecker","twitter_card":"summary_large_image","twitter_misc":{"Written by":"Myriam Wecker","Est. reading time":"2 minutes"},"schema":{"@context":"https:\/\/schema.org","@graph":[{"@type":"Article","@id":"https:\/\/www.greenpeace.org\/luxembourg\/fr\/communiques-de-presse\/9874\/15-c-cest-la-limite\/#article","isPartOf":{"@id":"https:\/\/www.greenpeace.org\/luxembourg\/fr\/communiques-de-presse\/9874\/15-c-cest-la-limite\/"},"author":{"name":"Myriam Wecker","@id":"https:\/\/www.greenpeace.org\/luxembourg\/fr\/#\/schema\/person\/c2ae6002b8ed18c00be0c6b320eea776"},"headline":"\u00ab 1,5 \u00b0C, c\u2019est la limite ! \u00bb","datePublished":"2020-09-30T16:26:41+00:00","dateModified":"2021-12-01T15:26:23+00:00","mainEntityOfPage":{"@id":"https:\/\/www.greenpeace.org\/luxembourg\/fr\/communiques-de-presse\/9874\/15-c-cest-la-limite\/"},"wordCount":428,"publisher":{"@id":"https:\/\/www.greenpeace.org\/luxembourg\/fr\/#organization"},"image":{"@id":"https:\/\/www.greenpeace.org\/luxembourg\/fr\/communiques-de-presse\/9874\/15-c-cest-la-limite\/#primaryimage"},"thumbnailUrl":"https:\/\/www.greenpeace.org\/static\/planet4-luxembourg-stateless\/2020\/09\/cdf54ba8-dieschbourg-gp-berlin.jpg","keywords":["Luxembourg","EnergiesFossiles"],"articleSection":["Climat","\u00c9nergie","Greenpeace"],"inLanguage":"fr-LU"},{"@type":"WebPage","@id":"https:\/\/www.greenpeace.org\/luxembourg\/fr\/communiques-de-presse\/9874\/15-c-cest-la-limite\/","url":"https:\/\/www.greenpeace.org\/luxembourg\/fr\/communiques-de-presse\/9874\/15-c-cest-la-limite\/","name":"\u00ab 1,5 \u00b0C, c\u2019est la limite ! \u00bb - Greenpeace Luxembourg","isPartOf":{"@id":"https:\/\/www.greenpeace.org\/luxembourg\/fr\/#website"},"primaryImageOfPage":{"@id":"https:\/\/www.greenpeace.org\/luxembourg\/fr\/communiques-de-presse\/9874\/15-c-cest-la-limite\/#primaryimage"},"image":{"@id":"https:\/\/www.greenpeace.org\/luxembourg\/fr\/communiques-de-presse\/9874\/15-c-cest-la-limite\/#primaryimage"},"thumbnailUrl":"https:\/\/www.greenpeace.org\/static\/planet4-luxembourg-stateless\/2020\/09\/cdf54ba8-dieschbourg-gp-berlin.jpg","datePublished":"2020-09-30T16:26:41+00:00","dateModified":"2021-12-01T15:26:23+00:00","breadcrumb":{"@id":"https:\/\/www.greenpeace.org\/luxembourg\/fr\/communiques-de-presse\/9874\/15-c-cest-la-limite\/#breadcrumb"},"inLanguage":"fr-LU","potentialAction":[{"@type":"ReadAction","target":["https:\/\/www.greenpeace.org\/luxembourg\/fr\/communiques-de-presse\/9874\/15-c-cest-la-limite\/"]}]},{"@type":"ImageObject","inLanguage":"fr-LU","@id":"https:\/\/www.greenpeace.org\/luxembourg\/fr\/communiques-de-presse\/9874\/15-c-cest-la-limite\/#primaryimage","url":"https:\/\/www.greenpeace.org\/static\/planet4-luxembourg-stateless\/2020\/09\/cdf54ba8-dieschbourg-gp-berlin.jpg","contentUrl":"https:\/\/www.greenpeace.org\/static\/planet4-luxembourg-stateless\/2020\/09\/cdf54ba8-dieschbourg-gp-berlin.jpg","width":1200,"height":800},{"@type":"BreadcrumbList","@id":"https:\/\/www.greenpeace.org\/luxembourg\/fr\/communiques-de-presse\/9874\/15-c-cest-la-limite\/#breadcrumb","itemListElement":[{"@type":"ListItem","position":1,"name":"Home","item":"https:\/\/www.greenpeace.org\/luxembourg\/fr\/"},{"@type":"ListItem","position":2,"name":"\u00ab 1,5 \u00b0C, c\u2019est la limite ! \u00bb"}]},{"@type":"WebSite","@id":"https:\/\/www.greenpeace.org\/luxembourg\/fr\/#website","url":"https:\/\/www.greenpeace.org\/luxembourg\/fr\/","name":"Greenpeace Luxembourg","description":"Greenpeace existe parce que cette Terre fragile a besoin d&#039;une voix. Elle a besoin de solutions. De changement. D&#039;actions.","publisher":{"@id":"https:\/\/www.greenpeace.org\/luxembourg\/fr\/#organization"},"potentialAction":[{"@type":"SearchAction","target":{"@type":"EntryPoint","urlTemplate":"https:\/\/www.greenpeace.org\/luxembourg\/fr\/?s={search_term_string}"},"query-input":{"@type":"PropertyValueSpecification","valueRequired":true,"valueName":"search_term_string"}}],"inLanguage":"fr-LU"},{"@type":"Organization","@id":"https:\/\/www.greenpeace.org\/luxembourg\/fr\/#organization","name":"Greenpeace Luxembourg","url":"https:\/\/www.greenpeace.org\/luxembourg\/fr\/","logo":{"@type":"ImageObject","inLanguage":"fr-LU","@id":"https:\/\/www.greenpeace.org\/luxembourg\/fr\/#\/schema\/logo\/image\/","url":"https:\/\/www.greenpeace.org\/static\/planet4-luxembourg-stateless\/2026\/03\/3e367f94-greenpeace_logo_green_rgb.png","contentUrl":"https:\/\/www.greenpeace.org\/static\/planet4-luxembourg-stateless\/2026\/03\/3e367f94-greenpeace_logo_green_rgb.png","width":1080,"height":175,"caption":"Greenpeace Luxembourg"},"image":{"@id":"https:\/\/www.greenpeace.org\/luxembourg\/fr\/#\/schema\/logo\/image\/"},"sameAs":["https:\/\/www.facebook.com\/greenpeaceluxembourg","https:\/\/www.instagram.com\/greenpeacelux\/","https:\/\/www.linkedin.com\/company\/greenpeace-luxembourg\/","https:\/\/www.threads.com\/@greenpeacelux","https:\/\/bsky.app\/profile\/greenpeacelux.bsky.social","https:\/\/www.youtube.com\/@GreenpeaceLux","https:\/\/www.tiktok.com\/@greenpeace_lux"]},{"@type":"Person","@id":"https:\/\/www.greenpeace.org\/luxembourg\/fr\/#\/schema\/person\/c2ae6002b8ed18c00be0c6b320eea776","name":"Myriam Wecker","url":"https:\/\/www.greenpeace.org\/luxembourg\/fr\/author\/mwecker\/"}]}},"_links":{"self":[{"href":"https:\/\/www.greenpeace.org\/luxembourg\/fr\/wp-json\/wp\/v2\/posts\/9874","targetHints":{"allow":["GET"]}}],"collection":[{"href":"https:\/\/www.greenpeace.org\/luxembourg\/fr\/wp-json\/wp\/v2\/posts"}],"about":[{"href":"https:\/\/www.greenpeace.org\/luxembourg\/fr\/wp-json\/wp\/v2\/types\/post"}],"author":[{"embeddable":true,"href":"https:\/\/www.greenpeace.org\/luxembourg\/fr\/wp-json\/wp\/v2\/users\/31"}],"replies":[{"embeddable":true,"href":"https:\/\/www.greenpeace.org\/luxembourg\/fr\/wp-json\/wp\/v2\/comments?post=9874"}],"version-history":[{"count":3,"href":"https:\/\/www.greenpeace.org\/luxembourg\/fr\/wp-json\/wp\/v2\/posts\/9874\/revisions"}],"predecessor-version":[{"id":12906,"href":"https:\/\/www.greenpeace.org\/luxembourg\/fr\/wp-json\/wp\/v2\/posts\/9874\/revisions\/12906"}],"wp:featuredmedia":[{"embeddable":true,"href":"https:\/\/www.greenpeace.org\/luxembourg\/fr\/wp-json\/wp\/v2\/media\/9875"}],"wp:attachment":[{"href":"https:\/\/www.greenpeace.org\/luxembourg\/fr\/wp-json\/wp\/v2\/media?parent=9874"}],"wp:term":[{"taxonomy":"category","embeddable":true,"href":"https:\/\/www.greenpeace.org\/luxembourg\/fr\/wp-json\/wp\/v2\/categories?post=9874"},{"taxonomy":"post_tag","embeddable":true,"href":"https:\/\/www.greenpeace.org\/luxembourg\/fr\/wp-json\/wp\/v2\/tags?post=9874"},{"taxonomy":"p4-page-type","embeddable":true,"href":"https:\/\/www.greenpeace.org\/luxembourg\/fr\/wp-json\/wp\/v2\/p4-page-type?post=9874"}],"curies":[{"name":"wp","href":"https:\/\/api.w.org\/{rel}","templated":true}]}}