{"id":1309,"date":"2016-11-13T00:00:00","date_gmt":"2016-11-13T00:00:00","guid":{"rendered":""},"modified":"2019-11-06T12:05:00","modified_gmt":"2019-11-06T09:05:00","slug":"%d8%ba%d8%b1%d9%8a%d9%86%d8%a8%d9%8a%d8%b3-%d8%aa%d8%b7%d8%a7%d9%84%d8%a8-%d8%a8%d8%b9%d8%a7%d9%84%d9%85-%d9%a1%d9%a0%d9%a0%d9%aa-%d8%b7%d8%a7%d9%82%d8%a9-%d9%85%d8%aa%d8%ac%d8%af%d8%af%d8%a9-%d9%81","status":"publish","type":"post","link":"https:\/\/www.greenpeace.org\/mena\/ar\/%d8%ba%d8%b1%d9%8a%d9%86%d8%a8%d9%8a%d8%b3-%d8%aa%d8%b7%d8%a7%d9%84%d8%a8-%d8%a8%d8%b9%d8%a7%d9%84%d9%85-%d9%a1%d9%a0%d9%a0%d9%aa-%d8%b7%d8%a7%d9%82%d8%a9-%d9%85%d8%aa%d8%ac%d8%af%d8%af%d8%a9-%d9%81\/","title":{"rendered":"\u063a\u0631\u064a\u0646\u0628\u064a\u0633 \u062a\u0637\u0627\u0644\u0628 \u0628\u0639\u0627\u0644\u0645 \u0661\u0660\u0660\u066a \u0637\u0627\u0642\u0629 \u0645\u062a\u062c\u062f\u062f\u0629 \u0641\u064a \u0645\u0633\u064a\u0631\u0629 \u0627\u0644\u0645\u0646\u0627\u062e \u0641\u064a \u0645\u0631\u0627\u0643\u0634"},"content":{"rendered":"<div dir=\"rtl\"><img loading=\"lazy\" decoding=\"async\" class=\"alignnone size-medium wp-image-2539\" src=\"https:\/\/www.greenpeace.org\/static\/planet4-mena-stateless\/2018\/11\/6c905eb3-20161113_greenpeace_0635.jpg\" alt=\"\" width=\"600\" height=\"400\" \/><\/div>\n<div dir=\"rtl\"><\/div>\n<div dir=\"rtl\">\u0661\u0663 \u0646\u0648\u0641\u0628\u0631 \u0662\u0660\u0661\u0666: \u0634\u0627\u0631\u0643\u062a \u0627\u0644\u064a\u0648\u0645 \u0645\u0646\u0638\u0645\u0629 \u063a\u0631\u064a\u0646\u0628\u064a\u0633 \u0641\u064a \u0645\u0633\u064a\u0631\u0629 \u0627\u0644\u0645\u0646\u0627\u062e \u0641\u064a \u0645\u0631\u0627\u0643\u0634\u060c \u0627\u0644\u0649 \u062c\u0627\u0646\u0628 \u0627\u0644\u0645\u062c\u062a\u0645\u0639 \u0627\u0644\u0645\u062f\u0646\u064a \u0627\u0644\u0645\u063a\u0631\u0628\u064a \u0648\u0645\u0646\u0638\u0645\u0627\u062a \u0639\u0627\u0644\u0645\u064a\u0629 \u0623\u062e\u0631\u0649 \u0648\u0627\u0644\u0622\u0644\u0627\u0641 \u0645\u0646 \u0627\u0644\u0645\u0634\u0627\u0631\u0643\u064a\u0646\u060c \u0644\u0644\u0645\u0637\u0627\u0644\u0628\u0629 \u0628\u0636\u0631\u0648\u0631\u0629 \u0627\u0644\u0627\u0646\u062a\u0642\u0627\u0644 \u0627\u0644\u0633\u0631\u064a\u0639 \u0627\u0644\u0649 \u0639\u0627\u0644\u0645 \u0661\u0660\u0660\u066a \u0637\u0627\u0642\u0629 \u0645\u062a\u062c\u062f\u062f\u0629.<\/div>\n<div dir=\"rtl\"><span style=\"color: #000000;\">\u00a0<\/span><\/div>\n<p dir=\"rtl\"><span style=\"color: #000000;\">\u062d\u0645\u0644 \u0623\u0639\u0636\u0627\u0621 \u0627\u0644\u0645\u0646\u0638\u0645\u0629 \u0627\u0644\u0645\u0634\u0627\u0631\u0643\u064a\u0646 \u0641\u064a \u0627\u0644\u0645\u0633\u064a\u0631\u0629 \u0644\u0627\u0641\u062a\u0627\u062a \u0643\u062a\u0628 \u0639\u0644\u064a\u0647\u0627 \u0628\u0627\u0644\u062e\u0637 \u0627\u0644\u0639\u0631\u064a\u0636 &#8220;\u0661\u0660\u0660\u066a \u0637\u0627\u0642\u0629 \u0645\u062a\u062c\u062f\u062f\u0629&#8221; \u0648&#8221;#\u0627\u0644\u0634\u0645\u0633_\u062a\u062c\u0645\u0639\u0646\u0627&#8221; \u0628\u0627\u0644\u0644\u063a\u062a\u064a\u0646 \u0627\u0644\u0639\u0631\u0628\u064a\u0629 \u0648\u0627\u0644\u0627\u0646\u062c\u0644\u064a\u0632\u064a\u0629\u060c \u062a\u0636\u0645\u0627\u0646\u0627\u064b \u0645\u0639 \u0627\u0644\u0645\u062c\u062a\u0645\u0639 \u0627\u0644\u0645\u062f\u0646\u064a \u0641\u064a \u0645\u0637\u0644\u0628\u0647\u0645 \u0646\u062d\u0648 \u0639\u0627\u0644\u0645 \u0623\u0643\u062b\u0631 \u0635\u062d\u0629 \u0648\u0623\u0645\u0627\u0646\u0627\u064b. <\/span><\/p>\n<p dir=\"rtl\"><span style=\"color: #000000;\">\u0642\u0627\u0644\u062a \u0645\u062f\u064a\u0631\u0629 \u063a\u0631\u064a\u0646\u0628\u064a\u0633 \u0627\u0644\u0645\u062a\u0648\u0633\u0637 \u0641\u064a \u0627\u0644\u0639\u0627\u0644\u0645 \u0627\u0644\u0639\u0631\u0628\u064a \u0648\u0634\u0645\u0627\u0644 \u0627\u0641\u0631\u064a\u0642\u064a\u0627\u060c \u063a\u0627\u0644\u064a\u0629 \u0641\u064a\u0627\u0636:&#8221; \u0627\u0646\u0647\u0627 \u0645\u0633\u064a\u0631\u0629 \u062a\u0624\u0643\u062f \u0627\u0646 \u0645\u062c\u062a\u0645\u0639\u0627\u062a\u0646\u0627 \u0627\u0644\u0645\u062d\u0644\u064a\u0629 \u0628\u062f\u0623\u062a \u062a\u0639\u064a \u0627\u0646 \u0627\u0644\u062a\u063a\u064a\u0631 \u0627\u0644\u0645\u0646\u0627\u062e\u064a \u0647\u064a \u0638\u0627\u0647\u0631\u0629 \u062a\u0647\u062f\u062f \u0643\u0648\u0643\u0628\u0646\u0627 \u0648\u0639\u0644\u064a\u0646\u0627 \u0645\u0648\u0627\u062c\u0647\u062a\u0647\u0627 \u0633\u0631\u064a\u0639\u0627\u064b\u060c \u0648\u0645\u0634\u0627\u0631\u0643\u062a\u0646\u0627 \u0627\u0644\u064a\u0648\u0645 \u0647\u064a \u0644\u0644\u0636\u063a\u0637 \u0639\u0644\u0649 \u0635\u0646\u0627\u0639 \u0627\u0644\u0642\u0631\u0627\u0631 \u0641\u064a \u0642\u0645\u0629 \u0627\u0644\u0645\u0646\u0627\u062e \u0628\u0636\u0631\u0648\u0631\u0629 \u0627\u0644\u0627\u0646\u062a\u0642\u0627\u0644 \u0627\u0644\u0633\u0631\u064a\u0639 \u0627\u0644\u0649 \u0639\u0627\u0644\u0645 \u0661\u0660\u0660\u066a \u0637\u0627\u0642\u0629 \u0645\u062a\u062c\u062f\u062f\u0629&#8221;.<br \/>\n<\/span><\/p>\n<hr dir=\"ltr\" \/>\n<p dir=\"ltr\">13 November 2016:<\/p>\n<p dir=\"ltr\">Greenpeace took part in the climate march held in Marrakesh alongside thousands of participants from Moroccan civil society and international NGOs, urging for a shift to a 100% renewable energy world.<\/p>\n<p dir=\"ltr\">Marchers held banners with\u00a0&#8216;100% RE&#8217; and &#8216;Sun Unites Us&#8217; in both Arabic and English, supporting civil society&#8217;s demands for a healthier and safer world.<\/p>\n<p dir=\"ltr\">Ghalia Fayad, Programme Leader for\u00a0Greenpeace Mediterranean, Arab World and North Africa, said:\u00a0&#8220;This march confirms the fact that our local communities realise that climate change is a real threat to our planet and we have to\u00a0act quickly. Our participation today aims at pressuring COP22 decision makers into the shift to a 100% RE world.<\/p>\n<hr \/>\n<p><img loading=\"lazy\" decoding=\"async\" class=\"size-medium wp-image-2547\" src=\"https:\/\/www.greenpeace.org\/static\/planet4-mena-stateless\/2018\/11\/9ab0201a-20161113_greenpeace_0069.jpg\" alt=\"Greenpeace call for greater use of solar power in the Arab World, while participating in the Climate March, organized by the MCoalition for Climate Justice (Moroccan and regional organizations; environmental, human rights, women's associations, youth groups, unions and syndicates..) during the COP22 conference, in Marrakech, Morocco, on 13 November 2016.\" width=\"600\" height=\"400\" \/><\/p>\n<p><img loading=\"lazy\" decoding=\"async\" class=\"size-medium wp-image-2548\" src=\"https:\/\/www.greenpeace.org\/static\/planet4-mena-stateless\/2018\/11\/4b8e3759-20161113_greenpeace_0110.jpg\" alt=\"Greenpeace call for greater use of solar power in the Arab World, while participating in the Climate March, organized by the MCoalition for Climate Justice (Moroccan and regional organizations; environmental, human rights, women's associations, youth groups, unions and syndicates..) during the COP22 conference, in Marrakech, Morocco, on 13 November 2016.\" width=\"600\" height=\"400\" \/><\/p>\n<p><img loading=\"lazy\" decoding=\"async\" class=\"size-medium wp-image-2549\" src=\"https:\/\/www.greenpeace.org\/static\/planet4-mena-stateless\/2018\/11\/2c27c37e-20161113_greenpeace_0411.jpg\" alt=\"Greenpeace call for greater use of solar power in the Arab World, while participating in the Climate March, organized by the MCoalition for Climate Justice (Moroccan and regional organizations; environmental, human rights, women's associations, youth groups, unions and syndicates..) during the COP22 conference, in Marrakech, Morocco, on 13 November 2016.\" width=\"600\" height=\"400\" \/><\/p>\n<p><img loading=\"lazy\" decoding=\"async\" class=\"size-medium wp-image-2550\" src=\"https:\/\/www.greenpeace.org\/static\/planet4-mena-stateless\/2018\/11\/2e717be0-20161113_greenpeace_0502.jpg\" alt=\"Greenpeace call for greater use of solar power in the Arab World, while participating in the Climate March, organized by the MCoalition for Climate Justice (Moroccan and regional organizations; environmental, human rights, women's associations, youth groups, unions and syndicates..) during the COP22 conference, in Marrakech, Morocco, on 13 November 2016.\" width=\"600\" height=\"400\" \/><\/p>\n<hr \/>\n<p>&nbsp;<\/p>\n<p style=\"text-align: left;\">\n<p>&nbsp;<\/p>\n<p style=\"text-align: left;\">Lors de la marche pour le climat \u00e0 Marrakech, Greenpeace appelle \u00e0 b\u00e2tir un monde aliment\u00e9 enti\u00e8rement par les \u00e9nergies renouvelables<\/p>\n<p style=\"text-align: left;\">Greenpeace a particip\u00e9 \u00e0 la marche pour le climat qui a eu lieu \u00e0 Marrakech aux c\u00f4t\u00e9s de milliers de participants. Cet \u00e9v\u00e9nement a r\u00e9uni des membres de la soci\u00e9t\u00e9 civile marocaine ainsi que des ONG internationales. Tous ont appel\u00e9 \u00e0 op\u00e9rer la transition vers un monde aliment\u00e9 enti\u00e8rement par les \u00e9nergies renouvelables<\/p>\n<p style=\"text-align: left;\">Les manifestants brandissaient des pancartes o\u00f9 l&#8217;on pouvait lire, en arabe et en anglais, des slogans tels que &#8220;100% Energies renouvelables&#8221; et &#8220;Le Soleil Nous Unit&#8221;, soutenant ainsi les exigences de la soci\u00e9t\u00e9 civile pour un monde plus sain et plus s\u00fbr<\/p>\n<p style=\"text-align: left;\">&#8220;Cette manifestation confirme le fait que les communaut\u00e9s locales sont conscientes que le changement climatique est une menace r\u00e9elle pour notre plan\u00e8te et que nous devons agir rapidement. Notre participation aujourd&#8217;hui doit mettre la pression sur les d\u00e9cideurs de la COP22 afin qu&#8217;ils effectuent la transition vers un monde aliment\u00e9 enti\u00e8rement par les \u00e9nergies renouvelables&#8221;, a d\u00e9clar\u00e9 Ghalia Fayad, responsable des programmes de Greenpeace M\u00e9diterran\u00e9e pour le Monde arabe et l&#8217;Afrique du nor<\/p>\n","protected":false},"excerpt":{"rendered":"<p>\u0661\u0663 \u0646\u0648\u0641\u0628\u0631 \u0662\u0660\u0661\u0666: \u0634\u0627\u0631\u0643\u062a \u0627\u0644\u064a\u0648\u0645 \u0645\u0646\u0638\u0645\u0629 \u063a\u0631\u064a\u0646\u0628\u064a\u0633 \u0641\u064a \u0645\u0633\u064a\u0631\u0629 \u0627\u0644\u0645\u0646\u0627\u062e \u0641\u064a \u0645\u0631\u0627\u0643\u0634\u060c \u0627\u0644\u0649 \u062c\u0627\u0646\u0628 \u0627\u0644\u0645\u062c\u062a\u0645\u0639 \u0627\u0644\u0645\u062f\u0646\u064a \u0627\u0644\u0645\u063a\u0631\u0628\u064a \u0648\u0645\u0646\u0638\u0645\u0627\u062a \u0639\u0627\u0644\u0645\u064a\u0629 \u0623\u062e\u0631\u0649 \u0648\u0627\u0644\u0622\u0644\u0627\u0641 \u0645\u0646 \u0627\u0644\u0645\u0634\u0627\u0631\u0643\u064a\u0646\u060c \u0644\u0644\u0645\u0637\u0627\u0644\u0628\u0629 \u0628\u0636\u0631\u0648\u0631\u0629 \u0627\u0644\u0627\u0646\u062a\u0642\u0627\u0644 \u0627\u0644\u0633\u0631\u064a\u0639 \u0627\u0644\u0649 \u0639\u0627\u0644\u0645 \u0661\u0660\u0660\u066a&hellip;<\/p>\n","protected":false},"author":8,"featured_media":0,"comment_status":"open","ping_status":"open","sticky":false,"template":"","format":"standard","meta":{"_planet4_optimize_post_is_variant":false,"_planet4_optimize_experiment_name":"","_planet4_optimize_variant_name":"","ep_exclude_from_search":false,"p4_og_title":"","p4_og_description":"","p4_og_image":"","p4_og_image_id":"","p4_seo_canonical_url":"","p4_campaign_name":"","p4_local_project":"","p4_basket_name":"","p4_department":"","footnotes":""},"categories":[119],"tags":[55],"p4-page-type":[14],"class_list":["post-1309","post","type-post","status-publish","format-standard","hentry","category-119","tag-_","p4-page-type-14"],"yoast_head":"<!-- This site is optimized with the Yoast SEO Premium plugin v27.4 (Yoast SEO v27.4) - https:\/\/yoast.com\/product\/yoast-seo-premium-wordpress\/ -->\n<title>\u063a\u0631\u064a\u0646\u0628\u064a\u0633 \u062a\u0637\u0627\u0644\u0628 \u0628\u0639\u0627\u0644\u0645 \u0661\u0660\u0660\u066a \u0637\u0627\u0642\u0629 \u0645\u062a\u062c\u062f\u062f\u0629 \u0641\u064a \u0645\u0633\u064a\u0631\u0629 \u0627\u0644\u0645\u0646\u0627\u062e \u0641\u064a \u0645\u0631\u0627\u0643\u0634 - \u063a\u0631\u064a\u0646\u0628\u064a\u0633 \u0627\u0644\u0634\u0631\u0642 \u0627\u0644\u0623\u0648\u0633\u0637 \u0648\u0634\u0645\u0627\u0644 \u0623\u0641\u0631\u064a\u0642\u064a\u0627<\/title>\n<meta name=\"robots\" content=\"index, follow, max-snippet:-1, max-image-preview:large, max-video-preview:-1\" \/>\n<link rel=\"canonical\" href=\"https:\/\/www.greenpeace.org\/mena\/ar\/\u063a\u0631\u064a\u0646\u0628\u064a\u0633-\u062a\u0637\u0627\u0644\u0628-\u0628\u0639\u0627\u0644\u0645-\u0661\u0660\u0660\u066a-\u0637\u0627\u0642\u0629-\u0645\u062a\u062c\u062f\u062f\u0629-\u0641\/\" \/>\n<meta property=\"og:locale\" content=\"ar_AR\" \/>\n<meta property=\"og:type\" content=\"article\" \/>\n<meta property=\"og:title\" content=\"\u063a\u0631\u064a\u0646\u0628\u064a\u0633 \u062a\u0637\u0627\u0644\u0628 \u0628\u0639\u0627\u0644\u0645 \u0661\u0660\u0660\u066a \u0637\u0627\u0642\u0629 \u0645\u062a\u062c\u062f\u062f\u0629 \u0641\u064a \u0645\u0633\u064a\u0631\u0629 \u0627\u0644\u0645\u0646\u0627\u062e \u0641\u064a \u0645\u0631\u0627\u0643\u0634\" \/>\n<meta property=\"og:description\" content=\"\u0661\u0663 \u0646\u0648\u0641\u0628\u0631 \u0662\u0660\u0661\u0666: \u0634\u0627\u0631\u0643\u062a \u0627\u0644\u064a\u0648\u0645 \u0645\u0646\u0638\u0645\u0629 \u063a\u0631\u064a\u0646\u0628\u064a\u0633 \u0641\u064a \u0645\u0633\u064a\u0631\u0629 \u0627\u0644\u0645\u0646\u0627\u062e \u0641\u064a \u0645\u0631\u0627\u0643\u0634\u060c \u0627\u0644\u0649 \u062c\u0627\u0646\u0628 \u0627\u0644\u0645\u062c\u062a\u0645\u0639 \u0627\u0644\u0645\u062f\u0646\u064a \u0627\u0644\u0645\u063a\u0631\u0628\u064a \u0648\u0645\u0646\u0638\u0645\u0627\u062a \u0639\u0627\u0644\u0645\u064a\u0629 \u0623\u062e\u0631\u0649 \u0648\u0627\u0644\u0622\u0644\u0627\u0641 \u0645\u0646 \u0627\u0644\u0645\u0634\u0627\u0631\u0643\u064a\u0646\u060c \u0644\u0644\u0645\u0637\u0627\u0644\u0628\u0629 \u0628\u0636\u0631\u0648\u0631\u0629 \u0627\u0644\u0627\u0646\u062a\u0642\u0627\u0644 \u0627\u0644\u0633\u0631\u064a\u0639 \u0627\u0644\u0649 \u0639\u0627\u0644\u0645 \u0661\u0660\u0660\u066a&hellip;\" \/>\n<meta property=\"og:url\" content=\"https:\/\/www.greenpeace.org\/mena\/ar\/\u063a\u0631\u064a\u0646\u0628\u064a\u0633-\u062a\u0637\u0627\u0644\u0628-\u0628\u0639\u0627\u0644\u0645-\u0661\u0660\u0660\u066a-\u0637\u0627\u0642\u0629-\u0645\u062a\u062c\u062f\u062f\u0629-\u0641\/\" \/>\n<meta property=\"og:site_name\" content=\"\u063a\u0631\u064a\u0646\u0628\u064a\u0633 \u0627\u0644\u0634\u0631\u0642 \u0627\u0644\u0623\u0648\u0633\u0637 \u0648\u0634\u0645\u0627\u0644 \u0623\u0641\u0631\u064a\u0642\u064a\u0627\" \/>\n<meta property=\"article:publisher\" content=\"https:\/\/www.facebook.com\/GreenpeaceAR\" \/>\n<meta property=\"article:published_time\" content=\"2016-11-13T00:00:00+00:00\" \/>\n<meta property=\"article:modified_time\" content=\"2019-11-06T09:05:00+00:00\" \/>\n<meta property=\"og:image\" content=\"https:\/\/www.greenpeace.org\/static\/planet4-mena-stateless\/2018\/11\/6c905eb3-20161113_greenpeace_0635.jpg\" \/>\n\t<meta property=\"og:image:width\" content=\"2000\" \/>\n\t<meta property=\"og:image:height\" content=\"1333\" \/>\n\t<meta property=\"og:image:type\" content=\"image\/jpeg\" \/>\n<meta name=\"author\" content=\"Fadi Gedeon\" \/>\n<meta name=\"twitter:card\" content=\"summary_large_image\" \/>\n<meta name=\"twitter:creator\" content=\"@GreenpeaceAR\" \/>\n<meta name=\"twitter:site\" content=\"@GreenpeaceAR\" \/>\n<meta name=\"twitter:label1\" content=\"Written by\" \/>\n\t<meta name=\"twitter:data1\" content=\"Fadi Gedeon\" \/>\n\t<meta name=\"twitter:label2\" content=\"Est. reading time\" \/>\n\t<meta name=\"twitter:data2\" content=\"\u062f\u0642\u064a\u0642\u062a\u0627\u0646\" \/>\n<script type=\"application\/ld+json\" class=\"yoast-schema-graph\">{\"@context\":\"https:\\\/\\\/schema.org\",\"@graph\":[{\"@type\":\"Article\",\"@id\":\"https:\\\/\\\/www.greenpeace.org\\\/mena\\\/ar\\\/%d8%ba%d8%b1%d9%8a%d9%86%d8%a8%d9%8a%d8%b3-%d8%aa%d8%b7%d8%a7%d9%84%d8%a8-%d8%a8%d8%b9%d8%a7%d9%84%d9%85-%d9%a1%d9%a0%d9%a0%d9%aa-%d8%b7%d8%a7%d9%82%d8%a9-%d9%85%d8%aa%d8%ac%d8%af%d8%af%d8%a9-%d9%81\\\/#article\",\"isPartOf\":{\"@id\":\"https:\\\/\\\/www.greenpeace.org\\\/mena\\\/ar\\\/%d8%ba%d8%b1%d9%8a%d9%86%d8%a8%d9%8a%d8%b3-%d8%aa%d8%b7%d8%a7%d9%84%d8%a8-%d8%a8%d8%b9%d8%a7%d9%84%d9%85-%d9%a1%d9%a0%d9%a0%d9%aa-%d8%b7%d8%a7%d9%82%d8%a9-%d9%85%d8%aa%d8%ac%d8%af%d8%af%d8%a9-%d9%81\\\/\"},\"author\":{\"name\":\"Fadi Gedeon\",\"@id\":\"https:\\\/\\\/www.greenpeace.org\\\/mena\\\/ar\\\/#\\\/schema\\\/person\\\/7dad2b1d8fa7b629f7f0f6db1f2cde3e\"},\"headline\":\"\u063a\u0631\u064a\u0646\u0628\u064a\u0633 \u062a\u0637\u0627\u0644\u0628 \u0628\u0639\u0627\u0644\u0645 \u0661\u0660\u0660\u066a \u0637\u0627\u0642\u0629 \u0645\u062a\u062c\u062f\u062f\u0629 \u0641\u064a \u0645\u0633\u064a\u0631\u0629 \u0627\u0644\u0645\u0646\u0627\u062e \u0641\u064a \u0645\u0631\u0627\u0643\u0634\",\"datePublished\":\"2016-11-13T00:00:00+00:00\",\"dateModified\":\"2019-11-06T09:05:00+00:00\",\"mainEntityOfPage\":{\"@id\":\"https:\\\/\\\/www.greenpeace.org\\\/mena\\\/ar\\\/%d8%ba%d8%b1%d9%8a%d9%86%d8%a8%d9%8a%d8%b3-%d8%aa%d8%b7%d8%a7%d9%84%d8%a8-%d8%a8%d8%b9%d8%a7%d9%84%d9%85-%d9%a1%d9%a0%d9%a0%d9%aa-%d8%b7%d8%a7%d9%82%d8%a9-%d9%85%d8%aa%d8%ac%d8%af%d8%af%d8%a9-%d9%81\\\/\"},\"wordCount\":319,\"commentCount\":0,\"image\":{\"@id\":\"https:\\\/\\\/www.greenpeace.org\\\/mena\\\/ar\\\/%d8%ba%d8%b1%d9%8a%d9%86%d8%a8%d9%8a%d8%b3-%d8%aa%d8%b7%d8%a7%d9%84%d8%a8-%d8%a8%d8%b9%d8%a7%d9%84%d9%85-%d9%a1%d9%a0%d9%a0%d9%aa-%d8%b7%d8%a7%d9%82%d8%a9-%d9%85%d8%aa%d8%ac%d8%af%d8%af%d8%a9-%d9%81\\\/#primaryimage\"},\"thumbnailUrl\":\"https:\\\/\\\/www.greenpeace.org\\\/static\\\/planet4-mena-stateless\\\/2018\\\/11\\\/6c905eb3-20161113_greenpeace_0635.jpg\",\"keywords\":[\"\u0627\u0644\u0637\u0627\u0642\u0629_\u0627\u0644\u0645\u062a\u062c\u062f\u062f\u0629\"],\"articleSection\":[\"\u063a\u0631\u064a\u0646\u0628\u064a\u0633 \u0627\u0644\u0634\u0631\u0642 \u0627\u0644\u0623\u0648\u0633\u0637 \u0648\u0634\u0645\u0627\u0644 \u0623\u0641\u0631\u064a\u0642\u064a\u0627\"],\"inLanguage\":\"ar\",\"potentialAction\":[{\"@type\":\"CommentAction\",\"name\":\"Comment\",\"target\":[\"https:\\\/\\\/www.greenpeace.org\\\/mena\\\/ar\\\/%d8%ba%d8%b1%d9%8a%d9%86%d8%a8%d9%8a%d8%b3-%d8%aa%d8%b7%d8%a7%d9%84%d8%a8-%d8%a8%d8%b9%d8%a7%d9%84%d9%85-%d9%a1%d9%a0%d9%a0%d9%aa-%d8%b7%d8%a7%d9%82%d8%a9-%d9%85%d8%aa%d8%ac%d8%af%d8%af%d8%a9-%d9%81\\\/#respond\"]}]},{\"@type\":\"WebPage\",\"@id\":\"https:\\\/\\\/www.greenpeace.org\\\/mena\\\/ar\\\/%d8%ba%d8%b1%d9%8a%d9%86%d8%a8%d9%8a%d8%b3-%d8%aa%d8%b7%d8%a7%d9%84%d8%a8-%d8%a8%d8%b9%d8%a7%d9%84%d9%85-%d9%a1%d9%a0%d9%a0%d9%aa-%d8%b7%d8%a7%d9%82%d8%a9-%d9%85%d8%aa%d8%ac%d8%af%d8%af%d8%a9-%d9%81\\\/\",\"url\":\"https:\\\/\\\/www.greenpeace.org\\\/mena\\\/ar\\\/%d8%ba%d8%b1%d9%8a%d9%86%d8%a8%d9%8a%d8%b3-%d8%aa%d8%b7%d8%a7%d9%84%d8%a8-%d8%a8%d8%b9%d8%a7%d9%84%d9%85-%d9%a1%d9%a0%d9%a0%d9%aa-%d8%b7%d8%a7%d9%82%d8%a9-%d9%85%d8%aa%d8%ac%d8%af%d8%af%d8%a9-%d9%81\\\/\",\"name\":\"\u063a\u0631\u064a\u0646\u0628\u064a\u0633 \u062a\u0637\u0627\u0644\u0628 \u0628\u0639\u0627\u0644\u0645 \u0661\u0660\u0660\u066a \u0637\u0627\u0642\u0629 \u0645\u062a\u062c\u062f\u062f\u0629 \u0641\u064a \u0645\u0633\u064a\u0631\u0629 \u0627\u0644\u0645\u0646\u0627\u062e \u0641\u064a \u0645\u0631\u0627\u0643\u0634 - \u063a\u0631\u064a\u0646\u0628\u064a\u0633 \u0627\u0644\u0634\u0631\u0642 \u0627\u0644\u0623\u0648\u0633\u0637 \u0648\u0634\u0645\u0627\u0644 \u0623\u0641\u0631\u064a\u0642\u064a\u0627\",\"isPartOf\":{\"@id\":\"https:\\\/\\\/www.greenpeace.org\\\/mena\\\/ar\\\/#website\"},\"primaryImageOfPage\":{\"@id\":\"https:\\\/\\\/www.greenpeace.org\\\/mena\\\/ar\\\/%d8%ba%d8%b1%d9%8a%d9%86%d8%a8%d9%8a%d8%b3-%d8%aa%d8%b7%d8%a7%d9%84%d8%a8-%d8%a8%d8%b9%d8%a7%d9%84%d9%85-%d9%a1%d9%a0%d9%a0%d9%aa-%d8%b7%d8%a7%d9%82%d8%a9-%d9%85%d8%aa%d8%ac%d8%af%d8%af%d8%a9-%d9%81\\\/#primaryimage\"},\"image\":{\"@id\":\"https:\\\/\\\/www.greenpeace.org\\\/mena\\\/ar\\\/%d8%ba%d8%b1%d9%8a%d9%86%d8%a8%d9%8a%d8%b3-%d8%aa%d8%b7%d8%a7%d9%84%d8%a8-%d8%a8%d8%b9%d8%a7%d9%84%d9%85-%d9%a1%d9%a0%d9%a0%d9%aa-%d8%b7%d8%a7%d9%82%d8%a9-%d9%85%d8%aa%d8%ac%d8%af%d8%af%d8%a9-%d9%81\\\/#primaryimage\"},\"thumbnailUrl\":\"https:\\\/\\\/www.greenpeace.org\\\/static\\\/planet4-mena-stateless\\\/2018\\\/11\\\/6c905eb3-20161113_greenpeace_0635.jpg\",\"datePublished\":\"2016-11-13T00:00:00+00:00\",\"dateModified\":\"2019-11-06T09:05:00+00:00\",\"author\":{\"@id\":\"https:\\\/\\\/www.greenpeace.org\\\/mena\\\/ar\\\/#\\\/schema\\\/person\\\/7dad2b1d8fa7b629f7f0f6db1f2cde3e\"},\"breadcrumb\":{\"@id\":\"https:\\\/\\\/www.greenpeace.org\\\/mena\\\/ar\\\/%d8%ba%d8%b1%d9%8a%d9%86%d8%a8%d9%8a%d8%b3-%d8%aa%d8%b7%d8%a7%d9%84%d8%a8-%d8%a8%d8%b9%d8%a7%d9%84%d9%85-%d9%a1%d9%a0%d9%a0%d9%aa-%d8%b7%d8%a7%d9%82%d8%a9-%d9%85%d8%aa%d8%ac%d8%af%d8%af%d8%a9-%d9%81\\\/#breadcrumb\"},\"inLanguage\":\"ar\",\"potentialAction\":[{\"@type\":\"ReadAction\",\"target\":[\"https:\\\/\\\/www.greenpeace.org\\\/mena\\\/ar\\\/%d8%ba%d8%b1%d9%8a%d9%86%d8%a8%d9%8a%d8%b3-%d8%aa%d8%b7%d8%a7%d9%84%d8%a8-%d8%a8%d8%b9%d8%a7%d9%84%d9%85-%d9%a1%d9%a0%d9%a0%d9%aa-%d8%b7%d8%a7%d9%82%d8%a9-%d9%85%d8%aa%d8%ac%d8%af%d8%af%d8%a9-%d9%81\\\/\"]}]},{\"@type\":\"ImageObject\",\"inLanguage\":\"ar\",\"@id\":\"https:\\\/\\\/www.greenpeace.org\\\/mena\\\/ar\\\/%d8%ba%d8%b1%d9%8a%d9%86%d8%a8%d9%8a%d8%b3-%d8%aa%d8%b7%d8%a7%d9%84%d8%a8-%d8%a8%d8%b9%d8%a7%d9%84%d9%85-%d9%a1%d9%a0%d9%a0%d9%aa-%d8%b7%d8%a7%d9%82%d8%a9-%d9%85%d8%aa%d8%ac%d8%af%d8%af%d8%a9-%d9%81\\\/#primaryimage\",\"url\":\"https:\\\/\\\/www.greenpeace.org\\\/static\\\/planet4-mena-stateless\\\/2018\\\/11\\\/6c905eb3-20161113_greenpeace_0635.jpg\",\"contentUrl\":\"https:\\\/\\\/www.greenpeace.org\\\/static\\\/planet4-mena-stateless\\\/2018\\\/11\\\/6c905eb3-20161113_greenpeace_0635.jpg\"},{\"@type\":\"BreadcrumbList\",\"@id\":\"https:\\\/\\\/www.greenpeace.org\\\/mena\\\/ar\\\/%d8%ba%d8%b1%d9%8a%d9%86%d8%a8%d9%8a%d8%b3-%d8%aa%d8%b7%d8%a7%d9%84%d8%a8-%d8%a8%d8%b9%d8%a7%d9%84%d9%85-%d9%a1%d9%a0%d9%a0%d9%aa-%d8%b7%d8%a7%d9%82%d8%a9-%d9%85%d8%aa%d8%ac%d8%af%d8%af%d8%a9-%d9%81\\\/#breadcrumb\",\"itemListElement\":[{\"@type\":\"ListItem\",\"position\":1,\"name\":\"Home\",\"item\":\"https:\\\/\\\/www.greenpeace.org\\\/mena\\\/ar\\\/\"},{\"@type\":\"ListItem\",\"position\":2,\"name\":\"\u063a\u0631\u064a\u0646\u0628\u064a\u0633 \u062a\u0637\u0627\u0644\u0628 \u0628\u0639\u0627\u0644\u0645 \u0661\u0660\u0660\u066a \u0637\u0627\u0642\u0629 \u0645\u062a\u062c\u062f\u062f\u0629 \u0641\u064a \u0645\u0633\u064a\u0631\u0629 \u0627\u0644\u0645\u0646\u0627\u062e \u0641\u064a \u0645\u0631\u0627\u0643\u0634\"}]},{\"@type\":\"WebSite\",\"@id\":\"https:\\\/\\\/www.greenpeace.org\\\/mena\\\/ar\\\/#website\",\"url\":\"https:\\\/\\\/www.greenpeace.org\\\/mena\\\/ar\\\/\",\"name\":\"\u063a\u0631\u064a\u0646\u0628\u064a\u0633 \u0627\u0644\u0634\u0631\u0642 \u0627\u0644\u0623\u0648\u0633\u0637 \u0648\u0634\u0645\u0627\u0644 \u0623\u0641\u0631\u064a\u0642\u064a\u0627\",\"description\":\"\u063a\u0631\u064a\u0646\u0628\u064a\u0633 \u0627\u0644\u0634\u0631\u0642 \u0627\u0644\u0623\u0648\u0633\u0637 \u0648\u0634\u0645\u0627\u0644 \u0623\u0641\u0631\u064a\u0642\u064a\u0627 \u0645\u0646\u0638\u0645\u0629 \u0628\u064a\u0626\u064a\u0629 \u062a\u0623\u0633\u0633\u062a \u0644\u062d\u0645\u0627\u064a\u0629 \u0627\u0644\u0628\u064a\u0626\u0629 \u0648\u0627\u0644\u062a\u0635\u062f\u064a \u0644\u0622\u062b\u0627\u0631 \u062a\u063a\u064a\u0631 \u0627\u0644\u0645\u0646\u0627\u062e \u0641\u064a \u0627\u0644\u0645\u0646\u0637\u0642\u0629 \u0644\u062a\u0648\u0641\u064a\u0631 \u062d\u064a\u0627\u0629 \u0623\u0643\u062b\u0631 \u0623\u0645\u0646\u0627\u064b \u0648\u0635\u062d\u0629 \u0644\u0644\u0645\u062c\u062a\u0645\u0639\u0627\u062a \u0627\u0644\u0645\u062d\u0644\u064a\u0629\",\"potentialAction\":[{\"@type\":\"SearchAction\",\"target\":{\"@type\":\"EntryPoint\",\"urlTemplate\":\"https:\\\/\\\/www.greenpeace.org\\\/mena\\\/ar\\\/?s={search_term_string}\"},\"query-input\":{\"@type\":\"PropertyValueSpecification\",\"valueRequired\":true,\"valueName\":\"search_term_string\"}}],\"inLanguage\":\"ar\"},{\"@type\":\"Person\",\"@id\":\"https:\\\/\\\/www.greenpeace.org\\\/mena\\\/ar\\\/#\\\/schema\\\/person\\\/7dad2b1d8fa7b629f7f0f6db1f2cde3e\",\"name\":\"Fadi Gedeon\",\"image\":{\"@type\":\"ImageObject\",\"inLanguage\":\"ar\",\"@id\":\"https:\\\/\\\/lh3.googleusercontent.com\\\/a\\\/ACg8ocJSh0XMHZgiUtnXUJt2VRz2WRNAG9qs3k2LDyu0qmvmjwC4JP0h=s96-c\",\"url\":\"https:\\\/\\\/lh3.googleusercontent.com\\\/a\\\/ACg8ocJSh0XMHZgiUtnXUJt2VRz2WRNAG9qs3k2LDyu0qmvmjwC4JP0h=s96-c\",\"contentUrl\":\"https:\\\/\\\/lh3.googleusercontent.com\\\/a\\\/ACg8ocJSh0XMHZgiUtnXUJt2VRz2WRNAG9qs3k2LDyu0qmvmjwC4JP0h=s96-c\",\"caption\":\"Fadi Gedeon\"},\"description\":\"Digital Transformation Lead at Greenpeace MENA. More than nine years have passed since I joined the team at Greenpeace, and it seems like just yesterday! I think I can speak for everyone here when I say that our team is special, in how we work together, how we relate to each other, how we resolve our differences and even how we express our frustration. It has always been great to end the day with an outing with the team, or a heated debate about current events. A week in the office was never complete without some kind of activity that brought us together as people, celebrating our passion for life, hobbies and interests, and - I must admit, several practical jokes! Moving our work online has definitely had an impact on our relationships with colleagues, volunteers, and external partners Somehow it feels like we\u2019ve been invited to become part of each other\u2019s lives at home: parents, partners, children and pets have now become regular guests on our video calls. I\u2019m proud to be working with a team that appreciates all its members in all the colour and diversity they bring to the table! Fadi Gedeon On LinkedIn\",\"sameAs\":[\"https:\\\/\\\/www.greenpeace.org\\\/mena\\\/\"],\"url\":\"https:\\\/\\\/www.greenpeace.org\\\/mena\\\/ar\\\/author\\\/fadi-gedeon\\\/\"}]}<\/script>\n<!-- \/ Yoast SEO Premium plugin. -->","yoast_head_json":{"title":"\u063a\u0631\u064a\u0646\u0628\u064a\u0633 \u062a\u0637\u0627\u0644\u0628 \u0628\u0639\u0627\u0644\u0645 \u0661\u0660\u0660\u066a \u0637\u0627\u0642\u0629 \u0645\u062a\u062c\u062f\u062f\u0629 \u0641\u064a \u0645\u0633\u064a\u0631\u0629 \u0627\u0644\u0645\u0646\u0627\u062e \u0641\u064a \u0645\u0631\u0627\u0643\u0634 - \u063a\u0631\u064a\u0646\u0628\u064a\u0633 \u0627\u0644\u0634\u0631\u0642 \u0627\u0644\u0623\u0648\u0633\u0637 \u0648\u0634\u0645\u0627\u0644 \u0623\u0641\u0631\u064a\u0642\u064a\u0627","robots":{"index":"index","follow":"follow","max-snippet":"max-snippet:-1","max-image-preview":"max-image-preview:large","max-video-preview":"max-video-preview:-1"},"canonical":"https:\/\/www.greenpeace.org\/mena\/ar\/\u063a\u0631\u064a\u0646\u0628\u064a\u0633-\u062a\u0637\u0627\u0644\u0628-\u0628\u0639\u0627\u0644\u0645-\u0661\u0660\u0660\u066a-\u0637\u0627\u0642\u0629-\u0645\u062a\u062c\u062f\u062f\u0629-\u0641\/","og_locale":"ar_AR","og_type":"article","og_title":"\u063a\u0631\u064a\u0646\u0628\u064a\u0633 \u062a\u0637\u0627\u0644\u0628 \u0628\u0639\u0627\u0644\u0645 \u0661\u0660\u0660\u066a \u0637\u0627\u0642\u0629 \u0645\u062a\u062c\u062f\u062f\u0629 \u0641\u064a \u0645\u0633\u064a\u0631\u0629 \u0627\u0644\u0645\u0646\u0627\u062e \u0641\u064a \u0645\u0631\u0627\u0643\u0634","og_description":"\u0661\u0663 \u0646\u0648\u0641\u0628\u0631 \u0662\u0660\u0661\u0666: \u0634\u0627\u0631\u0643\u062a \u0627\u0644\u064a\u0648\u0645 \u0645\u0646\u0638\u0645\u0629 \u063a\u0631\u064a\u0646\u0628\u064a\u0633 \u0641\u064a \u0645\u0633\u064a\u0631\u0629 \u0627\u0644\u0645\u0646\u0627\u062e \u0641\u064a \u0645\u0631\u0627\u0643\u0634\u060c \u0627\u0644\u0649 \u062c\u0627\u0646\u0628 \u0627\u0644\u0645\u062c\u062a\u0645\u0639 \u0627\u0644\u0645\u062f\u0646\u064a \u0627\u0644\u0645\u063a\u0631\u0628\u064a \u0648\u0645\u0646\u0638\u0645\u0627\u062a \u0639\u0627\u0644\u0645\u064a\u0629 \u0623\u062e\u0631\u0649 \u0648\u0627\u0644\u0622\u0644\u0627\u0641 \u0645\u0646 \u0627\u0644\u0645\u0634\u0627\u0631\u0643\u064a\u0646\u060c \u0644\u0644\u0645\u0637\u0627\u0644\u0628\u0629 \u0628\u0636\u0631\u0648\u0631\u0629 \u0627\u0644\u0627\u0646\u062a\u0642\u0627\u0644 \u0627\u0644\u0633\u0631\u064a\u0639 \u0627\u0644\u0649 \u0639\u0627\u0644\u0645 \u0661\u0660\u0660\u066a&hellip;","og_url":"https:\/\/www.greenpeace.org\/mena\/ar\/\u063a\u0631\u064a\u0646\u0628\u064a\u0633-\u062a\u0637\u0627\u0644\u0628-\u0628\u0639\u0627\u0644\u0645-\u0661\u0660\u0660\u066a-\u0637\u0627\u0642\u0629-\u0645\u062a\u062c\u062f\u062f\u0629-\u0641\/","og_site_name":"\u063a\u0631\u064a\u0646\u0628\u064a\u0633 \u0627\u0644\u0634\u0631\u0642 \u0627\u0644\u0623\u0648\u0633\u0637 \u0648\u0634\u0645\u0627\u0644 \u0623\u0641\u0631\u064a\u0642\u064a\u0627","article_publisher":"https:\/\/www.facebook.com\/GreenpeaceAR","article_published_time":"2016-11-13T00:00:00+00:00","article_modified_time":"2019-11-06T09:05:00+00:00","og_image":[{"width":2000,"height":1333,"url":"https:\/\/www.greenpeace.org\/static\/planet4-mena-stateless\/2018\/11\/6c905eb3-20161113_greenpeace_0635.jpg","type":"image\/jpeg"}],"author":"Fadi Gedeon","twitter_card":"summary_large_image","twitter_creator":"@GreenpeaceAR","twitter_site":"@GreenpeaceAR","twitter_misc":{"Written by":"Fadi Gedeon","Est. reading time":"\u062f\u0642\u064a\u0642\u062a\u0627\u0646"},"schema":{"@context":"https:\/\/schema.org","@graph":[{"@type":"Article","@id":"https:\/\/www.greenpeace.org\/mena\/ar\/%d8%ba%d8%b1%d9%8a%d9%86%d8%a8%d9%8a%d8%b3-%d8%aa%d8%b7%d8%a7%d9%84%d8%a8-%d8%a8%d8%b9%d8%a7%d9%84%d9%85-%d9%a1%d9%a0%d9%a0%d9%aa-%d8%b7%d8%a7%d9%82%d8%a9-%d9%85%d8%aa%d8%ac%d8%af%d8%af%d8%a9-%d9%81\/#article","isPartOf":{"@id":"https:\/\/www.greenpeace.org\/mena\/ar\/%d8%ba%d8%b1%d9%8a%d9%86%d8%a8%d9%8a%d8%b3-%d8%aa%d8%b7%d8%a7%d9%84%d8%a8-%d8%a8%d8%b9%d8%a7%d9%84%d9%85-%d9%a1%d9%a0%d9%a0%d9%aa-%d8%b7%d8%a7%d9%82%d8%a9-%d9%85%d8%aa%d8%ac%d8%af%d8%af%d8%a9-%d9%81\/"},"author":{"name":"Fadi Gedeon","@id":"https:\/\/www.greenpeace.org\/mena\/ar\/#\/schema\/person\/7dad2b1d8fa7b629f7f0f6db1f2cde3e"},"headline":"\u063a\u0631\u064a\u0646\u0628\u064a\u0633 \u062a\u0637\u0627\u0644\u0628 \u0628\u0639\u0627\u0644\u0645 \u0661\u0660\u0660\u066a \u0637\u0627\u0642\u0629 \u0645\u062a\u062c\u062f\u062f\u0629 \u0641\u064a \u0645\u0633\u064a\u0631\u0629 \u0627\u0644\u0645\u0646\u0627\u062e \u0641\u064a \u0645\u0631\u0627\u0643\u0634","datePublished":"2016-11-13T00:00:00+00:00","dateModified":"2019-11-06T09:05:00+00:00","mainEntityOfPage":{"@id":"https:\/\/www.greenpeace.org\/mena\/ar\/%d8%ba%d8%b1%d9%8a%d9%86%d8%a8%d9%8a%d8%b3-%d8%aa%d8%b7%d8%a7%d9%84%d8%a8-%d8%a8%d8%b9%d8%a7%d9%84%d9%85-%d9%a1%d9%a0%d9%a0%d9%aa-%d8%b7%d8%a7%d9%82%d8%a9-%d9%85%d8%aa%d8%ac%d8%af%d8%af%d8%a9-%d9%81\/"},"wordCount":319,"commentCount":0,"image":{"@id":"https:\/\/www.greenpeace.org\/mena\/ar\/%d8%ba%d8%b1%d9%8a%d9%86%d8%a8%d9%8a%d8%b3-%d8%aa%d8%b7%d8%a7%d9%84%d8%a8-%d8%a8%d8%b9%d8%a7%d9%84%d9%85-%d9%a1%d9%a0%d9%a0%d9%aa-%d8%b7%d8%a7%d9%82%d8%a9-%d9%85%d8%aa%d8%ac%d8%af%d8%af%d8%a9-%d9%81\/#primaryimage"},"thumbnailUrl":"https:\/\/www.greenpeace.org\/static\/planet4-mena-stateless\/2018\/11\/6c905eb3-20161113_greenpeace_0635.jpg","keywords":["\u0627\u0644\u0637\u0627\u0642\u0629_\u0627\u0644\u0645\u062a\u062c\u062f\u062f\u0629"],"articleSection":["\u063a\u0631\u064a\u0646\u0628\u064a\u0633 \u0627\u0644\u0634\u0631\u0642 \u0627\u0644\u0623\u0648\u0633\u0637 \u0648\u0634\u0645\u0627\u0644 \u0623\u0641\u0631\u064a\u0642\u064a\u0627"],"inLanguage":"ar","potentialAction":[{"@type":"CommentAction","name":"Comment","target":["https:\/\/www.greenpeace.org\/mena\/ar\/%d8%ba%d8%b1%d9%8a%d9%86%d8%a8%d9%8a%d8%b3-%d8%aa%d8%b7%d8%a7%d9%84%d8%a8-%d8%a8%d8%b9%d8%a7%d9%84%d9%85-%d9%a1%d9%a0%d9%a0%d9%aa-%d8%b7%d8%a7%d9%82%d8%a9-%d9%85%d8%aa%d8%ac%d8%af%d8%af%d8%a9-%d9%81\/#respond"]}]},{"@type":"WebPage","@id":"https:\/\/www.greenpeace.org\/mena\/ar\/%d8%ba%d8%b1%d9%8a%d9%86%d8%a8%d9%8a%d8%b3-%d8%aa%d8%b7%d8%a7%d9%84%d8%a8-%d8%a8%d8%b9%d8%a7%d9%84%d9%85-%d9%a1%d9%a0%d9%a0%d9%aa-%d8%b7%d8%a7%d9%82%d8%a9-%d9%85%d8%aa%d8%ac%d8%af%d8%af%d8%a9-%d9%81\/","url":"https:\/\/www.greenpeace.org\/mena\/ar\/%d8%ba%d8%b1%d9%8a%d9%86%d8%a8%d9%8a%d8%b3-%d8%aa%d8%b7%d8%a7%d9%84%d8%a8-%d8%a8%d8%b9%d8%a7%d9%84%d9%85-%d9%a1%d9%a0%d9%a0%d9%aa-%d8%b7%d8%a7%d9%82%d8%a9-%d9%85%d8%aa%d8%ac%d8%af%d8%af%d8%a9-%d9%81\/","name":"\u063a\u0631\u064a\u0646\u0628\u064a\u0633 \u062a\u0637\u0627\u0644\u0628 \u0628\u0639\u0627\u0644\u0645 \u0661\u0660\u0660\u066a \u0637\u0627\u0642\u0629 \u0645\u062a\u062c\u062f\u062f\u0629 \u0641\u064a \u0645\u0633\u064a\u0631\u0629 \u0627\u0644\u0645\u0646\u0627\u062e \u0641\u064a \u0645\u0631\u0627\u0643\u0634 - \u063a\u0631\u064a\u0646\u0628\u064a\u0633 \u0627\u0644\u0634\u0631\u0642 \u0627\u0644\u0623\u0648\u0633\u0637 \u0648\u0634\u0645\u0627\u0644 \u0623\u0641\u0631\u064a\u0642\u064a\u0627","isPartOf":{"@id":"https:\/\/www.greenpeace.org\/mena\/ar\/#website"},"primaryImageOfPage":{"@id":"https:\/\/www.greenpeace.org\/mena\/ar\/%d8%ba%d8%b1%d9%8a%d9%86%d8%a8%d9%8a%d8%b3-%d8%aa%d8%b7%d8%a7%d9%84%d8%a8-%d8%a8%d8%b9%d8%a7%d9%84%d9%85-%d9%a1%d9%a0%d9%a0%d9%aa-%d8%b7%d8%a7%d9%82%d8%a9-%d9%85%d8%aa%d8%ac%d8%af%d8%af%d8%a9-%d9%81\/#primaryimage"},"image":{"@id":"https:\/\/www.greenpeace.org\/mena\/ar\/%d8%ba%d8%b1%d9%8a%d9%86%d8%a8%d9%8a%d8%b3-%d8%aa%d8%b7%d8%a7%d9%84%d8%a8-%d8%a8%d8%b9%d8%a7%d9%84%d9%85-%d9%a1%d9%a0%d9%a0%d9%aa-%d8%b7%d8%a7%d9%82%d8%a9-%d9%85%d8%aa%d8%ac%d8%af%d8%af%d8%a9-%d9%81\/#primaryimage"},"thumbnailUrl":"https:\/\/www.greenpeace.org\/static\/planet4-mena-stateless\/2018\/11\/6c905eb3-20161113_greenpeace_0635.jpg","datePublished":"2016-11-13T00:00:00+00:00","dateModified":"2019-11-06T09:05:00+00:00","author":{"@id":"https:\/\/www.greenpeace.org\/mena\/ar\/#\/schema\/person\/7dad2b1d8fa7b629f7f0f6db1f2cde3e"},"breadcrumb":{"@id":"https:\/\/www.greenpeace.org\/mena\/ar\/%d8%ba%d8%b1%d9%8a%d9%86%d8%a8%d9%8a%d8%b3-%d8%aa%d8%b7%d8%a7%d9%84%d8%a8-%d8%a8%d8%b9%d8%a7%d9%84%d9%85-%d9%a1%d9%a0%d9%a0%d9%aa-%d8%b7%d8%a7%d9%82%d8%a9-%d9%85%d8%aa%d8%ac%d8%af%d8%af%d8%a9-%d9%81\/#breadcrumb"},"inLanguage":"ar","potentialAction":[{"@type":"ReadAction","target":["https:\/\/www.greenpeace.org\/mena\/ar\/%d8%ba%d8%b1%d9%8a%d9%86%d8%a8%d9%8a%d8%b3-%d8%aa%d8%b7%d8%a7%d9%84%d8%a8-%d8%a8%d8%b9%d8%a7%d9%84%d9%85-%d9%a1%d9%a0%d9%a0%d9%aa-%d8%b7%d8%a7%d9%82%d8%a9-%d9%85%d8%aa%d8%ac%d8%af%d8%af%d8%a9-%d9%81\/"]}]},{"@type":"ImageObject","inLanguage":"ar","@id":"https:\/\/www.greenpeace.org\/mena\/ar\/%d8%ba%d8%b1%d9%8a%d9%86%d8%a8%d9%8a%d8%b3-%d8%aa%d8%b7%d8%a7%d9%84%d8%a8-%d8%a8%d8%b9%d8%a7%d9%84%d9%85-%d9%a1%d9%a0%d9%a0%d9%aa-%d8%b7%d8%a7%d9%82%d8%a9-%d9%85%d8%aa%d8%ac%d8%af%d8%af%d8%a9-%d9%81\/#primaryimage","url":"https:\/\/www.greenpeace.org\/static\/planet4-mena-stateless\/2018\/11\/6c905eb3-20161113_greenpeace_0635.jpg","contentUrl":"https:\/\/www.greenpeace.org\/static\/planet4-mena-stateless\/2018\/11\/6c905eb3-20161113_greenpeace_0635.jpg"},{"@type":"BreadcrumbList","@id":"https:\/\/www.greenpeace.org\/mena\/ar\/%d8%ba%d8%b1%d9%8a%d9%86%d8%a8%d9%8a%d8%b3-%d8%aa%d8%b7%d8%a7%d9%84%d8%a8-%d8%a8%d8%b9%d8%a7%d9%84%d9%85-%d9%a1%d9%a0%d9%a0%d9%aa-%d8%b7%d8%a7%d9%82%d8%a9-%d9%85%d8%aa%d8%ac%d8%af%d8%af%d8%a9-%d9%81\/#breadcrumb","itemListElement":[{"@type":"ListItem","position":1,"name":"Home","item":"https:\/\/www.greenpeace.org\/mena\/ar\/"},{"@type":"ListItem","position":2,"name":"\u063a\u0631\u064a\u0646\u0628\u064a\u0633 \u062a\u0637\u0627\u0644\u0628 \u0628\u0639\u0627\u0644\u0645 \u0661\u0660\u0660\u066a \u0637\u0627\u0642\u0629 \u0645\u062a\u062c\u062f\u062f\u0629 \u0641\u064a \u0645\u0633\u064a\u0631\u0629 \u0627\u0644\u0645\u0646\u0627\u062e \u0641\u064a \u0645\u0631\u0627\u0643\u0634"}]},{"@type":"WebSite","@id":"https:\/\/www.greenpeace.org\/mena\/ar\/#website","url":"https:\/\/www.greenpeace.org\/mena\/ar\/","name":"\u063a\u0631\u064a\u0646\u0628\u064a\u0633 \u0627\u0644\u0634\u0631\u0642 \u0627\u0644\u0623\u0648\u0633\u0637 \u0648\u0634\u0645\u0627\u0644 \u0623\u0641\u0631\u064a\u0642\u064a\u0627","description":"\u063a\u0631\u064a\u0646\u0628\u064a\u0633 \u0627\u0644\u0634\u0631\u0642 \u0627\u0644\u0623\u0648\u0633\u0637 \u0648\u0634\u0645\u0627\u0644 \u0623\u0641\u0631\u064a\u0642\u064a\u0627 \u0645\u0646\u0638\u0645\u0629 \u0628\u064a\u0626\u064a\u0629 \u062a\u0623\u0633\u0633\u062a \u0644\u062d\u0645\u0627\u064a\u0629 \u0627\u0644\u0628\u064a\u0626\u0629 \u0648\u0627\u0644\u062a\u0635\u062f\u064a \u0644\u0622\u062b\u0627\u0631 \u062a\u063a\u064a\u0631 \u0627\u0644\u0645\u0646\u0627\u062e \u0641\u064a \u0627\u0644\u0645\u0646\u0637\u0642\u0629 \u0644\u062a\u0648\u0641\u064a\u0631 \u062d\u064a\u0627\u0629 \u0623\u0643\u062b\u0631 \u0623\u0645\u0646\u0627\u064b \u0648\u0635\u062d\u0629 \u0644\u0644\u0645\u062c\u062a\u0645\u0639\u0627\u062a \u0627\u0644\u0645\u062d\u0644\u064a\u0629","potentialAction":[{"@type":"SearchAction","target":{"@type":"EntryPoint","urlTemplate":"https:\/\/www.greenpeace.org\/mena\/ar\/?s={search_term_string}"},"query-input":{"@type":"PropertyValueSpecification","valueRequired":true,"valueName":"search_term_string"}}],"inLanguage":"ar"},{"@type":"Person","@id":"https:\/\/www.greenpeace.org\/mena\/ar\/#\/schema\/person\/7dad2b1d8fa7b629f7f0f6db1f2cde3e","name":"Fadi Gedeon","image":{"@type":"ImageObject","inLanguage":"ar","@id":"https:\/\/lh3.googleusercontent.com\/a\/ACg8ocJSh0XMHZgiUtnXUJt2VRz2WRNAG9qs3k2LDyu0qmvmjwC4JP0h=s96-c","url":"https:\/\/lh3.googleusercontent.com\/a\/ACg8ocJSh0XMHZgiUtnXUJt2VRz2WRNAG9qs3k2LDyu0qmvmjwC4JP0h=s96-c","contentUrl":"https:\/\/lh3.googleusercontent.com\/a\/ACg8ocJSh0XMHZgiUtnXUJt2VRz2WRNAG9qs3k2LDyu0qmvmjwC4JP0h=s96-c","caption":"Fadi Gedeon"},"description":"Digital Transformation Lead at Greenpeace MENA. More than nine years have passed since I joined the team at Greenpeace, and it seems like just yesterday! I think I can speak for everyone here when I say that our team is special, in how we work together, how we relate to each other, how we resolve our differences and even how we express our frustration. It has always been great to end the day with an outing with the team, or a heated debate about current events. A week in the office was never complete without some kind of activity that brought us together as people, celebrating our passion for life, hobbies and interests, and - I must admit, several practical jokes! Moving our work online has definitely had an impact on our relationships with colleagues, volunteers, and external partners Somehow it feels like we\u2019ve been invited to become part of each other\u2019s lives at home: parents, partners, children and pets have now become regular guests on our video calls. I\u2019m proud to be working with a team that appreciates all its members in all the colour and diversity they bring to the table! Fadi Gedeon On LinkedIn","sameAs":["https:\/\/www.greenpeace.org\/mena\/"],"url":"https:\/\/www.greenpeace.org\/mena\/ar\/author\/fadi-gedeon\/"}]}},"_links":{"self":[{"href":"https:\/\/www.greenpeace.org\/mena\/ar\/wp-json\/wp\/v2\/posts\/1309","targetHints":{"allow":["GET"]}}],"collection":[{"href":"https:\/\/www.greenpeace.org\/mena\/ar\/wp-json\/wp\/v2\/posts"}],"about":[{"href":"https:\/\/www.greenpeace.org\/mena\/ar\/wp-json\/wp\/v2\/types\/post"}],"author":[{"embeddable":true,"href":"https:\/\/www.greenpeace.org\/mena\/ar\/wp-json\/wp\/v2\/users\/8"}],"replies":[{"embeddable":true,"href":"https:\/\/www.greenpeace.org\/mena\/ar\/wp-json\/wp\/v2\/comments?post=1309"}],"version-history":[{"count":1,"href":"https:\/\/www.greenpeace.org\/mena\/ar\/wp-json\/wp\/v2\/posts\/1309\/revisions"}],"predecessor-version":[{"id":2294,"href":"https:\/\/www.greenpeace.org\/mena\/ar\/wp-json\/wp\/v2\/posts\/1309\/revisions\/2294"}],"wp:attachment":[{"href":"https:\/\/www.greenpeace.org\/mena\/ar\/wp-json\/wp\/v2\/media?parent=1309"}],"wp:term":[{"taxonomy":"category","embeddable":true,"href":"https:\/\/www.greenpeace.org\/mena\/ar\/wp-json\/wp\/v2\/categories?post=1309"},{"taxonomy":"post_tag","embeddable":true,"href":"https:\/\/www.greenpeace.org\/mena\/ar\/wp-json\/wp\/v2\/tags?post=1309"},{"taxonomy":"p4-page-type","embeddable":true,"href":"https:\/\/www.greenpeace.org\/mena\/ar\/wp-json\/wp\/v2\/p4-page-type?post=1309"}],"curies":[{"name":"wp","href":"https:\/\/api.w.org\/{rel}","templated":true}]}}