{"id":4927,"date":"2019-08-09T13:24:15","date_gmt":"2019-08-09T10:24:15","guid":{"rendered":"https:\/\/www.greenpeace.org\/mena\/uncategorized\/4927\/wid\/"},"modified":"2019-11-06T12:04:20","modified_gmt":"2019-11-06T09:04:20","slug":"wid-3","status":"publish","type":"post","link":"https:\/\/www.greenpeace.org\/mena\/en\/wid-3\/","title":{"rendered":"Nature celebrates World&#8217;s Indigenous Day"},"content":{"rendered":"<p><span style=\"font-weight: 400;\">My people are native to the lands that make up present day Mexico. They are some of the last in North America to maintain their pre-Columbian cultural traditions. But with every year that passes, my people lose more and more of themselves and the culture they have protected for millennia, as well as the lands they have stewarded.\u00a0<\/span><\/p>\n<p><span style=\"font-weight: 400;\">Our legacies on our lands are being swept away as the Mexican government builds new highways and other forms of development on them. This is not a unique story, but a tragically common experience with Indigenous Peoples in every corner of the earth.<\/span><\/p>\n<p><span style=\"font-weight: 400;\">Nature is found at the intersection of most Indigenous Peoples\u2019 identity, religion, culture, and community. We are therefore compelled to protect it. We hold many elements of the natural world as sacred; plants, animals, water, land, rain, wind, the seas. Indigenous roots have always and will always run deep in the lands that colonialism has stolen.<\/span><\/p>\n<p><img loading=\"lazy\" decoding=\"async\" class=\"size-full wp-image-4891\" src=\"https:\/\/www.greenpeace.org\/static\/planet4-mena-stateless\/2019\/08\/634253db-gp0stp42g_web_size.jpg\" alt=\"\" width=\"800\" height=\"600\" srcset=\"https:\/\/www.greenpeace.org\/static\/planet4-mena-stateless\/2019\/08\/634253db-gp0stp42g_web_size.jpg 800w, https:\/\/www.greenpeace.org\/static\/planet4-mena-stateless\/2019\/08\/634253db-gp0stp42g_web_size-300x225.jpg 300w, https:\/\/www.greenpeace.org\/static\/planet4-mena-stateless\/2019\/08\/634253db-gp0stp42g_web_size-768x576.jpg 768w, https:\/\/www.greenpeace.org\/static\/planet4-mena-stateless\/2019\/08\/634253db-gp0stp42g_web_size-453x340.jpg 453w\" sizes=\"auto, (max-width: 800px) 100vw, 800px\" \/><\/p>\n<p><span style=\"font-weight: 400;\">All around the world, from the United States to Brazil, Finland to Australia and Morocco Indigenous People have been rising and resisting for centuries to protect their culture, which includes their lands. The land is our culture and a vital piece of our legacy.\u00a0<\/span><\/p>\n<p><span style=\"font-weight: 400;\">And today, Indigenous People are on the frontlines of the climate crisis, protecting some of the most endangered lands, as well as the water, animals, and people to which they provide a home.<\/span><\/p>\n<p><span style=\"font-weight: 400;\">At Greenpeace, we know that climate justice means Indigenous sovereignty. Traditional Indigenous territories encompass approximately <\/span><a href=\"https:\/\/siteresources.worldbank.org\/INTBIODIVERSITY\/Resources\/RoleofIndigenousPeoplesinBiodiversityConservation.pdf\"><span style=\"font-weight: 400;\">22% of the world\u2019s land surface, yet they hold 80% of the world\u2019s biodiversity<\/span><\/a><span style=\"font-weight: 400;\">. This biodiversity is under threat from mining, fossil fuel extraction, agriculture, deforestation, and climate change.\u00a0<\/span><\/p>\n<p><span style=\"font-weight: 400;\">Maintaining the covenant between humans and the natural world is essential to our survival, and it begins with protecting and affirming the collective and individual rights of Indigenous Peoples.<\/span><\/p>\n<p><img loading=\"lazy\" decoding=\"async\" class=\"size-full wp-image-4894\" src=\"https:\/\/www.greenpeace.org\/static\/planet4-mena-stateless\/2019\/08\/6b9b442b-gp0stql2t_web_size.jpg\" alt=\"\" width=\"800\" height=\"533\" srcset=\"https:\/\/www.greenpeace.org\/static\/planet4-mena-stateless\/2019\/08\/6b9b442b-gp0stql2t_web_size.jpg 800w, https:\/\/www.greenpeace.org\/static\/planet4-mena-stateless\/2019\/08\/6b9b442b-gp0stql2t_web_size-300x200.jpg 300w, https:\/\/www.greenpeace.org\/static\/planet4-mena-stateless\/2019\/08\/6b9b442b-gp0stql2t_web_size-768x512.jpg 768w, https:\/\/www.greenpeace.org\/static\/planet4-mena-stateless\/2019\/08\/6b9b442b-gp0stql2t_web_size-510x340.jpg 510w\" sizes=\"auto, (max-width: 800px) 100vw, 800px\" \/><\/p>\n<p><span style=\"font-weight: 400;\">This protection of fundamental rights of Indigenous Peoples and other communities is essential to achieve solutions to the climate breakdown and other massive environmental problems. Greenpeace International and other allies are organizing the <\/span><a href=\"https:\/\/www.greenpeace.org\/international\/story\/23274\/announcing-the-first-ever-global-summit-on-human-rights-and-climate-change\/\"><span style=\"font-weight: 400;\">first-ever global summit<\/span><\/a><span style=\"font-weight: 400;\"> on human rights and climate change in September, stressing that the current climate crisis must be addressed in a way that respects, protects and fulfills human rights, including Indigenous rights.<\/span><\/p>\n<p><span style=\"font-weight: 400;\">Greenpeace stands in solidarity with our Indigenous allies in this movement:<\/span><\/p>\n<p><img loading=\"lazy\" decoding=\"async\" class=\"size-full wp-image-4897\" src=\"https:\/\/www.greenpeace.org\/static\/planet4-mena-stateless\/2019\/08\/3af6ec7c-gp0str0wf_web_size.jpg\" alt=\"\" width=\"799\" height=\"534\" srcset=\"https:\/\/www.greenpeace.org\/static\/planet4-mena-stateless\/2019\/08\/3af6ec7c-gp0str0wf_web_size.jpg 799w, https:\/\/www.greenpeace.org\/static\/planet4-mena-stateless\/2019\/08\/3af6ec7c-gp0str0wf_web_size-300x201.jpg 300w, https:\/\/www.greenpeace.org\/static\/planet4-mena-stateless\/2019\/08\/3af6ec7c-gp0str0wf_web_size-768x513.jpg 768w, https:\/\/www.greenpeace.org\/static\/planet4-mena-stateless\/2019\/08\/3af6ec7c-gp0str0wf_web_size-510x340.jpg 510w\" sizes=\"auto, (max-width: 799px) 100vw, 799px\" \/><\/p>\n<p><a href=\"http:\/\/tinyhousewarriors.com\/\"><span style=\"font-weight: 400;\">Tiny House Warriors<\/span><\/a><span style=\"font-weight: 400;\"> in Canada, whose mission is to stop the Trans Mountain pipeline from crossing unceded Secwepemc Territory by building ten tiny houses strategically placed along the 518 km Trans Mountain pipeline.<\/span><\/p>\n<p><img loading=\"lazy\" decoding=\"async\" class=\"size-full wp-image-4900\" src=\"https:\/\/www.greenpeace.org\/static\/planet4-mena-stateless\/2019\/08\/db9573ba-gp0stq9vd_web_size.jpg\" alt=\"\" width=\"800\" height=\"533\" srcset=\"https:\/\/www.greenpeace.org\/static\/planet4-mena-stateless\/2019\/08\/db9573ba-gp0stq9vd_web_size.jpg 800w, https:\/\/www.greenpeace.org\/static\/planet4-mena-stateless\/2019\/08\/db9573ba-gp0stq9vd_web_size-300x200.jpg 300w, https:\/\/www.greenpeace.org\/static\/planet4-mena-stateless\/2019\/08\/db9573ba-gp0stq9vd_web_size-768x512.jpg 768w, https:\/\/www.greenpeace.org\/static\/planet4-mena-stateless\/2019\/08\/db9573ba-gp0stq9vd_web_size-510x340.jpg 510w\" sizes=\"auto, (max-width: 800px) 100vw, 800px\" \/><\/p>\n<ul>\n<li><a href=\"https:\/\/ip3action.org\/\"><span style=\"font-weight: 400;\">Indigenous Peoples Power Project<\/span><\/a><span style=\"font-weight: 400;\"> in the United States, who work to offer non-violent direct action training, action support, and network building for Native activists that is customized to fit the traditions of Indigenous communities.<\/span><\/li>\n<li><a href=\"https:\/\/www.ienearth.org\/\"><span style=\"font-weight: 400;\">Indigenous Environmental Network<\/span><\/a><span style=\"font-weight: 400;\"> in the United States, an alliance working to protect the sacredness of Earth Mother from contamination and exploitation by strengthening, maintaining and respecting Indigenous teachings and natural laws.<\/span><\/li>\n<li><a href=\"http:\/\/www.honorearth.org\"><span style=\"font-weight: 400;\">Honor the Earth<\/span><\/a><span style=\"font-weight: 400;\"> in the United States, whose mission is to create awareness and support for Native environmental issues and to develop needed financial and political resources for the survival of sustainable Native communities by using music, the arts, the media, and Indigenous wisdom.<\/span><\/li>\n<\/ul>\n<p><img loading=\"lazy\" decoding=\"async\" class=\"size-full wp-image-4904\" src=\"https:\/\/www.greenpeace.org\/static\/planet4-mena-stateless\/2019\/08\/e6020844-gp0stpy3t_web_size.jpg\" alt=\"\" width=\"800\" height=\"533\" srcset=\"https:\/\/www.greenpeace.org\/static\/planet4-mena-stateless\/2019\/08\/e6020844-gp0stpy3t_web_size.jpg 800w, https:\/\/www.greenpeace.org\/static\/planet4-mena-stateless\/2019\/08\/e6020844-gp0stpy3t_web_size-300x200.jpg 300w, https:\/\/www.greenpeace.org\/static\/planet4-mena-stateless\/2019\/08\/e6020844-gp0stpy3t_web_size-768x512.jpg 768w, https:\/\/www.greenpeace.org\/static\/planet4-mena-stateless\/2019\/08\/e6020844-gp0stpy3t_web_size-510x340.jpg 510w\" sizes=\"auto, (max-width: 800px) 100vw, 800px\" \/><\/p>\n<ul>\n<li><a href=\"http:\/\/apib.info\/apib\/?lang=en\"><span style=\"font-weight: 400;\">Articula\u00e7\u00e3o dos Povos Ind\u00edgenas<\/span><\/a><span style=\"font-weight: 400;\"> in Brazil, a national movement to unite, strengthen , and mobilize Indigenous Peoples against threats and attacks on Indigenous rights.<\/span><\/li>\n<li><a href=\"https:\/\/www.facebook.com\/VozDosPovos\/?ref=py_c\"><span style=\"font-weight: 400;\">M\u00eddia \u00cdndia<\/span><\/a><span style=\"font-weight: 400;\"> in Brazil, a communication network of young Indigenous activists strengthening the voices and changing the narrative of Indigenous Peoples on social networks.<\/span><\/li>\n<li><a href=\"https:\/\/www.facebook.com\/XAWVNKO\/\"><span style=\"font-weight: 400;\">Confederaci\u00f3n Mapuche de Neuqu\u00e9n<\/span><\/a><span style=\"font-weight: 400;\"> in Argentina, who are working to strengthen the exercise of Indigenous human rights by the indigenous communities of the Mapuche people.<\/span><\/li>\n<\/ul>\n<p><img loading=\"lazy\" decoding=\"async\" class=\"size-full wp-image-4907\" src=\"https:\/\/www.greenpeace.org\/static\/planet4-mena-stateless\/2019\/08\/f1458997-gp0k8l_web_size.jpg\" alt=\"\" width=\"800\" height=\"513\" srcset=\"https:\/\/www.greenpeace.org\/static\/planet4-mena-stateless\/2019\/08\/f1458997-gp0k8l_web_size.jpg 800w, https:\/\/www.greenpeace.org\/static\/planet4-mena-stateless\/2019\/08\/f1458997-gp0k8l_web_size-300x192.jpg 300w, https:\/\/www.greenpeace.org\/static\/planet4-mena-stateless\/2019\/08\/f1458997-gp0k8l_web_size-768x492.jpg 768w, https:\/\/www.greenpeace.org\/static\/planet4-mena-stateless\/2019\/08\/f1458997-gp0k8l_web_size-510x327.jpg 510w\" sizes=\"auto, (max-width: 800px) 100vw, 800px\" \/><\/p>\n<ul>\n<li style=\"font-weight: 400;\"><span style=\"font-weight: 400;\">The Baka people in south Cameroon, who are standing up against the<\/span> <a href=\"https:\/\/www.greenpeace.org\/africa\/en\/blogs\/6143\/sudcam-bleeding-the-forest-and-its-dependent-communities\/\"><span style=\"font-weight: 400;\">displacement and massive deforestation<\/span><\/a> <span style=\"font-weight: 400;\">caused by rubber company Sudcam (Halycon Agri)<\/span><span style=\"font-weight: 400;\">.<\/span><\/li>\n<li style=\"font-weight: 400;\"><span style=\"font-weight: 400;\">The <\/span><a href=\"https:\/\/greenpeace-africa.africa-newsroom.com\/press\/scientists-confirm-presence-of-peatlands-in-democratic-republic-of-congo\"><span style=\"font-weight: 400;\">Indigenous Peoples from Lokolama Village<\/span><\/a><span style=\"font-weight: 400;\"> in The Democratic Republic of the Congo, who work with Greenpeace Africa to secure concessions for community forest management &#8211; in lieu of destructive industrial logging activities.\u00a0\u00a0<\/span><\/li>\n<li style=\"font-weight: 400;\"><span style=\"font-weight: 400;\">A tiny remote village of Irig N\u2019Tahala, in Morocco\u2019s southern Tiznit province, has long suffered from power cuts and poor living conditions. But a decentralised intelligent solar energy network has given Tahala residents a clean and free energy. Greenpeace MENA worked with the organisation \u201cEnr\u2019 Afrique\u201d who did the solarization to also include a solar water pumping so the farmers can benefit from the project. Greenpeace also helped in pushing the story of Tahala in the COP22 by having the villagers at one of its events. The impact on life in Tahala has been huge &#8211; powering the mosque, school and other local amenities &#8211; and the project, developed earlier in 2016, provides a successful model for replication in other North African and Arab countries, and beyond.<\/span><\/li>\n<li style=\"font-weight: 400;\"><span style=\"font-weight: 400;\">Climate Change threatening the Nomadic life in Morocco: About two-thirds of Morocco\u2019s roughly 25,000 remaining nomads live in this region, about 200 miles south of Casablanca. The number of nomads had fallen by 63% from the previous decade. Extreme heatwaves and water scarcity are the main reasons for this displacement.<\/span><img loading=\"lazy\" decoding=\"async\" class=\"size-full wp-image-4910\" src=\"https:\/\/www.greenpeace.org\/static\/planet4-mena-stateless\/2019\/08\/12af9f73-gp03ts7_web_size.jpg\" alt=\"\" width=\"800\" height=\"533\" srcset=\"https:\/\/www.greenpeace.org\/static\/planet4-mena-stateless\/2019\/08\/12af9f73-gp03ts7_web_size.jpg 800w, https:\/\/www.greenpeace.org\/static\/planet4-mena-stateless\/2019\/08\/12af9f73-gp03ts7_web_size-300x200.jpg 300w, https:\/\/www.greenpeace.org\/static\/planet4-mena-stateless\/2019\/08\/12af9f73-gp03ts7_web_size-768x512.jpg 768w, https:\/\/www.greenpeace.org\/static\/planet4-mena-stateless\/2019\/08\/12af9f73-gp03ts7_web_size-510x340.jpg 510w\" sizes=\"auto, (max-width: 800px) 100vw, 800px\" \/><\/li>\n<li><a href=\"http:\/\/www.csipn.ru\/about\"><span style=\"font-weight: 400;\">Center for Support of Indigenous Peoples of the North<\/span><\/a><span style=\"font-weight: 400;\"> in Russia, an NGO providing training and development in practical activities, capacity building, institution strengthening, traditional knowledge, and cultural heritage for Indigenous Peoples.<\/span><\/li>\n<li><a href=\"http:\/\/savepechora.ru\"><span style=\"font-weight: 400;\">Pechora Rescue Committee<\/span><\/a><span style=\"font-weight: 400;\"> in Russia, working to protect the Pechora River Basin in the Komi Republic.<\/span><\/li>\n<li><a href=\"https:\/\/www.facebook.com\/BataniFund\/\"><span style=\"font-weight: 400;\">International Indigenous Fund for Development and Solidarity &#8220;Batani&#8221;<\/span><\/a><span style=\"font-weight: 400;\"> in Russia, which promotes cooperation and solidarity among Indigenous Peoples.<\/span><\/li>\n<li><a href=\"https:\/\/arctic-consult.com\/\"><span style=\"font-weight: 400;\">Arctic Consult<\/span><\/a><span style=\"font-weight: 400;\"> in Russia, a consulting company that provides advising to communities of Indigenous Peoples of the Russian North, Siberia and the Far East on land rights, resources, and self-determination.<\/span><\/li>\n<\/ul>\n<p><img loading=\"lazy\" decoding=\"async\" class=\"size-full wp-image-4913\" src=\"https:\/\/www.greenpeace.org\/static\/planet4-mena-stateless\/2019\/08\/fdfe8dd5-gp0vtk_web_size.jpg\" alt=\"\" width=\"800\" height=\"533\" srcset=\"https:\/\/www.greenpeace.org\/static\/planet4-mena-stateless\/2019\/08\/fdfe8dd5-gp0vtk_web_size.jpg 800w, https:\/\/www.greenpeace.org\/static\/planet4-mena-stateless\/2019\/08\/fdfe8dd5-gp0vtk_web_size-300x200.jpg 300w, https:\/\/www.greenpeace.org\/static\/planet4-mena-stateless\/2019\/08\/fdfe8dd5-gp0vtk_web_size-768x512.jpg 768w, https:\/\/www.greenpeace.org\/static\/planet4-mena-stateless\/2019\/08\/fdfe8dd5-gp0vtk_web_size-510x340.jpg 510w\" sizes=\"auto, (max-width: 800px) 100vw, 800px\" \/><\/p>\n<ul>\n<li><a href=\"http:\/\/www.aman.or.id\"><span style=\"font-weight: 400;\">Aman Papua<\/span><\/a><span style=\"font-weight: 400;\"> in Indonesia, who are working at the local, national, and international levels to advocate for Indonesia\u2019s 2,373 Indigenous communities and their 17 million people.<\/span><\/li>\n<li><a href=\"http:\/\/bentarapapua.org\"><span style=\"font-weight: 400;\">Bentara Papua<\/span><\/a><span style=\"font-weight: 400;\"><span style=\"font-weight: 400;\"> in Indonesia, who are building just, sustainable, and empowered Indigenous communities.<br \/>\n<\/span><\/span><span style=\"font-weight: 400;\">Let us join in celebrating the brave activists and defenders who are standing on the frontlines of environmental protection. Their struggles are local, but on this International Day of the World&#8217;s Indigenous People we carry the same global message: Environmental justice and social justice are one.<\/span><span style=\"font-weight: 400;\">The future is Indigenous.<\/span><\/li>\n<\/ul>\n<div id=\"attachment_4916\" style=\"width: 260px\" class=\"wp-caption alignnone\"><img loading=\"lazy\" decoding=\"async\" aria-describedby=\"caption-attachment-4916\" class=\"wp-image-4916\" src=\"https:\/\/www.greenpeace.org\/static\/planet4-mena-stateless\/2019\/08\/0c690c88-author-photo.jpg\" alt=\"\" width=\"250\" height=\"250\" \/><p id=\"caption-attachment-4916\" class=\"wp-caption-text\">Kaitlin Grable is a Digital Campaigner with Greenpeace USA.<\/p><\/div>\n","protected":false},"excerpt":{"rendered":"<p>My people are native to the lands that make up present day Mexico. They are some of the last in North America to maintain their pre-Columbian cultural traditions. But with every year that passes, my people lose more and more of themselves and the culture they have protected for millennia, as well as the lands they have stewarded.\u00a0<\/p>\n","protected":false},"author":8,"featured_media":4928,"comment_status":"open","ping_status":"open","sticky":false,"template":"","format":"standard","meta":{"_planet4_optimize_post_is_variant":false,"_planet4_optimize_experiment_name":"","_planet4_optimize_variant_name":"","ep_exclude_from_search":false,"p4_og_title":"","p4_og_description":"","p4_og_image":"","p4_og_image_id":"","p4_seo_canonical_url":"","p4_campaign_name":"","p4_local_project":"","p4_basket_name":"","p4_department":"","footnotes":""},"categories":[21],"tags":[77],"p4-page-type":[],"class_list":["post-4927","post","type-post","status-publish","format-standard","has-post-thumbnail","hentry","category-uncategorized","tag--en"],"yoast_head":"<!-- This site is optimized with the Yoast SEO Premium plugin v27.4 (Yoast SEO v27.4) - https:\/\/yoast.com\/product\/yoast-seo-premium-wordpress\/ -->\n<title>Nature celebrates World&#039;s Indigenous Day - Greenpeace Middle East and North Africa<\/title>\n<meta name=\"robots\" content=\"index, follow, max-snippet:-1, max-image-preview:large, max-video-preview:-1\" \/>\n<link rel=\"canonical\" href=\"https:\/\/www.greenpeace.org\/mena\/en\/wid-3\/\" \/>\n<meta property=\"og:locale\" content=\"en_US\" \/>\n<meta property=\"og:type\" content=\"article\" \/>\n<meta property=\"og:title\" content=\"Nature celebrates World&#039;s Indigenous Day\" \/>\n<meta property=\"og:description\" content=\"My people are native to the lands that make up present day Mexico. They are some of the last in North America to maintain their pre-Columbian cultural traditions. But with every year that passes, my people lose more and more of themselves and the culture they have protected for millennia, as well as the lands they have stewarded.\u00a0\" \/>\n<meta property=\"og:url\" content=\"https:\/\/www.greenpeace.org\/mena\/en\/wid-3\/\" \/>\n<meta property=\"og:site_name\" content=\"Greenpeace Middle East and North Africa\" \/>\n<meta property=\"article:publisher\" content=\"https:\/\/www.facebook.com\/GreenpeaceAR\" \/>\n<meta property=\"article:published_time\" content=\"2019-08-09T10:24:15+00:00\" \/>\n<meta property=\"article:modified_time\" content=\"2019-11-06T09:04:20+00:00\" \/>\n<meta property=\"og:image\" content=\"https:\/\/www.greenpeace.org\/static\/planet4-mena-stateless\/2019\/08\/7522adbe-gp0stp42g_web_size.jpg\" \/>\n\t<meta property=\"og:image:width\" content=\"800\" \/>\n\t<meta property=\"og:image:height\" content=\"600\" \/>\n\t<meta property=\"og:image:type\" content=\"image\/jpeg\" \/>\n<meta name=\"author\" content=\"Fadi Gedeon\" \/>\n<meta name=\"twitter:card\" content=\"summary_large_image\" \/>\n<meta name=\"twitter:creator\" content=\"@GreenpeaceAR\" \/>\n<meta name=\"twitter:site\" content=\"@GreenpeaceAR\" \/>\n<meta name=\"twitter:label1\" content=\"Written by\" \/>\n\t<meta name=\"twitter:data1\" content=\"Fadi Gedeon\" \/>\n\t<meta name=\"twitter:label2\" content=\"Est. reading time\" \/>\n\t<meta name=\"twitter:data2\" content=\"5 minutes\" \/>\n<script type=\"application\/ld+json\" class=\"yoast-schema-graph\">{\"@context\":\"https:\\\/\\\/schema.org\",\"@graph\":[{\"@type\":\"Article\",\"@id\":\"https:\\\/\\\/www.greenpeace.org\\\/mena\\\/en\\\/wid-3\\\/#article\",\"isPartOf\":{\"@id\":\"https:\\\/\\\/www.greenpeace.org\\\/mena\\\/en\\\/wid-3\\\/\"},\"author\":{\"name\":\"Fadi Gedeon\",\"@id\":\"https:\\\/\\\/www.greenpeace.org\\\/mena\\\/ar\\\/#\\\/schema\\\/person\\\/7dad2b1d8fa7b629f7f0f6db1f2cde3e\"},\"headline\":\"Nature celebrates World&#8217;s Indigenous Day\",\"datePublished\":\"2019-08-09T10:24:15+00:00\",\"dateModified\":\"2019-11-06T09:04:20+00:00\",\"mainEntityOfPage\":{\"@id\":\"https:\\\/\\\/www.greenpeace.org\\\/mena\\\/en\\\/wid-3\\\/\"},\"wordCount\":1041,\"commentCount\":0,\"image\":{\"@id\":\"https:\\\/\\\/www.greenpeace.org\\\/mena\\\/en\\\/wid-3\\\/#primaryimage\"},\"thumbnailUrl\":\"https:\\\/\\\/www.greenpeace.org\\\/static\\\/planet4-mena-stateless\\\/2019\\\/08\\\/7522adbe-gp0stp42g_web_size.jpg\",\"keywords\":[\"Peace\"],\"inLanguage\":\"en\",\"potentialAction\":[{\"@type\":\"CommentAction\",\"name\":\"Comment\",\"target\":[\"https:\\\/\\\/www.greenpeace.org\\\/mena\\\/en\\\/wid-3\\\/#respond\"]}]},{\"@type\":\"WebPage\",\"@id\":\"https:\\\/\\\/www.greenpeace.org\\\/mena\\\/en\\\/wid-3\\\/\",\"url\":\"https:\\\/\\\/www.greenpeace.org\\\/mena\\\/en\\\/wid-3\\\/\",\"name\":\"Nature celebrates World's Indigenous Day - Greenpeace Middle East and North Africa\",\"isPartOf\":{\"@id\":\"https:\\\/\\\/www.greenpeace.org\\\/mena\\\/ar\\\/#website\"},\"primaryImageOfPage\":{\"@id\":\"https:\\\/\\\/www.greenpeace.org\\\/mena\\\/en\\\/wid-3\\\/#primaryimage\"},\"image\":{\"@id\":\"https:\\\/\\\/www.greenpeace.org\\\/mena\\\/en\\\/wid-3\\\/#primaryimage\"},\"thumbnailUrl\":\"https:\\\/\\\/www.greenpeace.org\\\/static\\\/planet4-mena-stateless\\\/2019\\\/08\\\/7522adbe-gp0stp42g_web_size.jpg\",\"datePublished\":\"2019-08-09T10:24:15+00:00\",\"dateModified\":\"2019-11-06T09:04:20+00:00\",\"author\":{\"@id\":\"https:\\\/\\\/www.greenpeace.org\\\/mena\\\/ar\\\/#\\\/schema\\\/person\\\/7dad2b1d8fa7b629f7f0f6db1f2cde3e\"},\"breadcrumb\":{\"@id\":\"https:\\\/\\\/www.greenpeace.org\\\/mena\\\/en\\\/wid-3\\\/#breadcrumb\"},\"inLanguage\":\"en\",\"potentialAction\":[{\"@type\":\"ReadAction\",\"target\":[\"https:\\\/\\\/www.greenpeace.org\\\/mena\\\/en\\\/wid-3\\\/\"]}]},{\"@type\":\"ImageObject\",\"inLanguage\":\"en\",\"@id\":\"https:\\\/\\\/www.greenpeace.org\\\/mena\\\/en\\\/wid-3\\\/#primaryimage\",\"url\":\"https:\\\/\\\/www.greenpeace.org\\\/static\\\/planet4-mena-stateless\\\/2019\\\/08\\\/7522adbe-gp0stp42g_web_size.jpg\",\"contentUrl\":\"https:\\\/\\\/www.greenpeace.org\\\/static\\\/planet4-mena-stateless\\\/2019\\\/08\\\/7522adbe-gp0stp42g_web_size.jpg\",\"width\":800,\"height\":600,\"caption\":\"Audrey Siegl, a Musqueam woman from British Columbia, Canada, who is also a renowned public speaker, drummer and singer, stands in a Greenpeace rhib launched from the MY Esperanza, holding her arm out in front her, defiantly signalling Shell's subcontracted drilling rig, the Polar Pioneer, to stop.\"},{\"@type\":\"BreadcrumbList\",\"@id\":\"https:\\\/\\\/www.greenpeace.org\\\/mena\\\/en\\\/wid-3\\\/#breadcrumb\",\"itemListElement\":[{\"@type\":\"ListItem\",\"position\":1,\"name\":\"Home\",\"item\":\"https:\\\/\\\/www.greenpeace.org\\\/mena\\\/en\\\/\"},{\"@type\":\"ListItem\",\"position\":2,\"name\":\"Nature celebrates World&#8217;s Indigenous Day\"}]},{\"@type\":\"WebSite\",\"@id\":\"https:\\\/\\\/www.greenpeace.org\\\/mena\\\/ar\\\/#website\",\"url\":\"https:\\\/\\\/www.greenpeace.org\\\/mena\\\/ar\\\/\",\"name\":\"\u063a\u0631\u064a\u0646\u0628\u064a\u0633 \u0627\u0644\u0634\u0631\u0642 \u0627\u0644\u0623\u0648\u0633\u0637 \u0648\u0634\u0645\u0627\u0644 \u0623\u0641\u0631\u064a\u0642\u064a\u0627\",\"description\":\"Greenpeace MENA is the newest organization  of the Greenpeace network that now consists of 27 independent national and regional organizations in over 55 countries across Europe, the Americas, Africa, Asia and the Pacific, as well as its co-ordinating body, Greenpeace International.\",\"potentialAction\":[{\"@type\":\"SearchAction\",\"target\":{\"@type\":\"EntryPoint\",\"urlTemplate\":\"https:\\\/\\\/www.greenpeace.org\\\/mena\\\/ar\\\/?s={search_term_string}\"},\"query-input\":{\"@type\":\"PropertyValueSpecification\",\"valueRequired\":true,\"valueName\":\"search_term_string\"}}],\"inLanguage\":\"en\"},{\"@type\":\"Person\",\"@id\":\"https:\\\/\\\/www.greenpeace.org\\\/mena\\\/ar\\\/#\\\/schema\\\/person\\\/7dad2b1d8fa7b629f7f0f6db1f2cde3e\",\"name\":\"Fadi Gedeon\",\"image\":{\"@type\":\"ImageObject\",\"inLanguage\":\"en\",\"@id\":\"https:\\\/\\\/lh3.googleusercontent.com\\\/a\\\/ACg8ocJSh0XMHZgiUtnXUJt2VRz2WRNAG9qs3k2LDyu0qmvmjwC4JP0h=s96-c\",\"url\":\"https:\\\/\\\/lh3.googleusercontent.com\\\/a\\\/ACg8ocJSh0XMHZgiUtnXUJt2VRz2WRNAG9qs3k2LDyu0qmvmjwC4JP0h=s96-c\",\"contentUrl\":\"https:\\\/\\\/lh3.googleusercontent.com\\\/a\\\/ACg8ocJSh0XMHZgiUtnXUJt2VRz2WRNAG9qs3k2LDyu0qmvmjwC4JP0h=s96-c\",\"caption\":\"Fadi Gedeon\"},\"description\":\"Digital Transformation Lead at Greenpeace MENA. More than nine years have passed since I joined the team at Greenpeace, and it seems like just yesterday! I think I can speak for everyone here when I say that our team is special, in how we work together, how we relate to each other, how we resolve our differences and even how we express our frustration. It has always been great to end the day with an outing with the team, or a heated debate about current events. A week in the office was never complete without some kind of activity that brought us together as people, celebrating our passion for life, hobbies and interests, and - I must admit, several practical jokes! Moving our work online has definitely had an impact on our relationships with colleagues, volunteers, and external partners Somehow it feels like we\u2019ve been invited to become part of each other\u2019s lives at home: parents, partners, children and pets have now become regular guests on our video calls. I\u2019m proud to be working with a team that appreciates all its members in all the colour and diversity they bring to the table! Fadi Gedeon On LinkedIn\",\"sameAs\":[\"https:\\\/\\\/www.greenpeace.org\\\/mena\\\/\"],\"url\":\"https:\\\/\\\/www.greenpeace.org\\\/mena\\\/en\\\/author\\\/fadi-gedeon\\\/\"}]}<\/script>\n<!-- \/ Yoast SEO Premium plugin. -->","yoast_head_json":{"title":"Nature celebrates World's Indigenous Day - Greenpeace Middle East and North Africa","robots":{"index":"index","follow":"follow","max-snippet":"max-snippet:-1","max-image-preview":"max-image-preview:large","max-video-preview":"max-video-preview:-1"},"canonical":"https:\/\/www.greenpeace.org\/mena\/en\/wid-3\/","og_locale":"en_US","og_type":"article","og_title":"Nature celebrates World's Indigenous Day","og_description":"My people are native to the lands that make up present day Mexico. They are some of the last in North America to maintain their pre-Columbian cultural traditions. But with every year that passes, my people lose more and more of themselves and the culture they have protected for millennia, as well as the lands they have stewarded.\u00a0","og_url":"https:\/\/www.greenpeace.org\/mena\/en\/wid-3\/","og_site_name":"Greenpeace Middle East and North Africa","article_publisher":"https:\/\/www.facebook.com\/GreenpeaceAR","article_published_time":"2019-08-09T10:24:15+00:00","article_modified_time":"2019-11-06T09:04:20+00:00","og_image":[{"width":800,"height":600,"url":"https:\/\/www.greenpeace.org\/static\/planet4-mena-stateless\/2019\/08\/7522adbe-gp0stp42g_web_size.jpg","type":"image\/jpeg"}],"author":"Fadi Gedeon","twitter_card":"summary_large_image","twitter_creator":"@GreenpeaceAR","twitter_site":"@GreenpeaceAR","twitter_misc":{"Written by":"Fadi Gedeon","Est. reading time":"5 minutes"},"schema":{"@context":"https:\/\/schema.org","@graph":[{"@type":"Article","@id":"https:\/\/www.greenpeace.org\/mena\/en\/wid-3\/#article","isPartOf":{"@id":"https:\/\/www.greenpeace.org\/mena\/en\/wid-3\/"},"author":{"name":"Fadi Gedeon","@id":"https:\/\/www.greenpeace.org\/mena\/ar\/#\/schema\/person\/7dad2b1d8fa7b629f7f0f6db1f2cde3e"},"headline":"Nature celebrates World&#8217;s Indigenous Day","datePublished":"2019-08-09T10:24:15+00:00","dateModified":"2019-11-06T09:04:20+00:00","mainEntityOfPage":{"@id":"https:\/\/www.greenpeace.org\/mena\/en\/wid-3\/"},"wordCount":1041,"commentCount":0,"image":{"@id":"https:\/\/www.greenpeace.org\/mena\/en\/wid-3\/#primaryimage"},"thumbnailUrl":"https:\/\/www.greenpeace.org\/static\/planet4-mena-stateless\/2019\/08\/7522adbe-gp0stp42g_web_size.jpg","keywords":["Peace"],"inLanguage":"en","potentialAction":[{"@type":"CommentAction","name":"Comment","target":["https:\/\/www.greenpeace.org\/mena\/en\/wid-3\/#respond"]}]},{"@type":"WebPage","@id":"https:\/\/www.greenpeace.org\/mena\/en\/wid-3\/","url":"https:\/\/www.greenpeace.org\/mena\/en\/wid-3\/","name":"Nature celebrates World's Indigenous Day - Greenpeace Middle East and North Africa","isPartOf":{"@id":"https:\/\/www.greenpeace.org\/mena\/ar\/#website"},"primaryImageOfPage":{"@id":"https:\/\/www.greenpeace.org\/mena\/en\/wid-3\/#primaryimage"},"image":{"@id":"https:\/\/www.greenpeace.org\/mena\/en\/wid-3\/#primaryimage"},"thumbnailUrl":"https:\/\/www.greenpeace.org\/static\/planet4-mena-stateless\/2019\/08\/7522adbe-gp0stp42g_web_size.jpg","datePublished":"2019-08-09T10:24:15+00:00","dateModified":"2019-11-06T09:04:20+00:00","author":{"@id":"https:\/\/www.greenpeace.org\/mena\/ar\/#\/schema\/person\/7dad2b1d8fa7b629f7f0f6db1f2cde3e"},"breadcrumb":{"@id":"https:\/\/www.greenpeace.org\/mena\/en\/wid-3\/#breadcrumb"},"inLanguage":"en","potentialAction":[{"@type":"ReadAction","target":["https:\/\/www.greenpeace.org\/mena\/en\/wid-3\/"]}]},{"@type":"ImageObject","inLanguage":"en","@id":"https:\/\/www.greenpeace.org\/mena\/en\/wid-3\/#primaryimage","url":"https:\/\/www.greenpeace.org\/static\/planet4-mena-stateless\/2019\/08\/7522adbe-gp0stp42g_web_size.jpg","contentUrl":"https:\/\/www.greenpeace.org\/static\/planet4-mena-stateless\/2019\/08\/7522adbe-gp0stp42g_web_size.jpg","width":800,"height":600,"caption":"Audrey Siegl, a Musqueam woman from British Columbia, Canada, who is also a renowned public speaker, drummer and singer, stands in a Greenpeace rhib launched from the MY Esperanza, holding her arm out in front her, defiantly signalling Shell's subcontracted drilling rig, the Polar Pioneer, to stop."},{"@type":"BreadcrumbList","@id":"https:\/\/www.greenpeace.org\/mena\/en\/wid-3\/#breadcrumb","itemListElement":[{"@type":"ListItem","position":1,"name":"Home","item":"https:\/\/www.greenpeace.org\/mena\/en\/"},{"@type":"ListItem","position":2,"name":"Nature celebrates World&#8217;s Indigenous Day"}]},{"@type":"WebSite","@id":"https:\/\/www.greenpeace.org\/mena\/ar\/#website","url":"https:\/\/www.greenpeace.org\/mena\/ar\/","name":"\u063a\u0631\u064a\u0646\u0628\u064a\u0633 \u0627\u0644\u0634\u0631\u0642 \u0627\u0644\u0623\u0648\u0633\u0637 \u0648\u0634\u0645\u0627\u0644 \u0623\u0641\u0631\u064a\u0642\u064a\u0627","description":"Greenpeace MENA is the newest organization  of the Greenpeace network that now consists of 27 independent national and regional organizations in over 55 countries across Europe, the Americas, Africa, Asia and the Pacific, as well as its co-ordinating body, Greenpeace International.","potentialAction":[{"@type":"SearchAction","target":{"@type":"EntryPoint","urlTemplate":"https:\/\/www.greenpeace.org\/mena\/ar\/?s={search_term_string}"},"query-input":{"@type":"PropertyValueSpecification","valueRequired":true,"valueName":"search_term_string"}}],"inLanguage":"en"},{"@type":"Person","@id":"https:\/\/www.greenpeace.org\/mena\/ar\/#\/schema\/person\/7dad2b1d8fa7b629f7f0f6db1f2cde3e","name":"Fadi Gedeon","image":{"@type":"ImageObject","inLanguage":"en","@id":"https:\/\/lh3.googleusercontent.com\/a\/ACg8ocJSh0XMHZgiUtnXUJt2VRz2WRNAG9qs3k2LDyu0qmvmjwC4JP0h=s96-c","url":"https:\/\/lh3.googleusercontent.com\/a\/ACg8ocJSh0XMHZgiUtnXUJt2VRz2WRNAG9qs3k2LDyu0qmvmjwC4JP0h=s96-c","contentUrl":"https:\/\/lh3.googleusercontent.com\/a\/ACg8ocJSh0XMHZgiUtnXUJt2VRz2WRNAG9qs3k2LDyu0qmvmjwC4JP0h=s96-c","caption":"Fadi Gedeon"},"description":"Digital Transformation Lead at Greenpeace MENA. More than nine years have passed since I joined the team at Greenpeace, and it seems like just yesterday! I think I can speak for everyone here when I say that our team is special, in how we work together, how we relate to each other, how we resolve our differences and even how we express our frustration. It has always been great to end the day with an outing with the team, or a heated debate about current events. A week in the office was never complete without some kind of activity that brought us together as people, celebrating our passion for life, hobbies and interests, and - I must admit, several practical jokes! Moving our work online has definitely had an impact on our relationships with colleagues, volunteers, and external partners Somehow it feels like we\u2019ve been invited to become part of each other\u2019s lives at home: parents, partners, children and pets have now become regular guests on our video calls. I\u2019m proud to be working with a team that appreciates all its members in all the colour and diversity they bring to the table! Fadi Gedeon On LinkedIn","sameAs":["https:\/\/www.greenpeace.org\/mena\/"],"url":"https:\/\/www.greenpeace.org\/mena\/en\/author\/fadi-gedeon\/"}]}},"_links":{"self":[{"href":"https:\/\/www.greenpeace.org\/mena\/en\/wp-json\/wp\/v2\/posts\/4927","targetHints":{"allow":["GET"]}}],"collection":[{"href":"https:\/\/www.greenpeace.org\/mena\/en\/wp-json\/wp\/v2\/posts"}],"about":[{"href":"https:\/\/www.greenpeace.org\/mena\/en\/wp-json\/wp\/v2\/types\/post"}],"author":[{"embeddable":true,"href":"https:\/\/www.greenpeace.org\/mena\/en\/wp-json\/wp\/v2\/users\/8"}],"replies":[{"embeddable":true,"href":"https:\/\/www.greenpeace.org\/mena\/en\/wp-json\/wp\/v2\/comments?post=4927"}],"version-history":[{"count":5,"href":"https:\/\/www.greenpeace.org\/mena\/en\/wp-json\/wp\/v2\/posts\/4927\/revisions"}],"predecessor-version":[{"id":4941,"href":"https:\/\/www.greenpeace.org\/mena\/en\/wp-json\/wp\/v2\/posts\/4927\/revisions\/4941"}],"wp:featuredmedia":[{"embeddable":true,"href":"https:\/\/www.greenpeace.org\/mena\/en\/wp-json\/wp\/v2\/media\/4928"}],"wp:attachment":[{"href":"https:\/\/www.greenpeace.org\/mena\/en\/wp-json\/wp\/v2\/media?parent=4927"}],"wp:term":[{"taxonomy":"category","embeddable":true,"href":"https:\/\/www.greenpeace.org\/mena\/en\/wp-json\/wp\/v2\/categories?post=4927"},{"taxonomy":"post_tag","embeddable":true,"href":"https:\/\/www.greenpeace.org\/mena\/en\/wp-json\/wp\/v2\/tags?post=4927"},{"taxonomy":"p4-page-type","embeddable":true,"href":"https:\/\/www.greenpeace.org\/mena\/en\/wp-json\/wp\/v2\/p4-page-type?post=4927"}],"curies":[{"name":"wp","href":"https:\/\/api.w.org\/{rel}","templated":true}]}}