{"id":4765,"date":"2019-07-01T09:36:07","date_gmt":"2019-07-01T09:36:07","guid":{"rendered":"https:\/\/www.greenpeace.org\/mena\/non-classifiee\/4765\/nour-abu-dhabi-en\/"},"modified":"2019-11-06T12:04:22","modified_gmt":"2019-11-06T09:04:22","slug":"nour-abu-dhabi","status":"publish","type":"post","link":"https:\/\/www.greenpeace.org\/mena\/fr\/nour-abu-dhabi\/","title":{"rendered":"Greenpeace MENA f\u00e9licite Abu Dhabi pour l\u2019inauguration de la plus grande centrale solaire au monde"},"content":{"rendered":"<div id=\"attachment_4657\" style=\"width: 1034px\" class=\"wp-caption alignnone\"><img loading=\"lazy\" decoding=\"async\" aria-describedby=\"caption-attachment-4657\" class=\"wp-image-4657 size-large\" src=\"https:\/\/www.greenpeace.org\/static\/planet4-mena-stateless\/2019\/07\/c32b4bf3-noor-photo-thge-national-1024x576.jpg\" alt=\"\u0646\u0648\u0631 \u0623\u0628\u0648 \u0638\u0628\u064a \u0623\u0643\u0628\u0631 \u0645\u062d\u0637\u0629 \u0637\u0627\u0642\u0629 \u0634\u0645\u0633\u064a\u0629 \u0645\u0633\u062a\u0642\u0644\u0629 \u0641\u064a \u0627\u0644\u0639\u0627\u0644\u0645\" width=\"1024\" height=\"576\" srcset=\"https:\/\/www.greenpeace.org\/static\/planet4-mena-stateless\/2019\/07\/c32b4bf3-noor-photo-thge-national-1024x576.jpg 1024w, https:\/\/www.greenpeace.org\/static\/planet4-mena-stateless\/2019\/07\/c32b4bf3-noor-photo-thge-national-300x169.jpg 300w, https:\/\/www.greenpeace.org\/static\/planet4-mena-stateless\/2019\/07\/c32b4bf3-noor-photo-thge-national-768x432.jpg 768w, https:\/\/www.greenpeace.org\/static\/planet4-mena-stateless\/2019\/07\/c32b4bf3-noor-photo-thge-national-510x287.jpg 510w, https:\/\/www.greenpeace.org\/static\/planet4-mena-stateless\/2019\/07\/c32b4bf3-noor-photo-thge-national.jpg 1200w\" sizes=\"auto, (max-width: 1024px) 100vw, 1024px\" \/><p id=\"caption-attachment-4657\" class=\"wp-caption-text\">Nour Abu Dhabi la plus grande centrale solaire au monde<\/p><\/div>\n<p><span style=\"font-weight: 400;\">1er juillet 2019 &#8211; Abu Dhabi, \u00c9mirats Arabes Unis &#8211; Greenpeace au Moyen-Orient et Afrique du Nord (MENA), f\u00e9licite l&#8217;inauguration \u00e0 Abu Dhabi de la plus grande centrale solaire ind\u00e9pendante du monde, Noor, qui constitue un pas important dans la qu\u00eate des \u00c9mirats de diversifier ses sources d&#8217;\u00e9nergie loin du p\u00e9trole.\u00a0<\/span><\/p>\n<p><span style=\"font-weight: 400;\">Julien Jreissati, charg\u00e9 des campagnes \u00e0 Greenpeace MENA, a d\u00e9clar\u00e9: \u00abNoor Abu Dhabi devrait devenir le symbole de la nouvelle \u00e8re d\u2019\u00e9nergie solaire dans le Golfe Arabique\u00bb. L&#8217;usine a une capacit\u00e9 de 1117 m\u00e9gawatts, alimentant environ 200 000 foyers et permettant d&#8217;\u00e9conomiser environ 7 millions de tonnes d&#8217;\u00e9missions de carbone chaque ann\u00e9e. Noor Abu Dhabi rejoint la liste des m\u00e9ga centrales solaires de la r\u00e9gion MENA, telles que Noor Ouarzazate au Maroc et le parc solaire Mohammed bin Rashid Al Maktoum \u00e0 Duba\u00ef. &#8220;Une fois encore, l&#8217;ambition et la volont\u00e9 d&#8217;innovation des \u00c9mirats Arabes Unis montrent la voie \u00e0 suivre&#8221;, a-t-il poursuivi. \u00abLe p\u00e9trole a \u00e9t\u00e9 un formidable vecteur de d\u00e9veloppement dans le pass\u00e9, le prix \u00e0 payer a \u00e9t\u00e9 lourd sur notre environnement et notre sant\u00e9 en raison de ses \u00e9missions dangereuses. Il est maintenant temps que les \u00e9nergies renouvelables prennent le relais pour assurer un avenir durable, prosp\u00e8re et sain pour les \u00c9mirats Arabes Unis et la r\u00e9gion \u00bba conclu Jreissati.<\/span><\/p>\n<p><b>Contactes<\/b><span style=\"font-weight: 400;\">:<\/span><\/p>\n<p><span style=\"font-weight: 400;\">Dania Cherry, <\/span><span style=\"font-weight: 400;\">responsable de communications, <\/span><span style=\"font-weight: 400;\">Greenpeace MENA: <\/span><a href=\"mailto:dania.cherry@greenpeace.org\"><span style=\"font-weight: 400;\">dania.cherry@greenpeace.org<\/span><\/a><\/p>\n","protected":false},"excerpt":{"rendered":"<p>Abu Dhabi, \u00c9mirats Arabes Unis &#8211; Greenpeace au Moyen-Orient et Afrique du Nord (MENA), f\u00e9licite l&#8217;inauguration \u00e0 Abu Dhabi de la plus grande centrale solaire ind\u00e9pendante du monde, Noor, qui constitue un pas important dans la qu\u00eate des \u00c9mirats de diversifier ses sources d&#8217;\u00e9nergie loin du p\u00e9trole.\u00a0<\/p>\n","protected":false},"author":8,"featured_media":4767,"comment_status":"open","ping_status":"open","sticky":false,"template":"","format":"standard","meta":{"_planet4_optimize_post_is_variant":false,"_planet4_optimize_experiment_name":"","_planet4_optimize_variant_name":"","ep_exclude_from_search":false,"p4_og_title":"","p4_og_description":"","p4_og_image":"","p4_og_image_id":"","p4_seo_canonical_url":"","p4_campaign_name":"","p4_local_project":"","p4_basket_name":"","p4_department":"","footnotes":""},"categories":[121],"tags":[141,144],"p4-page-type":[150],"class_list":["post-4765","post","type-post","status-publish","format-standard","has-post-thumbnail","hentry","category-non-classifiee","tag-climat","tag-renouvelables","p4-page-type-communique-de-presse"],"yoast_head":"<!-- This site is optimized with the Yoast SEO Premium plugin v27.4 (Yoast SEO v27.4) - https:\/\/yoast.com\/product\/yoast-seo-premium-wordpress\/ -->\n<title>Greenpeace MENA f\u00e9licite Abu Dhabi pour l\u2019inauguration de la plus grande centrale solaire au monde - Greenpeace Moyen Orient et Afrique du Nord<\/title>\n<meta name=\"robots\" content=\"index, follow, max-snippet:-1, max-image-preview:large, max-video-preview:-1\" \/>\n<link rel=\"canonical\" href=\"https:\/\/www.greenpeace.org\/mena\/fr\/nour-abu-dhabi\/\" \/>\n<meta property=\"og:locale\" content=\"fr_FR\" \/>\n<meta property=\"og:type\" content=\"article\" \/>\n<meta property=\"og:title\" content=\"Greenpeace MENA f\u00e9licite Abu Dhabi pour l\u2019inauguration de la plus grande centrale solaire au monde\" \/>\n<meta property=\"og:description\" content=\"Abu Dhabi, \u00c9mirats Arabes Unis - Greenpeace au Moyen-Orient et Afrique du Nord (MENA), f\u00e9licite l&#039;inauguration \u00e0 Abu Dhabi de la plus grande centrale solaire ind\u00e9pendante du monde, Noor, qui constitue un pas important dans la qu\u00eate des \u00c9mirats de diversifier ses sources d&#039;\u00e9nergie loin du p\u00e9trole.\u00a0\" \/>\n<meta property=\"og:url\" content=\"https:\/\/www.greenpeace.org\/mena\/fr\/nour-abu-dhabi\/\" \/>\n<meta property=\"og:site_name\" content=\"Greenpeace Moyen Orient et Afrique du Nord\" \/>\n<meta property=\"article:publisher\" content=\"https:\/\/www.facebook.com\/GreenpeaceAR\" \/>\n<meta property=\"article:published_time\" content=\"2019-07-01T09:36:07+00:00\" \/>\n<meta property=\"article:modified_time\" content=\"2019-11-06T09:04:22+00:00\" \/>\n<meta property=\"og:image\" content=\"https:\/\/www.greenpeace.org\/static\/planet4-mena-stateless\/2019\/07\/7ab71ce2-07b8ac1b-featured-image-300x188.jpg\" \/>\n\t<meta property=\"og:image:width\" content=\"300\" \/>\n\t<meta property=\"og:image:height\" content=\"188\" \/>\n\t<meta property=\"og:image:type\" content=\"image\/jpeg\" \/>\n<meta name=\"author\" content=\"Fadi Gedeon\" \/>\n<meta name=\"twitter:card\" content=\"summary_large_image\" \/>\n<meta name=\"twitter:creator\" content=\"@GreenpeaceAR\" \/>\n<meta name=\"twitter:site\" content=\"@GreenpeaceAR\" \/>\n<meta name=\"twitter:label1\" content=\"Written by\" \/>\n\t<meta name=\"twitter:data1\" content=\"Fadi Gedeon\" \/>\n\t<meta name=\"twitter:label2\" content=\"Est. reading time\" \/>\n\t<meta name=\"twitter:data2\" content=\"1 minute\" \/>\n<script type=\"application\/ld+json\" class=\"yoast-schema-graph\">{\"@context\":\"https:\\\/\\\/schema.org\",\"@graph\":[{\"@type\":\"Article\",\"@id\":\"https:\\\/\\\/www.greenpeace.org\\\/mena\\\/fr\\\/nour-abu-dhabi\\\/#article\",\"isPartOf\":{\"@id\":\"https:\\\/\\\/www.greenpeace.org\\\/mena\\\/fr\\\/nour-abu-dhabi\\\/\"},\"author\":{\"name\":\"Fadi Gedeon\",\"@id\":\"https:\\\/\\\/www.greenpeace.org\\\/mena\\\/ar\\\/#\\\/schema\\\/person\\\/7dad2b1d8fa7b629f7f0f6db1f2cde3e\"},\"headline\":\"Greenpeace MENA f\u00e9licite Abu Dhabi pour l\u2019inauguration de la plus grande centrale solaire au monde\",\"datePublished\":\"2019-07-01T09:36:07+00:00\",\"dateModified\":\"2019-11-06T09:04:22+00:00\",\"mainEntityOfPage\":{\"@id\":\"https:\\\/\\\/www.greenpeace.org\\\/mena\\\/fr\\\/nour-abu-dhabi\\\/\"},\"wordCount\":271,\"commentCount\":1,\"image\":{\"@id\":\"https:\\\/\\\/www.greenpeace.org\\\/mena\\\/fr\\\/nour-abu-dhabi\\\/#primaryimage\"},\"thumbnailUrl\":\"https:\\\/\\\/www.greenpeace.org\\\/static\\\/planet4-mena-stateless\\\/2019\\\/07\\\/7ab71ce2-07b8ac1b-featured-image-300x188.jpg\",\"keywords\":[\"Climat\",\"Renouvelables\"],\"articleSection\":[\"Non classifi\u00e9(e)\"],\"inLanguage\":\"fr\",\"potentialAction\":[{\"@type\":\"CommentAction\",\"name\":\"Comment\",\"target\":[\"https:\\\/\\\/www.greenpeace.org\\\/mena\\\/fr\\\/nour-abu-dhabi\\\/#respond\"]}]},{\"@type\":\"WebPage\",\"@id\":\"https:\\\/\\\/www.greenpeace.org\\\/mena\\\/fr\\\/nour-abu-dhabi\\\/\",\"url\":\"https:\\\/\\\/www.greenpeace.org\\\/mena\\\/fr\\\/nour-abu-dhabi\\\/\",\"name\":\"Greenpeace MENA f\u00e9licite Abu Dhabi pour l\u2019inauguration de la plus grande centrale solaire au monde - Greenpeace Moyen Orient et Afrique du Nord\",\"isPartOf\":{\"@id\":\"https:\\\/\\\/www.greenpeace.org\\\/mena\\\/ar\\\/#website\"},\"primaryImageOfPage\":{\"@id\":\"https:\\\/\\\/www.greenpeace.org\\\/mena\\\/fr\\\/nour-abu-dhabi\\\/#primaryimage\"},\"image\":{\"@id\":\"https:\\\/\\\/www.greenpeace.org\\\/mena\\\/fr\\\/nour-abu-dhabi\\\/#primaryimage\"},\"thumbnailUrl\":\"https:\\\/\\\/www.greenpeace.org\\\/static\\\/planet4-mena-stateless\\\/2019\\\/07\\\/7ab71ce2-07b8ac1b-featured-image-300x188.jpg\",\"datePublished\":\"2019-07-01T09:36:07+00:00\",\"dateModified\":\"2019-11-06T09:04:22+00:00\",\"author\":{\"@id\":\"https:\\\/\\\/www.greenpeace.org\\\/mena\\\/ar\\\/#\\\/schema\\\/person\\\/7dad2b1d8fa7b629f7f0f6db1f2cde3e\"},\"breadcrumb\":{\"@id\":\"https:\\\/\\\/www.greenpeace.org\\\/mena\\\/fr\\\/nour-abu-dhabi\\\/#breadcrumb\"},\"inLanguage\":\"fr\",\"potentialAction\":[{\"@type\":\"ReadAction\",\"target\":[\"https:\\\/\\\/www.greenpeace.org\\\/mena\\\/fr\\\/nour-abu-dhabi\\\/\"]}]},{\"@type\":\"ImageObject\",\"inLanguage\":\"fr\",\"@id\":\"https:\\\/\\\/www.greenpeace.org\\\/mena\\\/fr\\\/nour-abu-dhabi\\\/#primaryimage\",\"url\":\"https:\\\/\\\/www.greenpeace.org\\\/static\\\/planet4-mena-stateless\\\/2019\\\/07\\\/7ab71ce2-07b8ac1b-featured-image-300x188.jpg\",\"contentUrl\":\"https:\\\/\\\/www.greenpeace.org\\\/static\\\/planet4-mena-stateless\\\/2019\\\/07\\\/7ab71ce2-07b8ac1b-featured-image-300x188.jpg\",\"width\":300,\"height\":188},{\"@type\":\"BreadcrumbList\",\"@id\":\"https:\\\/\\\/www.greenpeace.org\\\/mena\\\/fr\\\/nour-abu-dhabi\\\/#breadcrumb\",\"itemListElement\":[{\"@type\":\"ListItem\",\"position\":1,\"name\":\"Home\",\"item\":\"https:\\\/\\\/www.greenpeace.org\\\/mena\\\/fr\\\/\"},{\"@type\":\"ListItem\",\"position\":2,\"name\":\"Greenpeace MENA f\u00e9licite Abu Dhabi pour l\u2019inauguration de la plus grande centrale solaire au monde\"}]},{\"@type\":\"WebSite\",\"@id\":\"https:\\\/\\\/www.greenpeace.org\\\/mena\\\/ar\\\/#website\",\"url\":\"https:\\\/\\\/www.greenpeace.org\\\/mena\\\/ar\\\/\",\"name\":\"\u063a\u0631\u064a\u0646\u0628\u064a\u0633 \u0627\u0644\u0634\u0631\u0642 \u0627\u0644\u0623\u0648\u0633\u0637 \u0648\u0634\u0645\u0627\u0644 \u0623\u0641\u0631\u064a\u0642\u064a\u0627\",\"description\":\"Greenpeace MENA fait partie du r\u00e9seau Greenpeace, qui regroupe 28 organisations nationales\\\/r\u00e9gionales ind\u00e9pendantes r\u00e9parties dans plus de 56 pays d\u2019Europe, d\u2019Am\u00e9rique, d\u2019Afrique, d\u2019Asie et du Pacifique, ainsi qu\u2019un organisme de coordination, Greenpeace International.\",\"potentialAction\":[{\"@type\":\"SearchAction\",\"target\":{\"@type\":\"EntryPoint\",\"urlTemplate\":\"https:\\\/\\\/www.greenpeace.org\\\/mena\\\/ar\\\/?s={search_term_string}\"},\"query-input\":{\"@type\":\"PropertyValueSpecification\",\"valueRequired\":true,\"valueName\":\"search_term_string\"}}],\"inLanguage\":\"fr\"},{\"@type\":\"Person\",\"@id\":\"https:\\\/\\\/www.greenpeace.org\\\/mena\\\/ar\\\/#\\\/schema\\\/person\\\/7dad2b1d8fa7b629f7f0f6db1f2cde3e\",\"name\":\"Fadi Gedeon\",\"image\":{\"@type\":\"ImageObject\",\"inLanguage\":\"fr\",\"@id\":\"https:\\\/\\\/lh3.googleusercontent.com\\\/a\\\/ACg8ocJSh0XMHZgiUtnXUJt2VRz2WRNAG9qs3k2LDyu0qmvmjwC4JP0h=s96-c\",\"url\":\"https:\\\/\\\/lh3.googleusercontent.com\\\/a\\\/ACg8ocJSh0XMHZgiUtnXUJt2VRz2WRNAG9qs3k2LDyu0qmvmjwC4JP0h=s96-c\",\"contentUrl\":\"https:\\\/\\\/lh3.googleusercontent.com\\\/a\\\/ACg8ocJSh0XMHZgiUtnXUJt2VRz2WRNAG9qs3k2LDyu0qmvmjwC4JP0h=s96-c\",\"caption\":\"Fadi Gedeon\"},\"description\":\"Digital Transformation Lead at Greenpeace MENA. More than nine years have passed since I joined the team at Greenpeace, and it seems like just yesterday! I think I can speak for everyone here when I say that our team is special, in how we work together, how we relate to each other, how we resolve our differences and even how we express our frustration. It has always been great to end the day with an outing with the team, or a heated debate about current events. A week in the office was never complete without some kind of activity that brought us together as people, celebrating our passion for life, hobbies and interests, and - I must admit, several practical jokes! Moving our work online has definitely had an impact on our relationships with colleagues, volunteers, and external partners Somehow it feels like we\u2019ve been invited to become part of each other\u2019s lives at home: parents, partners, children and pets have now become regular guests on our video calls. I\u2019m proud to be working with a team that appreciates all its members in all the colour and diversity they bring to the table! Fadi Gedeon On LinkedIn\",\"sameAs\":[\"https:\\\/\\\/www.greenpeace.org\\\/mena\\\/\"],\"url\":\"https:\\\/\\\/www.greenpeace.org\\\/mena\\\/fr\\\/author\\\/fadi-gedeon\\\/\"}]}<\/script>\n<!-- \/ Yoast SEO Premium plugin. -->","yoast_head_json":{"title":"Greenpeace MENA f\u00e9licite Abu Dhabi pour l\u2019inauguration de la plus grande centrale solaire au monde - Greenpeace Moyen Orient et Afrique du Nord","robots":{"index":"index","follow":"follow","max-snippet":"max-snippet:-1","max-image-preview":"max-image-preview:large","max-video-preview":"max-video-preview:-1"},"canonical":"https:\/\/www.greenpeace.org\/mena\/fr\/nour-abu-dhabi\/","og_locale":"fr_FR","og_type":"article","og_title":"Greenpeace MENA f\u00e9licite Abu Dhabi pour l\u2019inauguration de la plus grande centrale solaire au monde","og_description":"Abu Dhabi, \u00c9mirats Arabes Unis - Greenpeace au Moyen-Orient et Afrique du Nord (MENA), f\u00e9licite l'inauguration \u00e0 Abu Dhabi de la plus grande centrale solaire ind\u00e9pendante du monde, Noor, qui constitue un pas important dans la qu\u00eate des \u00c9mirats de diversifier ses sources d'\u00e9nergie loin du p\u00e9trole.\u00a0","og_url":"https:\/\/www.greenpeace.org\/mena\/fr\/nour-abu-dhabi\/","og_site_name":"Greenpeace Moyen Orient et Afrique du Nord","article_publisher":"https:\/\/www.facebook.com\/GreenpeaceAR","article_published_time":"2019-07-01T09:36:07+00:00","article_modified_time":"2019-11-06T09:04:22+00:00","og_image":[{"width":300,"height":188,"url":"https:\/\/www.greenpeace.org\/static\/planet4-mena-stateless\/2019\/07\/7ab71ce2-07b8ac1b-featured-image-300x188.jpg","type":"image\/jpeg"}],"author":"Fadi Gedeon","twitter_card":"summary_large_image","twitter_creator":"@GreenpeaceAR","twitter_site":"@GreenpeaceAR","twitter_misc":{"Written by":"Fadi Gedeon","Est. reading time":"1 minute"},"schema":{"@context":"https:\/\/schema.org","@graph":[{"@type":"Article","@id":"https:\/\/www.greenpeace.org\/mena\/fr\/nour-abu-dhabi\/#article","isPartOf":{"@id":"https:\/\/www.greenpeace.org\/mena\/fr\/nour-abu-dhabi\/"},"author":{"name":"Fadi Gedeon","@id":"https:\/\/www.greenpeace.org\/mena\/ar\/#\/schema\/person\/7dad2b1d8fa7b629f7f0f6db1f2cde3e"},"headline":"Greenpeace MENA f\u00e9licite Abu Dhabi pour l\u2019inauguration de la plus grande centrale solaire au monde","datePublished":"2019-07-01T09:36:07+00:00","dateModified":"2019-11-06T09:04:22+00:00","mainEntityOfPage":{"@id":"https:\/\/www.greenpeace.org\/mena\/fr\/nour-abu-dhabi\/"},"wordCount":271,"commentCount":1,"image":{"@id":"https:\/\/www.greenpeace.org\/mena\/fr\/nour-abu-dhabi\/#primaryimage"},"thumbnailUrl":"https:\/\/www.greenpeace.org\/static\/planet4-mena-stateless\/2019\/07\/7ab71ce2-07b8ac1b-featured-image-300x188.jpg","keywords":["Climat","Renouvelables"],"articleSection":["Non classifi\u00e9(e)"],"inLanguage":"fr","potentialAction":[{"@type":"CommentAction","name":"Comment","target":["https:\/\/www.greenpeace.org\/mena\/fr\/nour-abu-dhabi\/#respond"]}]},{"@type":"WebPage","@id":"https:\/\/www.greenpeace.org\/mena\/fr\/nour-abu-dhabi\/","url":"https:\/\/www.greenpeace.org\/mena\/fr\/nour-abu-dhabi\/","name":"Greenpeace MENA f\u00e9licite Abu Dhabi pour l\u2019inauguration de la plus grande centrale solaire au monde - Greenpeace Moyen Orient et Afrique du Nord","isPartOf":{"@id":"https:\/\/www.greenpeace.org\/mena\/ar\/#website"},"primaryImageOfPage":{"@id":"https:\/\/www.greenpeace.org\/mena\/fr\/nour-abu-dhabi\/#primaryimage"},"image":{"@id":"https:\/\/www.greenpeace.org\/mena\/fr\/nour-abu-dhabi\/#primaryimage"},"thumbnailUrl":"https:\/\/www.greenpeace.org\/static\/planet4-mena-stateless\/2019\/07\/7ab71ce2-07b8ac1b-featured-image-300x188.jpg","datePublished":"2019-07-01T09:36:07+00:00","dateModified":"2019-11-06T09:04:22+00:00","author":{"@id":"https:\/\/www.greenpeace.org\/mena\/ar\/#\/schema\/person\/7dad2b1d8fa7b629f7f0f6db1f2cde3e"},"breadcrumb":{"@id":"https:\/\/www.greenpeace.org\/mena\/fr\/nour-abu-dhabi\/#breadcrumb"},"inLanguage":"fr","potentialAction":[{"@type":"ReadAction","target":["https:\/\/www.greenpeace.org\/mena\/fr\/nour-abu-dhabi\/"]}]},{"@type":"ImageObject","inLanguage":"fr","@id":"https:\/\/www.greenpeace.org\/mena\/fr\/nour-abu-dhabi\/#primaryimage","url":"https:\/\/www.greenpeace.org\/static\/planet4-mena-stateless\/2019\/07\/7ab71ce2-07b8ac1b-featured-image-300x188.jpg","contentUrl":"https:\/\/www.greenpeace.org\/static\/planet4-mena-stateless\/2019\/07\/7ab71ce2-07b8ac1b-featured-image-300x188.jpg","width":300,"height":188},{"@type":"BreadcrumbList","@id":"https:\/\/www.greenpeace.org\/mena\/fr\/nour-abu-dhabi\/#breadcrumb","itemListElement":[{"@type":"ListItem","position":1,"name":"Home","item":"https:\/\/www.greenpeace.org\/mena\/fr\/"},{"@type":"ListItem","position":2,"name":"Greenpeace MENA f\u00e9licite Abu Dhabi pour l\u2019inauguration de la plus grande centrale solaire au monde"}]},{"@type":"WebSite","@id":"https:\/\/www.greenpeace.org\/mena\/ar\/#website","url":"https:\/\/www.greenpeace.org\/mena\/ar\/","name":"\u063a\u0631\u064a\u0646\u0628\u064a\u0633 \u0627\u0644\u0634\u0631\u0642 \u0627\u0644\u0623\u0648\u0633\u0637 \u0648\u0634\u0645\u0627\u0644 \u0623\u0641\u0631\u064a\u0642\u064a\u0627","description":"Greenpeace MENA fait partie du r\u00e9seau Greenpeace, qui regroupe 28 organisations nationales\/r\u00e9gionales ind\u00e9pendantes r\u00e9parties dans plus de 56 pays d\u2019Europe, d\u2019Am\u00e9rique, d\u2019Afrique, d\u2019Asie et du Pacifique, ainsi qu\u2019un organisme de coordination, Greenpeace International.","potentialAction":[{"@type":"SearchAction","target":{"@type":"EntryPoint","urlTemplate":"https:\/\/www.greenpeace.org\/mena\/ar\/?s={search_term_string}"},"query-input":{"@type":"PropertyValueSpecification","valueRequired":true,"valueName":"search_term_string"}}],"inLanguage":"fr"},{"@type":"Person","@id":"https:\/\/www.greenpeace.org\/mena\/ar\/#\/schema\/person\/7dad2b1d8fa7b629f7f0f6db1f2cde3e","name":"Fadi Gedeon","image":{"@type":"ImageObject","inLanguage":"fr","@id":"https:\/\/lh3.googleusercontent.com\/a\/ACg8ocJSh0XMHZgiUtnXUJt2VRz2WRNAG9qs3k2LDyu0qmvmjwC4JP0h=s96-c","url":"https:\/\/lh3.googleusercontent.com\/a\/ACg8ocJSh0XMHZgiUtnXUJt2VRz2WRNAG9qs3k2LDyu0qmvmjwC4JP0h=s96-c","contentUrl":"https:\/\/lh3.googleusercontent.com\/a\/ACg8ocJSh0XMHZgiUtnXUJt2VRz2WRNAG9qs3k2LDyu0qmvmjwC4JP0h=s96-c","caption":"Fadi Gedeon"},"description":"Digital Transformation Lead at Greenpeace MENA. More than nine years have passed since I joined the team at Greenpeace, and it seems like just yesterday! I think I can speak for everyone here when I say that our team is special, in how we work together, how we relate to each other, how we resolve our differences and even how we express our frustration. It has always been great to end the day with an outing with the team, or a heated debate about current events. A week in the office was never complete without some kind of activity that brought us together as people, celebrating our passion for life, hobbies and interests, and - I must admit, several practical jokes! Moving our work online has definitely had an impact on our relationships with colleagues, volunteers, and external partners Somehow it feels like we\u2019ve been invited to become part of each other\u2019s lives at home: parents, partners, children and pets have now become regular guests on our video calls. I\u2019m proud to be working with a team that appreciates all its members in all the colour and diversity they bring to the table! Fadi Gedeon On LinkedIn","sameAs":["https:\/\/www.greenpeace.org\/mena\/"],"url":"https:\/\/www.greenpeace.org\/mena\/fr\/author\/fadi-gedeon\/"}]}},"_links":{"self":[{"href":"https:\/\/www.greenpeace.org\/mena\/fr\/wp-json\/wp\/v2\/posts\/4765","targetHints":{"allow":["GET"]}}],"collection":[{"href":"https:\/\/www.greenpeace.org\/mena\/fr\/wp-json\/wp\/v2\/posts"}],"about":[{"href":"https:\/\/www.greenpeace.org\/mena\/fr\/wp-json\/wp\/v2\/types\/post"}],"author":[{"embeddable":true,"href":"https:\/\/www.greenpeace.org\/mena\/fr\/wp-json\/wp\/v2\/users\/8"}],"replies":[{"embeddable":true,"href":"https:\/\/www.greenpeace.org\/mena\/fr\/wp-json\/wp\/v2\/comments?post=4765"}],"version-history":[{"count":2,"href":"https:\/\/www.greenpeace.org\/mena\/fr\/wp-json\/wp\/v2\/posts\/4765\/revisions"}],"predecessor-version":[{"id":4766,"href":"https:\/\/www.greenpeace.org\/mena\/fr\/wp-json\/wp\/v2\/posts\/4765\/revisions\/4766"}],"wp:featuredmedia":[{"embeddable":true,"href":"https:\/\/www.greenpeace.org\/mena\/fr\/wp-json\/wp\/v2\/media\/4767"}],"wp:attachment":[{"href":"https:\/\/www.greenpeace.org\/mena\/fr\/wp-json\/wp\/v2\/media?parent=4765"}],"wp:term":[{"taxonomy":"category","embeddable":true,"href":"https:\/\/www.greenpeace.org\/mena\/fr\/wp-json\/wp\/v2\/categories?post=4765"},{"taxonomy":"post_tag","embeddable":true,"href":"https:\/\/www.greenpeace.org\/mena\/fr\/wp-json\/wp\/v2\/tags?post=4765"},{"taxonomy":"p4-page-type","embeddable":true,"href":"https:\/\/www.greenpeace.org\/mena\/fr\/wp-json\/wp\/v2\/p4-page-type?post=4765"}],"curies":[{"name":"wp","href":"https:\/\/api.w.org\/{rel}","templated":true}]}}