{"id":6589,"date":"2020-03-19T14:06:59","date_gmt":"2020-03-19T11:06:59","guid":{"rendered":"https:\/\/www.greenpeace.org\/mena\/6589\/covid-19\/non-classifiee\/"},"modified":"2020-03-23T15:07:25","modified_gmt":"2020-03-23T12:07:25","slug":"covid-19","status":"publish","type":"post","link":"https:\/\/www.greenpeace.org\/mena\/fr\/covid-19\/","title":{"rendered":"Nous ne pouvons surmonter ces crises qu\u2019ensemble!"},"content":{"rendered":"\n<figure class=\"wp-block-image size-large  caption-style-blue-overlay caption-alignment-center\"><img loading=\"lazy\" decoding=\"async\" width=\"700\" height=\"641\" src=\"http:\/\/www.greenpeace.org\/mena\/wp-content\/uploads\/2020\/03\/e951d0a9-blog-corona.png\" alt=\"\" class=\"wp-image-6571\" srcset=\"https:\/\/www.greenpeace.org\/static\/planet4-mena-stateless\/2020\/03\/e951d0a9-blog-corona.png 700w, https:\/\/www.greenpeace.org\/static\/planet4-mena-stateless\/2020\/03\/e951d0a9-blog-corona-300x275.png 300w, https:\/\/www.greenpeace.org\/static\/planet4-mena-stateless\/2020\/03\/e951d0a9-blog-corona-371x340.png 371w\" sizes=\"auto, (max-width: 700px) 100vw, 700px\" \/><figcaption><br>Pour affronter avec sagesse et efficacit\u00e9 ce que l&#8217;avenir pourrait nous d\u00e9voiler dans les prochains jours, restons tous \u00e0 la maison. Nous nous tiendrons ensemble, afins de prot\u00e9ger notre maison commune: la plan\u00e8te Terre.<\/figcaption><\/figure>\n\n<p>J\u2019esp\u00e8re que vous \u00eates tous et toutes en bonne sant\u00e9. Je m\u2019adresse \u00e0 vous aujourd\u2019hui alors que le monde traverse la plus grande crise sanitaire de son histoire moderne, le COVID-19, et dont la fin ne semble pas \u00eatre encore en vue.<br><\/p>\n\n<p>Chez Greenpeace, nous utilisons souvent lorsque nous parlons de notre travail environmental la citation:\u201d il n\u2019y a pas de passagers sur le vaisseau Terre, juste des membres de l&#8217;\u00e9quipage.\u201d Autrement dit, nous ne sommes pas seulement des visiteurs sur cette plan\u00e8te, ensemble, nous formons une \u00e9quipe qui travaille pour le bien-\u00eatre de l&#8217;humanit\u00e9. Aujourd\u2019hui, et plus que jamais, nous devons assumer nos responsabilit\u00e9s envers la plan\u00e8te Terre, en tant que ses citoyens et citoyennes. Plus que jamais, nous ne pouvons nier que nous sommes tous \u201cdans le m\u00eame bateau\u201d.<br><\/p>\n\n<p>Cela dit, nous sommes tous invit\u00e9s \u00e0 agir, \u00e0 prot\u00e9ger notre sant\u00e9 et le syst\u00e8me sanitaire dans son ensemble et de maintenir, en parall\u00e8le, notre devoir envers l&#8217;environnement.&nbsp;<br><\/p>\n\n<p>Notre r\u00e9gion est confront\u00e9e par de nouveaux d\u00e9fis et nous devons aider ceux et celles qui luttent en premi\u00e8re ligne contre cette \u00e9pid\u00e9mie: les medecins, les infirmieres, les ambulanciers, les journalistes, les fournisseurs de nourriture et bien d\u2019autres.&nbsp;&nbsp;&nbsp;<\/p>\n\n<p>Avant d&#8217;\u00e9crire cette lettre, nous avons beaucoup r\u00e9fl\u00e9chi pour trouver des moyens d\u2019aider notre communaut\u00e9 et pour appeler \u00e0 la solidarit\u00e9. Nous avons d\u00e9cid\u00e9 de prendre&nbsp; les mesures suivantes:<br><\/p>\n\n<p>&#8211;&nbsp; D\u00e8s le d\u00e9but de la crise, nous avons affich\u00e9 sur nos r\u00e9seaux sociaux des conseils de sant\u00e9 pour se prot\u00e9ger contre le COVID19. Ces conseils ont \u00e9t\u00e9 r\u00e9cup\u00e9r\u00e9 de sources fiables telles que l&#8217;Organisation mondiale de la sant\u00e9 et les minist\u00e8res de sant\u00e9 locaux et r\u00e9gionaux. Nous poursuivrons \u00e0 afficher\/diffuser plus de conseils scientifiques et utiles \u00e0 l&#8217;\u00e9gard de cette \u00e9pid\u00e9mie.&nbsp;&nbsp;<\/p>\n\n<p>&#8211; Nous afficherons \u00e9galement des id\u00e9es divertissantes pour que vous puissiez vous amusez avec vos familles. Nous esp\u00e9rons que ces id\u00e9es vous aideront \u00e0 supporter l\u2019isolement et la routine.&nbsp;<\/p>\n\n<p>&#8211; Cependant, nous continuerons \u00e0 afficher toutes les nouveaut\u00e9s de nos campagnes et des questions environnementales parce que nous croyons tr\u00e8s profond\u00e9ment que les questions environnementales et sanitaires sont intimement li\u00e9es l\u2019une \u00e0 l\u2019autre. Nous poursuivrons notre travail avec la communaut\u00e9 internationale pour afin de traiter la cause environnementale en tant que priorit\u00e9 \u00e0 l&#8217;instar de la crise du COVID19.<\/p>\n\n<p><\/p>\n\n<p>Notre personnel local et r\u00e9gional dans la r\u00e9gion du Moyen Orient et de l&#8217;Afrique du Nord a d\u00e9sormais adopt\u00e9 le travail \u00e0 distance. Etant une organisation internationale, nous sommes bien \u00e9quip\u00e9s pour travailler dans ces circonstances et puisque nous sommes toujours d\u00e9vou\u00e9s \u00e0 notre mission, nous avons remplac\u00e9 les voyages par des r\u00e9unions et des conf\u00e9rences en ligne.&nbsp;<br><\/p>\n\n<p>Pour affronter avec sagesse et efficacit\u00e9 ce que l&#8217;avenir pourrait nous d\u00e9voiler dans les prochains jours, restons tous \u00e0 la maison. Nous nous tiendrons ensemble, afins de prot\u00e9ger notre maison commune: la plan\u00e8te Terre.<br><\/p>\n\n<hr class=\"wp-block-separator\"\/>\n\n<p>Je vous envoie mes plus sinc\u00e8res salutations,&nbsp;&nbsp;&nbsp;&nbsp;<\/p>\n\n<p>Zeina Khalil Hajj<\/p>\n\n<p>Directrice executive de Greenpeace MENA <\/p>\n\n<hr class=\"wp-block-separator\"\/>\n\n<div class=\"wp-block-button\"><a class=\"wp-block-button__link\" href=\"https:\/\/twitter.com\/zeinaalhajj\">SUIVEZ ZEINA KHALIL HAJJ SUR TWITTER<\/a><\/div>\n","protected":false},"excerpt":{"rendered":"<p>Pour affronter avec sagesse et efficacit\u00e9 ce que l&#8217;avenir pourrait nous d\u00e9voiler dans les prochains jours, restons tous \u00e0 la maison. Nous nous tiendrons ensemble, afins de prot\u00e9ger notre maison commune: la plan\u00e8te Terre.<\/p>\n","protected":false},"author":8,"featured_media":6591,"comment_status":"open","ping_status":"open","sticky":false,"template":"","format":"standard","meta":{"_planet4_optimize_post_is_variant":false,"_planet4_optimize_experiment_name":"","_planet4_optimize_variant_name":"","ep_exclude_from_search":false,"p4_og_title":"","p4_og_description":"","p4_og_image":"","p4_og_image_id":"","p4_seo_canonical_url":"","p4_campaign_name":"not set","p4_local_project":"","p4_basket_name":"not set","p4_department":"","footnotes":""},"categories":[280,121],"tags":[162,163,173],"p4-page-type":[152],"class_list":["post-6589","post","type-post","status-publish","format-standard","has-post-thumbnail","hentry","category-greenpeace-moyen-orient-et-afrique-du-nord","category-non-classifiee","tag-urbain-fr","tag-paix-fr","tag-greenpeace-fr","p4-page-type-opinion-fr"],"yoast_head":"<!-- This site is optimized with the Yoast SEO Premium plugin v27.4 (Yoast SEO v27.4) - https:\/\/yoast.com\/product\/yoast-seo-premium-wordpress\/ -->\n<title>Nous ne pouvons surmonter ces crises qu\u2019ensemble! - Greenpeace Moyen Orient et Afrique du Nord<\/title>\n<meta name=\"robots\" content=\"index, follow, max-snippet:-1, max-image-preview:large, max-video-preview:-1\" \/>\n<link rel=\"canonical\" href=\"https:\/\/www.greenpeace.org\/mena\/fr\/covid-19\/\" \/>\n<meta property=\"og:locale\" content=\"fr_FR\" \/>\n<meta property=\"og:type\" content=\"article\" \/>\n<meta property=\"og:title\" content=\"Nous ne pouvons surmonter ces crises qu\u2019ensemble!\" \/>\n<meta property=\"og:description\" content=\"Pour affronter avec sagesse et efficacit\u00e9 ce que l&#039;avenir pourrait nous d\u00e9voiler dans les prochains jours, restons tous \u00e0 la maison. Nous nous tiendrons ensemble, afins de prot\u00e9ger notre maison commune: la plan\u00e8te Terre.\" \/>\n<meta property=\"og:url\" content=\"https:\/\/www.greenpeace.org\/mena\/fr\/covid-19\/\" \/>\n<meta property=\"og:site_name\" content=\"Greenpeace Moyen Orient et Afrique du Nord\" \/>\n<meta property=\"article:publisher\" content=\"https:\/\/www.facebook.com\/GreenpeaceAR\" \/>\n<meta property=\"article:published_time\" content=\"2020-03-19T11:06:59+00:00\" \/>\n<meta property=\"article:modified_time\" content=\"2020-03-23T12:07:25+00:00\" \/>\n<meta property=\"og:image\" content=\"https:\/\/www.greenpeace.org\/static\/planet4-mena-stateless\/2020\/03\/e951d0a9-blog-corona-1.png\" \/>\n\t<meta property=\"og:image:width\" content=\"700\" \/>\n\t<meta property=\"og:image:height\" content=\"641\" \/>\n\t<meta property=\"og:image:type\" content=\"image\/png\" \/>\n<meta name=\"author\" content=\"Fadi Gedeon\" \/>\n<meta name=\"twitter:card\" content=\"summary_large_image\" \/>\n<meta name=\"twitter:creator\" content=\"@GreenpeaceAR\" \/>\n<meta name=\"twitter:site\" content=\"@GreenpeaceAR\" \/>\n<meta name=\"twitter:label1\" content=\"Written by\" \/>\n\t<meta name=\"twitter:data1\" content=\"Fadi Gedeon\" \/>\n\t<meta name=\"twitter:label2\" content=\"Est. reading time\" \/>\n\t<meta name=\"twitter:data2\" content=\"3 minutes\" \/>\n<script type=\"application\/ld+json\" class=\"yoast-schema-graph\">{\"@context\":\"https:\\\/\\\/schema.org\",\"@graph\":[{\"@type\":\"Article\",\"@id\":\"https:\\\/\\\/www.greenpeace.org\\\/mena\\\/fr\\\/covid-19\\\/#article\",\"isPartOf\":{\"@id\":\"https:\\\/\\\/www.greenpeace.org\\\/mena\\\/fr\\\/covid-19\\\/\"},\"author\":{\"name\":\"Fadi Gedeon\",\"@id\":\"https:\\\/\\\/www.greenpeace.org\\\/mena\\\/ar\\\/#\\\/schema\\\/person\\\/7dad2b1d8fa7b629f7f0f6db1f2cde3e\"},\"headline\":\"Nous ne pouvons surmonter ces crises qu\u2019ensemble!\",\"datePublished\":\"2020-03-19T11:06:59+00:00\",\"dateModified\":\"2020-03-23T12:07:25+00:00\",\"mainEntityOfPage\":{\"@id\":\"https:\\\/\\\/www.greenpeace.org\\\/mena\\\/fr\\\/covid-19\\\/\"},\"wordCount\":602,\"commentCount\":0,\"image\":{\"@id\":\"https:\\\/\\\/www.greenpeace.org\\\/mena\\\/fr\\\/covid-19\\\/#primaryimage\"},\"thumbnailUrl\":\"https:\\\/\\\/www.greenpeace.org\\\/static\\\/planet4-mena-stateless\\\/2020\\\/03\\\/e951d0a9-blog-corona-1.png\",\"keywords\":[\"Urbain\",\"Paix\",\"Greenpeace\"],\"articleSection\":[\"Greenpeace Moyen Orient et Afrique du Nord\",\"Non classifi\u00e9(e)\"],\"inLanguage\":\"fr\",\"potentialAction\":[{\"@type\":\"CommentAction\",\"name\":\"Comment\",\"target\":[\"https:\\\/\\\/www.greenpeace.org\\\/mena\\\/fr\\\/covid-19\\\/#respond\"]}]},{\"@type\":\"WebPage\",\"@id\":\"https:\\\/\\\/www.greenpeace.org\\\/mena\\\/fr\\\/covid-19\\\/\",\"url\":\"https:\\\/\\\/www.greenpeace.org\\\/mena\\\/fr\\\/covid-19\\\/\",\"name\":\"Nous ne pouvons surmonter ces crises qu\u2019ensemble! - Greenpeace Moyen Orient et Afrique du Nord\",\"isPartOf\":{\"@id\":\"https:\\\/\\\/www.greenpeace.org\\\/mena\\\/ar\\\/#website\"},\"primaryImageOfPage\":{\"@id\":\"https:\\\/\\\/www.greenpeace.org\\\/mena\\\/fr\\\/covid-19\\\/#primaryimage\"},\"image\":{\"@id\":\"https:\\\/\\\/www.greenpeace.org\\\/mena\\\/fr\\\/covid-19\\\/#primaryimage\"},\"thumbnailUrl\":\"https:\\\/\\\/www.greenpeace.org\\\/static\\\/planet4-mena-stateless\\\/2020\\\/03\\\/e951d0a9-blog-corona-1.png\",\"datePublished\":\"2020-03-19T11:06:59+00:00\",\"dateModified\":\"2020-03-23T12:07:25+00:00\",\"author\":{\"@id\":\"https:\\\/\\\/www.greenpeace.org\\\/mena\\\/ar\\\/#\\\/schema\\\/person\\\/7dad2b1d8fa7b629f7f0f6db1f2cde3e\"},\"breadcrumb\":{\"@id\":\"https:\\\/\\\/www.greenpeace.org\\\/mena\\\/fr\\\/covid-19\\\/#breadcrumb\"},\"inLanguage\":\"fr\",\"potentialAction\":[{\"@type\":\"ReadAction\",\"target\":[\"https:\\\/\\\/www.greenpeace.org\\\/mena\\\/fr\\\/covid-19\\\/\"]}]},{\"@type\":\"ImageObject\",\"inLanguage\":\"fr\",\"@id\":\"https:\\\/\\\/www.greenpeace.org\\\/mena\\\/fr\\\/covid-19\\\/#primaryimage\",\"url\":\"https:\\\/\\\/www.greenpeace.org\\\/static\\\/planet4-mena-stateless\\\/2020\\\/03\\\/e951d0a9-blog-corona-1.png\",\"contentUrl\":\"https:\\\/\\\/www.greenpeace.org\\\/static\\\/planet4-mena-stateless\\\/2020\\\/03\\\/e951d0a9-blog-corona-1.png\",\"width\":700,\"height\":641},{\"@type\":\"BreadcrumbList\",\"@id\":\"https:\\\/\\\/www.greenpeace.org\\\/mena\\\/fr\\\/covid-19\\\/#breadcrumb\",\"itemListElement\":[{\"@type\":\"ListItem\",\"position\":1,\"name\":\"Home\",\"item\":\"https:\\\/\\\/www.greenpeace.org\\\/mena\\\/fr\\\/\"},{\"@type\":\"ListItem\",\"position\":2,\"name\":\"Nous ne pouvons surmonter ces crises qu\u2019ensemble!\"}]},{\"@type\":\"WebSite\",\"@id\":\"https:\\\/\\\/www.greenpeace.org\\\/mena\\\/ar\\\/#website\",\"url\":\"https:\\\/\\\/www.greenpeace.org\\\/mena\\\/ar\\\/\",\"name\":\"\u063a\u0631\u064a\u0646\u0628\u064a\u0633 \u0627\u0644\u0634\u0631\u0642 \u0627\u0644\u0623\u0648\u0633\u0637 \u0648\u0634\u0645\u0627\u0644 \u0623\u0641\u0631\u064a\u0642\u064a\u0627\",\"description\":\"Greenpeace MENA fait partie du r\u00e9seau Greenpeace, qui regroupe 28 organisations nationales\\\/r\u00e9gionales ind\u00e9pendantes r\u00e9parties dans plus de 56 pays d\u2019Europe, d\u2019Am\u00e9rique, d\u2019Afrique, d\u2019Asie et du Pacifique, ainsi qu\u2019un organisme de coordination, Greenpeace International.\",\"potentialAction\":[{\"@type\":\"SearchAction\",\"target\":{\"@type\":\"EntryPoint\",\"urlTemplate\":\"https:\\\/\\\/www.greenpeace.org\\\/mena\\\/ar\\\/?s={search_term_string}\"},\"query-input\":{\"@type\":\"PropertyValueSpecification\",\"valueRequired\":true,\"valueName\":\"search_term_string\"}}],\"inLanguage\":\"fr\"},{\"@type\":\"Person\",\"@id\":\"https:\\\/\\\/www.greenpeace.org\\\/mena\\\/ar\\\/#\\\/schema\\\/person\\\/7dad2b1d8fa7b629f7f0f6db1f2cde3e\",\"name\":\"Fadi Gedeon\",\"image\":{\"@type\":\"ImageObject\",\"inLanguage\":\"fr\",\"@id\":\"https:\\\/\\\/lh3.googleusercontent.com\\\/a\\\/ACg8ocJSh0XMHZgiUtnXUJt2VRz2WRNAG9qs3k2LDyu0qmvmjwC4JP0h=s96-c\",\"url\":\"https:\\\/\\\/lh3.googleusercontent.com\\\/a\\\/ACg8ocJSh0XMHZgiUtnXUJt2VRz2WRNAG9qs3k2LDyu0qmvmjwC4JP0h=s96-c\",\"contentUrl\":\"https:\\\/\\\/lh3.googleusercontent.com\\\/a\\\/ACg8ocJSh0XMHZgiUtnXUJt2VRz2WRNAG9qs3k2LDyu0qmvmjwC4JP0h=s96-c\",\"caption\":\"Fadi Gedeon\"},\"description\":\"Digital Transformation Lead at Greenpeace MENA. More than nine years have passed since I joined the team at Greenpeace, and it seems like just yesterday! I think I can speak for everyone here when I say that our team is special, in how we work together, how we relate to each other, how we resolve our differences and even how we express our frustration. It has always been great to end the day with an outing with the team, or a heated debate about current events. A week in the office was never complete without some kind of activity that brought us together as people, celebrating our passion for life, hobbies and interests, and - I must admit, several practical jokes! Moving our work online has definitely had an impact on our relationships with colleagues, volunteers, and external partners Somehow it feels like we\u2019ve been invited to become part of each other\u2019s lives at home: parents, partners, children and pets have now become regular guests on our video calls. I\u2019m proud to be working with a team that appreciates all its members in all the colour and diversity they bring to the table! Fadi Gedeon On LinkedIn\",\"sameAs\":[\"https:\\\/\\\/www.greenpeace.org\\\/mena\\\/\"],\"url\":\"https:\\\/\\\/www.greenpeace.org\\\/mena\\\/fr\\\/author\\\/fadi-gedeon\\\/\"}]}<\/script>\n<!-- \/ Yoast SEO Premium plugin. -->","yoast_head_json":{"title":"Nous ne pouvons surmonter ces crises qu\u2019ensemble! - Greenpeace Moyen Orient et Afrique du Nord","robots":{"index":"index","follow":"follow","max-snippet":"max-snippet:-1","max-image-preview":"max-image-preview:large","max-video-preview":"max-video-preview:-1"},"canonical":"https:\/\/www.greenpeace.org\/mena\/fr\/covid-19\/","og_locale":"fr_FR","og_type":"article","og_title":"Nous ne pouvons surmonter ces crises qu\u2019ensemble!","og_description":"Pour affronter avec sagesse et efficacit\u00e9 ce que l'avenir pourrait nous d\u00e9voiler dans les prochains jours, restons tous \u00e0 la maison. Nous nous tiendrons ensemble, afins de prot\u00e9ger notre maison commune: la plan\u00e8te Terre.","og_url":"https:\/\/www.greenpeace.org\/mena\/fr\/covid-19\/","og_site_name":"Greenpeace Moyen Orient et Afrique du Nord","article_publisher":"https:\/\/www.facebook.com\/GreenpeaceAR","article_published_time":"2020-03-19T11:06:59+00:00","article_modified_time":"2020-03-23T12:07:25+00:00","og_image":[{"width":700,"height":641,"url":"https:\/\/www.greenpeace.org\/static\/planet4-mena-stateless\/2020\/03\/e951d0a9-blog-corona-1.png","type":"image\/png"}],"author":"Fadi Gedeon","twitter_card":"summary_large_image","twitter_creator":"@GreenpeaceAR","twitter_site":"@GreenpeaceAR","twitter_misc":{"Written by":"Fadi Gedeon","Est. reading time":"3 minutes"},"schema":{"@context":"https:\/\/schema.org","@graph":[{"@type":"Article","@id":"https:\/\/www.greenpeace.org\/mena\/fr\/covid-19\/#article","isPartOf":{"@id":"https:\/\/www.greenpeace.org\/mena\/fr\/covid-19\/"},"author":{"name":"Fadi Gedeon","@id":"https:\/\/www.greenpeace.org\/mena\/ar\/#\/schema\/person\/7dad2b1d8fa7b629f7f0f6db1f2cde3e"},"headline":"Nous ne pouvons surmonter ces crises qu\u2019ensemble!","datePublished":"2020-03-19T11:06:59+00:00","dateModified":"2020-03-23T12:07:25+00:00","mainEntityOfPage":{"@id":"https:\/\/www.greenpeace.org\/mena\/fr\/covid-19\/"},"wordCount":602,"commentCount":0,"image":{"@id":"https:\/\/www.greenpeace.org\/mena\/fr\/covid-19\/#primaryimage"},"thumbnailUrl":"https:\/\/www.greenpeace.org\/static\/planet4-mena-stateless\/2020\/03\/e951d0a9-blog-corona-1.png","keywords":["Urbain","Paix","Greenpeace"],"articleSection":["Greenpeace Moyen Orient et Afrique du Nord","Non classifi\u00e9(e)"],"inLanguage":"fr","potentialAction":[{"@type":"CommentAction","name":"Comment","target":["https:\/\/www.greenpeace.org\/mena\/fr\/covid-19\/#respond"]}]},{"@type":"WebPage","@id":"https:\/\/www.greenpeace.org\/mena\/fr\/covid-19\/","url":"https:\/\/www.greenpeace.org\/mena\/fr\/covid-19\/","name":"Nous ne pouvons surmonter ces crises qu\u2019ensemble! - Greenpeace Moyen Orient et Afrique du Nord","isPartOf":{"@id":"https:\/\/www.greenpeace.org\/mena\/ar\/#website"},"primaryImageOfPage":{"@id":"https:\/\/www.greenpeace.org\/mena\/fr\/covid-19\/#primaryimage"},"image":{"@id":"https:\/\/www.greenpeace.org\/mena\/fr\/covid-19\/#primaryimage"},"thumbnailUrl":"https:\/\/www.greenpeace.org\/static\/planet4-mena-stateless\/2020\/03\/e951d0a9-blog-corona-1.png","datePublished":"2020-03-19T11:06:59+00:00","dateModified":"2020-03-23T12:07:25+00:00","author":{"@id":"https:\/\/www.greenpeace.org\/mena\/ar\/#\/schema\/person\/7dad2b1d8fa7b629f7f0f6db1f2cde3e"},"breadcrumb":{"@id":"https:\/\/www.greenpeace.org\/mena\/fr\/covid-19\/#breadcrumb"},"inLanguage":"fr","potentialAction":[{"@type":"ReadAction","target":["https:\/\/www.greenpeace.org\/mena\/fr\/covid-19\/"]}]},{"@type":"ImageObject","inLanguage":"fr","@id":"https:\/\/www.greenpeace.org\/mena\/fr\/covid-19\/#primaryimage","url":"https:\/\/www.greenpeace.org\/static\/planet4-mena-stateless\/2020\/03\/e951d0a9-blog-corona-1.png","contentUrl":"https:\/\/www.greenpeace.org\/static\/planet4-mena-stateless\/2020\/03\/e951d0a9-blog-corona-1.png","width":700,"height":641},{"@type":"BreadcrumbList","@id":"https:\/\/www.greenpeace.org\/mena\/fr\/covid-19\/#breadcrumb","itemListElement":[{"@type":"ListItem","position":1,"name":"Home","item":"https:\/\/www.greenpeace.org\/mena\/fr\/"},{"@type":"ListItem","position":2,"name":"Nous ne pouvons surmonter ces crises qu\u2019ensemble!"}]},{"@type":"WebSite","@id":"https:\/\/www.greenpeace.org\/mena\/ar\/#website","url":"https:\/\/www.greenpeace.org\/mena\/ar\/","name":"\u063a\u0631\u064a\u0646\u0628\u064a\u0633 \u0627\u0644\u0634\u0631\u0642 \u0627\u0644\u0623\u0648\u0633\u0637 \u0648\u0634\u0645\u0627\u0644 \u0623\u0641\u0631\u064a\u0642\u064a\u0627","description":"Greenpeace MENA fait partie du r\u00e9seau Greenpeace, qui regroupe 28 organisations nationales\/r\u00e9gionales ind\u00e9pendantes r\u00e9parties dans plus de 56 pays d\u2019Europe, d\u2019Am\u00e9rique, d\u2019Afrique, d\u2019Asie et du Pacifique, ainsi qu\u2019un organisme de coordination, Greenpeace International.","potentialAction":[{"@type":"SearchAction","target":{"@type":"EntryPoint","urlTemplate":"https:\/\/www.greenpeace.org\/mena\/ar\/?s={search_term_string}"},"query-input":{"@type":"PropertyValueSpecification","valueRequired":true,"valueName":"search_term_string"}}],"inLanguage":"fr"},{"@type":"Person","@id":"https:\/\/www.greenpeace.org\/mena\/ar\/#\/schema\/person\/7dad2b1d8fa7b629f7f0f6db1f2cde3e","name":"Fadi Gedeon","image":{"@type":"ImageObject","inLanguage":"fr","@id":"https:\/\/lh3.googleusercontent.com\/a\/ACg8ocJSh0XMHZgiUtnXUJt2VRz2WRNAG9qs3k2LDyu0qmvmjwC4JP0h=s96-c","url":"https:\/\/lh3.googleusercontent.com\/a\/ACg8ocJSh0XMHZgiUtnXUJt2VRz2WRNAG9qs3k2LDyu0qmvmjwC4JP0h=s96-c","contentUrl":"https:\/\/lh3.googleusercontent.com\/a\/ACg8ocJSh0XMHZgiUtnXUJt2VRz2WRNAG9qs3k2LDyu0qmvmjwC4JP0h=s96-c","caption":"Fadi Gedeon"},"description":"Digital Transformation Lead at Greenpeace MENA. More than nine years have passed since I joined the team at Greenpeace, and it seems like just yesterday! I think I can speak for everyone here when I say that our team is special, in how we work together, how we relate to each other, how we resolve our differences and even how we express our frustration. It has always been great to end the day with an outing with the team, or a heated debate about current events. A week in the office was never complete without some kind of activity that brought us together as people, celebrating our passion for life, hobbies and interests, and - I must admit, several practical jokes! Moving our work online has definitely had an impact on our relationships with colleagues, volunteers, and external partners Somehow it feels like we\u2019ve been invited to become part of each other\u2019s lives at home: parents, partners, children and pets have now become regular guests on our video calls. I\u2019m proud to be working with a team that appreciates all its members in all the colour and diversity they bring to the table! Fadi Gedeon On LinkedIn","sameAs":["https:\/\/www.greenpeace.org\/mena\/"],"url":"https:\/\/www.greenpeace.org\/mena\/fr\/author\/fadi-gedeon\/"}]}},"_links":{"self":[{"href":"https:\/\/www.greenpeace.org\/mena\/fr\/wp-json\/wp\/v2\/posts\/6589","targetHints":{"allow":["GET"]}}],"collection":[{"href":"https:\/\/www.greenpeace.org\/mena\/fr\/wp-json\/wp\/v2\/posts"}],"about":[{"href":"https:\/\/www.greenpeace.org\/mena\/fr\/wp-json\/wp\/v2\/types\/post"}],"author":[{"embeddable":true,"href":"https:\/\/www.greenpeace.org\/mena\/fr\/wp-json\/wp\/v2\/users\/8"}],"replies":[{"embeddable":true,"href":"https:\/\/www.greenpeace.org\/mena\/fr\/wp-json\/wp\/v2\/comments?post=6589"}],"version-history":[{"count":4,"href":"https:\/\/www.greenpeace.org\/mena\/fr\/wp-json\/wp\/v2\/posts\/6589\/revisions"}],"predecessor-version":[{"id":6598,"href":"https:\/\/www.greenpeace.org\/mena\/fr\/wp-json\/wp\/v2\/posts\/6589\/revisions\/6598"}],"wp:featuredmedia":[{"embeddable":true,"href":"https:\/\/www.greenpeace.org\/mena\/fr\/wp-json\/wp\/v2\/media\/6591"}],"wp:attachment":[{"href":"https:\/\/www.greenpeace.org\/mena\/fr\/wp-json\/wp\/v2\/media?parent=6589"}],"wp:term":[{"taxonomy":"category","embeddable":true,"href":"https:\/\/www.greenpeace.org\/mena\/fr\/wp-json\/wp\/v2\/categories?post=6589"},{"taxonomy":"post_tag","embeddable":true,"href":"https:\/\/www.greenpeace.org\/mena\/fr\/wp-json\/wp\/v2\/tags?post=6589"},{"taxonomy":"p4-page-type","embeddable":true,"href":"https:\/\/www.greenpeace.org\/mena\/fr\/wp-json\/wp\/v2\/p4-page-type?post=6589"}],"curies":[{"name":"wp","href":"https:\/\/api.w.org\/{rel}","templated":true}]}}