{"id":1000,"date":"2018-03-01T00:00:00","date_gmt":"2018-03-01T05:00:00","guid":{"rendered":"https:\/\/www.greenpeace.org\/mexico\/blog\/1000\/ciudades-mexicanas-exigen-a-cofepris-aire-limpio\/"},"modified":"2025-08-27T00:38:45","modified_gmt":"2025-08-27T05:38:45","slug":"ciudades-mexicanas-exigen-a-cofepris-aire-limpio","status":"publish","type":"post","link":"https:\/\/www.greenpeace.org\/mexico\/informacion-prensa\/1000\/ciudades-mexicanas-exigen-a-cofepris-aire-limpio\/","title":{"rendered":"Ciudades mexicanas exigen a COFEPRIS aire limpio"},"content":{"rendered":"\n<p>Ciudad de M\u00e9xico, 01 de Marzo de 2018.- Desde 14 lugares emblem\u00e1ticos de ciudades mexicanas, activistas de Greenpeace se sumaron al llamado que hace unos d\u00edas lanz\u00f3 un grupo de ni\u00f1os para que la Comisi\u00f3n Federal para la Protecci\u00f3n Contra Riesgos Sanitarios (Cofepris) atienda su demanda de ajustar las normas de calidad del aire a los valores propuestos por la Organizaci\u00f3n Mundial de la Salud (OMS)<\/p>\n\n<figure class=\"wp-block-image size-large\"><img loading=\"lazy\" decoding=\"async\" width=\"1024\" height=\"683\" src=\"https:\/\/www.greenpeace.org\/static\/planet4-mexico-stateless\/2025\/04\/a2abf3b7-cofepris-aire-limpio-1024x683.jpg\" title=\"Activista de Greenpeace M\u00e9xico con cubrebocas en protesta por la mala calidad del aire y la falta de respuesta de COFEPRIS ante la crisis ambiental.\" alt=\"Activista de Greenpeace M\u00e9xico con cubrebocas en protesta por la mala calidad del aire y la falta de respuesta de COFEPRIS ante la crisis ambiental.\" class=\"wp-image-55022\" srcset=\"https:\/\/www.greenpeace.org\/static\/planet4-mexico-stateless\/2025\/04\/a2abf3b7-cofepris-aire-limpio-1024x683.jpg 1024w, https:\/\/www.greenpeace.org\/static\/planet4-mexico-stateless\/2025\/04\/a2abf3b7-cofepris-aire-limpio-300x200.jpg 300w, https:\/\/www.greenpeace.org\/static\/planet4-mexico-stateless\/2025\/04\/a2abf3b7-cofepris-aire-limpio-768x512.jpg 768w, https:\/\/www.greenpeace.org\/static\/planet4-mexico-stateless\/2025\/04\/a2abf3b7-cofepris-aire-limpio-510x340.jpg 510w, https:\/\/www.greenpeace.org\/static\/planet4-mexico-stateless\/2025\/04\/a2abf3b7-cofepris-aire-limpio.jpg 1200w\" sizes=\"auto, (max-width: 1024px) 100vw, 1024px\" \/><figcaption class=\"wp-element-caption\">Protesta en una de las principales avenidas de la Ciudad de M\u00e9xico. El n\u00famero de muertes por exposici\u00f3n a la contaminaci\u00f3n del aire podr\u00eda evitarse si COFEPRIS ajustara los est\u00e1ndares de calidad del aire. <br>\u00a9 Argelia Zacatzi \/ Greenpeace<\/figcaption><\/figure>\n\n<p>\u201cLa mala calidad del aire no es exclusiva de la Ciudad de M\u00e9xico, es un problema que afecta a todo el pa\u00eds y que deber\u00eda ser atendido de inmediato por la Cofepris y las autoridades de cada ciudad a fin de ofrecer a la ciudadan\u00eda \u00a0aire limpio para respirar, principalmente a la infantil que resulta uno de los grupos poblacionales m\u00e1s afectados, y se garanticen sus derechos al desarrollo pleno, a la salud y a un medio ambiente sano\u201d, se\u00f1al\u00f3 Paloma Neumann, coordinadora de la campa\u00f1a Revoluci\u00f3n Urbana de Greenpeace M\u00e9xico.<\/p>\n\n<p><br>El pasado 21 de febrero, Greenpeace acompa\u00f1\u00f3 a los ni\u00f1os a manifestarse frente a las oficinas principales de la \u00a0Cofepris en la Ciudad de M\u00e9xico para exigirle una respuesta, toda vez que desde el pasado 1 de noviembre ingresaron un escrito de petici\u00f3n para que las normas oficiales mexicanas de calidad del aire se ajusten a los valores sugeridos por la OMS y pese a que se cumpli\u00f3 el plazo legal no obtuvieron contestaci\u00f3n, raz\u00f3n por la cual iniciaron ya una demanda de amparo (1).<\/p>\n\n<p><br>Los estados que se sumaron a este llamado fueron: Monterrey, Veracruz, Guanajuato, San Luis Potos\u00ed, Chihuahua, Hidalgo, Puebla, Quer\u00e9taro, Tamaulipas, Coahuila, Estado de M\u00e9xico, Yucat\u00e1n y Michoac\u00e1n, desde donde activistas de la organizaci\u00f3n ambientalista lanzaron el mensaje \u201cCofepris juega con el aire que respiro\u201d.<\/p>\n\n<p><br>De acuerdo con la Estrategia Nacional de Calidad del Aire (ENCA) \u00a02017-2030, actualmente las normas oficiales mexicanas de calidad del aire son m\u00e1s permisibles que los valores sugeridos por la OMS y aun as\u00ed se rebasan en varias ciudades del pa\u00eds. \u00a0El documento detalla que: \u201cen 2014 el l\u00edmite de part\u00edculas finas PM10 se excedi\u00f3 en Ciudad Ju\u00e1rez, Monterrey, Zona Metropolitana de Guadalajara, Toluca, Celaya, Torre\u00f3n, Ciudad Victoria y otras ciudades (\u2026) Ese mismo a\u00f1o el ozono rebas\u00f3 su l\u00edmite normado en Irapuato, Pachuca, Cuernavaca, Zonas Metropolitanas del Valle de M\u00e9xico, Monterrey, Guadalajara y Toluca, as\u00ed como en Minatitl\u00e1n. En 2016, un estudio de la Organizaci\u00f3n Mundial de la Salud analiz\u00f3 los niveles de contaminaci\u00f3n por part\u00edculas PM2.5 en ciudades mexicanas. Las m\u00e1s contaminadas, en este orden, fueron: Monterrey, Toluca, Salamanca, Le\u00f3n, Irapuato, Silao, Puebla y la Ciudad de M\u00e9xico\u201d (2).<\/p>\n\n<p><br>La ENCA reconoce que si se adoptaran los valores de la Organizaci\u00f3n Mundial de la Salud en las normas oficiales mexicanas, podr\u00edan prevenirse, s\u00f3lo en Ciudad de M\u00e9xico, Monterrey y Guadalajara, 2 mil 170 muertes prematuras \u00a0asociadas \u00fanicamente a la exposici\u00f3n a part\u00edculas peque\u00f1as o PM2.5 (3).<\/p>\n\n<p><br>\u201cLa informaci\u00f3n existe y est\u00e1 comprobada por los especialistas, es urgente que la Cofepris tome en serio la demanda de aire limpio y evitar as\u00ed las miles de muertes que cada a\u00f1o se presentan asociadas a la contaminaci\u00f3n atmosf\u00e9rica en todo el pa\u00eds\u201d, concluy\u00f3 Paloma Neumann.<\/p>\n\n<p><br><strong>Im\u00e1genes disponibles para su descarga en:<\/strong><br><a href=\"http:\/\/www-dev.greenpeace.org\/mexico\/es\/Multimedia1\/Fotogalerias\/Fotogalerias-2017\/Estas-son-las-ciudades-mexicanas-que-estan-exigiendo-aire-limpio\/\">http:\/\/www-dev.greenpeace.org\/mexico\/es\/Multimedia1\/Fotogalerias\/Fotogalerias-2017\/Estas-son-las-ciudades-mexicanas-que-estan-exigiendo-aire-limpio\/#tab=1&amp;gvs=true<\/a><\/p>\n\n<p><br><strong>Notas:<\/strong><\/p>\n<div>\n<ol>\n<li dir=\"ltr\">Exige Greenpeace a Cofepris mejor calidad de aire. Bolet\u00edn de prensa. 21 de febrero 2018. Disponible en: <a href=\"http:\/\/www-dev.greenpeace.org\/mexico\/es\/Prensa1\/2018\/Febrero\/Exige-Greenpeace-a-Cofepris-mejor-calidad-de-aire\/\">http:\/\/www-dev.greenpeace.org\/mexico\/es\/Prensa1\/2018\/Febrero\/Exige-Greenpeace-a-Cofepris-mejor-calidad-de-aire\/<\/a><\/li>\n<li dir=\"ltr\">Estrategia Nacional de Calidad del Aire Visi\u00f3n 2017-2030. Secretar\u00eda de Medio Ambiente y Recursos Naturales. Disponible en: <a href=\"https:\/\/www.greenpeace.org\/static\/planet4-mexico-stateless\/2018\/11\/75ff1dcf-75ff1dcf-estrategia_nacional_calidad_del_aire.pdf\">https:\/\/www.greenpeace.org\/static\/planet4-mexico-stateless\/2018\/11\/75ff1dcf-75ff1dcf-estrategia_nacional_calidad_del_aire.pdf<\/a><\/li>\n<li dir=\"ltr\">Ibidem.<\/li>\n<\/ol>\n<\/div>\n","protected":false},"excerpt":{"rendered":"<p>Activistas en 14 ciudades exigen a Cofepris actualizar normas de calidad del aire para proteger la salud, especialmente la de ni\u00f1as y ni\u00f1os.<\/p>\n","protected":false},"author":29,"featured_media":55022,"comment_status":"open","ping_status":"open","sticky":false,"template":"","format":"standard","meta":{"ep_exclude_from_search":false,"p4_og_title":"Ciudades mexicanas exigen a COFEPRIS aire limpio","p4_og_description":"Activistas en 14 ciudades exigen a Cofepris actualizar normas de calidad del aire para proteger la salud, especialmente la de ni\u00f1as y ni\u00f1os.","p4_og_image":"https:\/\/www.greenpeace.org\/static\/planet4-mexico-stateless\/2025\/04\/a2abf3b7-cofepris-aire-limpio.jpg","p4_og_image_id":"55022","p4_seo_canonical_url":"","p4_campaign_name":"","p4_local_project":"","p4_basket_name":"","p4_department":"","footnotes":""},"categories":[39],"tags":[21,48],"p4-page-type":[16],"class_list":["post-1000","post","type-post","status-publish","format-standard","has-post-thumbnail","hentry","category-clima-y-energia","tag-activismo","tag-salud","p4-page-type-informacion-prensa"],"_links":{"self":[{"href":"https:\/\/www.greenpeace.org\/mexico\/wp-json\/wp\/v2\/posts\/1000","targetHints":{"allow":["GET"]}}],"collection":[{"href":"https:\/\/www.greenpeace.org\/mexico\/wp-json\/wp\/v2\/posts"}],"about":[{"href":"https:\/\/www.greenpeace.org\/mexico\/wp-json\/wp\/v2\/types\/post"}],"author":[{"embeddable":true,"href":"https:\/\/www.greenpeace.org\/mexico\/wp-json\/wp\/v2\/users\/29"}],"replies":[{"embeddable":true,"href":"https:\/\/www.greenpeace.org\/mexico\/wp-json\/wp\/v2\/comments?post=1000"}],"version-history":[{"count":5,"href":"https:\/\/www.greenpeace.org\/mexico\/wp-json\/wp\/v2\/posts\/1000\/revisions"}],"predecessor-version":[{"id":58594,"href":"https:\/\/www.greenpeace.org\/mexico\/wp-json\/wp\/v2\/posts\/1000\/revisions\/58594"}],"wp:featuredmedia":[{"embeddable":true,"href":"https:\/\/www.greenpeace.org\/mexico\/wp-json\/wp\/v2\/media\/55022"}],"wp:attachment":[{"href":"https:\/\/www.greenpeace.org\/mexico\/wp-json\/wp\/v2\/media?parent=1000"}],"wp:term":[{"taxonomy":"category","embeddable":true,"href":"https:\/\/www.greenpeace.org\/mexico\/wp-json\/wp\/v2\/categories?post=1000"},{"taxonomy":"post_tag","embeddable":true,"href":"https:\/\/www.greenpeace.org\/mexico\/wp-json\/wp\/v2\/tags?post=1000"},{"taxonomy":"p4-page-type","embeddable":true,"href":"https:\/\/www.greenpeace.org\/mexico\/wp-json\/wp\/v2\/p4-page-type?post=1000"}],"curies":[{"name":"wp","href":"https:\/\/api.w.org\/{rel}","templated":true}]}}