{"id":10006,"date":"2021-04-26T13:52:08","date_gmt":"2021-04-26T18:52:08","guid":{"rendered":"https:\/\/www.greenpeace.org\/mexico\/?p=10006"},"modified":"2021-12-01T07:36:56","modified_gmt":"2021-12-01T12:36:56","slug":"mexico-enfrenta-los-peores-incendios-en-10-anos","status":"publish","type":"post","link":"https:\/\/www.greenpeace.org\/mexico\/informacion-prensa\/10006\/mexico-enfrenta-los-peores-incendios-en-10-anos\/","title":{"rendered":"M\u00e9xico enfrenta los peores incendios en 10 a\u00f1os"},"content":{"rendered":"\n<ul class=\"wp-block-list\"><li>El combate a siniestros ha sido deficiente por la falta de previsiones en los tres \u00f3rdenes de gobierno.<\/li><li>Urge una pol\u00edtica p\u00fablica de manejo del fuego\u00a0 que considere las nuevas condiciones clim\u00e1ticas y la enorme riqueza biol\u00f3gica y cultural de M\u00e9xico.<\/li><\/ul>\n\n<p>En lo que va del a\u00f1o, nuestro pa\u00eds enfrenta los peores incendios de la d\u00e9cada, de acuerdo con el Reporte Semanal de Incendios de la Comisi\u00f3n Nacional Forestal (Conafor). Durante el 2021 se han registrado 3,735incendios forestales en 29 entidades federativas, afectando una superficie de 127,110hect\u00e1reas (ha.) de territorio. Las entidades federativas con mayor superficie afectada han sido: Nuevo Le\u00f3n, Oaxaca, Estado de M\u00e9xico, Chihuahua, Coahuila, Guerrero, Chiapas, Durango, Michoac\u00e1n, Puebla y Baja California.<a href=\"#_ftn1\"><sup>[1]<\/sup><\/a><\/p>\n\n<p>En a\u00f1os recientes se ha presentado una serie de incendios catastr\u00f3ficos tanto a nivel global como nacional. En M\u00e9xico, en 2017 los incendios forestales devastaron 172,076ha. de territorio; al a\u00f1o siguiente 92,243ha. y en 2019, 69,047ha; todas esas cifras ya han sido ampliamente rebasadas en lo que va del presente a\u00f1o.<a href=\"#_ftn2\">[2]<\/a><\/p>\n\n<p>En la mayor\u00eda de los ecosistemas, los incendios forestales ocasionan enormes da\u00f1os, tambi\u00e9n generan p\u00e9rdidas econ\u00f3micas y afectaciones a comunidades rurales que dependen del cultivo en la tierra para subsistir, impactos negativos a la salud de las personas e incluso, cobran vidas humanas. Este problema, que se ha agravado en los \u00faltimos a\u00f1os debido al cambio clim\u00e1tico global y se agudiza a\u00fan m\u00e1s en M\u00e9xico debido al desmantelamiento de las instituciones ambientales encargadas de dise\u00f1ar, implementar, coordinar y evaluar las acciones mitigaci\u00f3n y adaptaci\u00f3n al cambio clim\u00e1tico, as\u00ed como los temas forestales.<\/p>\n\n<p>A pesar del rechazo de legisladores, acad\u00e9micos e integrantes de la sociedad civil organizada, la serie de fuertes recortes al presupuesto p\u00fablico y de personal de instituciones del sector ambiental, sexenio tras sexenio se disminuyen las capacidades t\u00e9cnicas, humanas, financieras y operativas del sector ambiental, por ejemplo, a&nbsp; la Conafor desde el 2012, se la han reducido casi a la mitad (43%) sus recurso econ\u00f3micos.<a href=\"#_ftn3\">[3]<\/a><\/p>\n\n<p>El presupuesto con el que operan actualmente la Secretar\u00eda de Medio Ambiente y Recursos Naturales (Semarnat), la Conafor y Protecci\u00f3n Civil, as\u00ed como las acciones que llevan a cabo son claramente insuficientes para atender desastres como los que est\u00e1n ocurriendo en los estados de Coahuila, Nuevo Le\u00f3n, Estado de M\u00e9xico (Valle de Bravo) y la Ciudad de M\u00e9xico (Bosque de Tlalpan). Adem\u00e1s, grandes superficies en \u00e1reas naturales protegidas siguen careciendo de acciones indispensables para prevenir incendios y no existe articulaci\u00f3n entre las pol\u00edticas agropecuarias con el manejo del fuego. Esto, aunado a la omisi\u00f3n de autoridades municipales y estatales de todos los or\u00edgenes partidistas, por la falta de previsiones para esta temporada de secas.<\/p>\n\n<p>Cabe se\u00f1alar que, desde 2019 que se cancel\u00f3 el Programa de Empleo Temporal (PET), ha sido m\u00e1s complicado financiar brigadas para la realizaci\u00f3n de trabajos preventivos y atenci\u00f3n a incendios, a eso se suma la eliminaci\u00f3n del Fondo de Desastres Naturales (Fonden), desde el cual se financiaba el combate a los incendios forestales.<\/p>\n\n<p>Es claro que hoy en d\u00eda, no se cuenta con la capacidad ni con los recursos institucionales suficientes para atender la cantidad de incendios que en este momento est\u00e1n ocurriendo en el pa\u00eds, tampoco para identificar los pol\u00edgonos de los terrenos incendiados y subirlos a las bases de datos de Semarnat, para que realmente no se autoricen cambios de uso de suelo. En s\u00edntesis, la pol\u00edtica de manejo del fuego ha sido pr\u00e1cticamente olvidada.<\/p>\n\n<p>Lo anterior, debido en buena medida a la falta de recursos y a que no existe una pol\u00edtica de adaptaci\u00f3n a las nuevas condiciones climatol\u00f3gicas del pa\u00eds: los \u00faltimos 7 a\u00f1os han sido los m\u00e1s calientes de la historia registrada,<a href=\"#_ftn4\">[4]<\/a>hay&nbsp; mayores sequ\u00edas-cerca del 80% del territorio nacional tiene alg\u00fan grado de sequ\u00eda-<a href=\"#_ftn5\">[5]<\/a>as\u00ed como un n\u00famero creciente de incendios-13% del territorio nacional est\u00e1 en condici\u00f3n de muy alto riesgo y 26% en alto-.<a href=\"#_ftn6\">[6]<\/a><\/p>\n\n<p>Los bosques ofrecen una fuente constante y renovable de recursos, as\u00ed como servicios ambientales indispensables para la vida misma. Las organizaciones de la sociedad civil demandamos al Gobierno Federal contar con una estrategia de prevenci\u00f3n y de manejo integral del fuego, en la que se involucre y generen capacidades en las comunidades forestales y empresas sociales; asimismo, exigimos respetuosamente que, a nivel federal, estatal y municipal, las autoridades responsables asignen los recursos presupuestales, el personal y material suficiente, para poder atender de manera integral, sistem\u00e1tica y preventiva el manejo del fuego en el pa\u00eds, as\u00ed como para que se inicien de inmediato obras de remediaci\u00f3n y apoyo a las comunidades afectadas.<\/p>\n\n<p><strong>Organizaciones firmantes,<\/strong><\/p>\n\n<p>Prodefensa del Nazas A.C.<\/p>\n\n<p>Pronatura Veracruz&nbsp;<\/p>\n\n<p>Ecopil, A.C.<\/p>\n\n<p>Grupo Ecol\u00f3gico Amigos de Sierra Gorda IAP<\/p>\n\n<p>Iniciativa Clim\u00e1tica M\u00e9xico (ICM)<\/p>\n\n<p>Consejo Civil Mexicano para la Silvicultura Sostenible, AC.<\/p>\n\n<p>Greenpeace M\u00e9xico A.C.<\/p>\n\n<hr class=\"wp-block-separator\"\/>\n\n<p><a href=\"#_ftnref1\">[1]<\/a><a href=\"https:\/\/www.gob.mx\/cms\/uploads\/attachment\/file\/630761\/Reporte_del_01_de_enero_al_15_de_abril_de_2021.pdf\">https:\/\/www.gob.mx\/cms\/uploads\/attachment\/file\/630761\/Reporte_del_01_de_enero_al_15_de_abril_de_2021.pdf<\/a><\/p>\n\n<p><a href=\"#_ftnref2\">[2]<\/a><em>Ib\u00eddem<\/em>.<\/p>\n\n<p><a href=\"#_ftnref3\">[3]<\/a><a href=\"https:\/\/www.cemda.org.mx\/recortes-al-sector-ambiental\/\" target=\"_blank\" rel=\"noreferrer noopener\">https:\/\/www.cemda.org.mx\/recortes-al-sector-ambiental\/<\/a><\/p>\n\n<p><a href=\"#_ftnref4\">[4]<\/a><a href=\"https:\/\/ciencia.nasa.gov\/2020-empatado-como-mas-calido\" target=\"_blank\" rel=\"noreferrer noopener\">https:\/\/ciencia.nasa.gov\/2020-empatado-como-mas-calido<\/a><\/p>\n\n<p><a href=\"#_ftnref5\">[5]<\/a><a href=\"https:\/\/smn.conagua.gob.mx\/es\/climatologia\/monitor-de-sequia\/monitor-de-sequia-en-mexico\" target=\"_blank\" rel=\"noreferrer noopener\">https:\/\/smn.conagua.gob.mx\/es\/climatologia\/monitor-de-sequia\/monitor-de-sequia-en-mexico<\/a><\/p>\n\n<p><a href=\"#_ftnref6\">[6]<\/a><a href=\"https:\/\/snigf.cnf.gob.mx\/wp-content\/uploads\/Incendios\/Insumos%20Manejo%20Fuego\/Areas%20prioritarias\/Mapa%20Peligro%20nacional.pdf\" target=\"_blank\" rel=\"noreferrer noopener\">https:\/\/snigf.cnf.gob.mx\/wp-content\/uploads\/Incendios\/Insumos%20Manejo%20Fuego\/Areas%20prioritarias\/Mapa%20Peligro%20nacional.pdf<\/a><\/p>\n\t\t\t<section\n\t\t\tclass=\"boxout post-3819 \"\n\t\t\t\n\t\t>\n\t\t\t<a\n\t\t\t\tdata-ga-category=\"Take Action Boxout\"\n\t\t\t\tdata-ga-action=\"Image\"\n\t\t\t\tdata-ga-label=\"n\/a\"\n\t\t\t\tclass=\"cover-card-overlay\"\n\t\t\t\thref=\"https:\/\/www.greenpeace.org\/mexico\/participa\/cambio-climatico\/\" \n\t\t\t><\/a>\n\t\t\t\t\t\t\t<img\n\t\t\t\t\t\tsrc=\"https:\/\/www.greenpeace.org\/static\/planet4-mexico-stateless\/2020\/01\/2bc0960c-incendios-en-australia-greenpeace-canguros.jpg\"\n\t\t\t\t\t\tsrcset=\"https:\/\/www.greenpeace.org\/static\/planet4-mexico-stateless\/2020\/01\/2bc0960c-incendios-en-australia-greenpeace-canguros-300x200.jpg 300w, https:\/\/www.greenpeace.org\/static\/planet4-mexico-stateless\/2020\/01\/2bc0960c-incendios-en-australia-greenpeace-canguros-768x512.jpg 768w, https:\/\/www.greenpeace.org\/static\/planet4-mexico-stateless\/2020\/01\/2bc0960c-incendios-en-australia-greenpeace-canguros-510x340.jpg 510w, https:\/\/www.greenpeace.org\/static\/planet4-mexico-stateless\/2020\/01\/2bc0960c-incendios-en-australia-greenpeace-canguros.jpg 800w\"\n\t\t\t\t\t\tsizes=\"(min-width: 1000px) 358px, (min-width: 780px) 313px, 88px\"\n\t\t\t\t\t\talt=\"\" title=\"\"\n\t\t\t\t\/>\n            \t\t\t<div class=\"boxout-content\">\n\t\t\t\t\t\t\t\t\t<a\n\t\t\t\t\t\tclass=\"boxout-heading medium\"\n\t\t\t\t\t\tdata-ga-category=\"Take Action Boxout\"\n\t\t\t\t\t\tdata-ga-action=\"Title\"\n\t\t\t\t\t\tdata-ga-label=\"n\/a\"\n\t\t\t\t\t\thref=\"https:\/\/www.greenpeace.org\/mexico\/participa\/cambio-climatico\/\"\n\t\t\t\t\t\t\n\t\t\t\t\t>\n\t\t\t\t\t\tEmergencia clim\u00e1tica\n\t\t\t\t\t<\/a>\n\t\t\t\t\t\t\t\t\t\t\t\t\t<p class=\"boxout-excerpt\">Necesitamos acci\u00f3n clim\u00e1tica urgente y contundente, tenemos que dejar el petr\u00f3leo bajo tierra y transitar hacia una econom\u00eda limpia, sustentable y equitativa. El gobierno tiene que respetar los acuerdos que el pa\u00eds ha adoptado tanto nacional como internacionalmente y que est\u00e1n plasmados en las leyes mexicanas. <\/p>\n\t\t\t\t                                    <a\n                        class=\"btn btn-primary\"\n                        data-ga-category=\"Take Action Boxout\"\n                        data-ga-action=\"Call to Action\"\n                        data-ga-label=\"n\/a\"\n                        href=\"https:\/\/www.greenpeace.org\/mexico\/participa\/cambio-climatico\/\"\n                        \n                    >\n                        Participa\n                    <\/a>\n                \t\t\t<\/div>\n\t\t\t\t\t<\/section>\n\t","protected":false},"excerpt":{"rendered":"<p>En lo que va del a\u00f1o, nuestro pa\u00eds enfrenta los peores incendios de la d\u00e9cada, de acuerdo con el Reporte Semanal de Incendios de la Comisi\u00f3n Nacional Forestal (Conafor). Durante&hellip;<\/p>\n","protected":false},"author":25,"featured_media":10007,"comment_status":"open","ping_status":"open","sticky":false,"template":"","format":"standard","meta":{"ep_exclude_from_search":false,"p4_og_title":"","p4_og_description":"","p4_og_image":"","p4_og_image_id":"","p4_seo_canonical_url":"","p4_campaign_name":"not set","p4_local_project":"not set","p4_basket_name":"not set","p4_department":"","footnotes":""},"categories":[2],"tags":[19],"p4-page-type":[16],"class_list":["post-10006","post","type-post","status-publish","format-standard","has-post-thumbnail","hentry","category-cambio-climatico","tag-deforestacion","p4-page-type-informacion-prensa"],"_links":{"self":[{"href":"https:\/\/www.greenpeace.org\/mexico\/wp-json\/wp\/v2\/posts\/10006","targetHints":{"allow":["GET"]}}],"collection":[{"href":"https:\/\/www.greenpeace.org\/mexico\/wp-json\/wp\/v2\/posts"}],"about":[{"href":"https:\/\/www.greenpeace.org\/mexico\/wp-json\/wp\/v2\/types\/post"}],"author":[{"embeddable":true,"href":"https:\/\/www.greenpeace.org\/mexico\/wp-json\/wp\/v2\/users\/25"}],"replies":[{"embeddable":true,"href":"https:\/\/www.greenpeace.org\/mexico\/wp-json\/wp\/v2\/comments?post=10006"}],"version-history":[{"count":5,"href":"https:\/\/www.greenpeace.org\/mexico\/wp-json\/wp\/v2\/posts\/10006\/revisions"}],"predecessor-version":[{"id":49724,"href":"https:\/\/www.greenpeace.org\/mexico\/wp-json\/wp\/v2\/posts\/10006\/revisions\/49724"}],"wp:featuredmedia":[{"embeddable":true,"href":"https:\/\/www.greenpeace.org\/mexico\/wp-json\/wp\/v2\/media\/10007"}],"wp:attachment":[{"href":"https:\/\/www.greenpeace.org\/mexico\/wp-json\/wp\/v2\/media?parent=10006"}],"wp:term":[{"taxonomy":"category","embeddable":true,"href":"https:\/\/www.greenpeace.org\/mexico\/wp-json\/wp\/v2\/categories?post=10006"},{"taxonomy":"post_tag","embeddable":true,"href":"https:\/\/www.greenpeace.org\/mexico\/wp-json\/wp\/v2\/tags?post=10006"},{"taxonomy":"p4-page-type","embeddable":true,"href":"https:\/\/www.greenpeace.org\/mexico\/wp-json\/wp\/v2\/p4-page-type?post=10006"}],"curies":[{"name":"wp","href":"https:\/\/api.w.org\/{rel}","templated":true}]}}