{"id":10065,"date":"2021-05-10T15:22:57","date_gmt":"2021-05-10T20:22:57","guid":{"rendered":"https:\/\/www.greenpeace.org\/mexico\/?p=10065"},"modified":"2021-12-01T07:36:53","modified_gmt":"2021-12-01T12:36:53","slug":"niegan-suspension-definitiva-a-bayer-monsanto-2","status":"publish","type":"post","link":"https:\/\/www.greenpeace.org\/mexico\/blog\/10065\/niegan-suspension-definitiva-a-bayer-monsanto-2\/","title":{"rendered":"Niegan suspensi\u00f3n definitiva a Bayer-Monsanto"},"content":{"rendered":"\n<p>El decreto que proh\u00edbe el uso de glifosato y ma\u00edz transg\u00e9nico en M\u00e9xico hacia 2024, podr\u00e1 ser aplicado a Bayer-Monsanto por las autoridades, mientras se resuelve si se le concede el amparo.<\/p>\n\n<p>Esto, luego de que el Juez Sexto de Distrito en Materia Administrativa, Francisco Javier Rebolledo Pe\u00f1a, negara la suspensi\u00f3n definitiva a la corporaci\u00f3n transnacional Bayer-Monsanto en el juicio de amparo que \u00e9sta promovi\u00f3 contra el decreto, seg\u00fan se public\u00f3 hoy en la lista de acuerdos de los Juzgados Federales.<\/p>\n\n<p>Como recordar\u00e1s, Bayer-Monsanto hab\u00eda solicitado que no se aplicara el decreto presidencial, en respuesta a esta determinaci\u00f3n, organizaciones de la sociedad civil nos movilizamos y enviamos al referido impartidor de justicia una carta de petici\u00f3n con 7 mil 80 firmas de personas, colectivos, organizaciones y comunidad campesina, acad\u00e9mica, investigaci\u00f3n, defensor\u00eda de derechos humanos y sociedad civil, en la que se ped\u00eda no conceder la suspensi\u00f3n definitiva solicitada por el gigante de la agroindustria con m\u00e1s de 10 mil demandas en todo el mundo en contra, por los da\u00f1os que ocasiona el glifosato a la salud de las personas y de los ecosistemas.<\/p>\n\n<p>Las organizaciones agrupadas en la Campa\u00f1a Sin Ma\u00edz No Hay Pa\u00eds, reclamamos al juez que hubiese otorgado, en contravenci\u00f3n a la Ley de Amparo, la suspensi\u00f3n provisional y le solicitamos no otorgara la definitiva, por atentar contra el inter\u00e9s social y las disposiciones de orden p\u00fablico.<\/p>\n\n<p>El Juez Rebolledo Pe\u00f1a finalmente, decidi\u00f3 favorecer el inter\u00e9s general y los derechos humanos de la poblaci\u00f3n mexicana a un ambiente sano, a la biodiversidad, a la salud y a una alimentaci\u00f3n adecuada, tal como se argument\u00f3 en la carta de petici\u00f3n.<\/p>\n\n<p>Si bien, el juicio contin\u00faa e incluso Bayer-Monsanto puede todav\u00eda interponer un recurso de revisi\u00f3n- al negarse la suspensi\u00f3n definitiva y ser revocada la suspensi\u00f3n provisional por el Noveno Tribunal Colegiado de Circuito en materia administrativa de la Ciudad de M\u00e9xico el pasado 3 de mayo-, el Decreto Presidencial de la sustituci\u00f3n progresiva de glifosato y la prohibici\u00f3n de ma\u00edz transg\u00e9nico en M\u00e9xico se seguir\u00e1 aplicando en todos sus t\u00e9rminos, hasta que se resuelva el juicio de amparo.<\/p>\n\n<p>Este es un triunfo de la sociedad civil, comunidades campesinas e ind\u00edgenas y personas consumidoras que busca proteger la biodiversidad de los ma\u00edces mexicanos, la milpa y de la gran agrobiodiversidad existente en nuestro pa\u00eds, la salud de las y los consumidores, proteger el agua, la tierra y a los insectos polinizadores y la soberan\u00eda alimentaria.<\/p>\n\n<p>\u00a1No bajemos la guardia! Sigamos luchando por la defensa del campo y la salud del medio ambiente y las personas.<\/p>\n\n<h2 class=\"wp-block-heading\">\u00a1\u00danete! Firma la petici\u00f3n. ?<\/h2>\n\n<!--[if lte IE 8]>\n<script charset=\"utf-8\" type=\"text\/javascript\" src=\"\/\/js.hsforms.net\/forms\/v2-legacy.js\"><\/script>\n<![endif]-->\n<script charset=\"utf-8\" type=\"text\/javascript\" src=\"\/\/js.hsforms.net\/forms\/v2.js\"><\/script>\n<script>\n\thbspt.forms.create({\n\t\tportalId: \"2617486\",\n\t\tformId: \"2a640cfd-58f7-422d-936f-f6c0825f3e8b\",\n\t\tsfdcCampaignId: \"7011P00000170oTQAQ\",\n\t\tsubmitButtonClass: 'hs-button',\n\t\tonFormReady: function($form, ctx){\n\t\tvar paramsp4 = new window.URLSearchParams(window.location.search);\n\t\tvar utm_content = paramsp4.get('utm_content');\n\t\tif(utm_content == null) {\n\t\t\tvar urlp4 = window.location.href;\n\t\t\tvar fromGPMXBlog = urlp4.includes(\"\/blog\/\");\n\t\t\tif (fromGPMXBlog == true) {\n\t\t\t\tvar arrayp4 = urlp4.split(\"\/\");\n\t\t\t\tvar hs_origin = arrayp4[6];\n\t\t\t\t$('input[name=\"hs_origen__c\"]').val(hs_origin).change();\n\t\t\t\t$('input[name=\"utm_content\"]').val(hs_origin).change();\n\t\t\t}\n\t\t}\n\t}\n});\n<\/script>\n\t\t\t<section\n\t\t\tclass=\"boxout post-518 \"\n\t\t\t\n\t\t>\n\t\t\t<a\n\t\t\t\tdata-ga-category=\"Take Action Boxout\"\n\t\t\t\tdata-ga-action=\"Image\"\n\t\t\t\tdata-ga-label=\"n\/a\"\n\t\t\t\tclass=\"cover-card-overlay\"\n\t\t\t\thref=\"https:\/\/www.greenpeace.org\/mexico\/participa\/apoyanos\/\" \n\t\t\t><\/a>\n\t\t\t\t\t\t\t<img\n\t\t\t\t\t\tsrc=\"https:\/\/www.greenpeace.org\/static\/planet4-mexico-stateless\/2018\/10\/2d21d92f-gp0stsba7-1024x683.jpg\"\n\t\t\t\t\t\tsrcset=\"https:\/\/www.greenpeace.org\/static\/planet4-mexico-stateless\/2018\/10\/2d21d92f-gp0stsba7-300x200.jpg 300w, https:\/\/www.greenpeace.org\/static\/planet4-mexico-stateless\/2018\/10\/2d21d92f-gp0stsba7-768x512.jpg 768w, https:\/\/www.greenpeace.org\/static\/planet4-mexico-stateless\/2018\/10\/2d21d92f-gp0stsba7-1024x683.jpg 1024w, https:\/\/www.greenpeace.org\/static\/planet4-mexico-stateless\/2018\/10\/2d21d92f-gp0stsba7-510x340.jpg 510w\"\n\t\t\t\t\t\tsizes=\"(min-width: 1000px) 358px, (min-width: 780px) 313px, 88px\"\n\t\t\t\t\t\talt=\"Clean-up and Brand Audit Activity at Miramar Beach in Mexico.\" title=\"Clean-up and Brand Audit Activity at Miramar Beach in Mexico.\"\n\t\t\t\t\/>\n            \t\t\t<div class=\"boxout-content\">\n\t\t\t\t\t\t\t\t\t<a\n\t\t\t\t\t\tclass=\"boxout-heading medium\"\n\t\t\t\t\t\tdata-ga-category=\"Take Action Boxout\"\n\t\t\t\t\t\tdata-ga-action=\"Title\"\n\t\t\t\t\t\tdata-ga-label=\"n\/a\"\n\t\t\t\t\t\thref=\"https:\/\/www.greenpeace.org\/mexico\/participa\/apoyanos\/\"\n\t\t\t\t\t\t\n\t\t\t\t\t>\n\t\t\t\t\t\t\u00a1Ap\u00f3yanos!\n\t\t\t\t\t<\/a>\n\t\t\t\t\t\t\t\t\t\t\t\t\t<p class=\"boxout-excerpt\">Gracias a tu donativo podemos seguir luchando por el planeta.<\/p>\n\t\t\t\t                                    <a\n                        class=\"btn btn-primary\"\n                        data-ga-category=\"Take Action Boxout\"\n                        data-ga-action=\"Call to Action\"\n                        data-ga-label=\"n\/a\"\n                        href=\"https:\/\/www.greenpeace.org\/mexico\/participa\/apoyanos\/\"\n                        \n                    >\n                        Participa\n                    <\/a>\n                \t\t\t<\/div>\n\t\t\t\t\t<\/section>\n\t","protected":false},"excerpt":{"rendered":"<p>El decreto que proh\u00edbe el uso de glifosato y ma\u00edz gen\u00e9ticamente modificado en territorio mexicano, podr\u00e1 ser aplicado a a Bayer-Monsanto por las autoridades, mientras se resuelve si se le&hellip;<\/p>\n","protected":false},"author":29,"featured_media":9101,"comment_status":"open","ping_status":"open","sticky":false,"template":"","format":"standard","meta":{"ep_exclude_from_search":false,"p4_og_title":"","p4_og_description":"","p4_og_image":"","p4_og_image_id":"","p4_seo_canonical_url":"","p4_campaign_name":"not set","p4_local_project":"not set","p4_basket_name":"not set","p4_department":"","footnotes":""},"categories":[2],"tags":[30],"p4-page-type":[14],"class_list":["post-10065","post","type-post","status-publish","format-standard","has-post-thumbnail","hentry","category-cambio-climatico","tag-alimentacion","p4-page-type-blog"],"_links":{"self":[{"href":"https:\/\/www.greenpeace.org\/mexico\/wp-json\/wp\/v2\/posts\/10065","targetHints":{"allow":["GET"]}}],"collection":[{"href":"https:\/\/www.greenpeace.org\/mexico\/wp-json\/wp\/v2\/posts"}],"about":[{"href":"https:\/\/www.greenpeace.org\/mexico\/wp-json\/wp\/v2\/types\/post"}],"author":[{"embeddable":true,"href":"https:\/\/www.greenpeace.org\/mexico\/wp-json\/wp\/v2\/users\/29"}],"replies":[{"embeddable":true,"href":"https:\/\/www.greenpeace.org\/mexico\/wp-json\/wp\/v2\/comments?post=10065"}],"version-history":[{"count":2,"href":"https:\/\/www.greenpeace.org\/mexico\/wp-json\/wp\/v2\/posts\/10065\/revisions"}],"predecessor-version":[{"id":49721,"href":"https:\/\/www.greenpeace.org\/mexico\/wp-json\/wp\/v2\/posts\/10065\/revisions\/49721"}],"wp:featuredmedia":[{"embeddable":true,"href":"https:\/\/www.greenpeace.org\/mexico\/wp-json\/wp\/v2\/media\/9101"}],"wp:attachment":[{"href":"https:\/\/www.greenpeace.org\/mexico\/wp-json\/wp\/v2\/media?parent=10065"}],"wp:term":[{"taxonomy":"category","embeddable":true,"href":"https:\/\/www.greenpeace.org\/mexico\/wp-json\/wp\/v2\/categories?post=10065"},{"taxonomy":"post_tag","embeddable":true,"href":"https:\/\/www.greenpeace.org\/mexico\/wp-json\/wp\/v2\/tags?post=10065"},{"taxonomy":"p4-page-type","embeddable":true,"href":"https:\/\/www.greenpeace.org\/mexico\/wp-json\/wp\/v2\/p4-page-type?post=10065"}],"curies":[{"name":"wp","href":"https:\/\/api.w.org\/{rel}","templated":true}]}}