{"id":1007,"date":"2018-04-10T00:00:00","date_gmt":"2018-04-10T05:00:00","guid":{"rendered":"https:\/\/www.greenpeace.org\/mexico\/blog\/1007\/nestle-fracasa-en-como-abordar-su-problema-de-plasticos-de-un-solo-uso-2\/"},"modified":"2025-08-27T00:44:39","modified_gmt":"2025-08-27T05:44:39","slug":"nestle-fracasa-en-como-abordar-su-problema-de-plasticos-de-un-solo-uso-2","status":"publish","type":"post","link":"https:\/\/www.greenpeace.org\/mexico\/informacion-prensa\/1007\/nestle-fracasa-en-como-abordar-su-problema-de-plasticos-de-un-solo-uso-2\/","title":{"rendered":"Nestl\u00e9 fracasa en c\u00f3mo abordar su problema de pl\u00e1sticos de un solo uso"},"content":{"rendered":"\n<p>Nestl\u00e9 se suma a la conversaci\u00f3n sobre la contaminaci\u00f3n por pl\u00e1sticos, pero lo hace con declaraciones vagas y sin compromisos reales. En lugar de liderar con acciones concretas, la empresa opta por mantener el statu quo con promesas reciclables que no atacan el problema de fondo:<br><strong>la sobreproducci\u00f3n de pl\u00e1sticos de un solo uso<\/strong> .<\/p>\n\n<figure class=\"wp-block-image size-large\"><img loading=\"lazy\" decoding=\"async\" width=\"1024\" height=\"683\" src=\"https:\/\/www.greenpeace.org\/static\/planet4-mexico-stateless\/2025\/04\/372c416b-plasticos-nestle-1024x683.jpg\" title=\"Monta\u00f1a de residuos pl\u00e1sticos cubierta por una manta gigante con el logo de Nestl\u00e9, evidenciando el impacto ambiental de sus empaques desechables.\" alt=\"Monta\u00f1a de residuos pl\u00e1sticos cubierta por una manta gigante con el logo de Nestl\u00e9, evidenciando el impacto ambiental de sus empaques desechables.\" class=\"wp-image-55047\" srcset=\"https:\/\/www.greenpeace.org\/static\/planet4-mexico-stateless\/2025\/04\/372c416b-plasticos-nestle-1024x683.jpg 1024w, https:\/\/www.greenpeace.org\/static\/planet4-mexico-stateless\/2025\/04\/372c416b-plasticos-nestle-300x200.jpg 300w, https:\/\/www.greenpeace.org\/static\/planet4-mexico-stateless\/2025\/04\/372c416b-plasticos-nestle-768x512.jpg 768w, https:\/\/www.greenpeace.org\/static\/planet4-mexico-stateless\/2025\/04\/372c416b-plasticos-nestle-510x340.jpg 510w, https:\/\/www.greenpeace.org\/static\/planet4-mexico-stateless\/2025\/04\/372c416b-plasticos-nestle.jpg 1200w\" sizes=\"auto, (max-width: 1024px) 100vw, 1024px\" \/><figcaption class=\"wp-element-caption\">Greenpeace, junto con la coalici\u00f3n #breakfreefromplastic, lleva a cabo una limpieza de playa y una auditor\u00eda de marca en Freedom Island, Para\u00f1aque City, Metro Manila, Filipinas. \u00a9 Biel Calder\u00f3n \/ Greenpeace<\/figcaption><\/figure>\n\n<h2 class=\"wp-block-heading\">Nestl\u00e9 lanza un comunicado sobre envases, pero evita hablar de reducci\u00f3n<\/h2>\n\n<p>Nestl\u00e9, la compa\u00f1\u00eda de alimentos y bebidas m\u00e1s grande del mundo, emiti\u00f3 un comunicado con el objetivo de abordar la creciente crisis de contaminaci\u00f3n por pl\u00e1stico. Sin embargo, la declaraci\u00f3n <strong>no incluye objetivos claros para reducir o eliminar los pl\u00e1sticos de un solo uso<\/strong> .<\/p>\n\n<p>En lugar de comprometerse con una transformaci\u00f3n real, la empresa anunci\u00f3 la \u201cambici\u00f3n\u201d de que todos sus envases sean reciclables o reutilizables para 2025, y que continuar\u00e1 aumentando el uso de pl\u00e1sticos reciclados. No se especificaron <strong>cronogramas ni mecanismos para facilitar el reciclaje real<\/strong> por parte de los consumidores.<\/p>\n\n<p><a class=\"\" href=\"https:\/\/www.nestle.com\/media\/pressreleases\/allpressreleases\/nestle-recyclable-reusable-packaging-by-2025\">Lee el comunicado completo de Nestl\u00e9<\/a><\/p>\n\n<h2 class=\"wp-block-heading\">Greenpeace responde: No basta con reciclar<\/h2>\n\n<p>Graham Forbes, campa\u00f1ista de oc\u00e9anos en Greenpeace, se\u00f1al\u00f3:<\/p>\n\n<p><mark style=\"background-color:rgba(0, 0, 0, 0)\" class=\"has-inline-color has-green-800-color\">&#8220;La declaraci\u00f3n de Nestl\u00e9 sobre los envases de pl\u00e1stico incluye m\u00e1s de los mismos pasos insuficientes para enfrentar la crisis que ayud\u00f3 a crear. En realidad no mover\u00e1 la br\u00fajula hacia la reducci\u00f3n de pl\u00e1sticos de un solo uso de una manera significativa. La declaraci\u00f3n est\u00e1 llena de objetivos ambiguos o inexistentes, conf\u00eda en las &#8216;ambiciones&#8217; para mejorar, y responsabiliza m\u00e1s a los consumidores que a la empresa por limpiar su propia contaminaci\u00f3n pl\u00e1stica&#8221;.<\/mark><\/p>\n\n<h2 class=\"wp-block-heading\">\u00bfPor qu\u00e9 lo que propone Nestl\u00e9 no es suficiente?<\/h2>\n\n<p>Los compromisos sin acciones concretas no son una soluci\u00f3n frente a la crisis ambiental que enfrentamos. Nestl\u00e9 tiene los recursos y la influencia necesarios para liderar un cambio estructural, pero elige no hacerlo. Esto no solo es decepcionante, sino tambi\u00e9n peligroso para el planeta y las comunidades m\u00e1s afectadas.<\/p>\n\n<h3 class=\"wp-block-heading\">Reciclaje sin objetivos claros<\/h3>\n\n<p>Nestl\u00e9 insiste en soluciones de reciclaje, pero <strong>ignora la urgencia de reducir la producci\u00f3n de pl\u00e1sticos<\/strong> . Sin metas espec\u00edficas, sus compromisos no se traducen en acciones efectivas.<\/p>\n\n<h3 class=\"wp-block-heading\">La responsabilidad no puede caer solo en el consumidor<\/h3>\n\n<p>Nestl\u00e9 sigue transfiriendo la responsabilidad al consumidor, cuando deber\u00eda ser <strong>la propia empresa quien asuma los costos y consecuencias de su contaminaci\u00f3n<\/strong>.<\/p>\n\n<h2 class=\"wp-block-heading\">Greenpeace exige soluciones reales<\/h2>\n\n<p><mark style=\"background-color:rgba(0, 0, 0, 0)\" class=\"has-inline-color has-green-800-color\">\u201cUna empresa del tama\u00f1o de Nestl\u00e9 deber\u00eda establecer un est\u00e1ndar s\u00f3lido para avanzar hacia la reducci\u00f3n y eventual eliminaci\u00f3n de los pl\u00e1sticos desechables\u201d, a\u00f1ade Forbes. \u201cEsta empresa ya debe saber que los esfuerzos de reciclaje no van a limpiar nuestros oc\u00e9anos, cursos de agua y comunidades\u201d.<\/mark><\/p>\n\n<h2 class=\"wp-block-heading\">Nestl\u00e9, el mayor contaminante pl\u00e1stico del mundo<\/h2>\n\n<p>Durante una limpieza masiva en Freedom Island, Filipinas, en 2017, Nestl\u00e9 fue identificada como <strong>la empresa m\u00e1s contaminante<\/strong> . Sus productos son recurrentes en limpiezas y auditor\u00edas de marca en todo el mundo.<\/p>\n\n<p>? <a class=\"\" href=\"http:\/\/media.greenpeace.org\/collection\/27MZIFJXNPE1S\">Ver fotos del impacto de la contaminaci\u00f3n pl\u00e1stica de Nestl\u00e9<\/a><\/p>\n\n<p><\/p>\n","protected":false},"excerpt":{"rendered":"<p>Nestl\u00e9 anuncia medidas insuficientes ante la crisis del pl\u00e1stico. Greenpeace responde y exige acciones reales para reducir pl\u00e1sticos de un solo uso.<\/p>\n","protected":false},"author":29,"featured_media":55047,"comment_status":"open","ping_status":"open","sticky":false,"template":"","format":"standard","meta":{"ep_exclude_from_search":false,"p4_og_title":"Nestl\u00e9 fracasa en c\u00f3mo abordar su problema de pl\u00e1sticos de un solo uso","p4_og_description":"Nestl\u00e9 anuncia medidas insuficientes ante la crisis del pl\u00e1stico. Greenpeace responde y exige acciones reales para reducir pl\u00e1sticos de un solo uso.","p4_og_image":"https:\/\/www.greenpeace.org\/static\/planet4-mexico-stateless\/2025\/04\/372c416b-plasticos-nestle.jpg","p4_og_image_id":"55047","p4_seo_canonical_url":"","p4_campaign_name":"","p4_local_project":"","p4_basket_name":"","p4_department":"","footnotes":""},"categories":[45],"tags":[68,20],"p4-page-type":[16],"class_list":["post-1007","post","type-post","status-publish","format-standard","has-post-thumbnail","hentry","category-plasticos","tag-mexico-sin-plasticos","tag-consumo","p4-page-type-informacion-prensa"],"_links":{"self":[{"href":"https:\/\/www.greenpeace.org\/mexico\/wp-json\/wp\/v2\/posts\/1007","targetHints":{"allow":["GET"]}}],"collection":[{"href":"https:\/\/www.greenpeace.org\/mexico\/wp-json\/wp\/v2\/posts"}],"about":[{"href":"https:\/\/www.greenpeace.org\/mexico\/wp-json\/wp\/v2\/types\/post"}],"author":[{"embeddable":true,"href":"https:\/\/www.greenpeace.org\/mexico\/wp-json\/wp\/v2\/users\/29"}],"replies":[{"embeddable":true,"href":"https:\/\/www.greenpeace.org\/mexico\/wp-json\/wp\/v2\/comments?post=1007"}],"version-history":[{"count":6,"href":"https:\/\/www.greenpeace.org\/mexico\/wp-json\/wp\/v2\/posts\/1007\/revisions"}],"predecessor-version":[{"id":55049,"href":"https:\/\/www.greenpeace.org\/mexico\/wp-json\/wp\/v2\/posts\/1007\/revisions\/55049"}],"wp:featuredmedia":[{"embeddable":true,"href":"https:\/\/www.greenpeace.org\/mexico\/wp-json\/wp\/v2\/media\/55047"}],"wp:attachment":[{"href":"https:\/\/www.greenpeace.org\/mexico\/wp-json\/wp\/v2\/media?parent=1007"}],"wp:term":[{"taxonomy":"category","embeddable":true,"href":"https:\/\/www.greenpeace.org\/mexico\/wp-json\/wp\/v2\/categories?post=1007"},{"taxonomy":"post_tag","embeddable":true,"href":"https:\/\/www.greenpeace.org\/mexico\/wp-json\/wp\/v2\/tags?post=1007"},{"taxonomy":"p4-page-type","embeddable":true,"href":"https:\/\/www.greenpeace.org\/mexico\/wp-json\/wp\/v2\/p4-page-type?post=1007"}],"curies":[{"name":"wp","href":"https:\/\/api.w.org\/{rel}","templated":true}]}}