{"id":1025,"date":"2018-05-30T00:00:00","date_gmt":"2018-05-30T05:00:00","guid":{"rendered":"https:\/\/www.greenpeace.org\/mexico\/blog\/1025\/el-aire-en-mexico-mata-greenpeace\/"},"modified":"2025-08-27T00:56:47","modified_gmt":"2025-08-27T05:56:47","slug":"el-aire-en-mexico-mata-greenpeace","status":"publish","type":"post","link":"https:\/\/www.greenpeace.org\/mexico\/informacion-prensa\/1025\/el-aire-en-mexico-mata-greenpeace\/","title":{"rendered":"El aire en M\u00e9xico mata: Greenpeace"},"content":{"rendered":"\n<ul class=\"wp-block-list\">\n<li><strong>Colocan m\u00e1scara y tanque de ox\u00edgeno a la Diana Cazadora para exigir aire limpio<\/strong><\/li>\n\n\n\n<li><strong>En 25 a\u00f1os, las medidas para mejorar calidad del aire han sido insuficient<\/strong>es<\/li>\n<\/ul>\n\n<p>Ciudad de M\u00e9xico . &#8211; Activistas de Greenpeace colocaron unaEn 25 a\u00f1os, las medidas para mejorar la calidad del aire han sido insuficientes<br>Ciudad de M\u00e9xico.- Activistas de Greenpeace colocaron una m\u00e1scara y un tanque de ox\u00edgeno a la estatua de la Diana Cazadora con el mensaje \u201cEl aire en M\u00e9xico MATA\u201d para exigir aire limpio y transporte p\u00fablico no contaminante para todo el pa\u00eds.<\/p>\n\n<p>La manifestaci\u00f3n se realiz\u00f3 como un llamado urgente para que las autoridades y candidatos a la siguiente administraci\u00f3n en todos los niveles -federal, estatal y municipal- reconozcan la gravedad medidas de la situaci\u00f3n y se comprometan con efectivas para mejorar la calidad del aire que respiramos y que actualmente cobra la vida de al menos 48 personas diariamente en M\u00e9xico (1).<\/p>\n\n<p>Al lugar llegaron elementos de la Secretar\u00eda de Seguridad P\u00fablica de la Ciudad de M\u00e9xico, quienes retiraron a los activistas que protestaban pac\u00edficamente, sin que hubieran detenidos. Los polic\u00edas tambi\u00e9n quitaron de la Diana Cazadora el tanque y m\u00e1scara de ox\u00edgeno as\u00ed como las mantas en las que se le\u00eda \u201cEl aire en M\u00e9xico MATA\u201d.<\/p>\n\n<p>Activistas colocaron una m\u00e1scaraEl aire en M\u00e9xico Mata. \u00a9 Ilse Huesca Vargas<br>Activistas colocaron una m\u00e1scara y un tanque de ox\u00edgeno a la estatua de la Diana Cazadora en la Ciudad de M\u00e9xico con el mensaje \u201cEl aire en M\u00e9xico MATA\u201d para exigir aire limpio y transporte p\u00fablico no contaminante para todo el pa\u00eds.<\/p>\n\n<figure class=\"wp-block-image size-large\"><img loading=\"lazy\" decoding=\"async\" width=\"1024\" height=\"683\" src=\"https:\/\/www.greenpeace.org\/static\/planet4-mexico-stateless\/2025\/04\/b9e5fbb1-aire-mata-mexico-1024x683.jpg\" title=\"Activistas colocando una mascarilla y un tanque de ox\u00edgeno en la estatua de Diana Cazadora en la Ciudad de M\u00e9xico con el mensaje \u201cEl aire en M\u00e9xico MATA\u201d para exigir aire limpio.\" alt=\"Activistas colocando una mascarilla y un tanque de ox\u00edgeno en la estatua de Diana Cazadora en la Ciudad de M\u00e9xico con el mensaje \u201cEl aire en M\u00e9xico MATA\u201d para exigir aire limpio.\" class=\"wp-image-55095\" srcset=\"https:\/\/www.greenpeace.org\/static\/planet4-mexico-stateless\/2025\/04\/b9e5fbb1-aire-mata-mexico-1024x683.jpg 1024w, https:\/\/www.greenpeace.org\/static\/planet4-mexico-stateless\/2025\/04\/b9e5fbb1-aire-mata-mexico-300x200.jpg 300w, https:\/\/www.greenpeace.org\/static\/planet4-mexico-stateless\/2025\/04\/b9e5fbb1-aire-mata-mexico-768x512.jpg 768w, https:\/\/www.greenpeace.org\/static\/planet4-mexico-stateless\/2025\/04\/b9e5fbb1-aire-mata-mexico-510x340.jpg 510w, https:\/\/www.greenpeace.org\/static\/planet4-mexico-stateless\/2025\/04\/b9e5fbb1-aire-mata-mexico.jpg 1200w\" sizes=\"auto, (max-width: 1024px) 100vw, 1024px\" \/><figcaption class=\"wp-element-caption\">Activistas colocaron una m\u00e1scara y un tanque de ox\u00edgeno a la estatua de la Diana Cazadora en la Ciudad de M\u00e9xico con el mensaje \u201cEl aire en M\u00e9xico KILL\u201d para exigir aire limpio y transporte p\u00fablico no contaminante para todo el pa\u00eds.<br>\u00a9 Ilse Huesca \/ Greenpeace<\/figcaption><\/figure>\n\n<h2 class=\"wp-block-heading\">Un problema de d\u00e9cadas sin soluci\u00f3n<\/h2>\n\n<blockquote class=\"wp-block-quote is-layout-flow wp-block-quote-is-layout-flow\">\n<p>&#8220;Hace 25 a\u00f1os Greenpeace inici\u00f3 su trabajo en este pa\u00eds con una manifestaci\u00f3n similar para evidenciar la mala calidad del aire en la capital. Lamentablemente, un cuarto de siglo despu\u00e9s, el problema se ha extendido a toda la Rep\u00fablica porque se ha privilegiado la infraestructura automovil\u00edstica en lugar del transporte p\u00fablico y las normas sobre l\u00edmites m\u00e1ximos permitidos de emisiones contaminantes y exposici\u00f3n a ellas continuando siendo m\u00e1s laxas en comparaci\u00f3n con los valores gu\u00eda sugeridos por organismos internacionales&#8221; se\u00f1al\u00f3 Paloma Neumann, responsable de la campa\u00f1a Revoluci\u00f3n Urbana de Greenpeace. M\u00e9xico.<\/p>\n<\/blockquote>\n\n<h2 class=\"wp-block-heading\">Normas laxas frente a est\u00e1ndares internacionales<\/h2>\n\n<p>Tal es el caso de las Normas Oficiales Mexicanas de salud ambiental, cuyos niveles son m\u00e1s permisibles que los valores sugeridos por la Organizaci\u00f3n Mundial de la Salud (OMS), raz\u00f3n por la cual el 1 de noviembre de 2017 un grupo de ni\u00f1os inici\u00f3 un proceso legal para que la Comisi\u00f3n Federal para la Protecci\u00f3n contra Riesgos Sanitarios (Cofepris) ajuste los l\u00edmites de exposici\u00f3n para proteger los derechos de la infancia a la salud, la vida, el esparcimiento y un medio ambiente sano; de haberlo hecho, desde esa fecha hasta hoy se pudo evitar 10 mil 128 muertes (2). Sin embargo, los fallecimientos contin\u00faan cada d\u00eda por la negativa de Cofepris a reconocer que se trata de una emergencia ambiental y de salud.<\/p>\n\n<h2 class=\"wp-block-heading\">La contaminaci\u00f3n afecta a todo el pa\u00eds<\/h2>\n\n<p>La organizaci\u00f3n ambientalista inici\u00f3 su trabajo en M\u00e9xico en 1993 con una protesta p\u00fablica en la Diana Cazadora para exigir a las autoridades -del entonces Distrito Federal- medidas m\u00e1s estrictas para disminuir la contaminaci\u00f3n del aire, que en ese momento colocaba a la capital mexicana como la metr\u00f3poli m\u00e1s contaminada del pa\u00eds y el mundo.<\/p>\n\n<p>Actualmente la Ciudad de M\u00e9xico ostenta el primer lugar con los niveles m\u00e1s altos de ozono, y tambi\u00e9n alcanza niveles altos de part\u00edculas suspendidas, pero este no es un problema exclusivo de la capital: urbes como Monterrey, Guadalajara, el valle de Toluca, Guanajuato, Pachuca y sus alrededores, entre otras, enfrentan tambi\u00e9n preocupantes niveles de contaminantes atmosf\u00e9ricos que ponen en riesgo a todos sus habitantes.<\/p>\n\n<p>\u201cEl problema es tan grave que al menos 17,700 personas mueren cada a\u00f1o en M\u00e9xico como resultado de la exposici\u00f3n a niveles altos de contaminantes, y aun as\u00ed la Cofepris considera que esta no es una situaci\u00f3n de emergencia lo suficientemente relevante como para considerar el ajuste de la norma a niveles m\u00e1s protectores\u201d, agreg\u00f3 Neumann.<\/p>\n\n<h3 class=\"wp-block-heading\">La contaminaci\u00f3n del aire: una amenaza global<\/h3>\n\n<p>La mala calidad del aire ha sido catalogada por la OMS como la mayor amenaza de salud ambiental que enfrenta la humanidad. Algunos de los contaminantes m\u00e1s peligrosos que respiramos a diario son las part\u00edculas suspendidas, el ozono y el di\u00f3xido de azufre, todas ellas producidas por la quema de combustibles f\u00f3siles como la gasolina de veh\u00edculos automotores, proceso que tambi\u00e9n contribuye al calentamiento global.<\/p>\n\n<p>Es por ello que Greenpeace a nivel global ha realizado la exigencia de aire limpio desde monumentos ic\u00f3nicos de ciudades como Londres, Berl\u00edn, Adelaide, Buenos Aires, y hoy desde la Ciudad de M\u00e9xico en la Diana Cazadora para exigir aire limpio y transporte p\u00fablico eficiente y no contaminante como soluci\u00f3n urgente a esta crisis ambiental y de salud.<br><\/p>\n<p>\u00a0<\/p>\n<p><strong>Notas:<\/strong><\/p>\n<p>1.- Las 48 muertes diarias se calcularon tomando como referencia los resultados preliminares de un estudio reciente realizado por el Instituto Nacional de Salud P\u00fablica (INSP), en el que se documenta que alrededor de 17 mil 700 muertes anuales podr\u00edan Pevitarse si tan s\u00f3lo en Celaya, Irapuato, Le\u00f3n, Salamanca, Silao y en las Zonas Metropolitanas de Monterrey, Guadalajara, y de los Valles de M\u00e9xico y de Toluca, se cumpliera con las recomendaciones de calidad del aire de la OMS. Fondo Sectorial de Investigaci\u00f3n Ambienta (p. 37-44). Semarnat-Conacyt. Disponible en: <a href=\"https:\/\/www.greenpeace.org\/static\/planet4-mexico-stateless\/2018\/11\/3733ac1e-3733ac1e-fsia_inecc_book_pages_v2.pdf\">https:\/\/www.greenpeace.org\/static\/planet4-mexico-stateless\/2018\/11\/3733ac1e-3733ac1e-fsia_inecc_book_pages_v2.pdf<\/a><\/p>\n<p>2.- El c\u00e1lculo se realiz\u00f3 contabilizando las 48 muertes diarias por los 211 d\u00edas desde que se present\u00f3 el escrito de petici\u00f3n inicial de un grupo de ni\u00f1os a la Cofepris para que se ajusten las normas y en su caso emitir una norma de emergencia.<\/p>\n","protected":false},"excerpt":{"rendered":"<p>Greenpeace exige aire limpio en M\u00e9xico al intervenir la Diana Cazadora; alertan sobre 48 muertes diarias por contaminaci\u00f3n del aire.<\/p>\n","protected":false},"author":29,"featured_media":422,"comment_status":"open","ping_status":"open","sticky":false,"template":"","format":"standard","meta":{"ep_exclude_from_search":false,"p4_og_title":"El aire en M\u00e9xico mata: Greenpeace","p4_og_description":"Greenpeace exige aire limpio en M\u00e9xico al intervenir la Diana Cazadora; alertan sobre 48 muertes diarias por contaminaci\u00f3n del aire.","p4_og_image":"https:\/\/www.greenpeace.org\/static\/planet4-mexico-stateless\/2018\/10\/0a3679e0-gp0sts1e9.jpg","p4_og_image_id":"422","p4_seo_canonical_url":"","p4_campaign_name":"","p4_local_project":"","p4_basket_name":"","p4_department":"","footnotes":""},"categories":[39],"tags":[21,48],"p4-page-type":[16],"class_list":["post-1025","post","type-post","status-publish","format-standard","has-post-thumbnail","hentry","category-clima-y-energia","tag-activismo","tag-salud","p4-page-type-informacion-prensa"],"_links":{"self":[{"href":"https:\/\/www.greenpeace.org\/mexico\/wp-json\/wp\/v2\/posts\/1025","targetHints":{"allow":["GET"]}}],"collection":[{"href":"https:\/\/www.greenpeace.org\/mexico\/wp-json\/wp\/v2\/posts"}],"about":[{"href":"https:\/\/www.greenpeace.org\/mexico\/wp-json\/wp\/v2\/types\/post"}],"author":[{"embeddable":true,"href":"https:\/\/www.greenpeace.org\/mexico\/wp-json\/wp\/v2\/users\/29"}],"replies":[{"embeddable":true,"href":"https:\/\/www.greenpeace.org\/mexico\/wp-json\/wp\/v2\/comments?post=1025"}],"version-history":[{"count":5,"href":"https:\/\/www.greenpeace.org\/mexico\/wp-json\/wp\/v2\/posts\/1025\/revisions"}],"predecessor-version":[{"id":58576,"href":"https:\/\/www.greenpeace.org\/mexico\/wp-json\/wp\/v2\/posts\/1025\/revisions\/58576"}],"wp:featuredmedia":[{"embeddable":true,"href":"https:\/\/www.greenpeace.org\/mexico\/wp-json\/wp\/v2\/media\/422"}],"wp:attachment":[{"href":"https:\/\/www.greenpeace.org\/mexico\/wp-json\/wp\/v2\/media?parent=1025"}],"wp:term":[{"taxonomy":"category","embeddable":true,"href":"https:\/\/www.greenpeace.org\/mexico\/wp-json\/wp\/v2\/categories?post=1025"},{"taxonomy":"post_tag","embeddable":true,"href":"https:\/\/www.greenpeace.org\/mexico\/wp-json\/wp\/v2\/tags?post=1025"},{"taxonomy":"p4-page-type","embeddable":true,"href":"https:\/\/www.greenpeace.org\/mexico\/wp-json\/wp\/v2\/p4-page-type?post=1025"}],"curies":[{"name":"wp","href":"https:\/\/api.w.org\/{rel}","templated":true}]}}