{"id":1028,"date":"2018-02-20T00:00:00","date_gmt":"2018-02-20T05:00:00","guid":{"rendered":"https:\/\/www.greenpeace.org\/mexico\/blog\/1028\/exige-greenpeace-a-cofepris-mejor-calidad-de-aire\/"},"modified":"2025-08-27T00:35:22","modified_gmt":"2025-08-27T05:35:22","slug":"exige-greenpeace-a-cofepris-mejor-calidad-de-aire","status":"publish","type":"post","link":"https:\/\/www.greenpeace.org\/mexico\/informacion-prensa\/1028\/exige-greenpeace-a-cofepris-mejor-calidad-de-aire\/","title":{"rendered":"Exige Greenpeace a Cofepris mejor calidad de aire"},"content":{"rendered":"\n<p>Greenpeace M\u00e9xico realiz\u00f3 una manifestaci\u00f3n dentro y fuera de las oficinas de la Comisi\u00f3n Federal para la Protecci\u00f3n contra Riesgos Sanitarios (Cofepris) para exigir que esta dependencia responda a la <strong>demanda presentada por un grupo de ni\u00f1os y ni\u00f1as<\/strong>. Ellos exigen que las normas de <strong>calidad del aire<\/strong> en el pa\u00eds se ajusten a los est\u00e1ndares m\u00e1s estrictos establecidos por la<strong> Organizaci\u00f3n Mundial de la Salud (OMS).<\/strong><\/p>\n\n<figure class=\"wp-block-image size-large\"><img loading=\"lazy\" decoding=\"async\" width=\"1024\" height=\"683\" src=\"https:\/\/www.greenpeace.org\/static\/planet4-mexico-stateless\/2018\/11\/094d189e-gp0strl6n-1024x683.jpg\" title=\"En protesta contra COFEPRIS, ni\u00f1o demandante usa un cubrebocas y sostiene un cartel que dice &quot;#RespondeCofepris&quot;\" alt=\"Ni\u00f1os exige una respuesta a COFEPRIS, tras la demanda de normas m\u00e1s estrictas de la calidad del aire en M\u00e9xico, mientras sotiene un cartel con la leyenda &quot;#RespondeCofepris&quot;.\" class=\"wp-image-1286\" srcset=\"https:\/\/www.greenpeace.org\/static\/planet4-mexico-stateless\/2018\/11\/094d189e-gp0strl6n-1024x683.jpg 1024w, https:\/\/www.greenpeace.org\/static\/planet4-mexico-stateless\/2018\/11\/094d189e-gp0strl6n-300x200.jpg 300w, https:\/\/www.greenpeace.org\/static\/planet4-mexico-stateless\/2018\/11\/094d189e-gp0strl6n-768x512.jpg 768w, https:\/\/www.greenpeace.org\/static\/planet4-mexico-stateless\/2018\/11\/094d189e-gp0strl6n-510x340.jpg 510w, https:\/\/www.greenpeace.org\/static\/planet4-mexico-stateless\/2018\/11\/094d189e-gp0strl6n.jpg 1200w\" sizes=\"auto, (max-width: 1024px) 100vw, 1024px\" \/><figcaption class=\"wp-element-caption\">Ni\u00f1os demandantes protestan contra COFEPRIS exigiendo respuesta a la demanda de normas m\u00e1s estrictas de la calidad del aire en M\u00e9xico<div class=\"credit icon-left\"> \u00a9 Consuelo Pagaza<\/div><\/figcaption><\/figure>\n\n<h2 class=\"wp-block-heading\">Activistas de Greenpeace exigen acci\u00f3n inmediata por la salud infantil<\/h2>\n\n<p>En la manifestaci\u00f3n, activistas de Greenpeace desplegaron mantas con las im\u00e1genes de los ni\u00f1os demandantes, exigiendo a la Cofepris que responda a la solicitud hecha en noviembre del 2017. Los menores presentaron la demanda para que se ajusten las normas de calidad del aire, pero, al no recibir respuesta, decidieron llevar el caso m\u00e1s all\u00e1 y demandaron a la instituci\u00f3n por <strong>violaciones a sus derechos a la vida, la salud y un ambiente limpio.<\/strong><\/p>\n\n<h3 class=\"wp-block-heading\">Ni\u00f1os y ni\u00f1as luchan por un aire limpio para todas las personas<\/h3>\n\n<p>Con el lema &#8220;Cofepris juega con el aire que respiro&#8221;, los ni\u00f1os activistas colocaron unos pulmones gigantes frente a la instituci\u00f3n, uno de ellos visiblemente enfermo, para ilustrar las consecuencias de la contaminaci\u00f3n. La falta de respuesta de las autoridades ha provocado que los menores presenten una demanda de amparo, pues consideran que su derecho de petici\u00f3n est\u00e1 siendo ignorado. <\/p>\n\n<p>Paloma Neumann, coordinadora de la campa\u00f1a Revoluci\u00f3n Urbana de Greenpeace M\u00e9xico, enfatiz\u00f3 que esta falta de respuesta es una violaci\u00f3n a los derechos fundamentales de los ni\u00f1os y ni\u00f1as.<\/p>\n\n<h3 class=\"wp-block-heading\">\u00bfC\u00f3mo puedes apoyar la demanda por un aire limpio?<\/h3>\n\n<p>Greenpeace invita a la ciudadan\u00eda a unirse al movimiento y apoyar la demanda de los ni\u00f1os a trav\u00e9s de la p\u00e1gina web <a class=\"\" href=\"http:\/\/www.calidaddelaire.org\">www.calidaddelaire.org<\/a> y a exigir a la Cofepris que atienda este llamado utilizando el hashtag <strong>#RespondeCofepris<\/strong> en redes sociales. La salud de la ni\u00f1ez y de la poblaci\u00f3n en general depende de acciones inmediatas por parte de las autoridades.<\/p>\n<div>\n<p>\u00a0<\/p>\n<p>Notas:<br \/>(1) \u00a0\u00a0Ficha t\u00e9cnica de la demanda de amparo presentada por 5 ni\u00f1os y 1 ni\u00f1a para tener aire limpio. Disponible en:<a href=\"http:\/\/www-dev.greenpeace.org\/mexico\/es\/Footer\/Descargas\/reports\/2018\/Ficha-tecnica-de-demanda-de-ninos-por-el-aire\/\"> http:\/\/www-dev.greenpeace.org\/mexico\/es\/Footer\/Descargas\/reports\/2018\/Ficha-tecnica-de-demanda-de-ninos-por-el-aire\/<\/a><br \/>(2) \u00a0\u00a0El aire que respiro. El estado de la calidad del aire. Greenpeace. Enero 2018. Disponible en:<a href=\"http:\/\/www-dev.greenpeace.org\/mexico\/es\/Footer\/Descargas\/reports\/2018\/EL-AIRE-QUE-RESPIRO\/\"> http:\/\/www-dev.greenpeace.org\/mexico\/es\/Footer\/Descargas\/reports\/2018\/EL-AIRE-QUE-RESPIRO\/<\/a><br \/>(3) \u00a0\u00a0\u00cdbidem.<br \/>Contacto para medios:<\/p>\n<p dir=\"ltr\">Edith Mart\u00ednez | Cel. 553939-3599 | edith.martinez@greenpeace.org\u00a0| Of. 57879595<\/p>\n<\/div>\n\n<p><\/p>\n","protected":false},"excerpt":{"rendered":"<p>Greenpeace exige a Cofepris mejorar la calidad del aire en M\u00e9xico para proteger la salud de los ni\u00f1os y ni\u00f1as. <\/p>\n","protected":false},"author":29,"featured_media":1029,"comment_status":"open","ping_status":"open","sticky":false,"template":"","format":"standard","meta":{"ep_exclude_from_search":false,"p4_og_title":"Exige Greenpeace a Cofepris mejor calidad de aire","p4_og_description":"Greenpeace exige a Cofepris mejorar la calidad del aire en M\u00e9xico para proteger la salud de los ni\u00f1os y ni\u00f1as.","p4_og_image":"https:\/\/www.greenpeace.org\/static\/planet4-mexico-stateless\/2018\/11\/a3d71b21-a3d71b21-2018-02-21-1.jpg","p4_og_image_id":"1029","p4_seo_canonical_url":"","p4_campaign_name":"","p4_local_project":"","p4_basket_name":"","p4_department":"","footnotes":""},"categories":[39],"tags":[21,48],"p4-page-type":[16],"class_list":["post-1028","post","type-post","status-publish","format-standard","has-post-thumbnail","hentry","category-clima-y-energia","tag-activismo","tag-salud","p4-page-type-informacion-prensa"],"_links":{"self":[{"href":"https:\/\/www.greenpeace.org\/mexico\/wp-json\/wp\/v2\/posts\/1028","targetHints":{"allow":["GET"]}}],"collection":[{"href":"https:\/\/www.greenpeace.org\/mexico\/wp-json\/wp\/v2\/posts"}],"about":[{"href":"https:\/\/www.greenpeace.org\/mexico\/wp-json\/wp\/v2\/types\/post"}],"author":[{"embeddable":true,"href":"https:\/\/www.greenpeace.org\/mexico\/wp-json\/wp\/v2\/users\/29"}],"replies":[{"embeddable":true,"href":"https:\/\/www.greenpeace.org\/mexico\/wp-json\/wp\/v2\/comments?post=1028"}],"version-history":[{"count":6,"href":"https:\/\/www.greenpeace.org\/mexico\/wp-json\/wp\/v2\/posts\/1028\/revisions"}],"predecessor-version":[{"id":58596,"href":"https:\/\/www.greenpeace.org\/mexico\/wp-json\/wp\/v2\/posts\/1028\/revisions\/58596"}],"wp:featuredmedia":[{"embeddable":true,"href":"https:\/\/www.greenpeace.org\/mexico\/wp-json\/wp\/v2\/media\/1029"}],"wp:attachment":[{"href":"https:\/\/www.greenpeace.org\/mexico\/wp-json\/wp\/v2\/media?parent=1028"}],"wp:term":[{"taxonomy":"category","embeddable":true,"href":"https:\/\/www.greenpeace.org\/mexico\/wp-json\/wp\/v2\/categories?post=1028"},{"taxonomy":"post_tag","embeddable":true,"href":"https:\/\/www.greenpeace.org\/mexico\/wp-json\/wp\/v2\/tags?post=1028"},{"taxonomy":"p4-page-type","embeddable":true,"href":"https:\/\/www.greenpeace.org\/mexico\/wp-json\/wp\/v2\/p4-page-type?post=1028"}],"curies":[{"name":"wp","href":"https:\/\/api.w.org\/{rel}","templated":true}]}}