{"id":10435,"date":"2021-06-15T14:01:39","date_gmt":"2021-06-15T19:01:39","guid":{"rendered":"https:\/\/www.greenpeace.org\/mexico\/?p=10435"},"modified":"2025-06-25T09:38:31","modified_gmt":"2025-06-25T14:38:31","slug":"energia-eolica-mitos-y-realidades","status":"publish","type":"post","link":"https:\/\/www.greenpeace.org\/mexico\/blog\/10435\/energia-eolica-mitos-y-realidades\/","title":{"rendered":"Energ\u00eda e\u00f3lica: mitos y realidades"},"content":{"rendered":"\n<p>Este 15 de junio se conmemora el D\u00eda Mundial del Viento, cuyo fin es reconocer la importancia de este recurso natural para todo el planeta. A prop\u00f3sito de esta fecha, queremos explicar algunos datos importantes sobre la energ\u00eda e\u00f3lica.<\/p>\n\n<p>La energ\u00eda e\u00f3lica es aquella que se obtiene del movimiento del viento. \u00c9sta se produce mayormente mediante aerogeneradores, que son estructuras grandes de metal constituidas por h\u00e9lices. Al provenir de una fuente natural cuya disponibilidad es permanente o peri\u00f3dica, la energ\u00eda e\u00f3lica es una forma de energ\u00eda renovable. \u00bfQu\u00e9 tanto sabemos sobre ella?<\/p>\n\n<ul class=\"wp-block-list\"><li><strong>Contribuye a frenar el cambio clim\u00e1tico. VERDADERO.<\/strong><\/li><\/ul>\n\n<p>De acuerdo con el Inventario Nacional de Emisiones de Gases y Compuestos de Efecto Invernadero 2015, la segunda fuente de emisiones de GEI m\u00e1s importante en nuestro pa\u00eds es la generaci\u00f3n de electricidad, esto debido a que m\u00e1s del 70% de la generaci\u00f3n proviene de la quema de f\u00f3siles.&nbsp;<\/p>\n\n<p>La energ\u00eda e\u00f3lica contribuye a la mitigaci\u00f3n del cambio clim\u00e1tico porque ayudar\u00eda a reducir el uso de combustibles f\u00f3siles sin afectar las necesidades de servicios energ\u00e9ticos del pa\u00eds. Adem\u00e1s, de acuerdo con datos recopilados en el informe \u201cEl Camino de M\u00e9xico hacia la justicia energ\u00e9tica\u201d, que elabor\u00f3 Greenpeace, mientras la energ\u00eda e\u00f3lica emite un total de 11 gCO2e\/kWh, el combust\u00f3leo produce 898 gCO2e\/kWh.&nbsp;&nbsp;<\/p>\n\n<ul class=\"wp-block-list\"><li><strong>M\u00e9xico es una potencia petrolera, no necesita energ\u00eda e\u00f3lica. FALSO&nbsp;<\/strong><\/li><\/ul>\n\n<p>La energ\u00eda f\u00f3sil (que es la que m\u00e1s se usa en M\u00e9xico) proviene de recursos finitos y limitados para el planeta, como es el petr\u00f3leo. En 2020, de acuerdo con las estimaciones m\u00e1s recientes de la<a href=\"https:\/\/www.gob.mx\/cnh\/documentos\/presentaciones-sobre-reservas\"> Comisi\u00f3n Nacional de Hidrocarburos<\/a>, las reservas probadas de petr\u00f3leo 1P (que pueden ser extra\u00eddas de manera rentable y que tienen 90 por ciento de probabilidad de comercializaci\u00f3n) fueron equivalentes a 6 mil 119 millones de barriles. As\u00ed, la relaci\u00f3n entre el tiempo que durar\u00edan los hidrocarburos en el pa\u00eds y la velocidad con la que se restituyen, equivale a 8.8 a\u00f1os.&nbsp;&nbsp;&nbsp;&nbsp;<\/p>\n\n<p>M\u00e9xico ya no es la potencia petrolera que antes fue, ya que el pa\u00eds ya no cuenta con reservas suficientes, accesibles y de calidad que permitan sostener un modelo energ\u00e9tico como ese. Sin embargo, la administraci\u00f3n federal actual sigue apostando los recursos econ\u00f3micos del pa\u00eds en la construcci\u00f3n de refiner\u00edas y el fortalecimiento de PEMEX, en lugar del desarrollo de m\u00e1s infraestructura y tecnolog\u00eda para las energ\u00edas renovables.<\/p>\n\n<ul class=\"wp-block-list\"><li><strong>La soberan\u00eda energ\u00e9tica puede ser 100% renovable. VERDADERO&nbsp;<\/strong><\/li><\/ul>\n\n<p>Actualmente, bajo el modelo de energ\u00eda f\u00f3sil que impera en M\u00e9xico, se calcula que m\u00e1s del 40% de los hogares del pa\u00eds se encuentra en situaci\u00f3n de pobreza energ\u00e9tica, es decir, no cuentan con los recursos energ\u00e9ticos necesarios para satisfacer sus necesidades b\u00e1sicas o bien destinan una parte elevada de sus ingresos a este rubro.&nbsp;<\/p>\n\n<p>No obstante, estimaciones recogidas por Greenpeace en el reporte \u201cEl potencial renovable de M\u00e9xico\u201d, reflejan que M\u00e9xico podr\u00eda cubrir el 100% de su consumo energ\u00e9tico a trav\u00e9s de las renovables, e incluso podr\u00eda existir un excedente que podr\u00eda ser exportado. Si bien actualmente la capacidad instalada de generaci\u00f3n de energ\u00eda e\u00f3lica en el pa\u00eds es de 8 GW, el potencial de generaci\u00f3n es de 158 hasta 583 GW anuales, de acuerdo con la Asociaci\u00f3n Mexicana de Energ\u00eda E\u00f3lica.&nbsp;<\/p>\n\n<ul class=\"wp-block-list\"><li><strong>La energ\u00eda e\u00f3lica es muy costosa. FALSO.<\/strong><\/li><\/ul>\n\n<p>Los precios de la energ\u00eda e\u00f3lica se han mantenido en un descenso constante durante la \u00faltima d\u00e9cada y cada vez son m\u00e1s baratos para el Estado. Esta tendencia continuar\u00eda con la masificaci\u00f3n de la producci\u00f3n.&nbsp;<\/p>\n\n<p>Seg\u00fan los informes de Greenpeace previamente citados, en 1970, la instalaci\u00f3n de un watt era de alrededor de 100 d\u00f3lares; actualmente el costo de un watt es de alrededor de 30 centavos de d\u00f3lar. Adem\u00e1s, una participaci\u00f3n del 21% de las energ\u00edas renovables en la matriz energ\u00e9tica nacional dar\u00eda como resultado neto un ahorro anual de mil millones de d\u00f3lares en el sistema energ\u00e9tico total de M\u00e9xico.&nbsp;<\/p>\n\n<ul class=\"wp-block-list\"><li><strong>El problema de la corrupci\u00f3n no son las renovables, sino el abuso de poder. VERDADERO<\/strong><\/li><\/ul>\n\n<p>Es cierto que a lo largo de los a\u00f1os de desarrollo de energ\u00eda renovable en M\u00e9xico, un grupo de empresas extranjeras y funcionarios p\u00fablicos se han beneficiado econ\u00f3micamente a costa del despojo a comunidades y pueblos ind\u00edgenas, principalmente. No obstante, el problema de esto no es en s\u00ed la fuente de energ\u00eda sino la pr\u00e1cticas abusivas e ilegales de quienes ostentan el poder y la exclusi\u00f3n de la ciudadan\u00eda, en particular de los pueblos ind\u00edgenas y las mujeres, en la toma de decisiones.&nbsp;<\/p>\n\n<p>M\u00e9xico necesita urgentemente una pol\u00edtica energ\u00e9tica justa que ponga en el centro las necesidades y los derechos de todas las personas. La generaci\u00f3n de energ\u00eda debe basarse en el derecho de la poblaci\u00f3n a ser informadas, consultadas y a gozar de un ambiente sano, por ello, la pol\u00edtica energ\u00e9tica que plantea la actual administraci\u00f3n representa un retroceso y no corresponde con lo que necesita el pa\u00eds.\u00a0<\/p>\n\n<h2 class=\"wp-block-heading\">\u00danete para exigir que se deje de privilegiar a los combustibles f\u00f3siles:<\/h2>\n\n<!--[if lte IE 8]>\n<script charset=\"utf-8\" type=\"text\/javascript\" src=\"\/\/js.hsforms.net\/forms\/v2-legacy.js\"><\/script>\n<![endif]-->\n<script charset=\"utf-8\" type=\"text\/javascript\" src=\"\/\/js.hsforms.net\/forms\/v2.js\"><\/script>\n<script>\n  hbspt.forms.create({\n\tregion: \"na1\",\n\tportalId: \"2617486\",\n\tformId: \"e3d21cf2-dceb-4bf4-8a75-7e9bb0f9ad96\",\n\tsfdcCampaignId: \"7011P000000op47QAA\",\n\tsubmitButtonClass: 'hs-button',\nonFormReady: function($form, ctx){\nvar paramsp4 = new window.URLSearchParams(window.location.search);\nvar utm_content = paramsp4.get('utm_content');\nif(utm_content == null) {\nvar urlp4 = window.location.href;\nvar fromGPMXBlog = urlp4.includes(\"\/blog\/\");\nif (fromGPMXBlog == true) {\nvar arrayp4 = urlp4.split(\"\/\");\nvar hs_origin = arrayp4[6];\n$('input[name=\"hs_origen__c\"]').val(hs_origin).change();\n$('input[name=\"utm_content\"]').val(hs_origin).change();\n}\n}\n}\n});\n<\/script>\n\t\t\t<section\n\t\t\tclass=\"boxout post-8448 \"\n\t\t\t\n\t\t>\n\t\t\t<a\n\t\t\t\tdata-ga-category=\"Take Action Boxout\"\n\t\t\t\tdata-ga-action=\"Image\"\n\t\t\t\tdata-ga-label=\"n\/a\"\n\t\t\t\tclass=\"cover-card-overlay\"\n\t\t\t\thref=\"https:\/\/www.greenpeace.org\/mexico\/participa\/no-al-bloqueo-de-energias-renovables-en-mexico\/\" \n\t\t\t><\/a>\n\t\t\t\t\t\t\t<img\n\t\t\t\t\t\tsrc=\"https:\/\/www.greenpeace.org\/static\/planet4-mexico-stateless\/2021\/10\/c67b6127-001-1024x638.png\"\n\t\t\t\t\t\tsrcset=\"https:\/\/www.greenpeace.org\/static\/planet4-mexico-stateless\/2021\/10\/c67b6127-001-300x187.png 300w, https:\/\/www.greenpeace.org\/static\/planet4-mexico-stateless\/2021\/10\/c67b6127-001-1024x638.png 1024w, https:\/\/www.greenpeace.org\/static\/planet4-mexico-stateless\/2021\/10\/c67b6127-001-768x479.png 768w, https:\/\/www.greenpeace.org\/static\/planet4-mexico-stateless\/2021\/10\/c67b6127-001-510x318.png 510w, https:\/\/www.greenpeace.org\/static\/planet4-mexico-stateless\/2021\/10\/c67b6127-001.png 1280w\"\n\t\t\t\t\t\tsizes=\"(min-width: 1000px) 358px, (min-width: 780px) 313px, 88px\"\n\t\t\t\t\t\talt=\"\" title=\"\"\n\t\t\t\t\/>\n            \t\t\t<div class=\"boxout-content\">\n\t\t\t\t\t\t\t\t\t<a\n\t\t\t\t\t\tclass=\"boxout-heading medium\"\n\t\t\t\t\t\tdata-ga-category=\"Take Action Boxout\"\n\t\t\t\t\t\tdata-ga-action=\"Title\"\n\t\t\t\t\t\tdata-ga-label=\"n\/a\"\n\t\t\t\t\t\thref=\"https:\/\/www.greenpeace.org\/mexico\/participa\/no-al-bloqueo-de-energias-renovables-en-mexico\/\"\n\t\t\t\t\t\t\n\t\t\t\t\t>\n\t\t\t\t\t\t\u00a1No m\u00e1s combustibles f\u00f3siles!\n\t\t\t\t\t<\/a>\n\t\t\t\t\t\t\t\t\t\t\t\t\t<p class=\"boxout-excerpt\">Que no se prioricen combustibles f\u00f3siles altamente contaminantes como el combust\u00f3leo, el carb\u00f3n y el gas natural para producir la energ\u00eda que necesitamos, sobre fuentes renovables que son m\u00e1s baratas y ayudan a combatir el cambio clim\u00e1tico.<\/p>\n\t\t\t\t                                    <a\n                        class=\"btn btn-primary\"\n                        data-ga-category=\"Take Action Boxout\"\n                        data-ga-action=\"Call to Action\"\n                        data-ga-label=\"n\/a\"\n                        href=\"https:\/\/www.greenpeace.org\/mexico\/participa\/no-al-bloqueo-de-energias-renovables-en-mexico\/\"\n                        \n                    >\n                        Participa\n                    <\/a>\n                \t\t\t<\/div>\n\t\t\t\t\t<\/section>\n\t","protected":false},"excerpt":{"rendered":"<p>Este 15 de junio se conmemora el D\u00eda Mundial del Viento, cuyo fin es reconocer la importancia de este recurso natural para todo el planeta. A prop\u00f3sito de esta fecha, queremos explicarte algunos datos importantes sobre la energ\u00eda e\u00f3lica.<\/p>\n","protected":false},"author":29,"featured_media":2926,"comment_status":"open","ping_status":"open","sticky":false,"template":"","format":"standard","meta":{"ep_exclude_from_search":false,"p4_og_title":"","p4_og_description":"","p4_og_image":"","p4_og_image_id":"","p4_seo_canonical_url":"","p4_campaign_name":"not set","p4_local_project":"not set","p4_basket_name":"not set","p4_department":"","footnotes":""},"categories":[2],"tags":[],"p4-page-type":[14],"class_list":["post-10435","post","type-post","status-publish","format-standard","has-post-thumbnail","hentry","category-cambio-climatico","p4-page-type-blog"],"_links":{"self":[{"href":"https:\/\/www.greenpeace.org\/mexico\/wp-json\/wp\/v2\/posts\/10435","targetHints":{"allow":["GET"]}}],"collection":[{"href":"https:\/\/www.greenpeace.org\/mexico\/wp-json\/wp\/v2\/posts"}],"about":[{"href":"https:\/\/www.greenpeace.org\/mexico\/wp-json\/wp\/v2\/types\/post"}],"author":[{"embeddable":true,"href":"https:\/\/www.greenpeace.org\/mexico\/wp-json\/wp\/v2\/users\/29"}],"replies":[{"embeddable":true,"href":"https:\/\/www.greenpeace.org\/mexico\/wp-json\/wp\/v2\/comments?post=10435"}],"version-history":[{"count":11,"href":"https:\/\/www.greenpeace.org\/mexico\/wp-json\/wp\/v2\/posts\/10435\/revisions"}],"predecessor-version":[{"id":58239,"href":"https:\/\/www.greenpeace.org\/mexico\/wp-json\/wp\/v2\/posts\/10435\/revisions\/58239"}],"wp:featuredmedia":[{"embeddable":true,"href":"https:\/\/www.greenpeace.org\/mexico\/wp-json\/wp\/v2\/media\/2926"}],"wp:attachment":[{"href":"https:\/\/www.greenpeace.org\/mexico\/wp-json\/wp\/v2\/media?parent=10435"}],"wp:term":[{"taxonomy":"category","embeddable":true,"href":"https:\/\/www.greenpeace.org\/mexico\/wp-json\/wp\/v2\/categories?post=10435"},{"taxonomy":"post_tag","embeddable":true,"href":"https:\/\/www.greenpeace.org\/mexico\/wp-json\/wp\/v2\/tags?post=10435"},{"taxonomy":"p4-page-type","embeddable":true,"href":"https:\/\/www.greenpeace.org\/mexico\/wp-json\/wp\/v2\/p4-page-type?post=10435"}],"curies":[{"name":"wp","href":"https:\/\/api.w.org\/{rel}","templated":true}]}}