{"id":1044,"date":"2018-02-15T00:00:00","date_gmt":"2018-02-15T05:00:00","guid":{"rendered":"https:\/\/www.greenpeace.org\/mexico\/blog\/1044\/consultamaya-salvemoslaselvamaya-unidosporlaselva\/"},"modified":"2025-08-27T00:34:50","modified_gmt":"2025-08-27T05:34:50","slug":"consultamaya-salvemoslaselvamaya-unidosporlaselva","status":"publish","type":"post","link":"https:\/\/www.greenpeace.org\/mexico\/informacion-prensa\/1044\/consultamaya-salvemoslaselvamaya-unidosporlaselva\/","title":{"rendered":"No a la soya transg\u00e9nica en la Selva Maya"},"content":{"rendered":"\n<ul class=\"wp-block-list\">\n<li>Multas de hasta 1 mill\u00f3n 95 mil pesos a quien siembre soya transg\u00e9nica<\/li>\n\n\n\n<li>Monsanto sin permiso para la comercializaci\u00f3n de soya transg\u00e9nica en todo el pa\u00eds<\/li>\n\n\n\n<li>Investigar y sancionar a quienes siembren transg\u00e9nicos en la Pen\u00ednsula de Yucat\u00e1n, exigen las comunidades y ONG<\/li>\n<\/ul>\n\n<p>Jueves 15 de febrero de 2018.- La Pen\u00ednsula de Yucat\u00e1n cumple 6 a\u00f1os de oposici\u00f3n a los transg\u00e9nicos. Las comunidades mayas y organizaciones no gubernamentales llevaron el caso hasta la m\u00e1xima instancia legal del pa\u00eds, la Suprema Corte de Justicia de la Naci\u00f3n (SCJN), quien en noviembre del 2015 determin\u00f3 dejar insubsistentes el permiso comercial para siembra de soya transg\u00e9nica otorgada a Monsanto Comercial S.A. de C.V., en tanto no concluya concluya la consulta a pueblos mayas.<\/p>\n\n<p>Despu\u00e9s de seguir insistiendo sobre las irregularidades observadas en Campeche e inumerables denuncias de las comunidades mayas y organizaciones no gubernamentales, el pasado 17 de septiembre del 2017, el Servicio Nacional de Sanidad, Inocuidad y Calidad Agroalimentaria (SENASICA) determin\u00f3 revocar dicho permiso argumentando que esa empresa ha hecho un \u201cmanejo no confiable\u201d de la tecnolog\u00eda autorizada puesto que \u201cno existe certeza de la efectividad de los controles de inventarios de la semilla.\u201d Tambi\u00e9n establece que la liberaci\u00f3n de organismos gen\u00e9ticamente modificados en sitios no autorizados en el permiso y la p\u00e9rdida del control del material gen\u00e9ticamente modificado es \u201cun da\u00f1o grave o irreversible\u201d atribuible a esa empresa transnacional.<\/p>\n\n<blockquote class=\"wp-block-quote is-layout-flow wp-block-quote-is-layout-flow\">\n<p>Introducir, extraer, comerciar, transportar, almacenar o liberar organismos transg\u00e9nicos en contravenci\u00f3n de la normatividad es un <a href=\"https:\/\/twitter.com\/hashtag\/DelitoFederal?src=hash&amp;ref_src=twsrc%5Etfw\">#DelitoFederal<\/a>. <a href=\"https:\/\/twitter.com\/hashtag\/Denuncia?src=hash&amp;ref_src=twsrc%5Etfw\">#Denuncia<\/a> <a href=\"https:\/\/t.co\/NInhAoPTUG\">pic.twitter.com\/NInhAoPTUG<\/a><\/p>\n\n\n\n<p>\u2014 PGR M\u00e9xico (@PGR_mx) <a href=\"https:\/\/twitter.com\/PGR_mx\/status\/946591637257572358?ref_src=twsrc%5Etfw\">December 29, 2017<\/a><\/p>\n<\/blockquote>\n\n<p>La propia ley se\u00f1ala que la violaci\u00f3n de dichos mandatos judiciales, implica delitos de car\u00e1cter federal que ameritar\u00edan investigaci\u00f3n o sanci\u00f3n. La Procurdur\u00eda General de la Rep\u00fablica (PGR) a trav\u00e9s de su cuenta de twitter emiti\u00f3 la circular \u201cIntroducir, extraer, comerciar, transportar, almacenar o liberar organismos transg\u00e9nicos en contravenci\u00f3n de la normatividad es un <strong>#DelitoFederal<\/strong>. Se sanciona hasta con 9 a\u00f1os en prisi\u00f3n\u201d.<\/p>\n\n<p>En ese contexto, tanto las comunidades mayas, como Greenpeace M\u00e9xico e Indignaci\u00f3n A.C. interpusieron denuncias tanto administrativas como penales, exigiendo a la PGR que investigue sobre la distribuci\u00f3n de semillas, siembra y comercializaci\u00f3n ilegal de variedades de soya transg\u00e9nica en Campeche, en particular en los municipios de Campeche y Hopelch\u00e9n, donde no hay autorizaci\u00f3n expresa, lo que contraviene la Ley de Bioseguridad de OGM (art\u00edculo 119 fracciones I y XXVII) y el C\u00f3digo Penal Federal (art\u00edculo 420 TER).<\/p>\n\n<p>Mar\u00eda Col\u00edn, abogada de Greenpeace M\u00e9xico, se\u00f1al\u00f3 que en el \u00faltimo informe BIO (IN) SEGURIDAD EN M\u00c9XICO presentada por esta organizaci\u00f3n, se plantean diversos escenarios no excluyentes, que podr\u00edan explicar la presencia de semillas o plantas de soya GM para el ciclo agr\u00edcola 2017 y son: a) siembra de semilla de soya GM por agricultores que pueden haberlas guardado del ciclo agr\u00edcola pasado; b) distribuci\u00f3n de semillas de soya convencional con presencia adventicia de soya GM por parte de las casas semilleras; c) comercializaci\u00f3n de la semilla de soya GM para consumo humano o uso industrial como ocurri\u00f3 para la cosecha de 2016; d) insuficiencia o inadecuaci\u00f3n de las medidas de bioseguridad implementadas para evitar la propagaci\u00f3n de plantas de soya GM por diversos mecanismos de difusi\u00f3n (comercializaci\u00f3n, almacenamiento, movilizaci\u00f3n, plantas voluntarias o el simple intercambio de semillas entre agricultores).<\/p>\n\n<p>Agreg\u00f3 que ante las denuncias presentadas en PROFEPA, SENASICA y PGR entre junio y agosto de 2016, la autoridad agr\u00edcola tom\u00f3 la decisi\u00f3n de imponer multas a 9 personas en los municipios de Hopelch\u00e9n y Campeche con montos que ascienden a 1 mill\u00f3n 95 mil pesos por persona. Mar\u00eda Colin refiri\u00f3 que prevalece un panorama de impunidad que se ha repetido al menos en los \u00faltimos dos a\u00f1os.<\/p>\n\n<p>Para el ciclo agr\u00edcola 2017, tanto las comunidades mayas como las ONG presentaron nuevamente denuncia ciudadana ante el Senasica, en noviembre de dicho a\u00f1o, ante la presunci\u00f3n de presencia de soya transg\u00e9nica ilegal en una proporci\u00f3n aproximada de 23 mil ha en el estado de Campeche.<\/p>\n\n<p>Por su parte el abogado Jorge Fern\u00e1ndez Mendiburu record\u00f3 que siguen abiertas dos indagatorias ante la PGR por la siembra ilegal de soya gen\u00e9ticamente modificada ocurrida a partir del 2015, sobre la cual dicha instituci\u00f3n tiene ya material probatorio que acredita no s\u00f3lo la siembra ilegal sino tambi\u00e9n la violaci\u00f3n a un mandato judicial, en este caso, de la Suprema Corte de Justicia de la Naci\u00f3n. Sobre el particular, \u201ces preciso insistir en que si bien los hechos denunciados se circunscriben a la siembra ilegal ocurrida en el a\u00f1o 2016, esa informaci\u00f3n puede ser ampliada para indagar tambi\u00e9n la siembra ilegal ocurrida en el a\u00f1o 2017, de la cual SENASICA ya tiene conocimiento. Dicha investigaci\u00f3n, refiere el abogado, tiene que contemplar toda la cadena de producci\u00f3n, distribuci\u00f3n y siembra, lo cual implica indagar las responsabilidades no s\u00f3lo de quienes han sembrado, sino tambi\u00e9n de la empresa y de las bodegas de distribuci\u00f3n\u201d.<\/p>\n\n<p>Nayeli Ram\u00edrez abogada del Colectivo Maya de los Chenes, acus\u00f3 \u201cel sistema de bioseguridad no est\u00e1 funcionando; a\u00fan cuando no hay permisos, el ciclo agr\u00edcola del 2017 registr\u00f3 m\u00e1s 23 mil hect\u00e1reas sembradas, cosechadas y comercializadas y no se hace nada para vigilar, no se est\u00e1 haciendo nada para castigar a los que sembraron\u201d.<\/p>\n\n<p>Mientras las ilegalidades se denuncian y comprueban, las comunidades contin\u00faan luchando a trav\u00e9s de una agenda de trabajo para la aplicaci\u00f3n de pr\u00e1cticas productivas amigables al medio ambiente, y contin\u00faan en su esfuerzo por educar a las autoridades federales y las transnacionales sobre el sentido de su derecho a ser consultados, su autonom\u00eda como pueblos originarios y los derechos a su territorio ancestral. En recientes reuniones de l\u00edderes Mayas de las diferentes regiones de la pen\u00ednsula, se dieron testimonio de que seguir\u00e1n unidos en este esfuerzo por proteger los recursos de sus hijos y la cultura maya en el estado. Por este medio comunidades mayas hacen un llamado a la sociedad civil a sumarse al movimiento <strong>#UnidosPorLaSelvaMaya<\/strong><\/p>\n\n<p>Colectivo de Comunidades Mayas de los Chenes \/ Uni\u00f3n de Cient\u00edficos Comprometidos con la Sociedad \/ Centro Mexicano de Derecho Ambiental A.C. \/ Indignaci\u00f3n, Promoci\u00f3n y Defensa de los Derechos Humanos, A.C. \/ Greenpeace M\u00e9xico \/ MA OGM Colectivo<\/p>\n\n<p><strong>Para mayor informaci\u00f3n y entrevistas contactar a Jorge Fern\u00e1ndez a <\/strong>quejamaya@gmail.com<\/p>\n","protected":false},"excerpt":{"rendered":"<p>Comunidades mayas exigen detener la siembra ilegal de soya transg\u00e9nica en la Pen\u00ednsula de Yucat\u00e1n y proteger la Selva Maya de da\u00f1os ambientales.<\/p>\n","protected":false},"author":29,"featured_media":1337,"comment_status":"open","ping_status":"open","sticky":false,"template":"","format":"standard","meta":{"ep_exclude_from_search":false,"p4_og_title":"No a la soya transg\u00e9nica en la Selva Maya","p4_og_description":"Comunidades mayas exigen detener la siembra ilegal de soya transg\u00e9nica en la Pen\u00ednsula de Yucat\u00e1n y proteger la Selva Maya de da\u00f1os ambientales.","p4_og_image":"https:\/\/www.greenpeace.org\/static\/planet4-mexico-stateless\/2018\/11\/ca13206c-gp0stpdgg.jpg","p4_og_image_id":"1337","p4_seo_canonical_url":"","p4_campaign_name":"","p4_local_project":"","p4_basket_name":"","p4_department":"","footnotes":""},"categories":[40],"tags":[30,55],"p4-page-type":[16],"class_list":["post-1044","post","type-post","status-publish","format-standard","has-post-thumbnail","hentry","category-selva-maya","tag-alimentacion","tag-agricultura","p4-page-type-informacion-prensa"],"_links":{"self":[{"href":"https:\/\/www.greenpeace.org\/mexico\/wp-json\/wp\/v2\/posts\/1044","targetHints":{"allow":["GET"]}}],"collection":[{"href":"https:\/\/www.greenpeace.org\/mexico\/wp-json\/wp\/v2\/posts"}],"about":[{"href":"https:\/\/www.greenpeace.org\/mexico\/wp-json\/wp\/v2\/types\/post"}],"author":[{"embeddable":true,"href":"https:\/\/www.greenpeace.org\/mexico\/wp-json\/wp\/v2\/users\/29"}],"replies":[{"embeddable":true,"href":"https:\/\/www.greenpeace.org\/mexico\/wp-json\/wp\/v2\/comments?post=1044"}],"version-history":[{"count":7,"href":"https:\/\/www.greenpeace.org\/mexico\/wp-json\/wp\/v2\/posts\/1044\/revisions"}],"predecessor-version":[{"id":60930,"href":"https:\/\/www.greenpeace.org\/mexico\/wp-json\/wp\/v2\/posts\/1044\/revisions\/60930"}],"wp:featuredmedia":[{"embeddable":true,"href":"https:\/\/www.greenpeace.org\/mexico\/wp-json\/wp\/v2\/media\/1337"}],"wp:attachment":[{"href":"https:\/\/www.greenpeace.org\/mexico\/wp-json\/wp\/v2\/media?parent=1044"}],"wp:term":[{"taxonomy":"category","embeddable":true,"href":"https:\/\/www.greenpeace.org\/mexico\/wp-json\/wp\/v2\/categories?post=1044"},{"taxonomy":"post_tag","embeddable":true,"href":"https:\/\/www.greenpeace.org\/mexico\/wp-json\/wp\/v2\/tags?post=1044"},{"taxonomy":"p4-page-type","embeddable":true,"href":"https:\/\/www.greenpeace.org\/mexico\/wp-json\/wp\/v2\/p4-page-type?post=1044"}],"curies":[{"name":"wp","href":"https:\/\/api.w.org\/{rel}","templated":true}]}}