{"id":10444,"date":"2021-06-16T12:33:19","date_gmt":"2021-06-16T17:33:19","guid":{"rendered":"https:\/\/www.greenpeace.org\/mexico\/?p=10444"},"modified":"2025-06-25T09:38:30","modified_gmt":"2025-06-25T14:38:30","slug":"en-el-dia-mundial-del-refill-un-voto-por-los-reutilizables","status":"publish","type":"post","link":"https:\/\/www.greenpeace.org\/mexico\/blog\/10444\/en-el-dia-mundial-del-refill-un-voto-por-los-reutilizables\/","title":{"rendered":"En el D\u00eda Mundial del Refill, un voto por los reutilizables"},"content":{"rendered":"\n<p>El 16 de junio se celebra el D\u00eda Mundial del Refill, o de rellenar o usar envases reutilizables. Se trata de una campa\u00f1a a nivel global que busca generar conciencia sobre la importancia de impulsar los reutilizables frente a los productos desechables (o de un solo uso). Lo anterior previene la contaminaci\u00f3n pl\u00e1stica y ayuda a proteger los ecosistemas, al evitar generar residuos.<\/p>\n\n<p>Este 2021, la campa\u00f1a busca impulsar de nuevo a los reutilizables luego de m\u00e1s de un a\u00f1o de pandemia donde sectores, como la misma industria del pl\u00e1stico, han impulsado la vuelta a los desechables por su supuesta higiene y papel en evitar contagios. Como resultado de esta desinformaci\u00f3n, en los \u00faltimos meses vimos caf\u00e9s que dejaron de dar tazas de loza o de servir la bebida en tu termo personal y volvieron a los vasos desechables; comercios y supermercados que volvieron a dar bolsas pl\u00e1sticas aunque estuvieran prohibidas por ley; o restaurantes que usaron cientos de empaques y contenedores desechables para vender alimentos para llevar. En Greenpeace compartimos durante este tiempo que los reutilizables son perfectamente seguros si los lavamos adecuadamente, mientras que los pl\u00e1sticos de un solo uso no son m\u00e1s seguros que las opciones reutilizables ya que el SARS-COV-2 puede permanecer contagioso por varios d\u00edas en superficies pl\u00e1sticas y tambi\u00e9n tendr\u00edan que lavarse <a href=\"https:\/\/www.greenpeace.org\/static\/planet4-mexico-stateless\/2020\/06\/8c1d0d99-declaraci%C3%B3n-de-expertos-en-salud-sobre-reutilizables-y-covid-19.pdf\">(vean esta declaraci\u00f3n de expertos internacionales, como vir\u00f3logos y epidemi\u00f3logos, que sostienen estos argumento<\/a>s), por lo que no hay realmente necesidad de usar pl\u00e1sticos de un solo uso.<\/p>\n\n<p>Adem\u00e1s de esto, los beneficios de los reutilizables para el medio ambiente son enormes, por ejemplo, de acuerdo a Oceana aumentar en tan solo 10% la cuota en el mercado de botellas retornables para bebidas, es decir reutilizables, en los pa\u00edses costeros en lugar de usar botellas PET desechables, significar\u00eda una reducci\u00f3n del 22% en la contaminaci\u00f3n marina por estos envases. En otras palabras, se evitar\u00eda que entre 4 mil 500 y 7 mil 600 millones de botellas PET acabaran en el oc\u00e9ano.<\/p>\n\n<p>Por tanto, en el D\u00eda Mundial del Refill queremos incentivar a las personas a optar por los reutilizables a trav\u00e9s de peque\u00f1os cambios en sus h\u00e1bitos del d\u00eda a d\u00eda y reducir as\u00ed su consumo de art\u00edculos desechables. Hay muchas opciones all\u00e1 afuera y con nuestro ejemplo podemos motivar a otras personas, incluso a los comercios, restaurantes y dem\u00e1s empresas donde compramos a hacer el cambio a favor de la reutilizaci\u00f3n. Aqu\u00ed algunos tips.<\/p>\n\n<p>Consume local. Al consumir local no solo apoyas a las familias, productores y emprendedores de tu ciudad, sino que tambi\u00e9n es m\u00e1s f\u00e1cil encontrar opciones a granel para rellenar tus propios envases o libres de empaque.&nbsp;<\/p>\n\n<ol class=\"wp-block-list\"><li>Existen muchas iniciativas de consumo responsable o alternativo, como mercados de productores, cooperativas de consumo y tianguis agroecol\u00f3gicos, donde puedes encontrar alimentos ecol\u00f3gicos, frescos, locales y saludables a granel, as\u00ed como productos cosm\u00e9ticos naturales libres de empaque, entre otros productos.&nbsp; La siguiente imagen, de Mar\u00eda Sativa en la Feria de Productores de Guadalajara, muestra un puesto de cosm\u00e9ticos s\u00f3lidos, como jabones, que puedes comprar y guardar en tus propias bolsas reutilizables.<\/li><\/ol>\n\n<figure class=\"wp-block-image size-large\"><img loading=\"lazy\" decoding=\"async\" width=\"720\" height=\"720\" src=\"https:\/\/www.greenpeace.org\/static\/planet4-mexico-stateless\/2021\/06\/741f464c-feria-de-productores.png\" alt=\"\" class=\"wp-image-10445\" srcset=\"https:\/\/www.greenpeace.org\/static\/planet4-mexico-stateless\/2021\/06\/741f464c-feria-de-productores.png 720w, https:\/\/www.greenpeace.org\/static\/planet4-mexico-stateless\/2021\/06\/741f464c-feria-de-productores-300x300.png 300w, https:\/\/www.greenpeace.org\/static\/planet4-mexico-stateless\/2021\/06\/741f464c-feria-de-productores-150x150.png 150w, https:\/\/www.greenpeace.org\/static\/planet4-mexico-stateless\/2021\/06\/741f464c-feria-de-productores-340x340.png 340w\" sizes=\"auto, (max-width: 720px) 100vw, 720px\" \/><\/figure>\n\n<p>La siguiente imagen muestra un dispensador de aceite de oliva, donde puedes rellenar tus envases o botellas reutilizables en el Chapala Lake Farmers Market, en Jalisco.<\/p>\n\n<figure class=\"wp-block-image size-large\"><img loading=\"lazy\" decoding=\"async\" width=\"1024\" height=\"687\" src=\"https:\/\/www.greenpeace.org\/static\/planet4-mexico-stateless\/2021\/06\/f7de8f1e-refill-1024x687.png\" alt=\"\" class=\"wp-image-10446\" srcset=\"https:\/\/www.greenpeace.org\/static\/planet4-mexico-stateless\/2021\/06\/f7de8f1e-refill-1024x687.png 1024w, https:\/\/www.greenpeace.org\/static\/planet4-mexico-stateless\/2021\/06\/f7de8f1e-refill-300x201.png 300w, https:\/\/www.greenpeace.org\/static\/planet4-mexico-stateless\/2021\/06\/f7de8f1e-refill-768x516.png 768w, https:\/\/www.greenpeace.org\/static\/planet4-mexico-stateless\/2021\/06\/f7de8f1e-refill-1536x1031.png 1536w, https:\/\/www.greenpeace.org\/static\/planet4-mexico-stateless\/2021\/06\/f7de8f1e-refill-507x340.png 507w, https:\/\/www.greenpeace.org\/static\/planet4-mexico-stateless\/2021\/06\/f7de8f1e-refill.png 1600w\" sizes=\"auto, (max-width: 1024px) 100vw, 1024px\" \/><\/figure>\n\n<p>Otras iniciativas, como la Cooperativa Despensa Solidaria en la CDMX est\u00e1n implementando programas pilotos para reducir empaques desechables, por ejemplo mediante el uso de bolsas reutilizables que los consumidores retornan en el mismo momento de la entrega de su canasta de alimentos o pagan un peque\u00f1o importe reembolsable y la entregan en su siguiente pedido. Lo anterior reduce el uso de bolsas desechables de pl\u00e1stico o papel. <a href=\"https:\/\/consumoresponsable.greenpeace.org.mx\/\">Conoce m\u00e1s iniciativas como \u00e9stas en tu ciudad visitando nuestro directorio de consumo responsable.&nbsp;<\/a><\/p>\n\n<figure class=\"wp-block-image size-large\"><img loading=\"lazy\" decoding=\"async\" width=\"906\" height=\"1024\" src=\"https:\/\/www.greenpeace.org\/static\/planet4-mexico-stateless\/2021\/06\/74d50cb9-pasted-image-0-2.png\" alt=\"\" class=\"wp-image-10447\" srcset=\"https:\/\/www.greenpeace.org\/static\/planet4-mexico-stateless\/2021\/06\/74d50cb9-pasted-image-0-2.png 906w, https:\/\/www.greenpeace.org\/static\/planet4-mexico-stateless\/2021\/06\/74d50cb9-pasted-image-0-2-265x300.png 265w, https:\/\/www.greenpeace.org\/static\/planet4-mexico-stateless\/2021\/06\/74d50cb9-pasted-image-0-2-768x868.png 768w, https:\/\/www.greenpeace.org\/static\/planet4-mexico-stateless\/2021\/06\/74d50cb9-pasted-image-0-2-301x340.png 301w\" sizes=\"auto, (max-width: 906px) 100vw, 906px\" \/><figcaption>Foto tomada de la cuenta de Instagram de la Cooperativa Despensa Solidaria<br><\/figcaption><\/figure>\n\n<p>2. Visita alguna tienda de venta a granel o cero residuos o prueba alg\u00fan emprendimiento local de refill o reutilizaci\u00f3n.<\/p>\n\n<p>En nuestro d<a href=\"https:\/\/consumoresponsable.greenpeace.org.mx\/\">irectorio de consumo responsable<\/a> podr\u00e1s encontrar opciones de este tipo, se trata de tiendas donde venden alimentos y otros productos a granel, como l\u00edquidos de limpieza, alimentos para mascotas o productos de aseo personal, que puedes llevar rellenando tus propios frascos, toppers o bolsas reutilizables. Tambi\u00e9n aqu\u00ed puedes hallar productos reutilizables como termos, bolsas, recipientes, estropajos, etc. si no tienes opciones en casa.<\/p>\n\n<figure class=\"wp-block-image size-large\"><img loading=\"lazy\" decoding=\"async\" width=\"600\" height=\"368\" src=\"https:\/\/www.greenpeace.org\/static\/planet4-mexico-stateless\/2021\/06\/218144b3-tupper.png\" alt=\"\" class=\"wp-image-10453\" srcset=\"https:\/\/www.greenpeace.org\/static\/planet4-mexico-stateless\/2021\/06\/218144b3-tupper.png 600w, https:\/\/www.greenpeace.org\/static\/planet4-mexico-stateless\/2021\/06\/218144b3-tupper-300x184.png 300w, https:\/\/www.greenpeace.org\/static\/planet4-mexico-stateless\/2021\/06\/218144b3-tupper-510x313.png 510w\" sizes=\"auto, (max-width: 600px) 100vw, 600px\" \/><figcaption>@ Greenpeace \/ Emanuel B\u00fcchler<\/figcaption><\/figure>\n\n<figure class=\"wp-block-image size-large\"><img loading=\"lazy\" decoding=\"async\" width=\"600\" height=\"347\" src=\"https:\/\/www.greenpeace.org\/static\/planet4-mexico-stateless\/2021\/06\/4c31fbdc-consumo-responsable.png\" title=\"Fotograf\u00eda de productos comprados a granel o de forma sustentable.\" alt=\"\" class=\"wp-image-10454\" srcset=\"https:\/\/www.greenpeace.org\/static\/planet4-mexico-stateless\/2021\/06\/4c31fbdc-consumo-responsable.png 600w, https:\/\/www.greenpeace.org\/static\/planet4-mexico-stateless\/2021\/06\/4c31fbdc-consumo-responsable-300x174.png 300w, https:\/\/www.greenpeace.org\/static\/planet4-mexico-stateless\/2021\/06\/4c31fbdc-consumo-responsable-510x295.png 510w\" sizes=\"auto, (max-width: 600px) 100vw, 600px\" \/><figcaption>@ Greenpeace \/ Wendy Wu<\/figcaption><\/figure>\n\n<p>Tambi\u00e9n hay otros proyectos basados en el refill o la reutilizaci\u00f3n de envases, tal es el caso de Refillea, una tienda en l\u00ednea que te lleva a la puerta de tu casa opciones a granel para rellenar tus envases.&nbsp;<\/p>\n\n<figure class=\"wp-block-image size-large\"><img loading=\"lazy\" decoding=\"async\" width=\"374\" height=\"469\" src=\"https:\/\/www.greenpeace.org\/static\/planet4-mexico-stateless\/2021\/06\/bf44e045-tienda-a-granel.png\" alt=\"\" class=\"wp-image-10448\" srcset=\"https:\/\/www.greenpeace.org\/static\/planet4-mexico-stateless\/2021\/06\/bf44e045-tienda-a-granel.png 374w, https:\/\/www.greenpeace.org\/static\/planet4-mexico-stateless\/2021\/06\/bf44e045-tienda-a-granel-239x300.png 239w, https:\/\/www.greenpeace.org\/static\/planet4-mexico-stateless\/2021\/06\/bf44e045-tienda-a-granel-271x340.png 271w\" sizes=\"auto, (max-width: 374px) 100vw, 374px\" \/><figcaption>Foto tomada de la p\u00e1gina web de Refillea&nbsp;<br><\/figcaption><\/figure>\n\n<p>3. Consume en restaurantes y comercios locales y lleva tus propios termos y vasos reutilizables para bebidas y tus propios recipientes para tus alimentos.<\/p>\n\n<p>Cuando tengas ganas de un caf\u00e9 o alguna otra bebida o alimento, prueba siempre llevar tus recipientes y envases reutilizables y pide al comercio que te sirva en ellos. Muchos sitios est\u00e1n muy abiertos a servirte en tus contenedores, agradece su apertura y conciencia ambiental con tu preferencia. Debido a la pandemia, muchos negocios se est\u00e1n negando a recibir recipientes reusables pero puedes platicarles sobre los beneficios ambientales y para la salud de dejar de usar desechables. <a href=\"https:\/\/www.greenpeace.org\/mexico\/blog\/9442\/los-comercios-y-restaurantes-no-deben-caer-en-falsas-soluciones-ante-la-prohibicion-de-plasticos-en-cdmx\/\">Mira este blog donde hablamos de las opciones que tienen comercios y restaurantes para transitar a los reutilizables en el marco de las prohibiciones de pl\u00e1sticos en la CDMX.<\/a> Entre m\u00e1s personas consumidoras seamos demandando estos cambios, incluso apoyados en muchos estados por las prohibiciones locales de pl\u00e1sticos, m\u00e1s pronto veremos en nuestras ciudades alternativas m\u00e1s sostenibles para comprar nuestra comida.<\/p>\n\n<p>Con estos cambios personales, estaremos al mismo tiempo mandando un mensaje claro y contundente a las empresas y los gobiernos para que transformen su modelo actual de distribuci\u00f3n de productos, basado en el uso de desechables, como pl\u00e1sticos, cart\u00f3n, papel, etc., y avancen hacia sistemas reutilizables. Recuerda que nuestras decisiones de consumo son un voto por el tipo de sociedad y econom\u00eda que queremos ver en el mundo, una m\u00e1s verde y socialmente justa.<\/p>\n\n<h2 class=\"wp-block-heading\">S\u00famate para pedir mejores opciones que no da\u00f1en al planeta:<\/h2>\n\n<!--[if lte IE 8]>\n<script charset=\"utf-8\" type=\"text\/javascript\" src=\"\/\/js.hsforms.net\/forms\/v2-legacy.js\"><\/script>\n<![endif]-->\n<script charset=\"utf-8\" type=\"text\/javascript\" src=\"\/\/js.hsforms.net\/forms\/v2.js\"><\/script>\n<script>\n\thbspt.forms.create({\n\t\tportalId: \"2617486\",\n\t\tformId: \"2a640cfd-58f7-422d-936f-f6c0825f3e8b\",\n\t\tsfdcCampaignId: \"7011P00000170oTQAQ\",\n\t\tsubmitButtonClass: 'hs-button',\n\t\tonFormReady: function($form, ctx){\n\t\tvar paramsp4 = new window.URLSearchParams(window.location.search);\n\t\tvar utm_content = paramsp4.get('utm_content');\n\t\tif(utm_content == null) {\n\t\t\tvar urlp4 = window.location.href;\n\t\t\tvar fromGPMXBlog = urlp4.includes(\"\/blog\/\");\n\t\t\tif (fromGPMXBlog == true) {\n\t\t\t\tvar arrayp4 = urlp4.split(\"\/\");\n\t\t\t\tvar hs_origin = arrayp4[6];\n\t\t\t\t$('input[name=\"hs_origen__c\"]').val(hs_origin).change();\n\t\t\t\t$('input[name=\"utm_content\"]').val(hs_origin).change();\n\t\t\t}\n\t\t}\n\t}\n});\n<\/script>\n\t\t\t<section\n\t\t\tclass=\"boxout post-8712 \"\n\t\t\t\n\t\t>\n\t\t\t<a\n\t\t\t\tdata-ga-category=\"Take Action Boxout\"\n\t\t\t\tdata-ga-action=\"Image\"\n\t\t\t\tdata-ga-label=\"n\/a\"\n\t\t\t\tclass=\"cover-card-overlay\"\n\t\t\t\thref=\"https:\/\/www.greenpeace.org\/mexico\/participa\/consume-menos-consume-mejor\/\" \n\t\t\t><\/a>\n\t\t\t\t\t\t\t<img\n\t\t\t\t\t\tsrc=\"https:\/\/www.greenpeace.org\/static\/planet4-mexico-stateless\/2020\/07\/63952b1e-consumo-responsable.png\"\n\t\t\t\t\t\tsrcset=\"https:\/\/www.greenpeace.org\/static\/planet4-mexico-stateless\/2020\/07\/63952b1e-consumo-responsable-300x187.png 300w, https:\/\/www.greenpeace.org\/static\/planet4-mexico-stateless\/2020\/07\/63952b1e-consumo-responsable-510x318.png 510w, https:\/\/www.greenpeace.org\/static\/planet4-mexico-stateless\/2020\/07\/63952b1e-consumo-responsable.png 568w\"\n\t\t\t\t\t\tsizes=\"(min-width: 1000px) 358px, (min-width: 780px) 313px, 88px\"\n\t\t\t\t\t\talt=\"\" title=\"\"\n\t\t\t\t\/>\n            \t\t\t<div class=\"boxout-content\">\n\t\t\t\t\t\t\t\t\t<a\n\t\t\t\t\t\tclass=\"boxout-heading medium\"\n\t\t\t\t\t\tdata-ga-category=\"Take Action Boxout\"\n\t\t\t\t\t\tdata-ga-action=\"Title\"\n\t\t\t\t\t\tdata-ga-label=\"n\/a\"\n\t\t\t\t\t\thref=\"https:\/\/www.greenpeace.org\/mexico\/participa\/consume-menos-consume-mejor\/\"\n\t\t\t\t\t\t\n\t\t\t\t\t>\n\t\t\t\t\t\tConsume menos, consume mejor\n\t\t\t\t\t<\/a>\n\t\t\t\t\t\t\t\t\t\t\t\t\t<p class=\"boxout-excerpt\">Hoy tenemos la oportunidad de hacer frente a esta crisis y reinventar nuestro estilo de vida y el modelo actual de consumo masivo hacia uno que sea m\u00e1s sustentable, donde consumamos responsablemente, poniendo a las personas y al planeta en el centro.<\/p>\n\t\t\t\t                                    <a\n                        class=\"btn btn-primary\"\n                        data-ga-category=\"Take Action Boxout\"\n                        data-ga-action=\"Call to Action\"\n                        data-ga-label=\"n\/a\"\n                        href=\"https:\/\/www.greenpeace.org\/mexico\/participa\/consume-menos-consume-mejor\/\"\n                        \n                    >\n                        Participa\n                    <\/a>\n                \t\t\t<\/div>\n\t\t\t\t\t<\/section>\n\t","protected":false},"excerpt":{"rendered":"<p>El 16 de junio se celebra el D\u00eda Mundial del Refill, o de rellenar o usar envases reutilizables. Se trata de una campa\u00f1a a nivel global que busca generar conciencia sobre la importancia de impulsar los reutilizables frente a los productos desechables (o de un solo uso). <\/p>\n","protected":false},"author":29,"featured_media":10453,"comment_status":"open","ping_status":"open","sticky":false,"template":"","format":"standard","meta":{"ep_exclude_from_search":false,"p4_og_title":"","p4_og_description":"","p4_og_image":"","p4_og_image_id":"","p4_seo_canonical_url":"","p4_campaign_name":"not set","p4_local_project":"not set","p4_basket_name":"not set","p4_department":"","footnotes":""},"categories":[2],"tags":[20],"p4-page-type":[14],"class_list":["post-10444","post","type-post","status-publish","format-standard","has-post-thumbnail","hentry","category-cambio-climatico","tag-consumo","p4-page-type-blog"],"_links":{"self":[{"href":"https:\/\/www.greenpeace.org\/mexico\/wp-json\/wp\/v2\/posts\/10444","targetHints":{"allow":["GET"]}}],"collection":[{"href":"https:\/\/www.greenpeace.org\/mexico\/wp-json\/wp\/v2\/posts"}],"about":[{"href":"https:\/\/www.greenpeace.org\/mexico\/wp-json\/wp\/v2\/types\/post"}],"author":[{"embeddable":true,"href":"https:\/\/www.greenpeace.org\/mexico\/wp-json\/wp\/v2\/users\/29"}],"replies":[{"embeddable":true,"href":"https:\/\/www.greenpeace.org\/mexico\/wp-json\/wp\/v2\/comments?post=10444"}],"version-history":[{"count":8,"href":"https:\/\/www.greenpeace.org\/mexico\/wp-json\/wp\/v2\/posts\/10444\/revisions"}],"predecessor-version":[{"id":58238,"href":"https:\/\/www.greenpeace.org\/mexico\/wp-json\/wp\/v2\/posts\/10444\/revisions\/58238"}],"wp:featuredmedia":[{"embeddable":true,"href":"https:\/\/www.greenpeace.org\/mexico\/wp-json\/wp\/v2\/media\/10453"}],"wp:attachment":[{"href":"https:\/\/www.greenpeace.org\/mexico\/wp-json\/wp\/v2\/media?parent=10444"}],"wp:term":[{"taxonomy":"category","embeddable":true,"href":"https:\/\/www.greenpeace.org\/mexico\/wp-json\/wp\/v2\/categories?post=10444"},{"taxonomy":"post_tag","embeddable":true,"href":"https:\/\/www.greenpeace.org\/mexico\/wp-json\/wp\/v2\/tags?post=10444"},{"taxonomy":"p4-page-type","embeddable":true,"href":"https:\/\/www.greenpeace.org\/mexico\/wp-json\/wp\/v2\/p4-page-type?post=10444"}],"curies":[{"name":"wp","href":"https:\/\/api.w.org\/{rel}","templated":true}]}}