{"id":10586,"date":"2021-07-06T10:15:06","date_gmt":"2021-07-06T15:15:06","guid":{"rendered":"https:\/\/www.greenpeace.org\/mexico\/?p=10586"},"modified":"2021-12-01T07:36:25","modified_gmt":"2021-12-01T12:36:25","slug":"los-danos-ambientales-que-deja-el-consumismo-en-mexico","status":"publish","type":"post","link":"https:\/\/www.greenpeace.org\/mexico\/blog\/10586\/los-danos-ambientales-que-deja-el-consumismo-en-mexico\/","title":{"rendered":"Los da\u00f1os ambientales que deja el consumismo en M\u00e9xico"},"content":{"rendered":"\n<p>La pr\u00e1ctica de comprar m\u00e1s de lo que en verdad necesitamos est\u00e1 pasando una factura muy cara al planeta. \u00bfDe qu\u00e9 tama\u00f1o es el impacto ambiental del consumo en M\u00e9xico?&nbsp;<\/p>\n\n<p>Este 2021, Greenpeace M\u00e9xico y el ITESO, la Universidad Jesuita de Guadalajara, elaboraron el reporte de investigaci\u00f3n <a href=\"https:\/\/www.greenpeace.org\/mexico\/publicacion\/9539\/el-consumo-en-mexico-y-sus-impactos-en-el-cambio-climatico\/\">\u201cEl consumo en M\u00e9xico y sus impactos en el cambio clim\u00e1tico: \u00bfC\u00f3mo avanzar hacia el consumo responsable?\u201d<\/a>, que arroja an\u00e1lisis y algunas cifras importantes sobre el da\u00f1o ambiental que ha tra\u00eddo el consumismo a nuestro pa\u00eds.&nbsp;<\/p>\n\n<p>De acuerdo con los hallazgos del informe, en promedio un hogar mexicano gasta al mes poco m\u00e1s de 10 mil pesos mensuales para la adquisici\u00f3n de bienes y servicios, de acuerdo con la Encuesta Nacional de Ingreso y Gasto de los Hogares (ENIGH) 2018 del Instituto Nacional de Estad\u00edstica y Geograf\u00eda (INEGI).&nbsp;<\/p>\n\n<p>Pero no todas las personas gastan igual: en M\u00e9xico los hogares con m\u00e1s recursos tienen dieciocho veces m\u00e1s ingresos que destinan al consumo, en comparaci\u00f3n con aquellos m\u00e1s pobres. Esto es importante porque las emisiones de gases de efecto invernadero y otros impactos ambientales est\u00e1n relacionados con el nivel de ingreso de las personas.<\/p>\n\n<p>Carnes y cereales; transporte y adquisiciones de art\u00edculos y servicios para autom\u00f3viles; educaci\u00f3n y gastos de esparcimiento; y vivienda, servicios de conservaci\u00f3n, electricidad y combustibles, son los cuatro rubros en los que m\u00e1s gastan estas familias.&nbsp;<\/p>\n\n<p>Junto con los impactos de las industrias, este sobreconsumo deja al pa\u00eds una factura de este tama\u00f1o:&nbsp;<\/p>\n\n<ul class=\"wp-block-list\"><li>En M\u00e9xico, la huella ecol\u00f3gica (que determina cu\u00e1nto espacio terrestre y marino se necesita para producir todos los recursos y bienes que se consumen, as\u00ed como la superficie para absorber los desechos que se generan) creci\u00f3 de 1.86 hect\u00e1reas por persona en 1961 a 2.55 para 2014.<\/li><\/ul>\n\n<ul class=\"wp-block-list\"><li>De 173 pa\u00edses, M\u00e9xico ocupa el lugar 58 de consumo total de carne (con 64.8 kilos por persona al a\u00f1o, 4 veces m\u00e1s que lo recomendado para un consumo sostenible. La deforestaci\u00f3n y el consumo excesivo de agua son dos consecuencias negativas de esta actividad. Por un lado, se utiliza el 38.3% de la superficie nacional para alimentar al ganado mexicano y, por otro, la agricultura y la ganader\u00eda en el pa\u00eds desperdician 57% del agua que utilizan.<\/li><\/ul>\n\n<ul class=\"wp-block-list\"><li>Seg\u00fan datos del Instituto de Ecolog\u00eda y Cambio Clim\u00e1tico, para el 2015 el principal emisor de gases de efecto invernadero en M\u00e9xico fue el sector energ\u00e9tico, ya que la \u201cquema de combustible\u201d representa el 81.6% de las emisiones nacionales, mientras que las \u201cemisiones fugitivas por fabricaci\u00f3n de combustibles\u201d representan el 8.3% de las emisiones nacionales.<\/li><\/ul>\n\n<ul class=\"wp-block-list\"><li>Entre 1996 y 2005, M\u00e9xico ocup\u00f3 el lugar 8 a nivel mundial respecto a la huella h\u00eddrica (el volumen total de agua utilizada para la producci\u00f3n de bienes y servicios consumidos por los habitantes de un pa\u00eds) del consumo, con 197 mil 425 hect\u00f3metros c\u00fabicos por a\u00f1o. Del total del consumo mexicano, 2.7% se debe a productos industriales y 5.3 % al consumo dom\u00e9stico; la mayor\u00eda, 92 %, se atribuye a productos agropecuarios, de acuerdo con la Semarnat.&nbsp;&nbsp;<\/li><\/ul>\n\n<ul class=\"wp-block-list\"><li>M\u00e9xico forma parte del selecto grupo de los pa\u00edses que m\u00e1s produce y vierte pl\u00e1sticos no esenciales al oc\u00e9ano, con cifras que van de las doscientas cincuenta mil a casi el mill\u00f3n de toneladas que se arrojan al mar, de acuerdo con datos de la Semarnat analizados por la organizaci\u00f3n Oceana en M\u00e9xico. El pa\u00eds es el cuarto productor de envases PET desechables y produce m\u00e1s de 7 millones de toneladas de pl\u00e1stico al a\u00f1o; el 48% es destinado a envases y embalajes que no necesariamente terminar\u00e1n siendo reciclados. Consecuentemente, entre el 60% y 80% de los residuos marinos son micropl\u00e1sticos, de acuerdo con informaci\u00f3n obtenida por Greenpeace mediante una investigaci\u00f3n.<\/li><\/ul>\n\n<ul class=\"wp-block-list\"><li>Los costos de salud de las enfermedades atribuibles a la contaminaci\u00f3n ambiental habr\u00edan sido de 9 mil 989 millones de pesos y los ambientales de un bill\u00f3n 19 mil 751 millones de pesos para 2018.<\/li><\/ul>\n\n<ul class=\"wp-block-list\"><li>El comercio electr\u00f3nico en M\u00e9xico se ha multiplicado m\u00e1s de veinte veces en una d\u00e9cada. En 2009 se reportaban cerca de $24.50 miles de millones de pesos en ventas por este medio, mientras que para el 2018 se alcanzaron cerca de $491.25 miles de millones de pesos. En 2020 se compr\u00f3 en l\u00ednea 225 veces m\u00e1s que el a\u00f1o pasado, pero esto no disminuy\u00f3 la generaci\u00f3n de basura.&nbsp;<\/li><\/ul>\n\n<ul class=\"wp-block-list\"><li>En el 2015 se generaron en el pa\u00eds 44.6 millones de toneladas de residuos s\u00f3lidos urbanos, con una proyecci\u00f3n esperada de 65 millones para 2030.<\/li><\/ul>\n\n<p>Este informe de Greenpeace tambi\u00e9n encontr\u00f3 que las jornadas de descuentos como El Buen Fin, promovida por el gobierno a favor de las industrias, tienen consecuencias ambientales devastadoras:&nbsp;<\/p>\n\n<ul class=\"wp-block-list\"><li>En M\u00e9xico, durante El Buen Fin de 2020, los productos m\u00e1s vendidos fueron: hogar 23%, servicios 18%, ropa y calzado 16%.<\/li><\/ul>\n\n<ul class=\"wp-block-list\"><li>En t\u00e9rminos de huella h\u00eddrica la industria textil, por ejemplo, requiere 2 mil litros de agua para generar una playera de algod\u00f3n, 10 mil para una falda o pantal\u00f3n y 8 mil para un par de zapatos.<\/li><\/ul>\n\n<ul class=\"wp-block-list\"><li>La industria textil fue responsable en 2018 del 20% de las aguas residuales y del 10% de los gases de efecto invernadero que se emiten a la atm\u00f3sfera a nivel global.<\/li><\/ul>\n\n<ul class=\"wp-block-list\"><li>El Buen Fin tambi\u00e9n tiene repercusiones ambientales mediante las emisiones de carbono pues, en 2019, 4.7% de las emisiones anuales de la Ciudad de M\u00e9xico ocurrieron durante los cuatro d\u00edas que dur\u00f3 esta jornada de descuentos. Del total de \u00e9stas, 67% se debieron a la producci\u00f3n y comercializaci\u00f3n de productos, 33% a transporte (tanto de personas que van a comprar como en la entrega de mercanc\u00edas) y menos de 1% a embalaje, seg\u00fan las cifras analizadas por Greenpeace en 2019.&nbsp;<\/li><\/ul>\n\n<ul class=\"wp-block-list\"><li>En 2019, la Procuradur\u00eda Federal del Consumidor (Profeco) alert\u00f3 en su revista sobre la mala calidad y la huella ecol\u00f3gica que supone la moda r\u00e1pida, equivalente a la contaminaci\u00f3n de popotes, botellas o platos desechables.&nbsp;<\/li><\/ul>\n\n<p>M\u00e9xico es el pa\u00eds de Am\u00e9rica Latina con m\u00e1s centros comerciales, incluso por encima de Brasil. Las proyecciones para 2025 indican que seguir\u00e1 ocupando ese primer puesto. \u00bfQu\u00e9 podemos hacer? En Greenpeace buscamos que todas las personas, particularmente las que m\u00e1s consumen (incluyendo las industrias), transiten hacia estilos de vida sustentables basados en consumir menos y mejor. <a href=\"https:\/\/www.greenpeace.org\/mexico\/participa\/consume-menos-consume-mejor\/\">Da click aqu\u00ed para m\u00e1s informaci\u00f3n.&nbsp;<\/a><\/p>\n\n<h2 class=\"wp-block-heading\">\u00bfQuieres hacer m\u00e1s para cuidar el medio ambiente? S\u00famate aqu\u00ed:<\/h2>\n\n<!--[if lte IE 8]>\n<script charset=\"utf-8\" type=\"text\/javascript\" src=\"\/\/js.hsforms.net\/forms\/v2-legacy.js\"><\/script>\n<![endif]-->\n<script charset=\"utf-8\" type=\"text\/javascript\" src=\"\/\/js.hsforms.net\/forms\/v2.js\"><\/script>\n<script>\n\thbspt.forms.create({\n\t\tportalId: \"2617486\",\n\t\tformId: \"2a640cfd-58f7-422d-936f-f6c0825f3e8b\",\n\t\tsfdcCampaignId: \"7011P00000170oTQAQ\",\n\t\tsubmitButtonClass: 'hs-button',\n\t\tonFormReady: function($form, ctx){\n\t\tvar paramsp4 = new window.URLSearchParams(window.location.search);\n\t\tvar utm_content = paramsp4.get('utm_content');\n\t\tif(utm_content == null) {\n\t\t\tvar urlp4 = window.location.href;\n\t\t\tvar fromGPMXBlog = urlp4.includes(\"\/blog\/\");\n\t\t\tif (fromGPMXBlog == true) {\n\t\t\t\tvar arrayp4 = urlp4.split(\"\/\");\n\t\t\t\tvar hs_origin = arrayp4[6];\n\t\t\t\t$('input[name=\"hs_origen__c\"]').val(hs_origin).change();\n\t\t\t\t$('input[name=\"utm_content\"]').val(hs_origin).change();\n\t\t\t}\n\t\t}\n\t}\n});\n<\/script>\n\t\t\t<section\n\t\t\tclass=\"boxout post-8712 \"\n\t\t\t\n\t\t>\n\t\t\t<a\n\t\t\t\tdata-ga-category=\"Take Action Boxout\"\n\t\t\t\tdata-ga-action=\"Image\"\n\t\t\t\tdata-ga-label=\"n\/a\"\n\t\t\t\tclass=\"cover-card-overlay\"\n\t\t\t\thref=\"https:\/\/www.greenpeace.org\/mexico\/participa\/consume-menos-consume-mejor\/\" \n\t\t\t><\/a>\n\t\t\t\t\t\t\t<img\n\t\t\t\t\t\tsrc=\"https:\/\/www.greenpeace.org\/static\/planet4-mexico-stateless\/2020\/07\/63952b1e-consumo-responsable.png\"\n\t\t\t\t\t\tsrcset=\"https:\/\/www.greenpeace.org\/static\/planet4-mexico-stateless\/2020\/07\/63952b1e-consumo-responsable-300x187.png 300w, https:\/\/www.greenpeace.org\/static\/planet4-mexico-stateless\/2020\/07\/63952b1e-consumo-responsable-510x318.png 510w, https:\/\/www.greenpeace.org\/static\/planet4-mexico-stateless\/2020\/07\/63952b1e-consumo-responsable.png 568w\"\n\t\t\t\t\t\tsizes=\"(min-width: 1000px) 358px, (min-width: 780px) 313px, 88px\"\n\t\t\t\t\t\talt=\"\" title=\"\"\n\t\t\t\t\/>\n            \t\t\t<div class=\"boxout-content\">\n\t\t\t\t\t\t\t\t\t<a\n\t\t\t\t\t\tclass=\"boxout-heading medium\"\n\t\t\t\t\t\tdata-ga-category=\"Take Action Boxout\"\n\t\t\t\t\t\tdata-ga-action=\"Title\"\n\t\t\t\t\t\tdata-ga-label=\"n\/a\"\n\t\t\t\t\t\thref=\"https:\/\/www.greenpeace.org\/mexico\/participa\/consume-menos-consume-mejor\/\"\n\t\t\t\t\t\t\n\t\t\t\t\t>\n\t\t\t\t\t\tConsume menos, consume mejor\n\t\t\t\t\t<\/a>\n\t\t\t\t\t\t\t\t\t\t\t\t\t<p class=\"boxout-excerpt\">Hoy tenemos la oportunidad de hacer frente a esta crisis y reinventar nuestro estilo de vida y el modelo actual de consumo masivo hacia uno que sea m\u00e1s sustentable, donde consumamos responsablemente, poniendo a las personas y al planeta en el centro.<\/p>\n\t\t\t\t                                    <a\n                        class=\"btn btn-primary\"\n                        data-ga-category=\"Take Action Boxout\"\n                        data-ga-action=\"Call to Action\"\n                        data-ga-label=\"n\/a\"\n                        href=\"https:\/\/www.greenpeace.org\/mexico\/participa\/consume-menos-consume-mejor\/\"\n                        \n                    >\n                        Participa\n                    <\/a>\n                \t\t\t<\/div>\n\t\t\t\t\t<\/section>\n\t","protected":false},"excerpt":{"rendered":"<p>La pr\u00e1ctica de comprar m\u00e1s de lo que en verdad necesitamos est\u00e1 pasando una factura muy cara al planeta. \u00bfDe qu\u00e9 tama\u00f1o es el impacto ambiental del consumo en M\u00e9xico? <\/p>\n","protected":false},"author":29,"featured_media":10587,"comment_status":"open","ping_status":"open","sticky":false,"template":"","format":"standard","meta":{"ep_exclude_from_search":false,"p4_og_title":"","p4_og_description":"","p4_og_image":"","p4_og_image_id":"","p4_seo_canonical_url":"","p4_campaign_name":"not set","p4_local_project":"not set","p4_basket_name":"not set","p4_department":"","footnotes":""},"categories":[2],"tags":[20],"p4-page-type":[14],"class_list":["post-10586","post","type-post","status-publish","format-standard","has-post-thumbnail","hentry","category-cambio-climatico","tag-consumo","p4-page-type-blog"],"_links":{"self":[{"href":"https:\/\/www.greenpeace.org\/mexico\/wp-json\/wp\/v2\/posts\/10586","targetHints":{"allow":["GET"]}}],"collection":[{"href":"https:\/\/www.greenpeace.org\/mexico\/wp-json\/wp\/v2\/posts"}],"about":[{"href":"https:\/\/www.greenpeace.org\/mexico\/wp-json\/wp\/v2\/types\/post"}],"author":[{"embeddable":true,"href":"https:\/\/www.greenpeace.org\/mexico\/wp-json\/wp\/v2\/users\/29"}],"replies":[{"embeddable":true,"href":"https:\/\/www.greenpeace.org\/mexico\/wp-json\/wp\/v2\/comments?post=10586"}],"version-history":[{"count":2,"href":"https:\/\/www.greenpeace.org\/mexico\/wp-json\/wp\/v2\/posts\/10586\/revisions"}],"predecessor-version":[{"id":49696,"href":"https:\/\/www.greenpeace.org\/mexico\/wp-json\/wp\/v2\/posts\/10586\/revisions\/49696"}],"wp:featuredmedia":[{"embeddable":true,"href":"https:\/\/www.greenpeace.org\/mexico\/wp-json\/wp\/v2\/media\/10587"}],"wp:attachment":[{"href":"https:\/\/www.greenpeace.org\/mexico\/wp-json\/wp\/v2\/media?parent=10586"}],"wp:term":[{"taxonomy":"category","embeddable":true,"href":"https:\/\/www.greenpeace.org\/mexico\/wp-json\/wp\/v2\/categories?post=10586"},{"taxonomy":"post_tag","embeddable":true,"href":"https:\/\/www.greenpeace.org\/mexico\/wp-json\/wp\/v2\/tags?post=10586"},{"taxonomy":"p4-page-type","embeddable":true,"href":"https:\/\/www.greenpeace.org\/mexico\/wp-json\/wp\/v2\/p4-page-type?post=10586"}],"curies":[{"name":"wp","href":"https:\/\/api.w.org\/{rel}","templated":true}]}}