{"id":10753,"date":"2021-08-18T09:00:00","date_gmt":"2021-08-18T14:00:00","guid":{"rendered":"https:\/\/www.greenpeace.org\/mexico\/?p=10753"},"modified":"2021-12-01T07:36:07","modified_gmt":"2021-12-01T12:36:07","slug":"cinco-animales-extintos-en-mexico","status":"publish","type":"post","link":"https:\/\/www.greenpeace.org\/mexico\/blog\/10753\/cinco-animales-extintos-en-mexico\/","title":{"rendered":"Cinco animales extintos en M\u00e9xico"},"content":{"rendered":"\n<p>La actividad humana tiene un costo muy alto para el planeta. La deforestaci\u00f3n, la expansi\u00f3n de la mancha urbana y la contaminaci\u00f3n de las aguas tiene como resultado la destrucci\u00f3n de ecosistemas enteros, lo que amenaza poco a poco la sobrevivencia de muchas especies de plantas y animales que nunca m\u00e1s veremos.<\/p>\n\n<p>De acuerdo con la Norma Oficial Mexicana 059 (actualizada en 2019), en M\u00e9xico hay un cat\u00e1logo de m\u00e1s de 500 especies (entre plantas y animales de todo tipo) en peligro de extinci\u00f3n y casi 50 que ya son consideradas probablemente extintas en el medio silvestre.&nbsp;<\/p>\n\n<p>Aqu\u00ed va la lista de cinco animales que, de acuerdo con la clasificaci\u00f3n m\u00e1s actualizada de la Secretar\u00eda de Medio Ambiente y Recursos Naturales (SEMARNAT), son especies nativas de M\u00e9xico pero cuyos ejemplares en vida libre dentro del territorio nacional han desaparecido, hasta donde la documentaci\u00f3n y los estudios realizados lo prueban, pero de la cual se conoce la existencia de ejemplares vivos, en confinamiento o fuera del territorio mexicano.<\/p>\n\n<ul class=\"wp-block-list\"><li><strong>Oso grizzly (<\/strong><strong><em>Ursus arctos horribilis<\/em><\/strong><strong>)<\/strong><\/li><\/ul>\n\n<p>Tambi\u00e9n llamado oso pardo u oso plateado, este mam\u00edfero fue acosado durante a\u00f1os por la cacer\u00eda. De acuerdo con la <a href=\"https:\/\/www.gob.mx\/conabio\">Comisi\u00f3n Nacional para el Conocimiento y Uso de la Biodiversidad<\/a> (Conabio), dentro de M\u00e9xico este oso viv\u00eda en zonas de pastizales y zonas monta\u00f1osas pobladas de pinos en donde se alimentaba principalmente de plantas, frutas, insectos y ocasionalmente de animales peque\u00f1os y carro\u00f1a. Su existencia debi\u00f3 abarcar desde poco m\u00e1s de 10 mil a\u00f1os, hasta que la actividad ganadera se extendi\u00f3 a zonas silvestres y comenz\u00f3 su cacer\u00eda.&nbsp;<\/p>\n\n<ul class=\"wp-block-list\"><li><strong>Foca monje del Caribe (<\/strong><strong><em>Phocidae monachus tropicalis<\/em><\/strong><strong>)<\/strong><\/li><\/ul>\n\n<p>Es considerada la primera especie de foca en extinguirse directamente por causas humanas, ya que se generaliz\u00f3 la idea de que era una amenaza para los bancos de peces y se inici\u00f3 una campa\u00f1a para su exterminio. La contaminaci\u00f3n, alteraci\u00f3n del h\u00e1bitat, sobrepesca y enmallamientos tambi\u00e9n contribuyeron a su extinci\u00f3n, de acuerdo con informaci\u00f3n de la organizaci\u00f3n Artimalia.<\/p>\n\n<ul class=\"wp-block-list\"><li><strong>Carpintero imperial (<\/strong><strong><em>Picidae campephilus imperiali<\/em><\/strong><strong>)<\/strong><\/li><\/ul>\n\n<p>Habitante en la Sierra Madre Occidental, fue considerado el p\u00e1jaro carpintero m\u00e1s grande que ha existido en el mundo. Su extinci\u00f3n se debe a la tala del bosque y a su caza con fines alimenticios, de uso en remedios tradicionales o para satisfacer la curiosidad. La especie tambi\u00e9n fue objeto de campa\u00f1as de envenenamiento como las emprendidas contra el lobo mexicano y el oso pardo, de acuerdo con datos de la Conabio.<\/p>\n\n<ul class=\"wp-block-list\"><li><strong>Toqu\u00ed pinto de Guadalupe (<\/strong><strong><em>Passerellidae pipilo maculatus<\/em><\/strong><strong>)<\/strong><\/li><\/ul>\n\n<p>Hasta 2017, esta ave a\u00fan era considerada especie en peligro de extinci\u00f3n. Sin embargo, en su actualizaci\u00f3n de 2019, la Semarnat ya la consider\u00f3 probablemente extinta. Su desaparici\u00f3n est\u00e1 vinculada con la alteraci\u00f3n de su h\u00e1bitat, la Isla de Guadalupe, que hoy es considerada reserva de la bi\u00f3sfera pero que por a\u00f1os sufri\u00f3 la depredaci\u00f3n animal y vegetal end\u00e9mica por la introducci\u00f3n de especies no nativas.&nbsp;<\/p>\n\n<ul class=\"wp-block-list\"><li><strong>Guayac\u00f3n bonito (<em>Poeciliidae priapella bonita<\/em>)<\/strong><\/li><\/ul>\n\n<p>Era un pez peque\u00f1o de 45 mm de longitud m\u00e1xima. Su coloraci\u00f3n era oliva en la parte superior y blanco por debajo, con algunas bandas laterales en el dorso y aleta caudal con la punta negra. Era una especie end\u00e9mica de M\u00e9xico, cuya distribuci\u00f3n estaba restringida a los tributarios del norte del r\u00edo Papaloapan, Veracruz; habitaba en remansos de arroyos bien sombreados, de agua clara y fondo rocoso. La \u00faltima colecta que se hizo de esta especie fue en 1950 y no ha sido recolectada en numerosos esfuerzos de b\u00fasqueda posteriores, de acuerdo con el sitio web Naturalista.<\/p>\n\n<p>La desaparici\u00f3n de estas especies a causa de la actividad humana nos ense\u00f1a que el mundo debe caminar en un sentido diferente y en lugar de sobreexplotar a la naturaleza, se deben dirigir todos los esfuerzos a la conversaci\u00f3n de los ecosistemas que, a pesar de los embates, se muestran resilientes.<\/p>\n\n<!--[if lte IE 8]>\n<script charset=\"utf-8\" type=\"text\/javascript\" src=\"\/\/js.hsforms.net\/forms\/v2-legacy.js\"><\/script>\n<![endif]-->\n<script charset=\"utf-8\" type=\"text\/javascript\" src=\"\/\/js.hsforms.net\/forms\/v2.js\"><\/script>\n<script>\nhbspt.forms.create({\nportalId: \"2617486\",\n\tformId: \"6d9e57c1-c053-4f2c-985c-e3588cbfe0af\",\n\tsfdcCampaignId: \"7011P0000016vtzQAA\",\nsubmitButtonClass: 'hs-button',\nonFormReady: function($form, ctx){\nvar paramsp4 = new window.URLSearchParams(window.location.search);\nvar utm_content = paramsp4.get('utm_content');\nif(utm_content == null) {\nvar urlp4 = window.location.href;\nvar fromGPMXBlog = urlp4.includes(\"\/blog\/\");\nif (fromGPMXBlog == true) {\nvar arrayp4 = urlp4.split(\"\/\");\nvar hs_origin = arrayp4[6];\n$('input[name=\"hs_origen__c\"]').val(hs_origin).change();\n$('input[name=\"utm_content\"]').val(hs_origin).change();\n}\n}\n}\n});\n<\/script>\n\t\t\t<section\n\t\t\tclass=\"boxout post-518 \"\n\t\t\t\n\t\t>\n\t\t\t<a\n\t\t\t\tdata-ga-category=\"Take Action Boxout\"\n\t\t\t\tdata-ga-action=\"Image\"\n\t\t\t\tdata-ga-label=\"n\/a\"\n\t\t\t\tclass=\"cover-card-overlay\"\n\t\t\t\thref=\"https:\/\/www.greenpeace.org\/mexico\/participa\/apoyanos\/\" \n\t\t\t><\/a>\n\t\t\t\t\t\t\t<img\n\t\t\t\t\t\tsrc=\"https:\/\/www.greenpeace.org\/static\/planet4-mexico-stateless\/2018\/10\/2d21d92f-gp0stsba7-1024x683.jpg\"\n\t\t\t\t\t\tsrcset=\"https:\/\/www.greenpeace.org\/static\/planet4-mexico-stateless\/2018\/10\/2d21d92f-gp0stsba7-300x200.jpg 300w, https:\/\/www.greenpeace.org\/static\/planet4-mexico-stateless\/2018\/10\/2d21d92f-gp0stsba7-768x512.jpg 768w, https:\/\/www.greenpeace.org\/static\/planet4-mexico-stateless\/2018\/10\/2d21d92f-gp0stsba7-1024x683.jpg 1024w, https:\/\/www.greenpeace.org\/static\/planet4-mexico-stateless\/2018\/10\/2d21d92f-gp0stsba7-510x340.jpg 510w\"\n\t\t\t\t\t\tsizes=\"(min-width: 1000px) 358px, (min-width: 780px) 313px, 88px\"\n\t\t\t\t\t\talt=\"Clean-up and Brand Audit Activity at Miramar Beach in Mexico.\" title=\"Clean-up and Brand Audit Activity at Miramar Beach in Mexico.\"\n\t\t\t\t\/>\n            \t\t\t<div class=\"boxout-content\">\n\t\t\t\t\t\t\t\t\t<a\n\t\t\t\t\t\tclass=\"boxout-heading medium\"\n\t\t\t\t\t\tdata-ga-category=\"Take Action Boxout\"\n\t\t\t\t\t\tdata-ga-action=\"Title\"\n\t\t\t\t\t\tdata-ga-label=\"n\/a\"\n\t\t\t\t\t\thref=\"https:\/\/www.greenpeace.org\/mexico\/participa\/apoyanos\/\"\n\t\t\t\t\t\t\n\t\t\t\t\t>\n\t\t\t\t\t\t\u00a1Ap\u00f3yanos!\n\t\t\t\t\t<\/a>\n\t\t\t\t\t\t\t\t\t\t\t\t\t<p class=\"boxout-excerpt\">Gracias a tu donativo podemos seguir luchando por el planeta.<\/p>\n\t\t\t\t                                    <a\n                        class=\"btn btn-primary\"\n                        data-ga-category=\"Take Action Boxout\"\n                        data-ga-action=\"Call to Action\"\n                        data-ga-label=\"n\/a\"\n                        href=\"https:\/\/www.greenpeace.org\/mexico\/participa\/apoyanos\/\"\n                        \n                    >\n                        Participa\n                    <\/a>\n                \t\t\t<\/div>\n\t\t\t\t\t<\/section>\n\t","protected":false},"excerpt":{"rendered":"<p>La desaparici\u00f3n de estas especies nos ense\u00f1a que el mundo debe caminar en un sentido diferente y en lugar de sobreexplotar a la naturaleza, se deben dirigir todos los esfuerzos a la conversaci\u00f3n de los ecosistemas que, a pesar de los embates, se muestran resilientes.<\/p>\n","protected":false},"author":29,"featured_media":1323,"comment_status":"open","ping_status":"open","sticky":false,"template":"","format":"standard","meta":{"ep_exclude_from_search":false,"p4_og_title":"","p4_og_description":"","p4_og_image":"","p4_og_image_id":"","p4_seo_canonical_url":"","p4_campaign_name":"not set","p4_local_project":"not set","p4_basket_name":"not set","p4_department":"","footnotes":""},"categories":[2],"tags":[19],"p4-page-type":[14],"class_list":["post-10753","post","type-post","status-publish","format-standard","has-post-thumbnail","hentry","category-cambio-climatico","tag-deforestacion","p4-page-type-blog"],"_links":{"self":[{"href":"https:\/\/www.greenpeace.org\/mexico\/wp-json\/wp\/v2\/posts\/10753","targetHints":{"allow":["GET"]}}],"collection":[{"href":"https:\/\/www.greenpeace.org\/mexico\/wp-json\/wp\/v2\/posts"}],"about":[{"href":"https:\/\/www.greenpeace.org\/mexico\/wp-json\/wp\/v2\/types\/post"}],"author":[{"embeddable":true,"href":"https:\/\/www.greenpeace.org\/mexico\/wp-json\/wp\/v2\/users\/29"}],"replies":[{"embeddable":true,"href":"https:\/\/www.greenpeace.org\/mexico\/wp-json\/wp\/v2\/comments?post=10753"}],"version-history":[{"count":4,"href":"https:\/\/www.greenpeace.org\/mexico\/wp-json\/wp\/v2\/posts\/10753\/revisions"}],"predecessor-version":[{"id":49679,"href":"https:\/\/www.greenpeace.org\/mexico\/wp-json\/wp\/v2\/posts\/10753\/revisions\/49679"}],"wp:featuredmedia":[{"embeddable":true,"href":"https:\/\/www.greenpeace.org\/mexico\/wp-json\/wp\/v2\/media\/1323"}],"wp:attachment":[{"href":"https:\/\/www.greenpeace.org\/mexico\/wp-json\/wp\/v2\/media?parent=10753"}],"wp:term":[{"taxonomy":"category","embeddable":true,"href":"https:\/\/www.greenpeace.org\/mexico\/wp-json\/wp\/v2\/categories?post=10753"},{"taxonomy":"post_tag","embeddable":true,"href":"https:\/\/www.greenpeace.org\/mexico\/wp-json\/wp\/v2\/tags?post=10753"},{"taxonomy":"p4-page-type","embeddable":true,"href":"https:\/\/www.greenpeace.org\/mexico\/wp-json\/wp\/v2\/p4-page-type?post=10753"}],"curies":[{"name":"wp","href":"https:\/\/api.w.org\/{rel}","templated":true}]}}