{"id":1499,"date":"2018-12-03T17:52:53","date_gmt":"2018-12-03T22:52:53","guid":{"rendered":"https:\/\/www.greenpeace.org\/mexico\/?p=1499"},"modified":"2025-08-26T19:43:31","modified_gmt":"2025-08-27T00:43:31","slug":"activistas-de-greenpeace-enfrentan-meses-en-la-carcel-en-espera-de-juicio","status":"publish","type":"post","link":"https:\/\/www.greenpeace.org\/mexico\/informacion-prensa\/1499\/activistas-de-greenpeace-enfrentan-meses-en-la-carcel-en-espera-de-juicio\/","title":{"rendered":"Activistas de Greenpeace enfrentan meses en la c\u00e1rcel en espera de juicio"},"content":{"rendered":"\n<p>Prievidza, Eslovaquia, 2 de diciembre de 2018 &#8211; La decisi\u00f3n de un tribunal eslovaco de mantener a los <strong>activistas <\/strong>de <strong>Greenpeace detenidos <\/strong>hasta que se lleve a cabo un juicio es inaceptable, dijo Greenpeace. Los 12 activistas de diferentes nacionalidades (eslovaco, checo, finland\u00e9s, alem\u00e1n y belga) protestaron pac\u00edficamente contra el carb\u00f3n sucio al exhibir pancartas que ped\u00edan el fin de la era del carb\u00f3n en la torre de una compa\u00f1\u00eda minera eslovaca de lignito. Los activistas ahora enfrentan cargos penales infundados y corren el riesgo de ser encarcelados por hasta 5 a\u00f1os.<\/p>\n\n<p>Sus abogados apelar\u00e1n contra la decisi\u00f3n. <strong>Greenpeace <\/strong>pide solidaridad internacional para los activistas detenidos.<\/p>\n\n<figure class=\"wp-block-image\"><img loading=\"lazy\" decoding=\"async\" width=\"1024\" height=\"682\" src=\"https:\/\/www.greenpeace.org\/static\/planet4-mexico-stateless\/2018\/12\/004a48e8-gp0stsrme-1024x682.jpg\" title=\"Fotograf\u00eda de una acci\u00f3n de Greenpeace en una mina en Eslovaquia,\" alt=\"Fotograf\u00eda de una acci\u00f3n de Greenpeace en una mina en Eslovaquia,\" class=\"wp-image-1502\" srcset=\"https:\/\/www.greenpeace.org\/static\/planet4-mexico-stateless\/2018\/12\/004a48e8-gp0stsrme-1024x682.jpg 1024w, https:\/\/www.greenpeace.org\/static\/planet4-mexico-stateless\/2018\/12\/004a48e8-gp0stsrme-300x200.jpg 300w, https:\/\/www.greenpeace.org\/static\/planet4-mexico-stateless\/2018\/12\/004a48e8-gp0stsrme-768x512.jpg 768w, https:\/\/www.greenpeace.org\/static\/planet4-mexico-stateless\/2018\/12\/004a48e8-gp0stsrme-510x340.jpg 510w, https:\/\/www.greenpeace.org\/static\/planet4-mexico-stateless\/2018\/12\/004a48e8-gp0stsrme.jpg 1199w\" sizes=\"auto, (max-width: 1024px) 100vw, 1024px\" \/><figcaption class=\"wp-element-caption\">Activistas protestan pac\u00edficamente contra el carb\u00f3n sucio al exhibir pancartas que ped\u00edan el fin de la era del carb\u00f3n en la torre de una compa\u00f1\u00eda minera eslovaca de lignito.<div class=\"credit icon-left\"> \u00a9 Thomas Halasz \/ Greenpeace<\/div><\/figcaption><\/figure>\n\n<p>Activistas protestan pac\u00edficamente contra el carb\u00f3n sucio al exhibir pancartas que ped\u00edan el fin de la era del carb\u00f3n en la torre de una compa\u00f1\u00eda minera eslovaca de lignito.<\/p>\n\n<p>Jennifer Morgan, directora ejecutiva de Greenpeace Internacional, dijo:<\/p>\n\n<p>\u201cEstamos enfrentando el mayor desaf\u00edo para la humanidad y las personas est\u00e1n exigiendo y tomando medidas. Los gobiernos de la <strong>COP24 <\/strong>deben estar de una vez por todas junto con la gente y tomar medidas con ellos. Estos 12 activistas tomaron medidas pac\u00edficas para protestar contra el <strong>combustible f\u00f3sil<\/strong> m\u00e1s sucio y su detenci\u00f3n continua es una desgracia. Llamamos a Eslovaquia para su liberaci\u00f3n inmediata &#8220;.<\/p>\n\n<p>Julia Sokolovicova, asesora pol\u00edtica de Greenpeace en Europa Central y del Este, dijo:<\/p>\n\n<p>&#8220;Estos activistas no representan una amenaza concebible. El carb\u00f3n es la verdadera amenaza para las generaciones actuales y futuras. Eslovaquia tiene la oportunidad de ser un l\u00edder clim\u00e1tico en Europa Central: el carb\u00f3n entrega solo el 12% del consumo energ\u00e9tico del pa\u00eds. Esta oportunidad ahora est\u00e1 siendo desperdiciada. Eslovaquia debe mirar hacia el futuro, deshacerse del carb\u00f3n y apoyar a estos j\u00f3venes manifestantes. Deben ser aplaudidos, no encarcelados y puestos en libertad de inmediato &#8220;.<\/p>\n","protected":false},"excerpt":{"rendered":"<p>Activistas de Greenpeace enfrentan c\u00e1rcel en Eslovaquia por protestar pac\u00edficamente contra el carb\u00f3n sucio. Se pide su liberaci\u00f3n inmediata.<\/p>\n","protected":false},"author":25,"featured_media":1502,"comment_status":"open","ping_status":"open","sticky":false,"template":"","format":"standard","meta":{"ep_exclude_from_search":false,"p4_og_title":"Activistas de Greenpeace enfrentan meses en la c\u00e1rcel en espera de juicio","p4_og_description":"Activistas de Greenpeace enfrentan c\u00e1rcel en Eslovaquia por protestar pac\u00edficamente contra el carb\u00f3n sucio. Se pide su liberaci\u00f3n inmediata.\n","p4_og_image":"https:\/\/www.greenpeace.org\/static\/planet4-mexico-stateless\/2018\/12\/004a48e8-gp0stsrme.jpg","p4_og_image_id":"1502","p4_seo_canonical_url":"","p4_campaign_name":"","p4_local_project":"","p4_basket_name":"","p4_department":"","footnotes":""},"categories":[43],"tags":[21,51],"p4-page-type":[16],"class_list":["post-1499","post","type-post","status-publish","format-standard","has-post-thumbnail","hentry","category-sobre-greenpeace","tag-activismo","tag-combustibles-fosiles","p4-page-type-informacion-prensa"],"_links":{"self":[{"href":"https:\/\/www.greenpeace.org\/mexico\/wp-json\/wp\/v2\/posts\/1499","targetHints":{"allow":["GET"]}}],"collection":[{"href":"https:\/\/www.greenpeace.org\/mexico\/wp-json\/wp\/v2\/posts"}],"about":[{"href":"https:\/\/www.greenpeace.org\/mexico\/wp-json\/wp\/v2\/types\/post"}],"author":[{"embeddable":true,"href":"https:\/\/www.greenpeace.org\/mexico\/wp-json\/wp\/v2\/users\/25"}],"replies":[{"embeddable":true,"href":"https:\/\/www.greenpeace.org\/mexico\/wp-json\/wp\/v2\/comments?post=1499"}],"version-history":[{"count":11,"href":"https:\/\/www.greenpeace.org\/mexico\/wp-json\/wp\/v2\/posts\/1499\/revisions"}],"predecessor-version":[{"id":60866,"href":"https:\/\/www.greenpeace.org\/mexico\/wp-json\/wp\/v2\/posts\/1499\/revisions\/60866"}],"wp:featuredmedia":[{"embeddable":true,"href":"https:\/\/www.greenpeace.org\/mexico\/wp-json\/wp\/v2\/media\/1502"}],"wp:attachment":[{"href":"https:\/\/www.greenpeace.org\/mexico\/wp-json\/wp\/v2\/media?parent=1499"}],"wp:term":[{"taxonomy":"category","embeddable":true,"href":"https:\/\/www.greenpeace.org\/mexico\/wp-json\/wp\/v2\/categories?post=1499"},{"taxonomy":"post_tag","embeddable":true,"href":"https:\/\/www.greenpeace.org\/mexico\/wp-json\/wp\/v2\/tags?post=1499"},{"taxonomy":"p4-page-type","embeddable":true,"href":"https:\/\/www.greenpeace.org\/mexico\/wp-json\/wp\/v2\/p4-page-type?post=1499"}],"curies":[{"name":"wp","href":"https:\/\/api.w.org\/{rel}","templated":true}]}}