{"id":1726,"date":"2019-02-05T13:09:12","date_gmt":"2019-02-05T18:09:12","guid":{"rendered":"https:\/\/www.greenpeace.org\/mexico\/?p=1726"},"modified":"2019-11-06T04:03:21","modified_gmt":"2019-11-06T09:03:21","slug":"la-vision-nacional-para-gestionar-los-residuos-no-resuelve-el-problema-de-raiz","status":"publish","type":"post","link":"https:\/\/www.greenpeace.org\/mexico\/informacion-prensa\/1726\/la-vision-nacional-para-gestionar-los-residuos-no-resuelve-el-problema-de-raiz\/","title":{"rendered":"La visi\u00f3n nacional para gestionar los residuos no resuelve el problema de ra\u00edz"},"content":{"rendered":"<p><strong style=\"font-size: 16px;\">Ciudad de M\u00e9xico, 05 de febrero, 2019. &#8211;<\/strong><span style=\"font-size: 16px;\"> La Visi\u00f3n Nacional de Gesti\u00f3n Sustentable: Cero Residuos, presentada por el Gobierno de M\u00e9xico el primero de febrero, no resuelve el problema de ra\u00edz alertaron organizaciones civiles nucleadas en la Alianza Global por Alternativas a la Incineraci\u00f3n (GAIA). El documento publicado en el portal de internet de la Secretar\u00eda de Medio Ambiente y Recursos Naturales (Semarnat) establece los principios rectores, objetivo general, alcance y hoja de ruta de lo que ser\u00e1 la pol\u00edtica p\u00fablica de la administraci\u00f3n del presidente Andr\u00e9s Manuel L\u00f3pez Obrador en materia de gesti\u00f3n integral de los residuos.<\/span>Las organizaciones <strong>Centro de An\u00e1lisis y Acci\u00f3n en T\u00f3xicos y sus Alternativas (CAATA)<\/strong>, <strong>Fronteras Comunes<\/strong>, <strong>Laboratorio de Investigaci\u00f3n en Desarrollo Comunitario (LIDC<\/strong>) y <strong>Greenpeace M\u00e9xico<\/strong> se\u00f1alan que la Visi\u00f3n pone el \u00e9nfasis en la gesti\u00f3n de los residuos, y no en prevenir su generaci\u00f3n paulatinamente. Resolver el problema de los residuos con una visi\u00f3n de basura cero requiere de manera necesaria reducir y minimizar la cantidad que se genera.<\/p>\n<p>Adem\u00e1s, como parte del ciclo de gesti\u00f3n de los residuos, la Semarnat contempla que los organismos encargados de operarla traten los residuos inorg\u00e1nicos y los que no se puedan reusar ni reciclar, mediante procesos t\u00e9rmicos y cal\u00f3ricos para generar energ\u00eda el\u00e9ctrica. Sin embargo, convertir los pl\u00e1sticos o materiales no reciclables y lo m\u00e1s t\u00f3xico de la basura en energ\u00eda estimula que se sigan produciendo y comercializando productos con sustancias qu\u00edmicas y peligrosas que no pueden ser reciclados, adem\u00e1s de generar emisiones de\u00a0 gases y cenizas altamente t\u00f3xicas que da\u00f1an el ambiente y la salud de las personas. Lo anterior contradice el esquema de econom\u00eda circular que se propone la Visi\u00f3n de cero residuos. Por lo que en un esquema responsable de tratamiento de residuos se debe evitar por todos los medios, cualquier medio de valorizaci\u00f3n energ\u00e9tica de los mismos, ya sea en instalaciones construidas para ese fin o en f\u00e1bricas de cemento.<\/p>\n<p>Para CAATA, Fronteras Comunes, el LIDC y Greenpeace, la Visi\u00f3n presentada por la Semarnat debe enfrentar el problema desde su origen, centr\u00e1ndose en reducir la generaci\u00f3n de los mismos. Adem\u00e1s, tiene que incluir al menos tres principios hoy ausentes: el de sustituci\u00f3n de materiales t\u00f3xicos o peligrosos por otros que no lo sean para que los productos extiendan su vida \u00fatil y puedan ser reutilizados o reciclados sin impacto ambiental y a la salud; el de precauci\u00f3n que impide que productos que sean o puedan ser t\u00f3xicos se comercialicen<span style=\"text-decoration: line-through;\">;<\/span> y el de responsabilidad extendida al productor para que sean \u00e9stos asuman la gesti\u00f3n de sus productos al final de su vida \u00fatil.<\/p>\n<p>Finalmente, estas organizaciones consideran que los aspectos positivos m\u00e1s destacados de esta visi\u00f3n como integrar a la econom\u00eda formal y dignificar el trabajo de los pepenadores, cerrar aquellos sitios de disposici\u00f3n final que no cumplan con la normativa (rellenos sanitarios y tiraderos a cielo abierto), y comprometerse con la gobernanza participativa para la rendici\u00f3n de cuentas de los organismos operadores, puede verse opacada por incluir formas de tratamiento de los residuos que no son compatibles con el bienestar de los ecosistemas y la salud de las personas y por dejar de lado los principios fundamentales y colectivos de basura cero.<\/p>\n<p><b><span lang=\"ES-MX\">Para mayor informaci\u00f3n comunicarse con\u00a0<\/span><span lang=\"ES-MX\">Ang\u00e9lica Sim\u00f3n de Greenpeace al 0445534313544 y al correo\u00a0<a href=\"mailto:asimon@greenpeace.org\" target=\"_blank\" rel=\"noopener noreferrer\">asimon@greenpeace.org<\/a>; \u00a0o con\u00a0<\/span><span lang=\"ES-MX\">Jorge Tadeo de LIDC al (<\/span><span lang=\"ES-MX\">72) 2841-3113\u00a0<\/span><\/b><\/p>\n<p>&nbsp;<\/p>\n","protected":false},"excerpt":{"rendered":"<p>05 de febrero, 2019. Ciudad de M\u00e9xico &#8211; La Visi\u00f3n Nacional de Gesti\u00f3n Sustentable: Cero Residuos, presentada por el Gobierno de M\u00e9xico el primero de febrero, no resuelve el problema&hellip;<\/p>\n","protected":false},"author":25,"featured_media":1737,"comment_status":"open","ping_status":"open","sticky":false,"template":"","format":"standard","meta":{"ep_exclude_from_search":false,"p4_og_title":"","p4_og_description":"","p4_og_image":"","p4_og_image_id":"","p4_seo_canonical_url":"","p4_campaign_name":"","p4_local_project":"","p4_basket_name":"","p4_department":"","footnotes":""},"categories":[2],"tags":[20],"p4-page-type":[16],"class_list":["post-1726","post","type-post","status-publish","format-standard","has-post-thumbnail","hentry","category-cambio-climatico","tag-consumo","p4-page-type-informacion-prensa"],"_links":{"self":[{"href":"https:\/\/www.greenpeace.org\/mexico\/wp-json\/wp\/v2\/posts\/1726","targetHints":{"allow":["GET"]}}],"collection":[{"href":"https:\/\/www.greenpeace.org\/mexico\/wp-json\/wp\/v2\/posts"}],"about":[{"href":"https:\/\/www.greenpeace.org\/mexico\/wp-json\/wp\/v2\/types\/post"}],"author":[{"embeddable":true,"href":"https:\/\/www.greenpeace.org\/mexico\/wp-json\/wp\/v2\/users\/25"}],"replies":[{"embeddable":true,"href":"https:\/\/www.greenpeace.org\/mexico\/wp-json\/wp\/v2\/comments?post=1726"}],"version-history":[{"count":7,"href":"https:\/\/www.greenpeace.org\/mexico\/wp-json\/wp\/v2\/posts\/1726\/revisions"}],"predecessor-version":[{"id":3505,"href":"https:\/\/www.greenpeace.org\/mexico\/wp-json\/wp\/v2\/posts\/1726\/revisions\/3505"}],"wp:featuredmedia":[{"embeddable":true,"href":"https:\/\/www.greenpeace.org\/mexico\/wp-json\/wp\/v2\/media\/1737"}],"wp:attachment":[{"href":"https:\/\/www.greenpeace.org\/mexico\/wp-json\/wp\/v2\/media?parent=1726"}],"wp:term":[{"taxonomy":"category","embeddable":true,"href":"https:\/\/www.greenpeace.org\/mexico\/wp-json\/wp\/v2\/categories?post=1726"},{"taxonomy":"post_tag","embeddable":true,"href":"https:\/\/www.greenpeace.org\/mexico\/wp-json\/wp\/v2\/tags?post=1726"},{"taxonomy":"p4-page-type","embeddable":true,"href":"https:\/\/www.greenpeace.org\/mexico\/wp-json\/wp\/v2\/p4-page-type?post=1726"}],"curies":[{"name":"wp","href":"https:\/\/api.w.org\/{rel}","templated":true}]}}