{"id":1797,"date":"2019-02-22T12:33:25","date_gmt":"2019-02-22T17:33:25","guid":{"rendered":"https:\/\/www.greenpeace.org\/mexico\/?p=1797"},"modified":"2025-06-25T09:41:22","modified_gmt":"2025-06-25T14:41:22","slug":"tips-para-moverte-en-tu-ciudad","status":"publish","type":"post","link":"https:\/\/www.greenpeace.org\/mexico\/blog\/1797\/tips-para-moverte-en-tu-ciudad\/","title":{"rendered":"Tips para moverte en tu ciudad"},"content":{"rendered":"<p><span style=\"font-weight: 400;\">Sin duda nos encanta nuestra ciudad, pero nos gustar\u00eda que fuera menos gris, ca\u00f3tica e insegura y por eso necesitamos <a href=\"https:\/\/actua.greenpeace.org.mx\/transporte-sin-contaminacion\">transporte p\u00fablico digno y no contaminante en todo el pa\u00eds<\/a>. \u00a0\u00bfQui\u00e9n no quiere pasar m\u00e1s tiempo con la familia y amistades que en medio del tr\u00e1fico y la contaminaci\u00f3n? Aqu\u00ed te presentamos algunos tips para lograrlo.<\/span><\/p>\n<h3><b>&#8211; Seguridad <\/b><\/h3>\n<p><span style=\"font-weight: 400;\">Lamentablemente, la inseguridad en el transporte p\u00fablico ha obligado a la gente a preferir otras alternativas para moverse. De acuerdo con el reciente reporte del \u00a0Instituto Mexicano para la Competitividad (IMCO), de las 20 ciudades m\u00e1s pobladas, Toluca es la que registr\u00f3 el mayor porcentaje de personas que dijeron haber dejado de usar transporte p\u00fablico por la inseguridad con el 31%. \u00a0<\/span><\/p>\n<ul>\n<li><b>Conoce las iniciativas ciudadanas de tu comunidad y dif\u00fandelas.<\/b><\/li>\n<\/ul>\n<p><span style=\"font-weight: 400;\">El acoso y agresiones a mujeres en distintas ciudades ha tomado mayor relevancia en los \u00faltimos meses y con ello han surgido diversas iniciativas ciudadanas para hacerle frente, tales como las impulsadas por colectivos de mujeres unidas por la demanda\u00a0<strong>#NiUnaMenos <\/strong>y <a href=\"https:\/\/docs.google.com\/spreadsheets\/u\/1\/d\/18DUmQb2LK0NsqCTkW1jJJEWGqJS9Dtdeb3HX8P8tyxQ\/htmlview#\"><strong>#SafePlaces,<\/strong><\/a>\u00a0 negocios que ofrecen ayudar a las mujeres a regresar a salvo a casa.\u00a0<\/span><\/p>\n<ul>\n<li><span style=\"font-weight: 400;\"><strong>#YoTeCuido<\/strong> es otra iniciativa que debes conocer si lo que quieres es trasladarte en bicicleta. Con este hashtag, ciclistas experimentados tuitean los trayectos o las zonas en donde podr\u00edan acompa\u00f1ar a alguien, y posteriormente se contactan con los interesados en aprender c\u00f3mo andar en bici en la ciudad. <\/span><span style=\"font-weight: 400;\"><span style=\"font-weight: 400;\"><br \/>\n<\/span><\/span><\/p>\n<blockquote class=\"twitter-tweet\" data-lang=\"en\">\n<p dir=\"ltr\" lang=\"es\">Si les digo que hay gente en bicicleta organiz\u00e1ndose para compartir tu camino y cuidarnos entre todxs, \u00bfme creer\u00edan?<\/p>\n<p>Ayer con <a href=\"https:\/\/twitter.com\/yotecuidoenbici?ref_src=twsrc%5Etfw\">@yotecuidoenbici<\/a> se arm\u00f3 el bicib\u00fas para que Eli descubra su confianza y ruede como las campeonas ???\u200d\u2640\ufe0f <a href=\"https:\/\/t.co\/SeaauH2CSd\">pic.twitter.com\/SeaauH2CSd<\/a><\/p>\n<p>\u2014 Pepe A. Secas (@joseSps) <a href=\"https:\/\/twitter.com\/joseSps\/status\/1098942872953475073?ref_src=twsrc%5Etfw\">February 22, 2019<\/a><\/p><\/blockquote>\n<p><script async src=\"https:\/\/platform.twitter.com\/widgets.js\" charset=\"utf-8\"><\/script><\/li>\n<li><b>Transporte autorizado. <\/b><span style=\"font-weight: 400;\">Usa siempre transporte que cuente con el rotulado oficial de tu ciudad.<\/span><\/li>\n<\/ul>\n<h3><b>&#8211; Usa la tecnolog\u00eda a tu favor<\/b><\/h3>\n<p><span style=\"font-weight: 400;\">En el tema de seguridad, puedes compartir tu ubicaci\u00f3n o trayectos con gente de confianza para que est\u00e9n pendientes de tu viaje. Hay diversas aplicaciones que te ayudan a planear tus viajes, mostr\u00e1ndote cu\u00e1l es la mejor ruta y transporte para llegar a tu destino. <\/span><\/p>\n<ul>\n<li><span style=\"font-weight: 400;\"><strong>Google maps<\/strong> es el b\u00e1sico que te ayudar\u00e1 a saber qu\u00e9 conviene m\u00e1s (en tiempo), a pie, en auto, transporte p\u00fablico o bicicleta. <\/span><\/li>\n<li><span style=\"font-weight: 400;\"><strong>Biko<\/strong> es una app que premiar\u00e1 tu esfuerzo por cada kil\u00f3metro en bici te da un punto que despu\u00e9s puedes canjear en el cine, restaurantes y tiendas. <\/span><\/li>\n<li><span style=\"font-weight: 400;\"><strong>Citymapper<\/strong> es una aplicaci\u00f3n de transporte p\u00fablico y un servicio de mapas de ciudades en todo el mundo que integra datos para todos los modos de transporte urbano, desde caminar y andar en bicicleta hasta conducir, con \u00e9nfasis en el transporte p\u00fablico.<\/span><\/li>\n<\/ul>\n<h3><b>&#8211; Eficiencia<\/b><\/h3>\n<ul>\n<li><b>Comparte tu auto. <\/b><span style=\"font-weight: 400;\">No hay manera m\u00e1s ineficiente de usar el autom\u00f3vil que viajar solo y es sorprendente cu\u00e1nta gente lo hace, basta con mirar el tiempo que dura en alto un sem\u00e1foro para ver que los autos detenido solo transportan a quien va al volante. \u00a1Evita ser de esas personas!<\/span><\/li>\n<li><strong>Revisa peri\u00f3dicamente tu auto y hazle el servicio que necesite. <\/strong><\/li>\n<\/ul>\n<h3><strong>-Civilidad<\/strong><\/h3>\n<ul>\n<li><span style=\"font-weight: 400;\"><strong>Mant\u00e9n el orden<\/strong> en el transporte p\u00fablico, cosas sencillas como dejar salir antes de entrar y respetar los vagones \u00a0de mujeres har\u00e1n m\u00e1s placentero el viaje. <\/span><\/li>\n<li><b>Sin indiferencia.<\/b><span style=\"font-weight: 400;\"> Siempre que veas a una persona en riesgo y puedas ayudarla, hazlo. No decimos que te coloques en una situaci\u00f3n peligrosa, pero si hay polic\u00eda cerca, ll\u00e1mala. \u00a0<\/span><\/li>\n<\/ul>\n<div id=\"attachment_1800\" style=\"width: 986px\" class=\"wp-caption aligncenter\"><img loading=\"lazy\" decoding=\"async\" aria-describedby=\"caption-attachment-1800\" class=\"wp-image-1800 size-full\" src=\"https:\/\/www.greenpeace.org\/static\/planet4-mexico-stateless\/2019\/02\/58f62608-gente-formada-metro-hombres.jpg\" alt=\"\" width=\"976\" height=\"659\" srcset=\"https:\/\/www.greenpeace.org\/static\/planet4-mexico-stateless\/2019\/02\/58f62608-gente-formada-metro-hombres.jpg 976w, https:\/\/www.greenpeace.org\/static\/planet4-mexico-stateless\/2019\/02\/58f62608-gente-formada-metro-hombres-300x203.jpg 300w, https:\/\/www.greenpeace.org\/static\/planet4-mexico-stateless\/2019\/02\/58f62608-gente-formada-metro-hombres-768x519.jpg 768w, https:\/\/www.greenpeace.org\/static\/planet4-mexico-stateless\/2019\/02\/58f62608-gente-formada-metro-hombres-504x340.jpg 504w\" sizes=\"auto, (max-width: 976px) 100vw, 976px\" \/><p id=\"caption-attachment-1800\" class=\"wp-caption-text\">Iniciativa Antes de entrar permita salir en el transporte p\u00fablico de la Ciudad de M\u00e9xico. Foto tomada de milenio.com<\/p><\/div>\n<h3>&#8211; Anti estr\u00e9s<\/h3>\n<ul>\n<li><span style=\"font-weight: 400;\">Lleva un libro, arma un playlist o platica con la persona que va a tu lado.\u00a0Tu viaje no tiene por qu\u00e9 ser una tortura. <\/span><\/li>\n<\/ul>\n<p><span style=\"font-weight: 400;\">Todas y todos podemos mejorar el transporte p\u00fablico. Hagamos nuestra parte y pidamos a las autoridades que hagan la suya.\u00a0 <\/span><\/p>\n<p><span style=\"font-weight: 400;\"><a href=\"https:\/\/actua.greenpeace.org.mx\/transporte-sin-contaminacion\">\u00a1Firma la petici\u00f3n!<\/a><\/span><\/p>\n<div id=\"attachment_1801\" style=\"width: 910px\" class=\"wp-caption aligncenter\"><img loading=\"lazy\" decoding=\"async\" aria-describedby=\"caption-attachment-1801\" class=\"wp-image-1801\" src=\"https:\/\/www.greenpeace.org\/static\/planet4-mexico-stateless\/2019\/02\/06d4e41a-r7q9362-1-1024x683.jpg\" alt=\"\" width=\"900\" height=\"600\" srcset=\"https:\/\/www.greenpeace.org\/static\/planet4-mexico-stateless\/2019\/02\/06d4e41a-r7q9362-1-1024x683.jpg 1024w, https:\/\/www.greenpeace.org\/static\/planet4-mexico-stateless\/2019\/02\/06d4e41a-r7q9362-1-300x200.jpg 300w, https:\/\/www.greenpeace.org\/static\/planet4-mexico-stateless\/2019\/02\/06d4e41a-r7q9362-1-768x512.jpg 768w, https:\/\/www.greenpeace.org\/static\/planet4-mexico-stateless\/2019\/02\/06d4e41a-r7q9362-1-2048x1366.jpg 2048w, https:\/\/www.greenpeace.org\/static\/planet4-mexico-stateless\/2019\/02\/06d4e41a-r7q9362-1-510x340.jpg 510w\" sizes=\"auto, (max-width: 900px) 100vw, 900px\" \/><p id=\"caption-attachment-1801\" class=\"wp-caption-text\">Merecemos transporte p\u00fablico, digno, eficiente y no contaminante<\/p><\/div>\n<p>&nbsp;<\/p>\n\t\t\t<section\n\t\t\tclass=\"boxout post-518 \"\n\t\t\t\n\t\t>\n\t\t\t<a\n\t\t\t\tdata-ga-category=\"Take Action Boxout\"\n\t\t\t\tdata-ga-action=\"Image\"\n\t\t\t\tdata-ga-label=\"n\/a\"\n\t\t\t\tclass=\"cover-card-overlay\"\n\t\t\t\thref=\"https:\/\/www.greenpeace.org\/mexico\/participa\/apoyanos\/\" \n\t\t\t><\/a>\n\t\t\t\t\t\t\t<img\n\t\t\t\t\t\tsrc=\"https:\/\/www.greenpeace.org\/static\/planet4-mexico-stateless\/2018\/10\/2d21d92f-gp0stsba7-1024x683.jpg\"\n\t\t\t\t\t\tsrcset=\"https:\/\/www.greenpeace.org\/static\/planet4-mexico-stateless\/2018\/10\/2d21d92f-gp0stsba7-300x200.jpg 300w, https:\/\/www.greenpeace.org\/static\/planet4-mexico-stateless\/2018\/10\/2d21d92f-gp0stsba7-768x512.jpg 768w, https:\/\/www.greenpeace.org\/static\/planet4-mexico-stateless\/2018\/10\/2d21d92f-gp0stsba7-1024x683.jpg 1024w, https:\/\/www.greenpeace.org\/static\/planet4-mexico-stateless\/2018\/10\/2d21d92f-gp0stsba7-510x340.jpg 510w\"\n\t\t\t\t\t\tsizes=\"(min-width: 1000px) 358px, (min-width: 780px) 313px, 88px\"\n\t\t\t\t\t\talt=\"Clean-up and Brand Audit Activity at Miramar Beach in Mexico.\" title=\"Clean-up and Brand Audit Activity at Miramar Beach in Mexico.\"\n\t\t\t\t\/>\n            \t\t\t<div class=\"boxout-content\">\n\t\t\t\t\t\t\t\t\t<a\n\t\t\t\t\t\tclass=\"boxout-heading medium\"\n\t\t\t\t\t\tdata-ga-category=\"Take Action Boxout\"\n\t\t\t\t\t\tdata-ga-action=\"Title\"\n\t\t\t\t\t\tdata-ga-label=\"n\/a\"\n\t\t\t\t\t\thref=\"https:\/\/www.greenpeace.org\/mexico\/participa\/apoyanos\/\"\n\t\t\t\t\t\t\n\t\t\t\t\t>\n\t\t\t\t\t\t\u00a1Ap\u00f3yanos!\n\t\t\t\t\t<\/a>\n\t\t\t\t\t\t\t\t\t\t\t\t\t<p class=\"boxout-excerpt\">Gracias a tu donativo podemos seguir luchando por el planeta.<\/p>\n\t\t\t\t                                    <a\n                        class=\"btn btn-primary\"\n                        data-ga-category=\"Take Action Boxout\"\n                        data-ga-action=\"Call to Action\"\n                        data-ga-label=\"n\/a\"\n                        href=\"https:\/\/www.greenpeace.org\/mexico\/participa\/apoyanos\/\"\n                        \n                    >\n                        Participa\n                    <\/a>\n                \t\t\t<\/div>\n\t\t\t\t\t<\/section>\n\t","protected":false},"excerpt":{"rendered":"<p>Sin duda nos encanta nuestra ciudad, pero nos gustar\u00eda que fuera menos gris, ca\u00f3tica e insegura y por eso necesitamos transporte p\u00fablico digno y no contaminante en todo el pa\u00eds.&hellip;<\/p>\n","protected":false},"author":20,"featured_media":1801,"comment_status":"open","ping_status":"open","sticky":false,"template":"","format":"standard","meta":{"ep_exclude_from_search":false,"p4_og_title":"","p4_og_description":"","p4_og_image":"","p4_og_image_id":"","p4_seo_canonical_url":"","p4_campaign_name":"","p4_local_project":"","p4_basket_name":"","p4_department":"","footnotes":""},"categories":[2],"tags":[7],"p4-page-type":[14],"class_list":["post-1797","post","type-post","status-publish","format-standard","has-post-thumbnail","hentry","category-cambio-climatico","tag-transporte","p4-page-type-blog"],"_links":{"self":[{"href":"https:\/\/www.greenpeace.org\/mexico\/wp-json\/wp\/v2\/posts\/1797","targetHints":{"allow":["GET"]}}],"collection":[{"href":"https:\/\/www.greenpeace.org\/mexico\/wp-json\/wp\/v2\/posts"}],"about":[{"href":"https:\/\/www.greenpeace.org\/mexico\/wp-json\/wp\/v2\/types\/post"}],"author":[{"embeddable":true,"href":"https:\/\/www.greenpeace.org\/mexico\/wp-json\/wp\/v2\/users\/20"}],"replies":[{"embeddable":true,"href":"https:\/\/www.greenpeace.org\/mexico\/wp-json\/wp\/v2\/comments?post=1797"}],"version-history":[{"count":7,"href":"https:\/\/www.greenpeace.org\/mexico\/wp-json\/wp\/v2\/posts\/1797\/revisions"}],"predecessor-version":[{"id":58527,"href":"https:\/\/www.greenpeace.org\/mexico\/wp-json\/wp\/v2\/posts\/1797\/revisions\/58527"}],"wp:featuredmedia":[{"embeddable":true,"href":"https:\/\/www.greenpeace.org\/mexico\/wp-json\/wp\/v2\/media\/1801"}],"wp:attachment":[{"href":"https:\/\/www.greenpeace.org\/mexico\/wp-json\/wp\/v2\/media?parent=1797"}],"wp:term":[{"taxonomy":"category","embeddable":true,"href":"https:\/\/www.greenpeace.org\/mexico\/wp-json\/wp\/v2\/categories?post=1797"},{"taxonomy":"post_tag","embeddable":true,"href":"https:\/\/www.greenpeace.org\/mexico\/wp-json\/wp\/v2\/tags?post=1797"},{"taxonomy":"p4-page-type","embeddable":true,"href":"https:\/\/www.greenpeace.org\/mexico\/wp-json\/wp\/v2\/p4-page-type?post=1797"}],"curies":[{"name":"wp","href":"https:\/\/api.w.org\/{rel}","templated":true}]}}