{"id":1839,"date":"2019-02-28T14:09:25","date_gmt":"2019-02-28T19:09:25","guid":{"rendered":"https:\/\/www.greenpeace.org\/mexico\/?p=1839"},"modified":"2025-06-25T09:41:21","modified_gmt":"2025-06-25T14:41:21","slug":"de-quien-es-la-calle-en-mexico","status":"publish","type":"post","link":"https:\/\/www.greenpeace.org\/mexico\/blog\/1839\/de-quien-es-la-calle-en-mexico\/","title":{"rendered":"\u00bfDe qui\u00e9n es la calle en M\u00e9xico?"},"content":{"rendered":"<p>La calle es nuestra. S\u00ed, es tuya, m\u00eda y de cualquier persona que transite por ella. M\u00e1s que una frase de propiedad, decir que la calle es nuestra significa que <strong>todas y todos tenemos el mismo derecho a transitarla y por ello debemos compartirla<\/strong>, lo cual no sucede en la mayor parte de las ciudades mexicanas.<\/p>\n<p>Cu\u00e1ntas veces nos ha pasado que como peatones encontramos calles sin banquetas o las que hay, est\u00e1n en muy mal estado que nos obligan a bajar al arroyo vehicular -arriesgando nuestra vida- porque no hay suficiente espacio para que circulen los autos y adem\u00e1s la gente camine.<\/p>\n<p>Qu\u00e9 hay de las personas en sillas de ruedas que no encuentran rampas ni paradas para abordar el transporte p\u00fablico, lo mismo que las madres con carriolas. Qu\u00e9 hay de los ciclistas y el transporte p\u00fablico que carecen de carriles para transitar mientras que los autom\u00f3viles que tienen la mayor parte del espacio p\u00fablico, tampoco lo encuentran en las mejores condiciones.<\/p>\n<p><img loading=\"lazy\" decoding=\"async\" class=\"aligncenter wp-image-1835\" src=\"https:\/\/www.greenpeace.org\/static\/planet4-mexico-stateless\/2019\/02\/27feeed1-r7q0229-edit-1024x683.jpg\" alt=\"La calle es nuestra. S\u00ed, es tuya, m\u00eda y de cualquier persona que transite por ella. M\u00e1s que una frase de propiedad, decir que la calle es nuestra significa que todas y todos tenemos el mismo derecho a transitarla y por ello debemos compartirla, lo cual no sucede en la mayor parte de las ciudades mexicanas. Cu\u00e1ntas veces nos ha pasado que como peatones encontramos calles sin banquetas o las que hay, est\u00e1n en muy mal estado que nos obligan a bajar al arroyo vehicular -arriesgando nuestra vida- porque no hay suficiente espacio para que circulen los autos y adem\u00e1s la gente camine. Qu\u00e9 hay de las personas en sillas de ruedas que no encuentran rampas ni paradas para abordar el transporte p\u00fablico, lo mismo que las madres con carriolas. Qu\u00e9 hay de los ciclistas y el transporte p\u00fablico que carecen de carriles para transitar mientras que los autom\u00f3viles que tienen la mayor parte del espacio p\u00fablico, tampoco lo encuentran en las mejores condiciones. Desde hace ya unos a\u00f1os existe la tendencia global de implantar modelos de calles completas en las ciudades, que va m\u00e1s all\u00e1 del enfoque tradicional de privilegiar a los autom\u00f3viles, sino que todos los medios de transporte incluido el p\u00fablico y el privado as\u00ed como la bicicleta y la movilidad activa (caminar) tienen la misma importancia para que sean las personas las que decidan c\u00f3mo quieren transportarse. Adem\u00e1s de ello, las calles completas se conciben como un espacio donde la gente vive m\u00e1s que solo desplazarse. Con honestidad, cu\u00e1nto tiempo del d\u00eda pasamos fuera de casa. Mucho, \u00bfCierto? Al menos 10 horas en promedio, 8 de la jornada laboral y dos de traslado, en el que en algunos casos hacemos compras o quedamos con un amigo o amiga, pues la calle completa tambi\u00e9n busca que las personas tengan acceso a parques, plazas, tiendas, terrazas, sin importar su forma de transporte. Si bien, cada calle tiene necesidades distintas hay caracter\u00edsticas que todas deben considerar, por ejemplo que las aceras sean amplias, que se puedan cruzar con seguridad, pasos de cebra eficaces, aligerar el tr\u00e1fico sin que eso signifique hacer que los autos circulen a grandes velocidades sino todo lo contrario. Aunque suene dif\u00edcil de creer, el concepto de calle completa ya se ha aplicado en varias ciudades mexicanos y queremos que se replique en m\u00e1s, por ello, la idea de mejorar el transporte p\u00fablico es un primer paso. Ay\u00fadanos a conseguirlo.\" width=\"900\" height=\"600\" srcset=\"https:\/\/www.greenpeace.org\/static\/planet4-mexico-stateless\/2019\/02\/27feeed1-r7q0229-edit-1024x683.jpg 1024w, https:\/\/www.greenpeace.org\/static\/planet4-mexico-stateless\/2019\/02\/27feeed1-r7q0229-edit-300x200.jpg 300w, https:\/\/www.greenpeace.org\/static\/planet4-mexico-stateless\/2019\/02\/27feeed1-r7q0229-edit-768x512.jpg 768w, https:\/\/www.greenpeace.org\/static\/planet4-mexico-stateless\/2019\/02\/27feeed1-r7q0229-edit-2048x1366.jpg 2048w, https:\/\/www.greenpeace.org\/static\/planet4-mexico-stateless\/2019\/02\/27feeed1-r7q0229-edit-510x340.jpg 510w\" sizes=\"auto, (max-width: 900px) 100vw, 900px\" \/><\/p>\n<p>Desde hace ya unos a\u00f1os existe la tendencia global de implantar modelos de calles completas en las ciudades, que va m\u00e1s all\u00e1 del enfoque tradicional de privilegiar a los autom\u00f3viles, sino que todos los medios de transporte incluido el p\u00fablico y el privado as\u00ed como la bicicleta y la movilidad activa (caminar) tienen la misma importancia para que sean las personas las que decidan c\u00f3mo quieren transportarse. Adem\u00e1s de ello, las \u00a0calles completas se conciben como un espacio donde la gente vive m\u00e1s que solo desplazarse.<\/p>\n<p>Con honestidad, cu\u00e1nto tiempo del d\u00eda pasamos fuera de casa. Mucho, \u00bfCierto? Al menos 10 horas en promedio, 8 de la \u00a0jornada laboral y dos de traslado, en el que en algunos casos hacemos compras o quedamos con un amigo o amiga, pues la calle completa tambi\u00e9n busca que las personas tengan acceso a parques, plazas, tiendas, terrazas, sin importar su forma de transporte.<\/p>\n<p>Si bien, cada calle tiene necesidades distintas hay caracter\u00edsticas que todas deben considerar, por ejemplo que las aceras sean amplias, que se puedan cruzar con seguridad, pasos de cebra eficaces, aligerar el tr\u00e1fico sin que eso signifique hacer que los autos circulen a grandes velocidades sino todo lo contrario.<\/p>\n<p><img loading=\"lazy\" decoding=\"async\" class=\"aligncenter size-large wp-image-1836\" src=\"https:\/\/www.greenpeace.org\/static\/planet4-mexico-stateless\/2019\/02\/4bfaa4af-nyc-complete-street-brooklyn-cropped-1024x576.jpg\" alt=\"\" width=\"1024\" height=\"576\" srcset=\"https:\/\/www.greenpeace.org\/static\/planet4-mexico-stateless\/2019\/02\/4bfaa4af-nyc-complete-street-brooklyn-cropped.jpg 1024w, https:\/\/www.greenpeace.org\/static\/planet4-mexico-stateless\/2019\/02\/4bfaa4af-nyc-complete-street-brooklyn-cropped-300x169.jpg 300w, https:\/\/www.greenpeace.org\/static\/planet4-mexico-stateless\/2019\/02\/4bfaa4af-nyc-complete-street-brooklyn-cropped-768x432.jpg 768w, https:\/\/www.greenpeace.org\/static\/planet4-mexico-stateless\/2019\/02\/4bfaa4af-nyc-complete-street-brooklyn-cropped-510x287.jpg 510w\" sizes=\"auto, (max-width: 1024px) 100vw, 1024px\" \/><\/p>\n<p>Aunque suene dif\u00edcil de creer, el concepto de calle completa ya se ha aplicado en varias ciudades mexicanos y queremos que se replique en m\u00e1s, por ello, la idea de mejorar el transporte p\u00fablico es un primer paso.<\/p>\n<p><a href=\"https:\/\/actua.greenpeace.org.mx\/transporte-sin-contaminacion\"><strong>Ay\u00fadanos a conseguirlo.<\/strong><\/a><\/p>\n<p>&nbsp;<\/p>\n\t\t\t<section\n\t\t\tclass=\"boxout post-1823 \"\n\t\t\t\n\t\t>\n\t\t\t<a\n\t\t\t\tdata-ga-category=\"Take Action Boxout\"\n\t\t\t\tdata-ga-action=\"Image\"\n\t\t\t\tdata-ga-label=\"n\/a\"\n\t\t\t\tclass=\"cover-card-overlay\"\n\t\t\t\thref=\"https:\/\/www.greenpeace.org\/mexico\/participa\/transporte-sin-contaminacion\/\" \n\t\t\t><\/a>\n\t\t\t\t\t\t\t<img\n\t\t\t\t\t\tsrc=\"https:\/\/www.greenpeace.org\/static\/planet4-mexico-stateless\/2018\/12\/68b48d0d-gp0strohv-1024x683.jpg\"\n\t\t\t\t\t\tsrcset=\"https:\/\/www.greenpeace.org\/static\/planet4-mexico-stateless\/2018\/12\/68b48d0d-gp0strohv-300x200.jpg 300w, https:\/\/www.greenpeace.org\/static\/planet4-mexico-stateless\/2018\/12\/68b48d0d-gp0strohv-768x512.jpg 768w, https:\/\/www.greenpeace.org\/static\/planet4-mexico-stateless\/2018\/12\/68b48d0d-gp0strohv-1024x683.jpg 1024w, https:\/\/www.greenpeace.org\/static\/planet4-mexico-stateless\/2018\/12\/68b48d0d-gp0strohv-510x340.jpg 510w, https:\/\/www.greenpeace.org\/static\/planet4-mexico-stateless\/2018\/12\/68b48d0d-gp0strohv.jpg 1200w\"\n\t\t\t\t\t\tsizes=\"(min-width: 1000px) 358px, (min-width: 780px) 313px, 88px\"\n\t\t\t\t\t\talt=\"Urban Revolution Viaduct Protest in Mexico. \u00a9 Argelia Zacatzi\" title=\"Urban Revolution Viaduct Protest in Mexico. \u00a9 Argelia Zacatzi\"\n\t\t\t\t\/>\n            \t\t\t<div class=\"boxout-content\">\n\t\t\t\t\t\t\t\t\t<a\n\t\t\t\t\t\tclass=\"boxout-heading medium\"\n\t\t\t\t\t\tdata-ga-category=\"Take Action Boxout\"\n\t\t\t\t\t\tdata-ga-action=\"Title\"\n\t\t\t\t\t\tdata-ga-label=\"n\/a\"\n\t\t\t\t\t\thref=\"https:\/\/www.greenpeace.org\/mexico\/participa\/transporte-sin-contaminacion\/\"\n\t\t\t\t\t\t\n\t\t\t\t\t>\n\t\t\t\t\t\tExige transporte seguro y sin contaminaci\u00f3n del aire\n\t\t\t\t\t<\/a>\n\t\t\t\t\t\t\t\t\t\t\t\t\t<p class=\"boxout-excerpt\">Exijamos m\u00e1s y mejor transporte que nos ayude a mejorar el aire que respiramos en nuestras ciudades<\/p>\n\t\t\t\t                                    <a\n                        class=\"btn btn-primary\"\n                        data-ga-category=\"Take Action Boxout\"\n                        data-ga-action=\"Call to Action\"\n                        data-ga-label=\"n\/a\"\n                        href=\"https:\/\/www.greenpeace.org\/mexico\/participa\/transporte-sin-contaminacion\/\"\n                        \n                    >\n                        Participa\n                    <\/a>\n                \t\t\t<\/div>\n\t\t\t\t\t<\/section>\n\t","protected":false},"excerpt":{"rendered":"<p>La calle es nuestra. S\u00ed, es tuya, m\u00eda y de cualquier persona que transite por ella. M\u00e1s que una frase de propiedad, decir que la calle es nuestra significa que&hellip;<\/p>\n","protected":false},"author":20,"featured_media":1836,"comment_status":"open","ping_status":"open","sticky":false,"template":"","format":"standard","meta":{"ep_exclude_from_search":false,"p4_og_title":"","p4_og_description":"","p4_og_image":"","p4_og_image_id":"","p4_seo_canonical_url":"","p4_campaign_name":"","p4_local_project":"","p4_basket_name":"","p4_department":"","footnotes":""},"categories":[2],"tags":[7],"p4-page-type":[14],"class_list":["post-1839","post","type-post","status-publish","format-standard","has-post-thumbnail","hentry","category-cambio-climatico","tag-transporte","p4-page-type-blog"],"_links":{"self":[{"href":"https:\/\/www.greenpeace.org\/mexico\/wp-json\/wp\/v2\/posts\/1839","targetHints":{"allow":["GET"]}}],"collection":[{"href":"https:\/\/www.greenpeace.org\/mexico\/wp-json\/wp\/v2\/posts"}],"about":[{"href":"https:\/\/www.greenpeace.org\/mexico\/wp-json\/wp\/v2\/types\/post"}],"author":[{"embeddable":true,"href":"https:\/\/www.greenpeace.org\/mexico\/wp-json\/wp\/v2\/users\/20"}],"replies":[{"embeddable":true,"href":"https:\/\/www.greenpeace.org\/mexico\/wp-json\/wp\/v2\/comments?post=1839"}],"version-history":[{"count":8,"href":"https:\/\/www.greenpeace.org\/mexico\/wp-json\/wp\/v2\/posts\/1839\/revisions"}],"predecessor-version":[{"id":58525,"href":"https:\/\/www.greenpeace.org\/mexico\/wp-json\/wp\/v2\/posts\/1839\/revisions\/58525"}],"wp:featuredmedia":[{"embeddable":true,"href":"https:\/\/www.greenpeace.org\/mexico\/wp-json\/wp\/v2\/media\/1836"}],"wp:attachment":[{"href":"https:\/\/www.greenpeace.org\/mexico\/wp-json\/wp\/v2\/media?parent=1839"}],"wp:term":[{"taxonomy":"category","embeddable":true,"href":"https:\/\/www.greenpeace.org\/mexico\/wp-json\/wp\/v2\/categories?post=1839"},{"taxonomy":"post_tag","embeddable":true,"href":"https:\/\/www.greenpeace.org\/mexico\/wp-json\/wp\/v2\/tags?post=1839"},{"taxonomy":"p4-page-type","embeddable":true,"href":"https:\/\/www.greenpeace.org\/mexico\/wp-json\/wp\/v2\/p4-page-type?post=1839"}],"curies":[{"name":"wp","href":"https:\/\/api.w.org\/{rel}","templated":true}]}}