{"id":1845,"date":"2019-03-01T09:00:58","date_gmt":"2019-03-01T14:00:58","guid":{"rendered":"https:\/\/www.greenpeace.org\/mexico\/?p=1845"},"modified":"2025-06-25T09:41:20","modified_gmt":"2025-06-25T14:41:20","slug":"por-que-me-uno-a-los-barcos-de-greenpeace-para-combatir-la-contaminacion-plastica","status":"publish","type":"post","link":"https:\/\/www.greenpeace.org\/mexico\/blog\/1845\/por-que-me-uno-a-los-barcos-de-greenpeace-para-combatir-la-contaminacion-plastica\/","title":{"rendered":"\u00bfPor qu\u00e9 me uno a los barcos de Greenpeace para Combatir la Contaminaci\u00f3n Pl\u00e1stica?"},"content":{"rendered":"<div id=\"attachment_1847\" style=\"width: 910px\" class=\"wp-caption alignnone\"><img loading=\"lazy\" decoding=\"async\" aria-describedby=\"caption-attachment-1847\" class=\"wp-image-1847\" src=\"https:\/\/www.greenpeace.org\/static\/planet4-mexico-stateless\/2019\/02\/55906862-gp0stt1xx.jpg\" alt=\"Froilan Grate in Navotas, Manila. \u00a9 Rouelle Umali\" width=\"900\" height=\"600\" srcset=\"https:\/\/www.greenpeace.org\/static\/planet4-mexico-stateless\/2019\/02\/55906862-gp0stt1xx.jpg 1200w, https:\/\/www.greenpeace.org\/static\/planet4-mexico-stateless\/2019\/02\/55906862-gp0stt1xx-300x200.jpg 300w, https:\/\/www.greenpeace.org\/static\/planet4-mexico-stateless\/2019\/02\/55906862-gp0stt1xx-768x512.jpg 768w, https:\/\/www.greenpeace.org\/static\/planet4-mexico-stateless\/2019\/02\/55906862-gp0stt1xx-1024x683.jpg 1024w, https:\/\/www.greenpeace.org\/static\/planet4-mexico-stateless\/2019\/02\/55906862-gp0stt1xx-510x340.jpg 510w\" sizes=\"auto, (max-width: 900px) 100vw, 900px\" \/><p id=\"caption-attachment-1847\" class=\"wp-caption-text\">Froilan Grate, Director Ejecutivo de la Alianza Global Anti Incineraci\u00f3n.<\/p><\/div>\n<p>La contaminaci\u00f3n pl\u00e1stica puede ser muy visible en Filipinas y en otros pa\u00edses asi\u00e1ticos, pero la crisis comenz\u00f3 en otro lugar. Comenz\u00f3 en las salas de juntas de las principales empresas multinacionales cuando decidieron tirar los productos empaquetados en pl\u00e1stico de un solo uso, no reciclable, en lugares donde no hay infraestructura para administrarlos.<\/p>\n<p>Guimaras es el nombre de la isla donde crec\u00ed, se encuentra en el centro de Filipinas. Est\u00e1 bendecida con agua turquesa, playas de arena blanca, mangos dulces y con algunas de las personas m\u00e1s c\u00e1lidas del planeta.<\/p>\n<p>Cuando sal\u00ed de la isla, hace 18 a\u00f1os, para ir a la universidad en la capital filipina de Manila, me sorprendi\u00f3 ver la bah\u00eda de Manila, el agua era casi negra y, en lugar de coloridos corales y peces, los desechos de pl\u00e1stico estaban en todas partes. Un profundo miedo me invadi\u00f3 al pensar que esto tambi\u00e9n podr\u00eda pasarle a la isla que llamo mi hogar.<\/p>\n<p>Finalmente, mi determinaci\u00f3n de proteger mi hogar me llev\u00f3 a la <a href=\"http:\/\/www.no-burn.org\/\">Alianza Global para Incineradores Alternativos (GAIA)<\/a> <em>.<\/em> Un componente clave de nuestro trabajo es ayudar a las comunidades a implementar programas de cero desperdicios. A trav\u00e9s de la segregaci\u00f3n de residuos, el compostaje local y el reciclaje; las comunidades y las ciudades pueden reducir sus residuos hasta en un 80%.<\/p>\n<p>Pero a pesar de nuestros mejores esfuerzos, hasta el 30% de los residuos no pueden ser compostados ni reciclados. Las comunidades a menudo nos preguntan: \u00ab\u00bfPor qu\u00e9 nos responsabilizan de gestionar este desperdicio a nosotros y no a las corporaciones que lo crearon? <a href=\"http:\/\/www.greenpeace.org\/BreakFreeFromPlastic\">D\u00edganles a esas compa\u00f1\u00edas que dejen de crearlo y nuestro problema de desperdicios se resolver\u00e1.<\/a>\u00bb<\/p>\n<p>Hoy me entusiasma unirme a Greenpeace International, ya que realizar\u00e1 una gira mundial de barcos para exponer a las corporaciones responsables de la crisis de la contaminaci\u00f3n pl\u00e1stica. Corporaciones como Nestl\u00e9 y Unilever han creado un monstruo, y las comunidades de todo el mundo se unen para decirles que ya no asumiremos la culpa de sus decisiones irresponsables.<\/p>\n<p>Las ciudades y comunidades que trabajan con cero residuos est\u00e1n demostrando que las soluciones ya se est\u00e1n realizando. <a href=\"http:\/\/www.greenpeace.org\/BreakFreeFromPlastic\">\u00danete a nosotros para exigir que las empresas mejoren sus promesas vac\u00edas y sus objetivos de reciclaje sin sentido y que tomen medidas concretas para resolver la crisis de la contaminaci\u00f3n pl\u00e1stica.<\/a> \u00a1Y que esto sea el inicio de un gran cambio!<\/p>\n<p><a href=\"http:\/\/www.froilangrate.com\/\">Frolian Grate<\/a> es el Director Ejecutivo de GAIA Asia Pacific con sede en Manila, Filipinas. GAIA, junto con Greenpeace y otros, es un miembro central del movimiento global Break Free From Plastic.<\/p>\n\t\t\t<section\n\t\t\tclass=\"boxout post-461 \"\n\t\t\t\n\t\t>\n\t\t\t<a\n\t\t\t\tdata-ga-category=\"Take Action Boxout\"\n\t\t\t\tdata-ga-action=\"Image\"\n\t\t\t\tdata-ga-label=\"n\/a\"\n\t\t\t\tclass=\"cover-card-overlay\"\n\t\t\t\thref=\"https:\/\/www.greenpeace.org\/mexico\/participa\/liberate-del-plastico\/\" \n\t\t\t><\/a>\n\t\t\t\t\t\t\t<img\n\t\t\t\t\t\tsrc=\"https:\/\/www.greenpeace.org\/static\/planet4-mexico-stateless\/2019\/06\/7433fe24-fotos-con-creditos-1-1024x922.jpg\"\n\t\t\t\t\t\tsrcset=\"https:\/\/www.greenpeace.org\/static\/planet4-mexico-stateless\/2019\/06\/7433fe24-fotos-con-creditos-1-300x270.jpg 300w, https:\/\/www.greenpeace.org\/static\/planet4-mexico-stateless\/2019\/06\/7433fe24-fotos-con-creditos-1-768x691.jpg 768w, https:\/\/www.greenpeace.org\/static\/planet4-mexico-stateless\/2019\/06\/7433fe24-fotos-con-creditos-1-1024x922.jpg 1024w, https:\/\/www.greenpeace.org\/static\/planet4-mexico-stateless\/2019\/06\/7433fe24-fotos-con-creditos-1-1518x1366.jpg 1518w, https:\/\/www.greenpeace.org\/static\/planet4-mexico-stateless\/2019\/06\/7433fe24-fotos-con-creditos-1-378x340.jpg 378w, https:\/\/www.greenpeace.org\/static\/planet4-mexico-stateless\/2019\/06\/7433fe24-fotos-con-creditos-1.jpg 2000w\"\n\t\t\t\t\t\tsizes=\"(min-width: 1000px) 358px, (min-width: 780px) 313px, 88px\"\n\t\t\t\t\t\talt=\"\" title=\"\"\n\t\t\t\t\/>\n            \t\t\t<div class=\"boxout-content\">\n\t\t\t\t\t\t\t\t\t<a\n\t\t\t\t\t\tclass=\"boxout-heading medium\"\n\t\t\t\t\t\tdata-ga-category=\"Take Action Boxout\"\n\t\t\t\t\t\tdata-ga-action=\"Title\"\n\t\t\t\t\t\tdata-ga-label=\"n\/a\"\n\t\t\t\t\t\thref=\"https:\/\/www.greenpeace.org\/mexico\/participa\/liberate-del-plastico\/\"\n\t\t\t\t\t\t\n\t\t\t\t\t>\n\t\t\t\t\t\t\u00a1Lib\u00e9rate del pl\u00e1stico!\n\t\t\t\t\t<\/a>\n\t\t\t\t\t\t\t\t\t\t\t\t\t<p class=\"boxout-excerpt\">\u00a1Exijamos leyes que prohiban los pl\u00e1sticos de un solo uso! Las corporaciones evaden su responsabilidad porque no existe un marco que las regule. Desplastifiquemos M\u00e9xico. <\/p>\n\t\t\t\t                                    <a\n                        class=\"btn btn-primary\"\n                        data-ga-category=\"Take Action Boxout\"\n                        data-ga-action=\"Call to Action\"\n                        data-ga-label=\"n\/a\"\n                        href=\"https:\/\/www.greenpeace.org\/mexico\/participa\/liberate-del-plastico\/\"\n                        \n                    >\n                        Participa\n                    <\/a>\n                \t\t\t<\/div>\n\t\t\t\t\t<\/section>\n\t","protected":false},"excerpt":{"rendered":"<p>La contaminaci\u00f3n pl\u00e1stica puede ser muy visible en Filipinas y en otros pa\u00edses asi\u00e1ticos, pero la crisis comenz\u00f3 en otro lugar. Comenz\u00f3 en las salas de juntas de las principales&hellip;<\/p>\n","protected":false},"author":21,"featured_media":1847,"comment_status":"open","ping_status":"open","sticky":false,"template":"","format":"standard","meta":{"ep_exclude_from_search":false,"p4_og_title":"","p4_og_description":"","p4_og_image":"","p4_og_image_id":"","p4_seo_canonical_url":"","p4_campaign_name":"","p4_local_project":"","p4_basket_name":"","p4_department":"","footnotes":""},"categories":[2],"tags":[],"p4-page-type":[14],"class_list":["post-1845","post","type-post","status-publish","format-standard","has-post-thumbnail","hentry","category-cambio-climatico","p4-page-type-blog"],"_links":{"self":[{"href":"https:\/\/www.greenpeace.org\/mexico\/wp-json\/wp\/v2\/posts\/1845","targetHints":{"allow":["GET"]}}],"collection":[{"href":"https:\/\/www.greenpeace.org\/mexico\/wp-json\/wp\/v2\/posts"}],"about":[{"href":"https:\/\/www.greenpeace.org\/mexico\/wp-json\/wp\/v2\/types\/post"}],"author":[{"embeddable":true,"href":"https:\/\/www.greenpeace.org\/mexico\/wp-json\/wp\/v2\/users\/21"}],"replies":[{"embeddable":true,"href":"https:\/\/www.greenpeace.org\/mexico\/wp-json\/wp\/v2\/comments?post=1845"}],"version-history":[{"count":5,"href":"https:\/\/www.greenpeace.org\/mexico\/wp-json\/wp\/v2\/posts\/1845\/revisions"}],"predecessor-version":[{"id":58524,"href":"https:\/\/www.greenpeace.org\/mexico\/wp-json\/wp\/v2\/posts\/1845\/revisions\/58524"}],"wp:featuredmedia":[{"embeddable":true,"href":"https:\/\/www.greenpeace.org\/mexico\/wp-json\/wp\/v2\/media\/1847"}],"wp:attachment":[{"href":"https:\/\/www.greenpeace.org\/mexico\/wp-json\/wp\/v2\/media?parent=1845"}],"wp:term":[{"taxonomy":"category","embeddable":true,"href":"https:\/\/www.greenpeace.org\/mexico\/wp-json\/wp\/v2\/categories?post=1845"},{"taxonomy":"post_tag","embeddable":true,"href":"https:\/\/www.greenpeace.org\/mexico\/wp-json\/wp\/v2\/tags?post=1845"},{"taxonomy":"p4-page-type","embeddable":true,"href":"https:\/\/www.greenpeace.org\/mexico\/wp-json\/wp\/v2\/p4-page-type?post=1845"}],"curies":[{"name":"wp","href":"https:\/\/api.w.org\/{rel}","templated":true}]}}