{"id":1865,"date":"2019-03-04T13:36:45","date_gmt":"2019-03-04T18:36:45","guid":{"rendered":"https:\/\/www.greenpeace.org\/mexico\/?p=1865"},"modified":"2021-12-01T07:40:15","modified_gmt":"2021-12-01T12:40:15","slug":"seguimos-clamando-justicia-para-berta-caceres-tres-anos-despues","status":"publish","type":"post","link":"https:\/\/www.greenpeace.org\/mexico\/blog\/1865\/seguimos-clamando-justicia-para-berta-caceres-tres-anos-despues\/","title":{"rendered":"Seguimos clamando justicia para Berta C\u00e1ceres tres a\u00f1os despu\u00e9s de su asesinato"},"content":{"rendered":"<div class=\"article-body mb-5\">\n<p>Este 2 de marzo se cumplieron<strong> tres a\u00f1os del asesinato de Berta C\u00e1ceres<\/strong> y del intento de asesinato del activista mexicano Gustavo Castro.<\/p>\n<p>Aunque en noviembre del a\u00f1o pasado un <strong>tribunal hondure\u00f1o declar\u00f3 culpables a los autores materiales<\/strong> del crimen (varios sicarios, un oficial militar hondure\u00f1o y ex empleados de la empresa hidroel\u00e9ctrica Desarrollos Energ\u00e9ticos S.A.), <strong>los que dieron la orden de disparar todav\u00eda no han sido identificados ni llevados a juicio<\/strong>.<\/p>\n<p>Por tanto, <strong>este es un d\u00eda para seguir clamando justicia para Berta<\/strong>. Y para recordar todo el legado que dej\u00f3. Su familia y sus compa\u00f1eras del COPINH siguen sonriendo. No les han podido arrebatar la alegr\u00eda y proclaman que <strong>Berta no muri\u00f3, se multiplic\u00f3<\/strong>.<\/p>\n<p>Los que dieron la orden de matar a Berta quisieron acallar su voz, pero hoy el mensaje y la alegr\u00eda de Berta resuena en muchos lugares del planeta y martillea las puertas de las familias oligarcas de Honduras, a quienes las instituciones internacionales de defensa de los derechos humanos dirigen ahora la mirada. <strong>Estos poderosos tienen raz\u00f3n para estar preocupados<\/strong>.<\/p>\n<p><img loading=\"lazy\" decoding=\"async\" class=\"alignnone size-medium wp-image-15607\" src=\"https:\/\/es.greenpeace.org\/es\/wp-content\/uploads\/sites\/3\/2019\/02\/2015_BertaCaceres_06-1-1200x800.jpg\" sizes=\"auto, (max-width: 1200px) 100vw, 1200px\" srcset=\"https:\/\/es.greenpeace.org\/es\/wp-content\/uploads\/sites\/3\/2019\/02\/2015_BertaCaceres_06-1.jpg 1200w, https:\/\/es.greenpeace.org\/es\/wp-content\/uploads\/sites\/3\/2019\/02\/2015_BertaCaceres_06-1-500x333.jpg 500w, https:\/\/es.greenpeace.org\/es\/wp-content\/uploads\/sites\/3\/2019\/02\/2015_BertaCaceres_06-1-768x512.jpg 768w\" alt=\"Berta C\u00e1ceres en R\u00edo Blanco\" width=\"1200\" height=\"800\" \/><\/p>\n<p>Desde Greenpeace solo podemos reiterar nuestro apoyo a la lucha de su familia, sus abogados y las organizaciones defensoras de los derechos humanos. <strong>El primer juicio se ha visto empa\u00f1ado desde el principio por irregularidades procesales<\/strong>. La falta de transparencia, la exclusi\u00f3n de la familia y las compa\u00f1eras de Berta y la atenci\u00f3n insuficiente de los medios de comunicaci\u00f3n han empa\u00f1ado lo que deber\u00eda haber sido un mensaje inequ\u00edvoco para <strong>las empresas y los gobiernos que amenazan a los activistas ambientales<\/strong>.<\/p>\n<p>El juicio que se est\u00e1 llevando a cabo ahora contra un alto directivo de la empresa constructora es un paso adelante, pero<strong> insuficiente a la hora de identificar a los autores intelectuales<\/strong>. No queremos veredictos que solo condenen a quienes apretaron el gatillo, a quienes recibieron la orden de matar, permitiendo que los arquitectos del asesinato de Berta permanezcan libres.<\/p>\n<p>En este d\u00eda, tambi\u00e9n hay que recordar que en todos los rincones del mundo, <strong>las empresas y los gobiernos utilizan a diario la violencia y la intimidaci\u00f3n para silenciar<\/strong> a quienes usan sus voces para luchar por el medio ambiente y los derechos humanos. Seg\u00fan Global Witness, <a href=\"https:\/\/www.globalwitness.org\/en-gb\/press-releases\/2017-es-el-%C3%B1o-con-m%C3%A1s-muertes-registradas-de-personas-defensoras-de-la-tierra-y-el-medio-ambiente\/\">al menos 207 personas defensoras del medio ambiente fueron asesinadas en 2017<\/a>, en comparaci\u00f3n con 201 en 2016 y 154 en 2015. La cifra real es probablemente mucho mayor debido a la cantidad de muertes que no han sido registradas. Muchas de estas personas son, como Berta, mujeres ind\u00edgenas.<\/p>\n<p>En palabras de Laura Z\u00fa\u00f1iga, hija de Berta, \u201cvamos a seguir porque Berta C\u00e1ceres se lo merece, porque el pueblo lenca se lo merece, porque nos siguen persiguiendo a\u00fan ahora, porque <strong>esta estructura criminal que atent\u00f3 contra Berta C\u00e1ceres sigue activa<\/strong> y eso tambi\u00e9n lo vamos a denunciar.\u201d<\/p>\n<p>Comparte este post si t\u00fa tambi\u00e9n vas a seguir clamando <strong>#JusticiaParaBerta<\/strong>.<\/p>\n<\/div>\n<div class=\"EmptyMessage\">Block content is empty. Check the block&#8217;s settings or remove it.<\/div>","protected":false},"excerpt":{"rendered":"<p>Este 2 de marzo se cumplieron tres a\u00f1os del asesinato de Berta C\u00e1ceres y del intento de asesinato del activista mexicano Gustavo Castro. Aunque en noviembre del a\u00f1o pasado un&hellip;<\/p>\n","protected":false},"author":21,"featured_media":1401,"comment_status":"open","ping_status":"open","sticky":false,"template":"","format":"standard","meta":{"ep_exclude_from_search":false,"p4_og_title":"","p4_og_description":"","p4_og_image":"","p4_og_image_id":"","p4_seo_canonical_url":"","p4_campaign_name":"","p4_local_project":"","p4_basket_name":"","p4_department":"","footnotes":""},"categories":[2],"tags":[21],"p4-page-type":[14],"class_list":["post-1865","post","type-post","status-publish","format-standard","has-post-thumbnail","hentry","category-cambio-climatico","tag-activismo","p4-page-type-blog"],"_links":{"self":[{"href":"https:\/\/www.greenpeace.org\/mexico\/wp-json\/wp\/v2\/posts\/1865","targetHints":{"allow":["GET"]}}],"collection":[{"href":"https:\/\/www.greenpeace.org\/mexico\/wp-json\/wp\/v2\/posts"}],"about":[{"href":"https:\/\/www.greenpeace.org\/mexico\/wp-json\/wp\/v2\/types\/post"}],"author":[{"embeddable":true,"href":"https:\/\/www.greenpeace.org\/mexico\/wp-json\/wp\/v2\/users\/21"}],"replies":[{"embeddable":true,"href":"https:\/\/www.greenpeace.org\/mexico\/wp-json\/wp\/v2\/comments?post=1865"}],"version-history":[{"count":3,"href":"https:\/\/www.greenpeace.org\/mexico\/wp-json\/wp\/v2\/posts\/1865\/revisions"}],"predecessor-version":[{"id":50037,"href":"https:\/\/www.greenpeace.org\/mexico\/wp-json\/wp\/v2\/posts\/1865\/revisions\/50037"}],"wp:featuredmedia":[{"embeddable":true,"href":"https:\/\/www.greenpeace.org\/mexico\/wp-json\/wp\/v2\/media\/1401"}],"wp:attachment":[{"href":"https:\/\/www.greenpeace.org\/mexico\/wp-json\/wp\/v2\/media?parent=1865"}],"wp:term":[{"taxonomy":"category","embeddable":true,"href":"https:\/\/www.greenpeace.org\/mexico\/wp-json\/wp\/v2\/categories?post=1865"},{"taxonomy":"post_tag","embeddable":true,"href":"https:\/\/www.greenpeace.org\/mexico\/wp-json\/wp\/v2\/tags?post=1865"},{"taxonomy":"p4-page-type","embeddable":true,"href":"https:\/\/www.greenpeace.org\/mexico\/wp-json\/wp\/v2\/p4-page-type?post=1865"}],"curies":[{"name":"wp","href":"https:\/\/api.w.org\/{rel}","templated":true}]}}