{"id":1883,"date":"2019-02-27T20:04:35","date_gmt":"2019-02-28T01:04:35","guid":{"rendered":"https:\/\/www.greenpeace.org\/mexico\/?p=1883"},"modified":"2021-12-01T07:40:16","modified_gmt":"2021-12-01T12:40:16","slug":"amlo-y-la-bioseguridad-de-ogm","status":"publish","type":"post","link":"https:\/\/www.greenpeace.org\/mexico\/blog\/1883\/amlo-y-la-bioseguridad-de-ogm\/","title":{"rendered":"AMLO y la bioseguridad de OGM"},"content":{"rendered":"<p><span style=\"font-weight: 400;\">Tal como declar\u00f3 en sus promesas de campa\u00f1a, el Presidente L\u00f3pez Obrador se comprometi\u00f3 a no permitir la introducci\u00f3n y uso de semillas transg\u00e9nicas en nuestro pa\u00eds y a establecer una protecci\u00f3n efectiva de los ma\u00edces nativos.<\/span><\/p>\n<p><span style=\"font-weight: 400;\">Bajo este compromiso, 149 \u00a0organizaciones y personas hemos enviado un comunicado a los titulares de las secretar\u00edas de salud, medio ambiente y agricultura, as\u00ed como a la encargada de Ciencia y Tecnolog\u00eda y al secretario ejecutivo de la Comisi\u00f3n Intersecretarial de Bioseguridad de los Organismos Gen\u00e9ticamente Modificados (OGM), solicitando la realizaci\u00f3n de mesas de trabajo con la sociedad civil, acad\u00e9micos, agricultores y pueblos ind\u00edgenas, a fin de establecer un di\u00e1logo abierto, informado y coordinado para \u00a0trabajar en conjunto las determinaciones jur\u00eddicas que concreten este compromiso.\u00a0<\/span><\/p>\n<p><span style=\"font-weight: 400;\">Otro tema que ata\u00f1e la urgente necesidad de di\u00e1logo, es el relativo a las Biotecnolog\u00edas emergentes o de vanguardia, concretamente nos referimos a la disciplina conocida como Biolog\u00eda Sint\u00e9tica, que implica el desarrollo y eventual liberaci\u00f3n al ambiente de OGM con herramientas biotecnol\u00f3gicas novedosas tales como la edici\u00f3n gen\u00f3mica o los impulsores gen\u00e9ticos (<\/span><i><span style=\"font-weight: 400;\">gene drives<\/span><\/i><span style=\"font-weight: 400;\">) entre otras, y que pudieran tener aplicaci\u00f3n en la agricultura, la ecolog\u00eda, o la salud p\u00fablica. <\/span><\/p>\n<p><span style=\"font-weight: 400;\">En M\u00e9xico no existe suficiente informaci\u00f3n disponible sobre los posibles riesgos por la eventual presencia de estas tecnolog\u00edas en el ambiente, aunque estos temas han sido discutidos recientemente en foros internacionales en los que M\u00e9xico ha sido parte, llevando incluso a algunos pa\u00edses ha solicitar una moratoria al desarrollo de dichas tecnolog\u00edas dado el riesgo potencial que representan, en tanto se desarrollan y refuerzan las normativas sobre Bioseguridad; en particular a analizar sus riesgos a fin \u00a0de proteger la riqueza en biodiversidad y cultural de nuestro pa\u00eds.<\/span><\/p>\n<p>&nbsp;<\/p>\n\t\t\t<section\n\t\t\tclass=\"boxout post-437 \"\n\t\t\t\n\t\t>\n\t\t\t<a\n\t\t\t\tdata-ga-category=\"Take Action Boxout\"\n\t\t\t\tdata-ga-action=\"Image\"\n\t\t\t\tdata-ga-label=\"n\/a\"\n\t\t\t\tclass=\"cover-card-overlay\"\n\t\t\t\thref=\"https:\/\/www.greenpeace.org\/mexico\/participa\/transgenicos\/\" \n\t\t\t><\/a>\n\t\t\t\t\t\t\t<img\n\t\t\t\t\t\tsrc=\"https:\/\/www.greenpeace.org\/static\/planet4-mexico-stateless\/2018\/10\/2c14ef5f-gp04qb5-1024x683.jpg\"\n\t\t\t\t\t\tsrcset=\"https:\/\/www.greenpeace.org\/static\/planet4-mexico-stateless\/2018\/10\/2c14ef5f-gp04qb5-300x200.jpg 300w, https:\/\/www.greenpeace.org\/static\/planet4-mexico-stateless\/2018\/10\/2c14ef5f-gp04qb5-768x512.jpg 768w, https:\/\/www.greenpeace.org\/static\/planet4-mexico-stateless\/2018\/10\/2c14ef5f-gp04qb5-1024x683.jpg 1024w, https:\/\/www.greenpeace.org\/static\/planet4-mexico-stateless\/2018\/10\/2c14ef5f-gp04qb5-510x340.jpg 510w, https:\/\/www.greenpeace.org\/static\/planet4-mexico-stateless\/2018\/10\/2c14ef5f-gp04qb5.jpg 1200w\"\n\t\t\t\t\t\tsizes=\"(min-width: 1000px) 358px, (min-width: 780px) 313px, 88px\"\n\t\t\t\t\t\talt=\"Vegetables in Germany. \u00a9 Axel Kirchhof\" title=\"Vegetables in Germany. \u00a9 Axel Kirchhof\"\n\t\t\t\t\/>\n            \t\t\t<div class=\"boxout-content\">\n\t\t\t\t\t\t\t\t\t<a\n\t\t\t\t\t\tclass=\"boxout-heading medium\"\n\t\t\t\t\t\tdata-ga-category=\"Take Action Boxout\"\n\t\t\t\t\t\tdata-ga-action=\"Title\"\n\t\t\t\t\t\tdata-ga-label=\"n\/a\"\n\t\t\t\t\t\thref=\"https:\/\/www.greenpeace.org\/mexico\/participa\/transgenicos\/\"\n\t\t\t\t\t\t\n\t\t\t\t\t>\n\t\t\t\t\t\tTransg\u00e9nicos\n\t\t\t\t\t<\/a>\n\t\t\t\t\t\t\t\t\t\t\t\t\t<p class=\"boxout-excerpt\">Los transg\u00e9nicos son organismos que han sido gen\u00e9ticamente modificados (GM), por ejemplo, para producir insecticida o generar resistencia a herbicidas. Forman parte del modelo de agricultura industrial, el cual acent\u00faa la desigualdad en el campo y que adem\u00e1s hace uso excesivo de plaguicidas y fertilizantes sint\u00e9ticos que afectan la salud y el medio ambiente.<\/p>\n\t\t\t\t                                    <a\n                        class=\"btn btn-primary\"\n                        data-ga-category=\"Take Action Boxout\"\n                        data-ga-action=\"Call to Action\"\n                        data-ga-label=\"n\/a\"\n                        href=\"https:\/\/www.greenpeace.org\/mexico\/participa\/transgenicos\/\"\n                        \n                    >\n                        Participa\n                    <\/a>\n                \t\t\t<\/div>\n\t\t\t\t\t<\/section>\n\t","protected":false},"excerpt":{"rendered":"<p>Tal como declar\u00f3 en sus promesas de campa\u00f1a, el Presidente L\u00f3pez Obrador se comprometi\u00f3 a no permitir la introducci\u00f3n y uso de semillas transg\u00e9nicas en nuestro pa\u00eds y a establecer&hellip;<\/p>\n","protected":false},"author":25,"featured_media":1475,"comment_status":"open","ping_status":"open","sticky":false,"template":"","format":"standard","meta":{"ep_exclude_from_search":false,"p4_og_title":"","p4_og_description":"","p4_og_image":"","p4_og_image_id":"","p4_seo_canonical_url":"","p4_campaign_name":"","p4_local_project":"","p4_basket_name":"","p4_department":"","footnotes":""},"categories":[2],"tags":[],"p4-page-type":[14],"class_list":["post-1883","post","type-post","status-publish","format-standard","has-post-thumbnail","hentry","category-cambio-climatico","p4-page-type-blog"],"_links":{"self":[{"href":"https:\/\/www.greenpeace.org\/mexico\/wp-json\/wp\/v2\/posts\/1883","targetHints":{"allow":["GET"]}}],"collection":[{"href":"https:\/\/www.greenpeace.org\/mexico\/wp-json\/wp\/v2\/posts"}],"about":[{"href":"https:\/\/www.greenpeace.org\/mexico\/wp-json\/wp\/v2\/types\/post"}],"author":[{"embeddable":true,"href":"https:\/\/www.greenpeace.org\/mexico\/wp-json\/wp\/v2\/users\/25"}],"replies":[{"embeddable":true,"href":"https:\/\/www.greenpeace.org\/mexico\/wp-json\/wp\/v2\/comments?post=1883"}],"version-history":[{"count":5,"href":"https:\/\/www.greenpeace.org\/mexico\/wp-json\/wp\/v2\/posts\/1883\/revisions"}],"predecessor-version":[{"id":50041,"href":"https:\/\/www.greenpeace.org\/mexico\/wp-json\/wp\/v2\/posts\/1883\/revisions\/50041"}],"wp:featuredmedia":[{"embeddable":true,"href":"https:\/\/www.greenpeace.org\/mexico\/wp-json\/wp\/v2\/media\/1475"}],"wp:attachment":[{"href":"https:\/\/www.greenpeace.org\/mexico\/wp-json\/wp\/v2\/media?parent=1883"}],"wp:term":[{"taxonomy":"category","embeddable":true,"href":"https:\/\/www.greenpeace.org\/mexico\/wp-json\/wp\/v2\/categories?post=1883"},{"taxonomy":"post_tag","embeddable":true,"href":"https:\/\/www.greenpeace.org\/mexico\/wp-json\/wp\/v2\/tags?post=1883"},{"taxonomy":"p4-page-type","embeddable":true,"href":"https:\/\/www.greenpeace.org\/mexico\/wp-json\/wp\/v2\/p4-page-type?post=1883"}],"curies":[{"name":"wp","href":"https:\/\/api.w.org\/{rel}","templated":true}]}}