{"id":2163,"date":"2019-04-29T18:09:14","date_gmt":"2019-04-29T23:09:14","guid":{"rendered":"https:\/\/www.greenpeace.org\/mexico\/?p=2163"},"modified":"2019-11-06T04:03:10","modified_gmt":"2019-11-06T09:03:10","slug":"se-avanza-en-el-cumplimiento-de-la-recomendacion-82-2018-de-la-cndh-en-materia-de-plaguicidas-en-mexico","status":"publish","type":"post","link":"https:\/\/www.greenpeace.org\/mexico\/blog\/2163\/se-avanza-en-el-cumplimiento-de-la-recomendacion-82-2018-de-la-cndh-en-materia-de-plaguicidas-en-mexico\/","title":{"rendered":"Se avanza en el cumplimiento de la Recomendaci\u00f3n 82\/2018 de la CNDH en materia de plaguicidas en M\u00e9xico"},"content":{"rendered":"<p><span style=\"font-weight: 400;\">El pasado 26 de abril funcionarios de alto nivel de la Subsecretar\u00eda de Autosuficiencia Alimentaria de la Secretar\u00eda de Agricultura (Sader), del Servicio Nacional de Sanidad, Inocuidad y Calidad Agroalimentaria (Senasica), de la Comisi\u00f3n Federal para la Prevenci\u00f3n contra Riesgos Sanitarios (Cofepris) y de la Direcci\u00f3n General de Sanidad Vegetal se reunieron con una acad\u00e9mica integrante de la Red Mexicana de Toxicolog\u00eda de Plaguicidas (RMT) y Greenpeace para hablar de los avances en el cumplimiento de la Recomendaci\u00f3n 82\/2018 emitida por la Comisi\u00f3n Nacional de los Derechos Humanos (CNDH) en materia de manejo y gesti\u00f3n de plaguicidas de alta peligrosidad (PAP) en M\u00e9xico.<\/span><\/p>\n<p><img loading=\"lazy\" decoding=\"async\" class=\"alignnone wp-image-2164 size-full\" src=\"https:\/\/www.greenpeace.org\/static\/planet4-mexico-stateless\/2019\/04\/0346371a-captura-de-pantalla-2019-04-29-a-las-18.02.44.png\" alt=\"\" width=\"773\" height=\"370\" srcset=\"https:\/\/www.greenpeace.org\/static\/planet4-mexico-stateless\/2019\/04\/0346371a-captura-de-pantalla-2019-04-29-a-las-18.02.44.png 773w, https:\/\/www.greenpeace.org\/static\/planet4-mexico-stateless\/2019\/04\/0346371a-captura-de-pantalla-2019-04-29-a-las-18.02.44-300x144.png 300w, https:\/\/www.greenpeace.org\/static\/planet4-mexico-stateless\/2019\/04\/0346371a-captura-de-pantalla-2019-04-29-a-las-18.02.44-768x368.png 768w, https:\/\/www.greenpeace.org\/static\/planet4-mexico-stateless\/2019\/04\/0346371a-captura-de-pantalla-2019-04-29-a-las-18.02.44-510x244.png 510w\" sizes=\"auto, (max-width: 773px) 100vw, 773px\" \/><\/p>\n<p><span style=\"font-weight: 400;\">Cabe recordar que la CNDH hizo p\u00fablica esta Recomendaci\u00f3n en enero de 2019 y las autoridades federales expresaron inmediatamente su voluntad para su cumplimiento. Entre las acciones que se han realizado a la fecha se encuentran:<\/span><\/p>\n<p>&nbsp;<\/p>\n<ol>\n<li style=\"font-weight: 400;\"><span style=\"font-weight: 400;\">El 21 de marzo se realiz\u00f3 una reuni\u00f3n entre funcionarios de la Cofepris y del Senasica \u00a0que tuvo como objetivo generar una agenda de trabajo de colaboraci\u00f3n y coordinaci\u00f3n que busca como tema prioritario modernizar el marco regulatorio en materia de plaguicidas y fertilizantes de manera que se agrupe compilado en una sola regulaci\u00f3n federal.<\/span><\/li>\n<li style=\"font-weight: 400;\"><span style=\"font-weight: 400;\">Los funcionarios tambi\u00e9n se\u00f1alaron que en los pr\u00f3ximos d\u00edas de mayo se estar\u00e1 concretando la firma del acta constitutiva del Grupo Intersecretarial especializado en la identificaci\u00f3n e investigaci\u00f3n sobre los efectos adversos de los PAP.<\/span><\/li>\n<li style=\"font-weight: 400;\"><span style=\"font-weight: 400;\">Se hizo menci\u00f3n del trabajo liderado \u00a0en 2018 por el Instituto Nacional de Ecolog\u00eda y Cambio Clim\u00e1tico (INECC) para desarrollar un documento titulado: Estrategia integral para la gesti\u00f3n responsable de plaguicidas en M\u00e9xico, donde participaron organismos internacionales, autoridades regulatorias mexicanas, miembros de la \u00a0academia, con el fin de definir y atender asuntos prioritarios en la materia. Tanto la Red de Acci\u00f3n sobre Plaguicidas y Alternativas en M\u00e9xico (Rapam), como una integrante de la RMT y Greenpeace enviamos comentarios al documento el pasado 14 de marzo.<\/span><\/li>\n<li style=\"font-weight: 400;\"><span style=\"font-weight: 400;\">A corto plazo se est\u00e1n re-evaluando ya los registros de plaguicidas de alta peligrosidad otorgados antes de 2004 que es cuando se public\u00f3 el Reglamento de materia de Registros de plaguicidas. En particular, la Cofepris se\u00f1al\u00f3 que se han cancelado ya las primeras 15 mol\u00e9culas consideradas de alta peligrosidad que sumar\u00e1n a la lista de un aproximado de 60 sustancias activas en los pr\u00f3ximos meses.<\/span><\/li>\n<li style=\"font-weight: 400;\"><span style=\"font-weight: 400;\">Establecer una pol\u00edtica en materia de neonicotinoides y otros grupos de plaguicidas de preocupaci\u00f3n en la salud humana y ambiental.<\/span><\/li>\n<li style=\"font-weight: 400;\"><span style=\"font-weight: 400;\">Se mencion\u00f3 tambi\u00e9n la necesidad de promover las alternativas a trav\u00e9s del manejo integrado de plagas y \u00a0la reducci\u00f3n de requisitos para los bioinsumos.<\/span><\/li>\n<li style=\"font-weight: 400;\"><span style=\"font-weight: 400;\">Se trabaja tambi\u00e9n en las bases de datos y actualizaci\u00f3n del Cat\u00e1logo Oficial de Plaguicidas.<\/span><\/li>\n<\/ol>\n<p><span style=\"font-weight: 400;\">La Maestra Elvira Espinosa, funcionaria de la Cofepris se\u00f1al\u00f3 que retomaron la propuesta de redacci\u00f3n en materia de plaguicidas enviada por la RMT, Rapam y Greenpeace en febrero pasado y se espera que pueda ser integrada al Plan Nacional de Desarrollo. <\/span><\/p>\n<p><span style=\"font-weight: 400;\">Desde Greenpeace vemos con buenos ojos la voluntad de los funcionarios federales de cambiar la pol\u00edtica nacional en materia de plaguicidas para la minimizaci\u00f3n de los riesgos para la salud y el medio ambiente derivados de su gesti\u00f3n y manejo, as\u00ed como la reducci\u00f3n y progresiva eliminaci\u00f3n de los PAP y poder \u00a0transitar hacia una agricultura ecol\u00f3gica, enmarcada en un modelo agroalimentario sano y sustentable.<\/span><\/p>\n","protected":false},"excerpt":{"rendered":"<p>El pasado 26 de abril funcionarios de alto nivel de la Subsecretar\u00eda de Autosuficiencia Alimentaria de la Secretar\u00eda de Agricultura (Sader), del Servicio Nacional de Sanidad, Inocuidad y Calidad Agroalimentaria&hellip;<\/p>\n","protected":false},"author":21,"featured_media":2164,"comment_status":"open","ping_status":"open","sticky":false,"template":"","format":"standard","meta":{"ep_exclude_from_search":false,"p4_og_title":"","p4_og_description":"","p4_og_image":"","p4_og_image_id":"","p4_seo_canonical_url":"","p4_campaign_name":"","p4_local_project":"","p4_basket_name":"","p4_department":"","footnotes":""},"categories":[2],"tags":[],"p4-page-type":[14],"class_list":["post-2163","post","type-post","status-publish","format-standard","has-post-thumbnail","hentry","category-cambio-climatico","p4-page-type-blog"],"_links":{"self":[{"href":"https:\/\/www.greenpeace.org\/mexico\/wp-json\/wp\/v2\/posts\/2163","targetHints":{"allow":["GET"]}}],"collection":[{"href":"https:\/\/www.greenpeace.org\/mexico\/wp-json\/wp\/v2\/posts"}],"about":[{"href":"https:\/\/www.greenpeace.org\/mexico\/wp-json\/wp\/v2\/types\/post"}],"author":[{"embeddable":true,"href":"https:\/\/www.greenpeace.org\/mexico\/wp-json\/wp\/v2\/users\/21"}],"replies":[{"embeddable":true,"href":"https:\/\/www.greenpeace.org\/mexico\/wp-json\/wp\/v2\/comments?post=2163"}],"version-history":[{"count":2,"href":"https:\/\/www.greenpeace.org\/mexico\/wp-json\/wp\/v2\/posts\/2163\/revisions"}],"predecessor-version":[{"id":2166,"href":"https:\/\/www.greenpeace.org\/mexico\/wp-json\/wp\/v2\/posts\/2163\/revisions\/2166"}],"wp:featuredmedia":[{"embeddable":true,"href":"https:\/\/www.greenpeace.org\/mexico\/wp-json\/wp\/v2\/media\/2164"}],"wp:attachment":[{"href":"https:\/\/www.greenpeace.org\/mexico\/wp-json\/wp\/v2\/media?parent=2163"}],"wp:term":[{"taxonomy":"category","embeddable":true,"href":"https:\/\/www.greenpeace.org\/mexico\/wp-json\/wp\/v2\/categories?post=2163"},{"taxonomy":"post_tag","embeddable":true,"href":"https:\/\/www.greenpeace.org\/mexico\/wp-json\/wp\/v2\/tags?post=2163"},{"taxonomy":"p4-page-type","embeddable":true,"href":"https:\/\/www.greenpeace.org\/mexico\/wp-json\/wp\/v2\/p4-page-type?post=2163"}],"curies":[{"name":"wp","href":"https:\/\/api.w.org\/{rel}","templated":true}]}}