{"id":2234,"date":"2019-05-10T12:25:42","date_gmt":"2019-05-10T17:25:42","guid":{"rendered":"https:\/\/www.greenpeace.org\/mexico\/?p=2234"},"modified":"2019-11-06T04:03:08","modified_gmt":"2019-11-06T09:03:08","slug":"7-anos-protegiendo-el-artico-que-hemos-hecho","status":"publish","type":"post","link":"https:\/\/www.greenpeace.org\/mexico\/blog\/2234\/7-anos-protegiendo-el-artico-que-hemos-hecho\/","title":{"rendered":"7 a\u00f1os protegiendo el \u00c1rtico. \u00bfQu\u00e9 hemos hecho?"},"content":{"rendered":"<p><span style=\"font-weight: 400;\">En este momento, los barcos de Greenpeace, Arctic Sunrise y Esperanza, se encuentran en una misi\u00f3n en el \u00c1rtico. Nos estamos embarcando en una de nuestras expediciones m\u00e1s ambiciosas; navegando desde el alto norte del \u00c1rtico, hasta el fondo de la Tierra en la Ant\u00e1rtida.<\/span><\/p>\n<p><img loading=\"lazy\" decoding=\"async\" class=\"alignnone wp-image-2221\" src=\"https:\/\/www.greenpeace.org\/static\/planet4-mexico-stateless\/2019\/05\/293071db-whatsapp-image-2019-05-07-at-7.41.19-am-300x225.jpeg\" alt=\"\" width=\"900\" height=\"675\" srcset=\"https:\/\/www.greenpeace.org\/static\/planet4-mexico-stateless\/2019\/05\/293071db-whatsapp-image-2019-05-07-at-7.41.19-am-300x225.jpeg 300w, https:\/\/www.greenpeace.org\/static\/planet4-mexico-stateless\/2019\/05\/293071db-whatsapp-image-2019-05-07-at-7.41.19-am-768x576.jpeg 768w, https:\/\/www.greenpeace.org\/static\/planet4-mexico-stateless\/2019\/05\/293071db-whatsapp-image-2019-05-07-at-7.41.19-am-1024x768.jpeg 1024w, https:\/\/www.greenpeace.org\/static\/planet4-mexico-stateless\/2019\/05\/293071db-whatsapp-image-2019-05-07-at-7.41.19-am-453x340.jpeg 453w, https:\/\/www.greenpeace.org\/static\/planet4-mexico-stateless\/2019\/05\/293071db-whatsapp-image-2019-05-07-at-7.41.19-am.jpeg 1152w\" sizes=\"auto, (max-width: 900px) 100vw, 900px\" \/><\/p>\n<p><span style=\"font-weight: 400;\">Esta no es la primera vez que Greenpeace se ha aventurado en el hielo del norte, desde que comenz\u00f3 la campa\u00f1a para salvar el \u00c1rtico en 2012, Greenpeace ha logrado algunos avances: <\/span><\/p>\n<ul>\n<li><span style=\"font-weight: 400;\">Expuls\u00f3 a Shell, el gigante petrolero, de las aguas del \u00c1rtico frente a las costas de Alaska e impuls\u00f3 a la administraci\u00f3n de Obama a prohibir todas las nuevas perforaciones petroleras en las aguas de EE. UU.<\/span><\/li>\n<li><span style=\"font-weight: 400;\">Detuvo a toda la flota pesquera de arrastre de fondo alrededor de Svalbard de aventurarse en nuevas \u00e1reas que se abren cuando el hielo marino se est\u00e1 derritiendo. Luego, despu\u00e9s de presionar al gobierno noruego, les hicimos establecer 10 \u00e1reas totalmente protegidas contra el arrastre de fondo destructivo.<\/span><\/li>\n<li><span style=\"font-weight: 400;\">Dej\u00f3 de estallar s\u00edsmicamente las costas de Canad\u00e1 y gan\u00f3 una batalla legal en la Corte de Canad\u00e1 con la comunidad del r\u00edo Clyde.<\/span><\/li>\n<li><span style=\"font-weight: 400;\">Llev\u00f3 al gobierno noruego a los tribunales para evitar que perforaran petr\u00f3leo en el \u00c1rtico noruego.<\/span><\/li>\n<li><span style=\"font-weight: 400;\">Plant\u00f3 una c\u00e1psula con las firmas de casi 3 millones de personas para establecer un santuario global en el \u00c1rtico en el Polo Norte geogr\u00e1fico. Ahora, cerca de 9 millones de personas han apoyado la petici\u00f3n.<\/span><\/li>\n<\/ul>\n<p><span style=\"font-weight: 400;\">El \u00c1rtico se est\u00e1 calentando dos veces m\u00e1s r\u00e1pido que el promedio mundial. Los oc\u00e9anos m\u00e1s c\u00e1lidos, el hielo en retirada y la acidificaci\u00f3n de los oc\u00e9anos son solo algunos de los desaf\u00edos que enfrenta la vida silvestre como los osos polares, los charranes \u00e1rticos y los narvales en este momento. La fusi\u00f3n de las capas de hielo no debe considerarse una oportunidad para que las industrias exploten este ecosistema vulnerable, sino un llamado a la acci\u00f3n para los l\u00edderes mundiales. Esta es nuestra \u00faltima oportunidad para salvar el \u00c1rtico.<\/span><\/p>\n<p><span style=\"font-weight: 400;\">Las plataformas petroleras esparcidas por toda la regi\u00f3n, desde Rusia hasta el \u00c1rtico, se han convertido en una frontera simb\u00f3lica en nuestra lucha por mantener en el suelo el carbono que no podemos permitirnos quemar. Nuestra historia de enfrentarnos al petr\u00f3leo del \u00c1rtico es clara.<\/span><\/p>\n<p><span style=\"font-weight: 400;\">Hemos progresado en la regi\u00f3n, pero a\u00fan queda mucho por hacer. Puede sonar como un clich\u00e9, pero es cierto: se nos est\u00e1 acabando el tiempo. Ahora, m\u00e1s que nunca, debemos estar juntos para proteger nuestros oc\u00e9anos.<\/span><\/p>\n<p><span style=\"font-weight: 400;\">Con las amenazas crecientes que enfrentan nuestros oc\u00e9anos, desde el cambio clim\u00e1tico hasta la contaminaci\u00f3n pl\u00e1stica y la sobrepesca, los oc\u00e9anos necesitan protecci\u00f3n m\u00e1s que nunca. En este momento, la ONU est\u00e1 discutiendo c\u00f3mo y d\u00f3nde debemos cuidar nuestros oc\u00e9anos. Esta es nuestra oportunidad. Las decisiones tomadas en los pr\u00f3ximos meses afectar\u00e1n la forma en que los gobiernos y las industrias se comportan en el mar durante las pr\u00f3ximas d\u00e9cadas. No podemos dejar pasar esta oportunidad. Todos debemos actuar juntos para proteger los oc\u00e9anos.<\/span><\/p>\n<p><a href=\"https:\/\/actua.greenpeace.org.mx\/protejamos-los-oceanos\">Firma hoy la petici\u00f3n y ay\u00fadanos a proteger nuestros oc\u00e9anos y la vida del planeta<\/a><\/p>\n","protected":false},"excerpt":{"rendered":"<p>En este momento, los barcos de Greenpeace, Arctic Sunrise y Esperanza, se encuentran en una misi\u00f3n en el \u00c1rtico. Nos estamos embarcando en una de nuestras expediciones m\u00e1s ambiciosas; navegando&hellip;<\/p>\n","protected":false},"author":21,"featured_media":2235,"comment_status":"open","ping_status":"open","sticky":false,"template":"","format":"standard","meta":{"ep_exclude_from_search":false,"p4_og_title":"","p4_og_description":"","p4_og_image":"","p4_og_image_id":"","p4_seo_canonical_url":"","p4_campaign_name":"","p4_local_project":"","p4_basket_name":"","p4_department":"","footnotes":""},"categories":[2],"tags":[],"p4-page-type":[14],"class_list":["post-2234","post","type-post","status-publish","format-standard","has-post-thumbnail","hentry","category-cambio-climatico","p4-page-type-blog"],"_links":{"self":[{"href":"https:\/\/www.greenpeace.org\/mexico\/wp-json\/wp\/v2\/posts\/2234","targetHints":{"allow":["GET"]}}],"collection":[{"href":"https:\/\/www.greenpeace.org\/mexico\/wp-json\/wp\/v2\/posts"}],"about":[{"href":"https:\/\/www.greenpeace.org\/mexico\/wp-json\/wp\/v2\/types\/post"}],"author":[{"embeddable":true,"href":"https:\/\/www.greenpeace.org\/mexico\/wp-json\/wp\/v2\/users\/21"}],"replies":[{"embeddable":true,"href":"https:\/\/www.greenpeace.org\/mexico\/wp-json\/wp\/v2\/comments?post=2234"}],"version-history":[{"count":1,"href":"https:\/\/www.greenpeace.org\/mexico\/wp-json\/wp\/v2\/posts\/2234\/revisions"}],"predecessor-version":[{"id":2236,"href":"https:\/\/www.greenpeace.org\/mexico\/wp-json\/wp\/v2\/posts\/2234\/revisions\/2236"}],"wp:featuredmedia":[{"embeddable":true,"href":"https:\/\/www.greenpeace.org\/mexico\/wp-json\/wp\/v2\/media\/2235"}],"wp:attachment":[{"href":"https:\/\/www.greenpeace.org\/mexico\/wp-json\/wp\/v2\/media?parent=2234"}],"wp:term":[{"taxonomy":"category","embeddable":true,"href":"https:\/\/www.greenpeace.org\/mexico\/wp-json\/wp\/v2\/categories?post=2234"},{"taxonomy":"post_tag","embeddable":true,"href":"https:\/\/www.greenpeace.org\/mexico\/wp-json\/wp\/v2\/tags?post=2234"},{"taxonomy":"p4-page-type","embeddable":true,"href":"https:\/\/www.greenpeace.org\/mexico\/wp-json\/wp\/v2\/p4-page-type?post=2234"}],"curies":[{"name":"wp","href":"https:\/\/api.w.org\/{rel}","templated":true}]}}