{"id":2405,"date":"2019-06-04T00:33:22","date_gmt":"2019-06-04T05:33:22","guid":{"rendered":"https:\/\/www.greenpeace.org\/mexico\/?p=2405"},"modified":"2021-12-01T07:39:55","modified_gmt":"2021-12-01T12:39:55","slug":"por-que-importa-el-trabajo-cientifico-en-el-artico","status":"publish","type":"post","link":"https:\/\/www.greenpeace.org\/mexico\/blog\/2405\/por-que-importa-el-trabajo-cientifico-en-el-artico\/","title":{"rendered":"\u00bfPor qu\u00e9 importa el trabajo cient\u00edfico en el \u00c1rtico?"},"content":{"rendered":"<p><span style=\"font-weight: 400;\">La historia contin\u00faa desde el barco Esperanza, gracias por seguir las l\u00edneas de esta mexicana del otro lado del mundo.<\/span><\/p>\n<p><img loading=\"lazy\" decoding=\"async\" class=\"alignnone wp-image-2408 size-large\" src=\"https:\/\/www.greenpeace.org\/static\/planet4-mexico-stateless\/2019\/06\/b5144bf4-whatsapp-image-2019-05-29-at-1.52.46-pm-1024x768.jpeg\" alt=\"\" width=\"1024\" height=\"768\" srcset=\"https:\/\/www.greenpeace.org\/static\/planet4-mexico-stateless\/2019\/06\/b5144bf4-whatsapp-image-2019-05-29-at-1.52.46-pm-1024x768.jpeg 1024w, https:\/\/www.greenpeace.org\/static\/planet4-mexico-stateless\/2019\/06\/b5144bf4-whatsapp-image-2019-05-29-at-1.52.46-pm-300x225.jpeg 300w, https:\/\/www.greenpeace.org\/static\/planet4-mexico-stateless\/2019\/06\/b5144bf4-whatsapp-image-2019-05-29-at-1.52.46-pm-768x576.jpeg 768w, https:\/\/www.greenpeace.org\/static\/planet4-mexico-stateless\/2019\/06\/b5144bf4-whatsapp-image-2019-05-29-at-1.52.46-pm-453x340.jpeg 453w, https:\/\/www.greenpeace.org\/static\/planet4-mexico-stateless\/2019\/06\/b5144bf4-whatsapp-image-2019-05-29-at-1.52.46-pm.jpeg 1280w\" sizes=\"auto, (max-width: 1024px) 100vw, 1024px\" \/><\/p>\n<p><span style=\"font-weight: 400;\">Como ya les hab\u00eda contado, la primera semana de trabajo dentro del barco fue para conocer al equipo, conformado tanto por personas de otras oficinas de Greenpeace, como por la tripulaci\u00f3n. Aqu\u00ed no importa de d\u00f3nde eres, somos un mismo equipo, con distintas habilidades y diferentes contextos, pero con el mismo objetivo: proteger los oc\u00e9anos. <\/span><\/p>\n<p><span style=\"font-weight: 400;\">Colaborar en esta primera etapa de la campa\u00f1a Protect the Oceans para hacer posible la \u00a0investigaci\u00f3n y documentaci\u00f3n de los cambios que est\u00e1 sufriendo el \u00c1rtico a causa del cambio clim\u00e1tico y las consecuencias que este puede tener en todo el ecosistema fue incre\u00edble. Entender cu\u00e1l ser\u00e1 el impacto a nuestros oc\u00e9anos y a la vida marina, no solo en esta zona remota del polo norte, sino en todo el planeta, es algo que me animar\u00e1 a seguir actuando mucho tiempo m\u00e1s. <a href=\"https:\/\/actua.greenpeace.org.mx\/protejamos-los-oceanos\">He ah\u00ed el por qu\u00e9 hacer el llamado a que el 30% de todos los oc\u00e9anos del mundo se protejan y se conviertan en Santuarios Marinos<\/a>, protegidos de toda amenaza exterior.<\/span><\/p>\n<p><span style=\"font-weight: 400;\">Mientras he estado aqu\u00ed, ambos barcos han realizado trabajos de documentaci\u00f3n e investigaci\u00f3n con cient\u00edficos independientes de Carolina del Norte, los cuales desean conocer las consecuencias que tiene el deshielo en la zona y en toda la fauna que vive ah\u00ed. Hubo medios internacionales como \u00a0National Geographic, CNN, Vice y The Guardian, quienes estar\u00e1n contando desde su punto de vista, la historia de este viaje que esperemos le d\u00e9 la vuelta al mundo para hacer conciencia sobre nuestro impacto en el planeta.<\/span><\/p>\n<p><img loading=\"lazy\" decoding=\"async\" class=\"alignnone wp-image-2407 size-large\" src=\"https:\/\/www.greenpeace.org\/static\/planet4-mexico-stateless\/2019\/06\/78e9992a-whatsapp-image-2019-05-29-at-1.52.18-pm-1024x768.jpeg\" alt=\"\" width=\"1024\" height=\"768\" srcset=\"https:\/\/www.greenpeace.org\/static\/planet4-mexico-stateless\/2019\/06\/78e9992a-whatsapp-image-2019-05-29-at-1.52.18-pm-1024x768.jpeg 1024w, https:\/\/www.greenpeace.org\/static\/planet4-mexico-stateless\/2019\/06\/78e9992a-whatsapp-image-2019-05-29-at-1.52.18-pm-300x225.jpeg 300w, https:\/\/www.greenpeace.org\/static\/planet4-mexico-stateless\/2019\/06\/78e9992a-whatsapp-image-2019-05-29-at-1.52.18-pm-768x576.jpeg 768w, https:\/\/www.greenpeace.org\/static\/planet4-mexico-stateless\/2019\/06\/78e9992a-whatsapp-image-2019-05-29-at-1.52.18-pm-453x340.jpeg 453w, https:\/\/www.greenpeace.org\/static\/planet4-mexico-stateless\/2019\/06\/78e9992a-whatsapp-image-2019-05-29-at-1.52.18-pm.jpeg 1280w\" sizes=\"auto, (max-width: 1024px) 100vw, 1024px\" \/><\/p>\n<p><span style=\"font-weight: 400;\">\u00bfPor qu\u00e9 es importante el trabajo cient\u00edfico? Porque es gracias a estas investigaciones que el mundo puede conocer qu\u00e9 est\u00e1 pasando, cu\u00e1l es la cadena de acciones que se han hecho y por qu\u00e9 es importante empezar a cambiar El trabajo cient\u00edfico ha sido siempre parte de Greenpeace y es para mi un honor ser parte de esto en la misi\u00f3n por proteger nuestros oc\u00e9anos.<\/span><\/p>\n<p><span style=\"font-weight: 400;\">Entre una de las muchas actividades que hicimos y que puedo contarles, recuerdo el primer d\u00eda en que bajamos los botes y fuimos a hacer reconocimiento del sitio para marcar algunos bloques de hielo, esto para que cient\u00edficos pudieran monitorear su trayecto hacia el sur. Muchos vemos videos de glaciares rompi\u00e9ndose, \u00bfpero alguna vez nos preguntamos cu\u00e1l es la implicaci\u00f3n de que esto ocurra? \u00bfA d\u00f3nde van esos pedazos de hielo y por qu\u00e9? Este grupo de cient\u00edficos busca esas respuestas, poniendo los hechos sobre la mesa para que los tomadores de decisi\u00f3n tomen acci\u00f3n. El cambio clim\u00e1tico es real y afecta cada rinc\u00f3n del planeta.<\/span><\/p>\n<p><img loading=\"lazy\" decoding=\"async\" class=\"alignnone wp-image-2409 size-large\" src=\"https:\/\/www.greenpeace.org\/static\/planet4-mexico-stateless\/2019\/06\/6f575ca7-whatsapp-image-2019-05-29-at-1.21.25-pm-2-1024x768.jpeg\" alt=\"\" width=\"1024\" height=\"768\" srcset=\"https:\/\/www.greenpeace.org\/static\/planet4-mexico-stateless\/2019\/06\/6f575ca7-whatsapp-image-2019-05-29-at-1.21.25-pm-2-1024x768.jpeg 1024w, https:\/\/www.greenpeace.org\/static\/planet4-mexico-stateless\/2019\/06\/6f575ca7-whatsapp-image-2019-05-29-at-1.21.25-pm-2-300x225.jpeg 300w, https:\/\/www.greenpeace.org\/static\/planet4-mexico-stateless\/2019\/06\/6f575ca7-whatsapp-image-2019-05-29-at-1.21.25-pm-2-768x576.jpeg 768w, https:\/\/www.greenpeace.org\/static\/planet4-mexico-stateless\/2019\/06\/6f575ca7-whatsapp-image-2019-05-29-at-1.21.25-pm-2-453x340.jpeg 453w, https:\/\/www.greenpeace.org\/static\/planet4-mexico-stateless\/2019\/06\/6f575ca7-whatsapp-image-2019-05-29-at-1.21.25-pm-2.jpeg 1280w\" sizes=\"auto, (max-width: 1024px) 100vw, 1024px\" \/><\/p>\n<p><span style=\"font-weight: 400;\">El trabajo sigue de este lado del mundo y es El Esperanza quien seguir\u00e1 el viaje de Polo a Polo, desde el \u00c1rtico hasta la Ant\u00e1rtida, para seguir siendo el amplificador que necesitamos, y aunque el Arctic Sunrise fue vital para esta expedici\u00f3n, por ahora continuar\u00e1 su camino para seguir luchando en otras campa\u00f1as y lograr el futuro verde que tanto deseamos. M\u00e1s adelante se unir\u00e1 de nuevo a los compa\u00f1eros que deja en esta misi\u00f3n para juntos seguir haciendo historia. <\/span><\/p>\n<p><span style=\"font-weight: 400;\">\u00bfSab\u00edas que es incre\u00edblemente raro que dos barcos de Greenpeace trabajen al mismo tiempo en el mismo punto? El por qu\u00e9 de esto te lo contar\u00e9 en el siguiente blog. \u00a1Sigamos actuando juntos! <\/span><\/p>\n<div class=\"EmptyMessage\">Block content is empty. Check the block&#8217;s settings or remove it.<\/div>","protected":false},"excerpt":{"rendered":"<p>La historia contin\u00faa desde el barco Esperanza, gracias por seguir las l\u00edneas de esta mexicana del otro lado del mundo. Como ya les hab\u00eda contado, la primera semana de trabajo&hellip;<\/p>\n","protected":false},"author":21,"featured_media":2407,"comment_status":"open","ping_status":"open","sticky":false,"template":"","format":"standard","meta":{"ep_exclude_from_search":false,"p4_og_title":"","p4_og_description":"","p4_og_image":"","p4_og_image_id":"","p4_seo_canonical_url":"","p4_campaign_name":"","p4_local_project":"","p4_basket_name":"","p4_department":"","footnotes":""},"categories":[2],"tags":[],"p4-page-type":[14],"class_list":["post-2405","post","type-post","status-publish","format-standard","has-post-thumbnail","hentry","category-cambio-climatico","p4-page-type-blog"],"_links":{"self":[{"href":"https:\/\/www.greenpeace.org\/mexico\/wp-json\/wp\/v2\/posts\/2405","targetHints":{"allow":["GET"]}}],"collection":[{"href":"https:\/\/www.greenpeace.org\/mexico\/wp-json\/wp\/v2\/posts"}],"about":[{"href":"https:\/\/www.greenpeace.org\/mexico\/wp-json\/wp\/v2\/types\/post"}],"author":[{"embeddable":true,"href":"https:\/\/www.greenpeace.org\/mexico\/wp-json\/wp\/v2\/users\/21"}],"replies":[{"embeddable":true,"href":"https:\/\/www.greenpeace.org\/mexico\/wp-json\/wp\/v2\/comments?post=2405"}],"version-history":[{"count":3,"href":"https:\/\/www.greenpeace.org\/mexico\/wp-json\/wp\/v2\/posts\/2405\/revisions"}],"predecessor-version":[{"id":49997,"href":"https:\/\/www.greenpeace.org\/mexico\/wp-json\/wp\/v2\/posts\/2405\/revisions\/49997"}],"wp:featuredmedia":[{"embeddable":true,"href":"https:\/\/www.greenpeace.org\/mexico\/wp-json\/wp\/v2\/media\/2407"}],"wp:attachment":[{"href":"https:\/\/www.greenpeace.org\/mexico\/wp-json\/wp\/v2\/media?parent=2405"}],"wp:term":[{"taxonomy":"category","embeddable":true,"href":"https:\/\/www.greenpeace.org\/mexico\/wp-json\/wp\/v2\/categories?post=2405"},{"taxonomy":"post_tag","embeddable":true,"href":"https:\/\/www.greenpeace.org\/mexico\/wp-json\/wp\/v2\/tags?post=2405"},{"taxonomy":"p4-page-type","embeddable":true,"href":"https:\/\/www.greenpeace.org\/mexico\/wp-json\/wp\/v2\/p4-page-type?post=2405"}],"curies":[{"name":"wp","href":"https:\/\/api.w.org\/{rel}","templated":true}]}}