{"id":2650,"date":"2019-07-09T13:17:46","date_gmt":"2019-07-09T18:17:46","guid":{"rendered":"https:\/\/www.greenpeace.org\/mexico\/?p=2650"},"modified":"2021-12-01T07:39:44","modified_gmt":"2021-12-01T12:39:44","slug":"reciclar-no-es-la-solucion-a-la-crisis-de-la-contaminacion-plastica-reducir-si-amsp","status":"publish","type":"post","link":"https:\/\/www.greenpeace.org\/mexico\/informacion-prensa\/2650\/reciclar-no-es-la-solucion-a-la-crisis-de-la-contaminacion-plastica-reducir-si-amsp\/","title":{"rendered":"Reciclar no es la soluci\u00f3n a la crisis de la contaminaci\u00f3n pl\u00e1stica, reducir s\u00ed: AMSP"},"content":{"rendered":"<p>Ciudad de M\u00e9xico, 09 de julio de 2019.- Con un objetivo en com\u00fan: proponer soluciones a la contaminaci\u00f3n pl\u00e1stica,&nbsp; m\u00e1s de 30 organizaciones ambientales de 18 estados de la Rep\u00fablica se han sumado en un movimiento sin precedente en la Alianza M\u00e9xico Sin Pl\u00e1stico -con el respaldo del Programa de Naciones Unidas para el Medio Ambiente en M\u00e9xico y la organizaci\u00f3n ambientalista Greenpeace- la cual&nbsp; busca promover soluciones reales a la epidemia del pl\u00e1stico. Sus principales objetivos ser\u00e1n analizar y dar a conocer los efectos que causa el pl\u00e1stico en la salud, educar en torno al cambio de h\u00e1bitos para sustituir el uso excesivo de pl\u00e1sticos desechables, alertar sobre las falsas soluciones propuestas por algunos sectores de la industria e impulsar el concepto de Responsabilidad extendida del productor.<\/p>\n<p>El pl\u00e1stico es el residuo s\u00f3lido que m\u00e1s incremento ha registrado al pasar de 1.38 millones de toneladas en 2001 a 4.58 millones en 2012, es decir, creci\u00f3, 232.4 por ciento. Sin embargo el acopio y reciclaje de este material en el pa\u00eds es m\u00ednimo debido a la falta de infraestructura, regulaci\u00f3n y envases pl\u00e1sticos susceptibles de ser reciclados. Como resultado vivimos una grave crisis de la contaminaci\u00f3n pl\u00e1stica.<\/p>\n<p>\u201cComo sociedades -modernas- hemos adoptado patrones de consumo que en la actualidad tienen gran impacto en nuestra salud, la econom\u00eda y el medio ambiente; tal es el caso de los llamados \u201cpl\u00e1sticos desechables\u201d que est\u00e1n presentes en nuestra vida diaria desde hace m\u00e1s de tres d\u00e9cadas. La contaminaci\u00f3n por pl\u00e1sticos desechables es ahora un tema emergente y prioritario en la agenda global ya que no solo afecta la vida presente en los mares y oc\u00e9anos; sino tambi\u00e9n en la salud humana al incorporarse en nuestra cadena alimenticia y en el agua que bebemos. Cada a\u00f1o llegan a los oc\u00e9anos 13 millones de toneladas de basura, lo que est\u00e1 provocando la muerte de m\u00e1s de 100,000 animales marinos cada a\u00f1o; si seguimos con esta tendencia en el 2050 tendremos m\u00e1s basura pl\u00e1stica que peces en los oc\u00e9anos, reduciendo a\u00fan m\u00e1s la posibilidad de la permanencia de los seres humanos en el Planeta\u201d,&nbsp; se\u00f1al\u00f3 Dolores Barrientos, Representante en M\u00e9xico de ONU Medio Ambiente.<\/p>\n<p>En ese sentido, el trabajo de la Alianza&nbsp; representa un esfuerzo sin precedentes de la sociedad civil que destinado a reorientar los patrones de producci\u00f3n y consumo hacia modelos circulares, m\u00e1s sustentables y eco-eficientes , indic\u00f3 Juan Carlos Carrillo del CEMDA, miembro de la Alianza M\u00e9xico Sin Pl\u00e1stico.<\/p>\n<p>Ante la dimensi\u00f3n del problema, la Alianza reafirma que se necesita una transformaci\u00f3n profunda en el modelo de consumo actual de nuestra sociedad, que est\u00e1 basado en la comodidad de usar y tirar y que provoca una sobreproducci\u00f3n y consumo excesivo e innecesario de pl\u00e1sticos de un solo uso. Es vital promover un cambio cultural en el que,&nbsp; por un lado exijamos a los grandes productores de pl\u00e1stico que reduzcan su uso desde el origen, y por otro sensibilicemos a la poblaci\u00f3n sobre la importancia de reducir su consumo de pl\u00e1sticos de un solo uso&nbsp; ya que reciclar no es suficiente.<\/p>\n<p>De acuerdo con el reporte Reciclar, la falacia de la industria en la lucha contra la contaminaci\u00f3n pl\u00e1stica. Estado del reciclaje en M\u00e9xico, presentado por la alianza M\u00e9xico sin pl\u00e1stico y Greennpeace, solo 22 estados de la Rep\u00fablica cuentan con leyes para la gesti\u00f3n y prevenci\u00f3n de residuos s\u00f3lidos.&nbsp; De acuerdo al INEGI en el 2016,&nbsp; de los 2 mil 458 municipios y alcald\u00edas del pa\u00eds, solo 77, es decir&nbsp; 3.13 por ciento, contaban con&nbsp; centros de acopio registrados (1,060 centros), mismos que captaron solo el 0.03 % de las 40 millones de toneladas de residuos s\u00f3lidos valorizables (pl\u00e1sticos, metales, vidrio, papel etc.). La capacidad de reciclaje del pa\u00eds es de apenas el 6.07% siendo en su mayor parte mediante la informalidad y concentrada en su mayor\u00eda en la Ciudad de M\u00e9xico.<\/p>\n<p>Estos n\u00fameros ponen en evidencia dos hechos indudables: un aumento indiscriminado en la producci\u00f3n, consumo y desecho de envases pl\u00e1sticos y la insuficiente capacidad para reciclarlos. Si a eso sumamos que la industria, a pesar de tener un discurso de compromiso con elevar las tasas de reciclabilidad de sus envases, crea envases cada vez m\u00e1s complejos, tecnol\u00f3gicamente imposibles de reciclar, tenemos que el reciclaje es inviable como \u00fanica soluci\u00f3n a la crisis de contaminaci\u00f3n pl\u00e1stica.<\/p>\n<p>\u201cLa industria del pl\u00e1stico ha depositado en el reciclaje su esperanza de solucionar el problema de la contaminaci\u00f3n por pl\u00e1sticos. A trav\u00e9s del discurso sobre la Econom\u00eda Circular ha pretendido hacer parecer que \u00e9sta es sin\u00f3nimo de reciclaje y que ser\u00e1 la principal soluci\u00f3n al problema. Este informe demuestra que todav\u00eda faltan muchos a\u00f1os, inversi\u00f3n econ\u00f3mica y desarrollo tecnol\u00f3gico para alcanzar la quimera que propone la industria del pl\u00e1stico a trav\u00e9s del reciclaje como soluci\u00f3n al problema de la contaminaci\u00f3n pl\u00e1stica. Las empresas siguen poniendo a la venta sus productos en envases que jam\u00e1s ser\u00e1n reciclados, siquiera cuando su etiqueta diga que es reciclable. Es necesario recalcar que econom\u00eda circular no es sin\u00f3nimo de reciclaje, \u201d, advirti\u00f3 Miguel Rivas, coordinador de la campa\u00f1a de Oc\u00e9anos Sin Pl\u00e1stico de Greenpeace M\u00e9xico.<\/p>\n<p>\u201cEn M\u00e9xico, los porcentajes de reciclaje para la mayor\u00eda de los residuos es muy baja, la capacidad de reciclaje es casi nula en muchos estados de la Rep\u00fablica Mexicana y muchos envases ni siquiera pueden ser tecnol\u00f3gicamente reciclados; pero as\u00ed siguen saliendo al mercado, es urgente fortalecer el reciclaje, es indispensable fortalecer los mercados, regular la informalidad, apoyar a la industria y crear nuevos mercados para residuos que no son reciclados; pero esta labor no puede ser la \u00fanica soluci\u00f3n, se necesita m\u00e1s, los n\u00fameros no mienten, reciclar ya no es suficiente. El problema de la contaminaci\u00f3n pl\u00e1stica no se resuelve solo reciclando m\u00e1s, es necesario transitar a una econom\u00eda circular, donde los envases, embalajes, envolturas y empaques tengan un mercado de reciclaje y eliminar los productos innecesarios\u201d se\u00f1al\u00f3 Edgar Lugo Ch\u00e1vez, principal autor del informe y miembro de la Alianza M\u00e9xico sin Pl\u00e1sticos.<\/p>\n<p>Reciclar, la falacia de la industria en la lucha contra la contaminaci\u00f3n pl\u00e1stica. Estado del reciclaje en M\u00e9xico, parte de una investigaci\u00f3n de datos oficiales existentes sobre el reciclaje en M\u00e9xico que fueron compilados, analizados, interrelacionados y explicados en el contexto de la gesti\u00f3n de los residuos, intentando ofrecer al lector un estado del reciclaje del pa\u00eds&nbsp; para mostrar, con n\u00fameros, por qu\u00e9 no es la panacea \u2013como pretende hacer creer la industria, ante la grave contaminaci\u00f3n por pl\u00e1stico que existe en el pa\u00eds y en el mundo.<\/p>\n<p>Finalmente, la Alianza hizo un llamado a las personas para que su sumen a la petici\u00f3n \u201cPor un M\u00e9xico sin pl\u00e1sticos\u201d en la que exigimos a los legisladores que tomen en consideraci\u00f3n la iniciativa presentada por la Alianza M\u00e9xico Sin Pl\u00e1sticos, elaborada por organizaciones de la sociedad civil y ambientalistas, para asegurar una ley que garantice un pa\u00eds libre de contaminaci\u00f3n por este residuo.<\/p>\n<p>La petici\u00f3n se puede firmar aqu\u00ed: <a href=\"https:\/\/www.usatupoder.org\/petitions\/usa-tu-poder-por-un-mexico-sin-plasticos-1\">https:\/\/www.usatupoder.org\/petitions\/usa-tu-poder-por-un-mexico-sin-plasticos-1<\/a><\/p>\n<p>Resumen ejecutivo del reporte disponible en <a href=\"https:\/\/actua.greenpeace.org.mx\/reciclar-no-es-suficiente\">www.reciclarnoessuficiente.mx<\/a><\/p>\n<p>&nbsp;<\/p>\n<p>&nbsp;<\/p>\n\t\t\t<section\n\t\t\tclass=\"boxout post-461 \"\n\t\t\t\n\t\t>\n\t\t\t<a\n\t\t\t\tdata-ga-category=\"Take Action Boxout\"\n\t\t\t\tdata-ga-action=\"Image\"\n\t\t\t\tdata-ga-label=\"n\/a\"\n\t\t\t\tclass=\"cover-card-overlay\"\n\t\t\t\thref=\"https:\/\/www.greenpeace.org\/mexico\/participa\/liberate-del-plastico\/\" \n\t\t\t><\/a>\n\t\t\t\t\t\t\t<img\n\t\t\t\t\t\tsrc=\"https:\/\/www.greenpeace.org\/static\/planet4-mexico-stateless\/2019\/06\/7433fe24-fotos-con-creditos-1-1024x922.jpg\"\n\t\t\t\t\t\tsrcset=\"https:\/\/www.greenpeace.org\/static\/planet4-mexico-stateless\/2019\/06\/7433fe24-fotos-con-creditos-1-300x270.jpg 300w, https:\/\/www.greenpeace.org\/static\/planet4-mexico-stateless\/2019\/06\/7433fe24-fotos-con-creditos-1-768x691.jpg 768w, https:\/\/www.greenpeace.org\/static\/planet4-mexico-stateless\/2019\/06\/7433fe24-fotos-con-creditos-1-1024x922.jpg 1024w, https:\/\/www.greenpeace.org\/static\/planet4-mexico-stateless\/2019\/06\/7433fe24-fotos-con-creditos-1-1518x1366.jpg 1518w, https:\/\/www.greenpeace.org\/static\/planet4-mexico-stateless\/2019\/06\/7433fe24-fotos-con-creditos-1-378x340.jpg 378w, https:\/\/www.greenpeace.org\/static\/planet4-mexico-stateless\/2019\/06\/7433fe24-fotos-con-creditos-1.jpg 2000w\"\n\t\t\t\t\t\tsizes=\"(min-width: 1000px) 358px, (min-width: 780px) 313px, 88px\"\n\t\t\t\t\t\talt=\"\" title=\"\"\n\t\t\t\t\/>\n            \t\t\t<div class=\"boxout-content\">\n\t\t\t\t\t\t\t\t\t<a\n\t\t\t\t\t\tclass=\"boxout-heading medium\"\n\t\t\t\t\t\tdata-ga-category=\"Take Action Boxout\"\n\t\t\t\t\t\tdata-ga-action=\"Title\"\n\t\t\t\t\t\tdata-ga-label=\"n\/a\"\n\t\t\t\t\t\thref=\"https:\/\/www.greenpeace.org\/mexico\/participa\/liberate-del-plastico\/\"\n\t\t\t\t\t\t\n\t\t\t\t\t>\n\t\t\t\t\t\t\u00a1Lib\u00e9rate del pl\u00e1stico!\n\t\t\t\t\t<\/a>\n\t\t\t\t\t\t\t\t\t\t\t\t\t<p class=\"boxout-excerpt\">\u00a1Exijamos leyes que prohiban los pl\u00e1sticos de un solo uso! Las corporaciones evaden su responsabilidad porque no existe un marco que las regule. Desplastifiquemos M\u00e9xico. <\/p>\n\t\t\t\t                                    <a\n                        class=\"btn btn-primary\"\n                        data-ga-category=\"Take Action Boxout\"\n                        data-ga-action=\"Call to Action\"\n                        data-ga-label=\"n\/a\"\n                        href=\"https:\/\/www.greenpeace.org\/mexico\/participa\/liberate-del-plastico\/\"\n                        \n                    >\n                        Participa\n                    <\/a>\n                \t\t\t<\/div>\n\t\t\t\t\t<\/section>\n\t","protected":false},"excerpt":{"rendered":"<p>Ciudad de M\u00e9xico, 09 de julio de 2019.- Con un objetivo en com\u00fan: proponer soluciones a la contaminaci\u00f3n pl\u00e1stica,\u00a0 m\u00e1s de 30 organizaciones ambientales de 18 estados de la Rep\u00fablica&hellip;<\/p>\n","protected":false},"author":24,"featured_media":1312,"comment_status":"open","ping_status":"open","sticky":false,"template":"","format":"standard","meta":{"ep_exclude_from_search":false,"p4_og_title":"","p4_og_description":"","p4_og_image":"","p4_og_image_id":"","p4_seo_canonical_url":"","p4_campaign_name":"not set","p4_local_project":"not set","p4_basket_name":"not set","p4_department":"","footnotes":""},"categories":[2],"tags":[20],"p4-page-type":[16],"class_list":["post-2650","post","type-post","status-publish","format-standard","has-post-thumbnail","hentry","category-cambio-climatico","tag-consumo","p4-page-type-informacion-prensa"],"_links":{"self":[{"href":"https:\/\/www.greenpeace.org\/mexico\/wp-json\/wp\/v2\/posts\/2650","targetHints":{"allow":["GET"]}}],"collection":[{"href":"https:\/\/www.greenpeace.org\/mexico\/wp-json\/wp\/v2\/posts"}],"about":[{"href":"https:\/\/www.greenpeace.org\/mexico\/wp-json\/wp\/v2\/types\/post"}],"author":[{"embeddable":true,"href":"https:\/\/www.greenpeace.org\/mexico\/wp-json\/wp\/v2\/users\/24"}],"replies":[{"embeddable":true,"href":"https:\/\/www.greenpeace.org\/mexico\/wp-json\/wp\/v2\/comments?post=2650"}],"version-history":[{"count":7,"href":"https:\/\/www.greenpeace.org\/mexico\/wp-json\/wp\/v2\/posts\/2650\/revisions"}],"predecessor-version":[{"id":49976,"href":"https:\/\/www.greenpeace.org\/mexico\/wp-json\/wp\/v2\/posts\/2650\/revisions\/49976"}],"wp:featuredmedia":[{"embeddable":true,"href":"https:\/\/www.greenpeace.org\/mexico\/wp-json\/wp\/v2\/media\/1312"}],"wp:attachment":[{"href":"https:\/\/www.greenpeace.org\/mexico\/wp-json\/wp\/v2\/media?parent=2650"}],"wp:term":[{"taxonomy":"category","embeddable":true,"href":"https:\/\/www.greenpeace.org\/mexico\/wp-json\/wp\/v2\/categories?post=2650"},{"taxonomy":"post_tag","embeddable":true,"href":"https:\/\/www.greenpeace.org\/mexico\/wp-json\/wp\/v2\/tags?post=2650"},{"taxonomy":"p4-page-type","embeddable":true,"href":"https:\/\/www.greenpeace.org\/mexico\/wp-json\/wp\/v2\/p4-page-type?post=2650"}],"curies":[{"name":"wp","href":"https:\/\/api.w.org\/{rel}","templated":true}]}}