{"id":2949,"date":"2019-08-06T09:10:35","date_gmt":"2019-08-06T14:10:35","guid":{"rendered":"https:\/\/www.greenpeace.org\/mexico\/?p=2949"},"modified":"2025-06-25T09:40:37","modified_gmt":"2025-06-25T14:40:37","slug":"si-viajas-en-bici-por-mexico-ellos-te-hacen-el-viaje-seguro","status":"publish","type":"post","link":"https:\/\/www.greenpeace.org\/mexico\/blog\/2949\/si-viajas-en-bici-por-mexico-ellos-te-hacen-el-viaje-seguro\/","title":{"rendered":"Si viajas en bici por M\u00e9xico, ellos te hacen el camino seguro"},"content":{"rendered":"<p><span style=\"font-weight: 400;\">Aprender a andar en bicicleta s\u00ed es tan f\u00e1cil como subirse y ponerse a pedalear, pero en las grandes ciudades implica m\u00e1s que eso; conocimientos t\u00e9cnicos b\u00e1sicos en caso de que falle, educaci\u00f3n vial para todos (ciclistas, choferes de autom\u00f3viles y transporte en general y transe\u00fantes), mejores vialidades, replanteamiento urban\u00edstico, seguridad, infraestructura adecuada. Sin duda vale la pena promover su uso como un transporte cotidiano en v\u00edas de una movilidad m\u00e1s sustentable para contrarrestar entre otras cosas el smog, la mala calidad del aire y el tr\u00e1fico. Lo poco que de esta promoci\u00f3n se ha hecho en nuestro pa\u00eds, claro que ha servido.<\/span><\/p>\n<div id=\"attachment_2689\" style=\"width: 1034px\" class=\"wp-caption alignnone\"><a href=\"https:\/\/www.greenpeace.org\/static\/planet4-mexico-stateless\/2019\/07\/6bff791b-whatsapp-image-2019-07-10-at-4.35.56-pm.jpeg\"><img loading=\"lazy\" decoding=\"async\" aria-describedby=\"caption-attachment-2689\" class=\"wp-image-2689 size-large\" src=\"https:\/\/www.greenpeace.org\/static\/planet4-mexico-stateless\/2019\/07\/6bff791b-whatsapp-image-2019-07-10-at-4.35.56-pm-1024x683.jpeg\" alt=\"\" width=\"1024\" height=\"683\" srcset=\"https:\/\/www.greenpeace.org\/static\/planet4-mexico-stateless\/2019\/07\/6bff791b-whatsapp-image-2019-07-10-at-4.35.56-pm.jpeg 1024w, https:\/\/www.greenpeace.org\/static\/planet4-mexico-stateless\/2019\/07\/6bff791b-whatsapp-image-2019-07-10-at-4.35.56-pm-300x200.jpeg 300w, https:\/\/www.greenpeace.org\/static\/planet4-mexico-stateless\/2019\/07\/6bff791b-whatsapp-image-2019-07-10-at-4.35.56-pm-768x512.jpeg 768w, https:\/\/www.greenpeace.org\/static\/planet4-mexico-stateless\/2019\/07\/6bff791b-whatsapp-image-2019-07-10-at-4.35.56-pm-510x340.jpeg 510w\" sizes=\"auto, (max-width: 1024px) 100vw, 1024px\" \/><\/a><p id=\"caption-attachment-2689\" class=\"wp-caption-text\">Viajando en bici por M\u00e9xico<\/p><\/div>\n<p><span style=\"font-weight: 400;\">En los \u00faltimos 10 a\u00f1os su uso se ha triplicado seg\u00fan datos del Instituto Nacional de estad\u00edstica y Geograf\u00eda (Inegi). El servicio de pr\u00e9stamo de bicicletas por medio de apps ha ayudado al incremento de esa cifra. Aunque ese incremento cause un aparente caos por la falta de infraestructura, es el mismo camino que recorrieron pa\u00edses como Holanda para llegar a ser lo que ahora son.<\/span><\/p>\n<p><span style=\"font-weight: 400;\">Holanda es parteaguas y referente en el uso de transporte sostenible, pero el proceso ha durado alrededor de seis d\u00e9cadas. La presi\u00f3n ciudadana al gobierno y la organizaci\u00f3n de grupos de ciclistas trabajando en red, permiti\u00f3 la adaptaci\u00f3n de v\u00edas, estacionamientos, la mejora del transporte p\u00fablico y la infraestructura necesaria para respaldar el uso com\u00fan de la bici para vivir mejor.<\/span><\/p>\n<p><span style=\"font-weight: 400;\">Quiz\u00e1s de los grupos sociales m\u00e1s organizados y solidarios que existen son los ciclistas. Sus fines comunes como hacer ejercicio, recuperar los espacios p\u00fablicos, generar una convivencia familiar sana, promover una movilidad sustentable y sumar usuarios los hace tener din\u00e1micas tan interesantes como las rodadas.\u00a0<\/span><\/p>\n<div id=\"attachment_2094\" style=\"width: 1210px\" class=\"wp-caption alignnone\"><a href=\"https:\/\/www.greenpeace.org\/static\/planet4-mexico-stateless\/2019\/04\/45b3dae7-gp0stqaqb.jpg\"><img loading=\"lazy\" decoding=\"async\" aria-describedby=\"caption-attachment-2094\" class=\"wp-image-2094 size-full\" src=\"https:\/\/www.greenpeace.org\/static\/planet4-mexico-stateless\/2019\/04\/45b3dae7-gp0stqaqb.jpg\" alt=\"Ciclismo urbano \u00a9 Chris Grodotzki \/ Greenpeace\" width=\"1200\" height=\"823\" srcset=\"https:\/\/www.greenpeace.org\/static\/planet4-mexico-stateless\/2019\/04\/45b3dae7-gp0stqaqb.jpg 1200w, https:\/\/www.greenpeace.org\/static\/planet4-mexico-stateless\/2019\/04\/45b3dae7-gp0stqaqb-300x206.jpg 300w, https:\/\/www.greenpeace.org\/static\/planet4-mexico-stateless\/2019\/04\/45b3dae7-gp0stqaqb-768x527.jpg 768w, https:\/\/www.greenpeace.org\/static\/planet4-mexico-stateless\/2019\/04\/45b3dae7-gp0stqaqb-1024x702.jpg 1024w, https:\/\/www.greenpeace.org\/static\/planet4-mexico-stateless\/2019\/04\/45b3dae7-gp0stqaqb-496x340.jpg 496w\" sizes=\"auto, (max-width: 1200px) 100vw, 1200px\" \/><\/a><p id=\"caption-attachment-2094\" class=\"wp-caption-text\">Ciclismo urbano<\/p><\/div>\n<p><span style=\"font-weight: 400;\">Este exitoso incremento ha provocado que las din\u00e1micas y las necesidades de los usuarios cambien y se busquen espec\u00edficamente destinos con caracter\u00edsticas m\u00e1s amables para el uso de bicicletas. Aun cuando no existe en nuestro pa\u00eds hoteler\u00eda a gran escala que como tal atienda a los ciclistas, han surgido grupos organizados que brindan herramientas e informaci\u00f3n.<\/span><\/p>\n<p><span style=\"font-weight: 400;\">En ese sentido la <\/span><i><span style=\"font-weight: 400;\">Red de Apoyo Cicloviajero M\u00e9xico<\/span><\/i><span style=\"font-weight: 400;\"> es una iniciativa ciudadana que brinda apoyo integral a los ciclistas que deciden recorrer el territorio mexicano. Se encuentra activa desde mayo del 2018, poco despu\u00e9s de la tragedia ocurrida a Holger Franz Hagenbush (Alemania) y Krzysztof Chmielewski (Polonia) en el estado de Chiapas y en v\u00edas de rendir un homenaje digno a sus compa\u00f1eros.\u00a0<\/span><\/p>\n<p><span style=\"font-weight: 400;\">El apoyo de esta red consiste en la concentraci\u00f3n de datos de cicloviajeros mexicanos o cicloviajeros que se encuentran recorriendo territorio mexicano, as\u00ed como de personas o grupos que quieran brindar apoyo para lograr recorridos seguros. Tambi\u00e9n apoyan a los cicloviajeros mexicanos que se encuentran viajando en el extranjero. Elaboran gu\u00edas con rutas de recorridos seguros, de alojamientos, con talleres mec\u00e1nicos disponibles y de asistencia m\u00e9dica.<\/span><\/p>\n<div id=\"attachment_2478\" style=\"width: 1034px\" class=\"wp-caption alignnone\"><a href=\"https:\/\/www.greenpeace.org\/static\/planet4-mexico-stateless\/2019\/06\/4c53807d-whatsapp-image-2019-06-13-at-10.21.48-am.jpeg\"><img loading=\"lazy\" decoding=\"async\" aria-describedby=\"caption-attachment-2478\" class=\"wp-image-2478 size-large\" src=\"https:\/\/www.greenpeace.org\/static\/planet4-mexico-stateless\/2019\/06\/4c53807d-whatsapp-image-2019-06-13-at-10.21.48-am-1024x769.jpeg\" alt=\"\" width=\"1024\" height=\"769\" srcset=\"https:\/\/www.greenpeace.org\/static\/planet4-mexico-stateless\/2019\/06\/4c53807d-whatsapp-image-2019-06-13-at-10.21.48-am.jpeg 1024w, https:\/\/www.greenpeace.org\/static\/planet4-mexico-stateless\/2019\/06\/4c53807d-whatsapp-image-2019-06-13-at-10.21.48-am-300x225.jpeg 300w, https:\/\/www.greenpeace.org\/static\/planet4-mexico-stateless\/2019\/06\/4c53807d-whatsapp-image-2019-06-13-at-10.21.48-am-768x577.jpeg 768w, https:\/\/www.greenpeace.org\/static\/planet4-mexico-stateless\/2019\/06\/4c53807d-whatsapp-image-2019-06-13-at-10.21.48-am-453x340.jpeg 453w\" sizes=\"auto, (max-width: 1024px) 100vw, 1024px\" \/><\/a><p id=\"caption-attachment-2478\" class=\"wp-caption-text\">Viajando en bici por el mundo<\/p><\/div>\n<p><span style=\"font-weight: 400;\">Podemos encontrarlos en Facebook y Twitter como RACMX y para entrar a su p\u00e1gina, puedes hacerlo <a href=\"https:\/\/racmx.wordpress.com\/?fbclid=IwAR3xd1OB53XsyY5wn__OMYIROkQZagxDEeHF6XHirmAlecDN0wvM1ZRo8OA\">aqu\u00ed<\/a>.<\/span><\/p>\n<p>Si tu viaje es m\u00e1s en el extranjero, Warmshowers es otra comunidad de ciclistas globales, con m\u00e1s de 139,000 miembros y 79,000 anfitriones en 161 pa\u00edses. Ellos tambi\u00e9n proporcionan alojamiento y ayuda mec\u00e1nica para quienes van en el viaje e incluso la plataforma te permite calificar a tu anfitri\u00f3n para ayudar a la comunidad a tomar una decisi\u00f3n. <a href=\"https:\/\/www.warmshowers.org\">Encu\u00e9ntralos en su p\u00e1gina web aqu\u00ed.\u00a0<\/a><\/p>\n<p><span style=\"font-weight: 400;\">El uso de la bicicleta indiscutiblemente mejora la calidad de vida del usuario principalmente por tener una buena condici\u00f3n f\u00edsica. El costo es otra raz\u00f3n para elegirla como medio de transporte. Pero el bien que hace a los dem\u00e1s y al ambiente, es la verdadera raz\u00f3n que debe llevarnos a todas y todos a optar por este veh\u00edculo por encima de cualquier otro. Hagamos conciencia y, si no estamos dispuestos a movernos en este medio de transporte por la causa que sea, seamos responsables con el uso que hagamos del autom\u00f3vil, demos apoyo a los ciclistas, respetemos el lugar que ocupan en las calles, exijamos mejoras en el transporte p\u00fablico, pensemos en las necesidades de estacionamiento, seguridad, equipos, atenci\u00f3n y hospedaje de los viajeros ciclistas y seamos parte de esa red de apoyo que tanto requieren. \u00bfEst\u00e1s de acuerdo?<\/span><\/p>\n<h2>\u00bfTe interesa leer m\u00e1s contenido como \u00e9ste? Suscr\u00edbete a nuestra lista<\/h2>\n<p><!-- [if lte IE 8]><script charset=\"utf-8\" type=\"text\/javascript\" src=\"\/\/js.hsforms.net\/forms\/v2-legacy.js\"><\/script><![endif]--><script charset=\"utf-8\" type=\"text\/javascript\" src=\"\/\/js.hsforms.net\/forms\/v2.js\"><\/script><script>hbspt.forms.create({portalId: \"2617486\",formId: \"35cebf17-6d04-4a92-b7c9-ef45159f2a3e\",sfdcCampaignId: \"7011P0000016vtzQAA\"});<\/script><\/p>\n\t\t\t<section\n\t\t\tclass=\"boxout post-1823 \"\n\t\t\t\n\t\t>\n\t\t\t<a\n\t\t\t\tdata-ga-category=\"Take Action Boxout\"\n\t\t\t\tdata-ga-action=\"Image\"\n\t\t\t\tdata-ga-label=\"n\/a\"\n\t\t\t\tclass=\"cover-card-overlay\"\n\t\t\t\thref=\"https:\/\/www.greenpeace.org\/mexico\/participa\/transporte-sin-contaminacion\/\" \n\t\t\t><\/a>\n\t\t\t\t\t\t\t<img\n\t\t\t\t\t\tsrc=\"https:\/\/www.greenpeace.org\/static\/planet4-mexico-stateless\/2018\/12\/68b48d0d-gp0strohv-1024x683.jpg\"\n\t\t\t\t\t\tsrcset=\"https:\/\/www.greenpeace.org\/static\/planet4-mexico-stateless\/2018\/12\/68b48d0d-gp0strohv-300x200.jpg 300w, https:\/\/www.greenpeace.org\/static\/planet4-mexico-stateless\/2018\/12\/68b48d0d-gp0strohv-768x512.jpg 768w, https:\/\/www.greenpeace.org\/static\/planet4-mexico-stateless\/2018\/12\/68b48d0d-gp0strohv-1024x683.jpg 1024w, https:\/\/www.greenpeace.org\/static\/planet4-mexico-stateless\/2018\/12\/68b48d0d-gp0strohv-510x340.jpg 510w, https:\/\/www.greenpeace.org\/static\/planet4-mexico-stateless\/2018\/12\/68b48d0d-gp0strohv.jpg 1200w\"\n\t\t\t\t\t\tsizes=\"(min-width: 1000px) 358px, (min-width: 780px) 313px, 88px\"\n\t\t\t\t\t\talt=\"Urban Revolution Viaduct Protest in Mexico. \u00a9 Argelia Zacatzi\" title=\"Urban Revolution Viaduct Protest in Mexico. \u00a9 Argelia Zacatzi\"\n\t\t\t\t\/>\n            \t\t\t<div class=\"boxout-content\">\n\t\t\t\t\t\t\t\t\t<a\n\t\t\t\t\t\tclass=\"boxout-heading medium\"\n\t\t\t\t\t\tdata-ga-category=\"Take Action Boxout\"\n\t\t\t\t\t\tdata-ga-action=\"Title\"\n\t\t\t\t\t\tdata-ga-label=\"n\/a\"\n\t\t\t\t\t\thref=\"https:\/\/www.greenpeace.org\/mexico\/participa\/transporte-sin-contaminacion\/\"\n\t\t\t\t\t\t\n\t\t\t\t\t>\n\t\t\t\t\t\tExige transporte seguro y sin contaminaci\u00f3n del aire\n\t\t\t\t\t<\/a>\n\t\t\t\t\t\t\t\t\t\t\t\t\t<p class=\"boxout-excerpt\">Exijamos m\u00e1s y mejor transporte que nos ayude a mejorar el aire que respiramos en nuestras ciudades<\/p>\n\t\t\t\t                                    <a\n                        class=\"btn btn-primary\"\n                        data-ga-category=\"Take Action Boxout\"\n                        data-ga-action=\"Call to Action\"\n                        data-ga-label=\"n\/a\"\n                        href=\"https:\/\/www.greenpeace.org\/mexico\/participa\/transporte-sin-contaminacion\/\"\n                        \n                    >\n                        Participa\n                    <\/a>\n                \t\t\t<\/div>\n\t\t\t\t\t<\/section>\n\t","protected":false},"excerpt":{"rendered":"<p>Esta red de cicloviajeros te ayuda a encontrar desde alojamientos, hasta talleres o personas que comparten el gusto por viajar en bici. <\/p>\n","protected":false},"author":21,"featured_media":2689,"comment_status":"open","ping_status":"open","sticky":false,"template":"","format":"standard","meta":{"ep_exclude_from_search":false,"p4_og_title":"","p4_og_description":"","p4_og_image":"","p4_og_image_id":"","p4_seo_canonical_url":"","p4_campaign_name":"","p4_local_project":"","p4_basket_name":"","p4_department":"","footnotes":""},"categories":[2],"tags":[7],"p4-page-type":[14],"class_list":["post-2949","post","type-post","status-publish","format-standard","has-post-thumbnail","hentry","category-cambio-climatico","tag-transporte","p4-page-type-blog"],"_links":{"self":[{"href":"https:\/\/www.greenpeace.org\/mexico\/wp-json\/wp\/v2\/posts\/2949","targetHints":{"allow":["GET"]}}],"collection":[{"href":"https:\/\/www.greenpeace.org\/mexico\/wp-json\/wp\/v2\/posts"}],"about":[{"href":"https:\/\/www.greenpeace.org\/mexico\/wp-json\/wp\/v2\/types\/post"}],"author":[{"embeddable":true,"href":"https:\/\/www.greenpeace.org\/mexico\/wp-json\/wp\/v2\/users\/21"}],"replies":[{"embeddable":true,"href":"https:\/\/www.greenpeace.org\/mexico\/wp-json\/wp\/v2\/comments?post=2949"}],"version-history":[{"count":8,"href":"https:\/\/www.greenpeace.org\/mexico\/wp-json\/wp\/v2\/posts\/2949\/revisions"}],"predecessor-version":[{"id":58447,"href":"https:\/\/www.greenpeace.org\/mexico\/wp-json\/wp\/v2\/posts\/2949\/revisions\/58447"}],"wp:featuredmedia":[{"embeddable":true,"href":"https:\/\/www.greenpeace.org\/mexico\/wp-json\/wp\/v2\/media\/2689"}],"wp:attachment":[{"href":"https:\/\/www.greenpeace.org\/mexico\/wp-json\/wp\/v2\/media?parent=2949"}],"wp:term":[{"taxonomy":"category","embeddable":true,"href":"https:\/\/www.greenpeace.org\/mexico\/wp-json\/wp\/v2\/categories?post=2949"},{"taxonomy":"post_tag","embeddable":true,"href":"https:\/\/www.greenpeace.org\/mexico\/wp-json\/wp\/v2\/tags?post=2949"},{"taxonomy":"p4-page-type","embeddable":true,"href":"https:\/\/www.greenpeace.org\/mexico\/wp-json\/wp\/v2\/p4-page-type?post=2949"}],"curies":[{"name":"wp","href":"https:\/\/api.w.org\/{rel}","templated":true}]}}