{"id":2991,"date":"2019-08-08T11:11:58","date_gmt":"2019-08-08T16:11:58","guid":{"rendered":"https:\/\/www.greenpeace.org\/mexico\/?p=2991"},"modified":"2019-11-06T04:02:51","modified_gmt":"2019-11-06T09:02:51","slug":"pueblos-indigenas-enfrentan-serios-desafios-frente-a-proyectos-de-desarrollo","status":"publish","type":"post","link":"https:\/\/www.greenpeace.org\/mexico\/informacion-prensa\/2991\/pueblos-indigenas-enfrentan-serios-desafios-frente-a-proyectos-de-desarrollo\/","title":{"rendered":"Pueblos ind\u00edgenas enfrentan serios desaf\u00edos frente a proyectos de\u00a0desarrollo"},"content":{"rendered":"<p><span style=\"font-weight: 400\">Ciudad de M\u00e9xico, 8 de agosto de 2019.- El 9 de agosto se conmemora el D\u00eda Internacional de los Pueblos Ind\u00edgenas, siendo un momento para reflexionar\u00a0 acerca del legado que ellos han heredado de sus ancestros, sus pr\u00e1cticas bioculturales, su manera de relacionarse con la gente y la naturaleza. Pero no solo eso. Retienen adem\u00e1s esquemas sociales, culturales, econ\u00f3micos y pol\u00edticos distintos de los dominantes en la sociedad mexicana y que, lamentablemente, enfrentan grandes retos y problem\u00e1ticas a la hora de proteger sus derechos individuales y colectivos como pueblos diferentes.<\/span><\/p>\n<p><span style=\"font-weight: 400\">Los pueblos originarios han buscado por a\u00f1os el reconocimiento y respeto de sus identidades, su forma de vida y el derecho sobre sus tierras y territorios, as\u00ed como la lucha por la defensa de sus recursos naturales. Pese a ello, a lo largo de la historia sus derechos han sido violados. En la actualidad, se encuentran sin duda entre las poblaciones m\u00e1s vulnerables y perjudicadas por el modelo de desarrollo promovido por a\u00f1os.\u00a0<\/span><\/p>\n<p><span style=\"font-weight: 400\">El caso particular de las comunidades mayas radicadas en Hopelchen, Campeche, no es la excepci\u00f3n. El permiso 07_2012 otorgado a la empresa Monsanto en 2012 para la siembra comercial de 253,500 hect\u00e1reas de soya gen\u00e9ticamente modificada (GM) para 7 estados del pa\u00eds, incluyendo los de la Pen\u00ednsula de Yucat\u00e1n vino a trastocar la econom\u00eda, la convivencia y relativa paz en la regi\u00f3n. A pesar del impacto negativo y la transformaci\u00f3n sustancial que la siembra de soya transg\u00e9nica conlleva en los modos de vida de los campesinos de la regi\u00f3n, las comunidades ind\u00edgenas afectadas no fueron informadas y mucho menos\u00a0 consultadas sobre el permiso otorgado a la empresa; tampoco sobre la pertinencia de sembrar esta oleaginosa, principalmente destinada para producci\u00f3n de aceites y grasas, as\u00ed como alimentos para animales.<\/span><\/p>\n<p><span style=\"font-weight: 400\">En 2019 las comunidades mayas viven en resistencia frente a distintas afectaciones vinculadas a dicho cultivo: su principal actividad econ\u00f3mica, la apicultura, exportada en su mayor\u00eda a la Uni\u00f3n Europea, ha sufrido mermas, no solo por el abuso de agroqu\u00edmicos sino por la reducci\u00f3n de zonas de pecoreo para las abejas debido a la tala ilegal de montes y selvas, siendo el municipio de Hopelchen de los m\u00e1s deforestados en todo el pa\u00eds. Hay que reconocer que las abejas no son las \u00fanicas v\u00edctimas de este modelo de desarrollo depredador sino tambi\u00e9n\u00a0 la flora y fauna de la regi\u00f3n, junto con los cultivos de las propias comunidades.<\/span><\/p>\n<p><span style=\"font-weight: 400\">El crecimiento acelerado de las \u00e1reas de cultivo para el establecimiento de grandes extensiones de monocultivos no solo trae como consecuencia la deforestaci\u00f3n. Se han abierto a la agricultura zonas de selvas inundables (no aptas para el uso agr\u00edcola) en donde se han desecado aguadas y se construyen pozos de absorci\u00f3n de agua ilegales para evitar que los cultivos se inunden. Estos pozos de absorci\u00f3n act\u00faan como desag\u00fces a trav\u00e9s de los cuales enormes cantidades de residuos de agrot\u00f3xicos, incluyendo el potencialmente cancer\u00edgeno glifosato, contaminan el agua en los mantos fre\u00e1ticos, de la cual se abastecen las comunidades para consumo humano, sin que ninguna autoridad les informe sobre las afectaciones en su salud a mediano y largo plazo.<\/span><\/p>\n<p><span style=\"font-weight: 400\">Por otro lado, el descontrolado incremento de fumigaciones a\u00e9reas con agroqu\u00edmicos muy cercanas a poblados como Suc Tuc, Ich-Ek, Poste y Sahcabchen, del municipio de Hopelch\u00e9n, pone en evidencia el nulo control de las avionetas que pasan cerca de las comunidades,\u00a0 roci\u00e1ndolas con agroqu\u00edmicos, omitiendo la aplicaci\u00f3n de medidas sanitarias o fitosanitarias adecuadas, provocando no solo que los habitantes perciban el olor de los qu\u00edmicos sino que algunos reporten dolor de cabeza, mareos y v\u00f3mito. El riesgo para la salud humana que esto implica es muy grande. Adem\u00e1s se observan graves da\u00f1os en la apicultura y las selvas de los ejidos que colindan con las \u00e1reas fumigadas.<\/span><\/p>\n<p><span style=\"font-weight: 400\">Los peligros que conlleva el actual modelo agroindustrial basado en semillas transg\u00e9nicas, monocultivos y agroqu\u00edmicos, ha violentado diversos derechos humanos de las comunidades mayas, como el derecho a la salud, al agua libre de sustancias qu\u00edmicas, al medio ambiente sano, a la alimentaci\u00f3n, a ser informados, escuchados y consultados, entre otros. Las comunidades mayas de Hopelch\u00e9n, apoyadas por investigadores, acad\u00e9micos y organizaciones de la sociedad civil, han venido denunciando desde hace ocho a\u00f1os las afectaciones y los riesgos asociados a este modelo depredador.<\/span><\/p>\n<p><span style=\"font-weight: 400\">\u201cEstos dos modelos de desarrollo hoy confrontan a los pobladores de Hopelch\u00e9n, ejerciendo presi\u00f3n de un grupo sobre otro que, incluso, alcanzan niveles preocupantes de descalificaciones y acusaciones falsas, como el que las comunidades mayas en resistencia \u201cson marionetas de ambientalistas\u201d. Estas declaraciones buscan acallar las voces de l\u00edderes ind\u00edgenas y de sus familias, vulneran su integridad y se dan en un contexto de omisi\u00f3n por parte de las autoridades al no asumir su responsabilidad en la aplicaci\u00f3n y cumplimiento de la ley<\/span><span style=\"font-weight: 400\">,<\/span> <span style=\"font-weight: 400\">atentando contra el derecho a emprender la defensa de los derechos humanos \u00a1Esto debe parar ya\u00a1\u201d, se\u00f1al\u00f3 <\/span><span style=\"font-weight: 400\">Carlos Escoffi\u00e9, abogado del Colectivo de Comunidades de Los Chenes.<\/span><\/p>\n<p><span style=\"font-weight: 400\">\u201cLas corporaciones deben responsabilizarse por sus impactos al ambiente y a la salud de las poblaciones, respetando sus derechos humanos; mientras que los agentes del Estado deben prevenir, investigar, sancionar y reparar, as\u00ed como defender y garantizar esos\u00a0 derechos humanos, actuando en favor de los pueblos y comunidades ind\u00edgenas en lugar de apoyar los intereses econ\u00f3micos empresariales\u201d, explic\u00f3 <\/span><span style=\"font-weight: 400\">Maria Colin, campa\u00f1ista legal de Greenpeace M\u00e9xico. <\/span><span style=\"font-weight: 400\">\u201cEl g<\/span><span style=\"font-weight: 400\">obierno mexicano debe cambiar las pol\u00edticas agr\u00edcolas err\u00f3neas que promueven un modelo basado en monocultivos, plaguicidas y transg\u00e9nicos y, en vez de ello, apoyar a los agricultores y comunidades ind\u00edgenas que producen alimentos sanos mediante un buen manejo sustentable de sus recursos naturales, en armon\u00eda con la naturaleza\u201d, se\u00f1al\u00f3 Colin.\u00a0<\/span><\/p>\n<p><span style=\"font-weight: 400\">Suscriben: <\/span><a href=\"https:\/\/www.greenpeace.org\/mexico\/\"><span style=\"font-weight: 400\">Greenpeace M\u00e9xico<\/span><\/a><span style=\"font-weight: 400\">, <\/span><a href=\"https:\/\/aida-americas.org\/\"><span style=\"font-weight: 400\">Asociaci\u00f3n Interamericana para la Defensa del Ambiente<\/span><\/a><span style=\"font-weight: 400\">, <\/span><a href=\"http:\/\/cmdpdh.org\/\"><span style=\"font-weight: 400\">Comisi\u00f3n Mexicana de Defensa y Promoci\u00f3n de los Derechos Humanos<\/span><\/a><span style=\"font-weight: 400\">, <\/span><a href=\"https:\/\/www.cohesioncomunitaria.org\/\"><span style=\"font-weight: 400\">Cohesi\u00f3n Comunitaria e Inovaci\u00f3n Social<\/span><\/a><span style=\"font-weight: 400\">, <\/span><a href=\"https:\/\/www.cemda.org.mx\/\"><span style=\"font-weight: 400\">El Centro Mexicano de Derecho Ambiental, A.C.<\/span><\/a> <span style=\"font-weight: 400\">\u00a0y el <\/span><a href=\"https:\/\/www.facebook.com\/ColectivoMayaHopelchen\/\"><span style=\"font-weight: 400\">Colectivo de Comunindades Mayas de los Chenes.\u00a0<\/span><\/a><\/p>\n<p>&nbsp;<\/p>\n<p><span style=\"font-weight: 400\">Mayor informaci\u00f3n: <\/span><\/p>\n<p><span style=\"font-weight: 400\">Greenpeace | Ang\u00e9lica Sim\u00f3n | 5534313544\u00a0<\/span><\/p>\n<p><span style=\"font-weight: 400\">Colectivo de Comunidades de Los Chenes | <\/span><span style=\"font-weight: 400\">colectivo.maya.chenes@gmail.com<\/span><\/p>\n","protected":false},"excerpt":{"rendered":"<p>&nbsp; &nbsp; Ciudad de M\u00e9xico, 8 de agosto de 2019.- El 9 de agosto se conmemora el D\u00eda Internacional de los Pueblos ind\u00edgenas, siendo un momento para reflexionar\u00a0 acerca del&hellip;<\/p>\n","protected":false},"author":24,"featured_media":2992,"comment_status":"open","ping_status":"open","sticky":false,"template":"","format":"standard","meta":{"ep_exclude_from_search":false,"p4_og_title":"","p4_og_description":"","p4_og_image":"","p4_og_image_id":"","p4_seo_canonical_url":"","p4_campaign_name":"","p4_local_project":"","p4_basket_name":"","p4_department":"","footnotes":""},"categories":[2],"tags":[21],"p4-page-type":[16],"class_list":["post-2991","post","type-post","status-publish","format-standard","has-post-thumbnail","hentry","category-cambio-climatico","tag-activismo","p4-page-type-informacion-prensa"],"_links":{"self":[{"href":"https:\/\/www.greenpeace.org\/mexico\/wp-json\/wp\/v2\/posts\/2991","targetHints":{"allow":["GET"]}}],"collection":[{"href":"https:\/\/www.greenpeace.org\/mexico\/wp-json\/wp\/v2\/posts"}],"about":[{"href":"https:\/\/www.greenpeace.org\/mexico\/wp-json\/wp\/v2\/types\/post"}],"author":[{"embeddable":true,"href":"https:\/\/www.greenpeace.org\/mexico\/wp-json\/wp\/v2\/users\/24"}],"replies":[{"embeddable":true,"href":"https:\/\/www.greenpeace.org\/mexico\/wp-json\/wp\/v2\/comments?post=2991"}],"version-history":[{"count":3,"href":"https:\/\/www.greenpeace.org\/mexico\/wp-json\/wp\/v2\/posts\/2991\/revisions"}],"predecessor-version":[{"id":2995,"href":"https:\/\/www.greenpeace.org\/mexico\/wp-json\/wp\/v2\/posts\/2991\/revisions\/2995"}],"wp:featuredmedia":[{"embeddable":true,"href":"https:\/\/www.greenpeace.org\/mexico\/wp-json\/wp\/v2\/media\/2992"}],"wp:attachment":[{"href":"https:\/\/www.greenpeace.org\/mexico\/wp-json\/wp\/v2\/media?parent=2991"}],"wp:term":[{"taxonomy":"category","embeddable":true,"href":"https:\/\/www.greenpeace.org\/mexico\/wp-json\/wp\/v2\/categories?post=2991"},{"taxonomy":"post_tag","embeddable":true,"href":"https:\/\/www.greenpeace.org\/mexico\/wp-json\/wp\/v2\/tags?post=2991"},{"taxonomy":"p4-page-type","embeddable":true,"href":"https:\/\/www.greenpeace.org\/mexico\/wp-json\/wp\/v2\/p4-page-type?post=2991"}],"curies":[{"name":"wp","href":"https:\/\/api.w.org\/{rel}","templated":true}]}}