{"id":3022,"date":"2019-08-10T16:00:49","date_gmt":"2019-08-10T21:00:49","guid":{"rendered":"https:\/\/www.greenpeace.org\/mexico\/?p=3022"},"modified":"2025-08-22T23:58:14","modified_gmt":"2025-08-23T04:58:14","slug":"lactancia-materna-y-su-aportacion-al-medio-ambiente","status":"publish","type":"post","link":"https:\/\/www.greenpeace.org\/mexico\/blog\/3022\/lactancia-materna-y-su-aportacion-al-medio-ambiente\/","title":{"rendered":"Lactancia materna y su aportaci\u00f3n al medio ambiente"},"content":{"rendered":"\n<p>La <strong>leche materna<\/strong> es un <strong>alimento <\/strong>natural que no produce contaminaci\u00f3n o desecho alguno, \u00bfcu\u00e1ntas cosas actualmente se pueden jactar de una caracter\u00edstica tan revolucionaria como ancestral? Es un alimento ambientalmente seguro a diferencia de las tan popularizadas f\u00f3rmulas para las que se requiere un uso desmedido de pl\u00e1sticos y diversos materiales para sus empaques y, como si eso no fuera suficiente, se calcula que para la producci\u00f3n de 1kg se requieren <a href=\"https:\/\/blogs.iadb.org\/salud\/es\/lactancia\/?fbclid=IwAR1rf6dSwWaE1dxSSTpkqc3kxz62ou6_Yg87UlJ_O2a_LZG9XHSaZWouuoQ\" target=\"_blank\" rel=\"noreferrer noopener\">m\u00e1s de 4 mil litros<\/a> de agua, cifra que realmente asusta.<\/p>\n\n<p>Afortunadamente ha habido un esfuerzo por concientizar acerca de los m\u00faltiples beneficios que la lactancia representa para la salud de las y los beb\u00e9s, lo cual redunda en un bien para nuestro planeta y m\u00e1s adelante te voy a explicar por qu\u00e9.&nbsp;&nbsp;<\/p>\n\n<figure class=\"wp-block-image aligncenter size-full wp-image-3023 size-large\"><img loading=\"lazy\" decoding=\"async\" width=\"1024\" height=\"686\" src=\"https:\/\/www.greenpeace.org\/static\/planet4-mexico-stateless\/2025\/07\/7ee2e710-lactancia-materna.jpg\" title=\"Fotograf\u00eda de un beb\u00e9 siendo alimentado por su madre; lactancia materna.\" alt=\"Fotograf\u00eda de un beb\u00e9 siendo alimentado por su madre; lactancia materna.\" class=\"wp-image-59056\" srcset=\"https:\/\/www.greenpeace.org\/static\/planet4-mexico-stateless\/2025\/07\/7ee2e710-lactancia-materna.jpg 1024w, https:\/\/www.greenpeace.org\/static\/planet4-mexico-stateless\/2025\/07\/7ee2e710-lactancia-materna-300x201.jpg 300w, https:\/\/www.greenpeace.org\/static\/planet4-mexico-stateless\/2025\/07\/7ee2e710-lactancia-materna-768x515.jpg 768w, https:\/\/www.greenpeace.org\/static\/planet4-mexico-stateless\/2025\/07\/7ee2e710-lactancia-materna-508x340.jpg 508w\" sizes=\"auto, (max-width: 1024px) 100vw, 1024px\" \/><\/figure>\n\n<p>Es muy importante que a estas alturas tengamos muy claro que la exclusividad de este alimento los primeros 6 meses de vida de las y los beb\u00e9s y como alimentaci\u00f3n complementaria hasta sus dos a\u00f1os de edad, es primordial para que tengan un desarrollo saludable de por vida. La leche materna es considerada un alimento vivo porque se adec\u00faa d\u00eda a d\u00eda seg\u00fan las necesidades de cada beb\u00e9. Para las madres, amamantar previene hemorragias postparto, favorece la recuperaci\u00f3n del peso corporal, proporciona una oportunidad \u00fanica de v\u00ednculo afectivo, reduce el riesgo de c\u00e1ncer de mama y ovarios, mejora el contenido de calcio al llegar la menopausia. Para el lactante, ofrece protecci\u00f3n frente a infecciones respiratorias, gastrointestinales e incluso urinarias. El contacto f\u00edsico con la <strong>madre <\/strong>les ayuda a sentirse m\u00e1s seguros, tendr\u00e1n un mejor desarrollo dental, se ha comprobado que potencia el desarrollo intelectual, reduce el riesgo de padecer alergias, diabetes, enfermedad inflamatoria intestinal, obesidad, hipertensi\u00f3n.<\/p>\n\n<p>En pro de la concientizaci\u00f3n de la lactancia materna y de visibilizar todas sus bondades se celebra la Semana Mundial de la Lactancia, que invariablemente es del 1 al 7 de agosto de cada a\u00f1o, desde 1992. Las organizaciones encargadas de dicha celebraci\u00f3n son la WABA (Alianza Mundial pro Lactancia Materna), la OMS (Organizaci\u00f3n Mundial de la Salud) y el Fondo de las Naciones Unidas para la Infancia (UNICEF), el lema del 2019 es \u201c<a href=\"https:\/\/albalactanciamaterna.org\/general\/waba-hace-publico-el-lema-de-la-semana-mundial-de-la-lactancia-materna-2019\/?fbclid=IwAR1uT5Xa3KlRtLMIhFg521z9XDwK9xYoB_NeFLqSay2eNQ1fdQYV_ywhUCc\" target=\"_blank\" rel=\"noreferrer noopener\">Empoder\u00e9monos \u00a1Hagamos posible la lactancia materna!<\/a>\u201d invitando al trabajo en conjunto del gobierno, los sindicatos, los empleadores, ONGs y la sociedad civil para hacer efectiva esta practica en un porcentaje mucho mayor, adem\u00e1s de exigir normas sociales que equilibren el trabajo en casa entre las parejas y familias.\u00a0<\/p>\n\n<p>En la celebraci\u00f3n del a\u00f1o 1997 se ponen sobre la mesa, por primera vez, los beneficios de su pr\u00e1ctica para el ambiente con el lema <strong>\u201cLactancia materna: un recurso natural\u201d<\/strong>, en el 2004 con \u201cLactancia materna exclusiva los 6 primeros meses: segura, saludable y sostenible\u201d, y en el 2016 el lema fue\u00a0 \u201cLactancia materna: clave para el desarrollo sostenible\u201d.\u00a0<\/p>\n\n<figure class=\"wp-block-image alignnone size-large\"><img loading=\"lazy\" decoding=\"async\" width=\"1024\" height=\"683\" src=\"https:\/\/www.greenpeace.org\/static\/planet4-mexico-stateless\/2025\/07\/ff88bd3a-madre-1024x683.jpg\" title=\"Fotograf\u00eda de una madre dando un discurso mientras carga a su beb\u00e9.\" alt=\"Fotograf\u00eda de una madre dando un discurso mientras carga a su beb\u00e9.\" class=\"wp-image-59059\" srcset=\"https:\/\/www.greenpeace.org\/static\/planet4-mexico-stateless\/2025\/07\/ff88bd3a-madre-1024x683.jpg 1024w, https:\/\/www.greenpeace.org\/static\/planet4-mexico-stateless\/2025\/07\/ff88bd3a-madre-300x200.jpg 300w, https:\/\/www.greenpeace.org\/static\/planet4-mexico-stateless\/2025\/07\/ff88bd3a-madre-768x512.jpg 768w, https:\/\/www.greenpeace.org\/static\/planet4-mexico-stateless\/2025\/07\/ff88bd3a-madre-510x340.jpg 510w, https:\/\/www.greenpeace.org\/static\/planet4-mexico-stateless\/2025\/07\/ff88bd3a-madre.jpg 1200w\" sizes=\"auto, (max-width: 1024px) 100vw, 1024px\" \/><figcaption class=\"wp-element-caption\">Keep Fossil Fuels in the Ground Rally at The White House in Washington, D.C.,  Sept. 15, 2015.<\/figcaption><\/figure>\n\n<p>Las caracter\u00edsticas que vuelven a la lactancia materna incluso una protectora del medio ambiente son, entre otras, que no utiliza el empleo de ning\u00fan tipo de energ\u00eda el\u00e9ctrica, no hay que limpiar o esterilizar ning\u00fan tipo de instrumento por lo que se ahorra agua y se evita el uso de jabones o productos de limpieza, grandes contaminantes del agua. No se requiere transporte para su distribuci\u00f3n, reduce considerablemente el uso de medicamento en menores y si todo esto te parece poco, esa sensaci\u00f3n cambiar\u00e1 en cuanto compares esta informaci\u00f3n con todo lo que contamina la industria que fabrica las <strong>f\u00f3rmulas <\/strong>que, adem\u00e1s del despilfarre de agua, genera much\u00edsimos residuos, mayor gasto de electricidad, mayor cantidad de metano en la atm\u00f3sfera y, por supuesto y no menos importante, tener costos realmente elevados. As\u00ed es, la lactancia materna tambi\u00e9n ayuda a la econom\u00eda familiar.<\/p>\n\n<p>Si ya hablamos de todas las bondades que tiene <strong>alimentar <\/strong>con leche materna, cabe mencionar la percepci\u00f3n equivocada de verla como una actividad que le corresponde solamente a las madres. Lograr una lactancia materna efectiva requiere de contenci\u00f3n pol\u00edtica, social, laboral y familiar. Es una pr\u00e1ctica absolutamente demandante y se requiere de trabajo en equipo. Idealmente ese apoyo integral deber\u00eda comprender al menos los primeros 1000 d\u00edas de un nuevo beb\u00e9 en casa (contados desde el embarazo y hasta el cumplea\u00f1os n\u00famero dos). Las necesidades de la madre y del beb\u00e9 son tan particulares que queda claro despu\u00e9s de todo este relato de beneficios para la sociedad y el medio ambiente, que tenemos mucho trabajo por hacer. S\u00ed a la lactancia materna, s\u00ed a mejorar nuestro medio ambiente.<\/p>\n\n<p class=\"has-green-800-color has-text-color has-link-color wp-elements-2395769f7e1c03ff92a48477a785d02e\"><strong>\u00bfTe interesa leer m\u00e1s contenido como \u00e9ste? Suscr\u00edbete a nuestra lista<\/strong><\/p>\n<p><script>hbspt.forms.create({portalId: \"2617486\",formId: \"3c8f20e4-f022-43bc-9d59-5475dedec2f9\",sfdcCampaignId: \"7011P0000016vtzQAA\"});<\/script><\/p>\n","protected":false},"excerpt":{"rendered":"<p>La lactancia materna es natural, saludable y sostenible: protege la salud de los beb\u00e9s, apoya a las madres y cuida al medio ambiente.<\/p>\n","protected":false},"author":21,"featured_media":59059,"comment_status":"open","ping_status":"open","sticky":false,"template":"","format":"standard","meta":{"ep_exclude_from_search":false,"p4_og_title":"Lactancia materna y su aportaci\u00f3n al medio ambiente","p4_og_description":"La lactancia materna es natural, saludable y sostenible: protege la salud de los beb\u00e9s, apoya a las madres y cuida al medio ambiente.","p4_og_image":"https:\/\/www.greenpeace.org\/static\/planet4-mexico-stateless\/2025\/07\/ff88bd3a-madre.jpg","p4_og_image_id":"59059","p4_seo_canonical_url":"","p4_campaign_name":"","p4_local_project":"","p4_basket_name":"","p4_department":"","footnotes":""},"categories":[46],"tags":[20,30],"p4-page-type":[14],"class_list":["post-3022","post","type-post","status-publish","format-standard","has-post-thumbnail","hentry","category-por-definir","tag-consumo","tag-alimentacion","p4-page-type-blog"],"_links":{"self":[{"href":"https:\/\/www.greenpeace.org\/mexico\/wp-json\/wp\/v2\/posts\/3022","targetHints":{"allow":["GET"]}}],"collection":[{"href":"https:\/\/www.greenpeace.org\/mexico\/wp-json\/wp\/v2\/posts"}],"about":[{"href":"https:\/\/www.greenpeace.org\/mexico\/wp-json\/wp\/v2\/types\/post"}],"author":[{"embeddable":true,"href":"https:\/\/www.greenpeace.org\/mexico\/wp-json\/wp\/v2\/users\/21"}],"replies":[{"embeddable":true,"href":"https:\/\/www.greenpeace.org\/mexico\/wp-json\/wp\/v2\/comments?post=3022"}],"version-history":[{"count":5,"href":"https:\/\/www.greenpeace.org\/mexico\/wp-json\/wp\/v2\/posts\/3022\/revisions"}],"predecessor-version":[{"id":60618,"href":"https:\/\/www.greenpeace.org\/mexico\/wp-json\/wp\/v2\/posts\/3022\/revisions\/60618"}],"wp:featuredmedia":[{"embeddable":true,"href":"https:\/\/www.greenpeace.org\/mexico\/wp-json\/wp\/v2\/media\/59059"}],"wp:attachment":[{"href":"https:\/\/www.greenpeace.org\/mexico\/wp-json\/wp\/v2\/media?parent=3022"}],"wp:term":[{"taxonomy":"category","embeddable":true,"href":"https:\/\/www.greenpeace.org\/mexico\/wp-json\/wp\/v2\/categories?post=3022"},{"taxonomy":"post_tag","embeddable":true,"href":"https:\/\/www.greenpeace.org\/mexico\/wp-json\/wp\/v2\/tags?post=3022"},{"taxonomy":"p4-page-type","embeddable":true,"href":"https:\/\/www.greenpeace.org\/mexico\/wp-json\/wp\/v2\/p4-page-type?post=3022"}],"curies":[{"name":"wp","href":"https:\/\/api.w.org\/{rel}","templated":true}]}}