{"id":3163,"date":"2019-08-26T12:39:38","date_gmt":"2019-08-26T17:39:38","guid":{"rendered":"https:\/\/www.greenpeace.org\/mexico\/?p=3163"},"modified":"2025-08-18T11:41:29","modified_gmt":"2025-08-18T16:41:29","slug":"que-esta-haciendo-greenpeace-en-relacion-a-los-incendios-del-amazonas","status":"publish","type":"post","link":"https:\/\/www.greenpeace.org\/mexico\/blog\/3163\/que-esta-haciendo-greenpeace-en-relacion-a-los-incendios-del-amazonas\/","title":{"rendered":"\u00bfQu\u00e9 est\u00e1 haciendo Greenpeace en relaci\u00f3n a los incendios del Amazonas?"},"content":{"rendered":"\n<p>Esta semana <strong>Brasil <\/strong>se detuvo para dar seguimiento a las noticias sobre los incendios en el <strong>Amazonas<\/strong>. As\u00ed como nosotros, ustedes deber\u00edan estar en estado de alerta sobre los reportes que tristemente hemos registrado este mes de agosto. Se ha escuchado que es posible sentir el humo en las grandes ciudades de la Amazonia, pero tambi\u00e9n lejos de ella, en el estado de Sao Paulo e incluso en Paran\u00e1.\u00a0<\/p>\n\n<p>La llamada <strong>\u201ctemporada de fuego\u201d <\/strong>no es novedad en Brasil, sin embargo, este a\u00f1o los focos de calor en el Amazonas aumentaron significativamente. De enero al 20 de agosto, el n\u00famero de incendios en la regi\u00f3n se increment\u00f3 un 145% en relaci\u00f3n al mismo periodo de 2018.\u00a0<\/p>\n\n<figure class=\"wp-block-image\"><img loading=\"lazy\" decoding=\"async\" width=\"800\" height=\"533\" src=\"https:\/\/www.greenpeace.org\/static\/planet4-mexico-stateless\/2019\/08\/2b464eba-amazonas-en-llamas.jpg\" title=\"Fotograf\u00eda de incendios en el Amazonas\" alt=\"Fotograf\u00eda de incendios en el Amazonas\" class=\"wp-image-3137\" srcset=\"https:\/\/www.greenpeace.org\/static\/planet4-mexico-stateless\/2019\/08\/2b464eba-amazonas-en-llamas.jpg 800w, https:\/\/www.greenpeace.org\/static\/planet4-mexico-stateless\/2019\/08\/2b464eba-amazonas-en-llamas-300x200.jpg 300w, https:\/\/www.greenpeace.org\/static\/planet4-mexico-stateless\/2019\/08\/2b464eba-amazonas-en-llamas-768x512.jpg 768w, https:\/\/www.greenpeace.org\/static\/planet4-mexico-stateless\/2019\/08\/2b464eba-amazonas-en-llamas-510x340.jpg 510w\" sizes=\"auto, (max-width: 800px) 100vw, 800px\" \/><\/figure>\n\n<h2 class=\"wp-block-heading\"><strong>\u00bfDeforestaci\u00f3n e incendios: por qu\u00e9 est\u00e1n conectados?&nbsp;<\/strong><\/h2>\n\n<p>Los incendios forestales est\u00e1n \u00edntimamente relacionados con el proceso de deforestaci\u00f3n. Esto debido a que en la mayor\u00eda de las ocasiones el fuego es utilizado para \u201climpiar\u201d el \u00e1rea despu\u00e9s de la <strong>tala<\/strong>, preparando la tierra para el ganado. Adem\u00e1s, en un c\u00edrculo vicioso, m\u00e1s all\u00e1 de la deforestaci\u00f3n, los incendios contribuyen al <strong>calentamiento global<\/strong>, liberando m\u00e1s CO2 a la atm\u00f3sfera, alimentando as\u00ed la emergencia clim\u00e1tica.\u00a0\u00a0\u00a0\u00a0\u00a0\u00a0<\/p>\n\n<p>El gobierno actual est\u00e1 dando se\u00f1ales claras de que el <strong>bosque<\/strong> puede ser <strong>talado <\/strong>y nada pasar\u00e1 con los responsables. Aquellos que deforestan y destruyen la <strong>Amazonia <\/strong>se sienten alentados por el discurso del gobierno de Bolsonaro el cual, desde que tom\u00f3 posesi\u00f3n, no ha se\u00f1alado medidas para frenar la deforestaci\u00f3n. Seg\u00fan un informe publicado en el peri\u00f3dico <em>Folha de S. Paulo<\/em>, entre enero y abril de 2019 hubo una ca\u00edda del 70% en las operaciones de inspecci\u00f3n realizadas en la Amazonia.\u00a0<\/p>\n\n<p><strong>La selva tropical m\u00e1s grande del mundo y toda su biodiversidad est\u00e1n gravemente amenazadas.<\/strong> Eso crea un riesgo para todas y todos, ya que el fuego contribuye a las emisiones de gases de efecto invernadero, afectando el equilibrio clim\u00e1tico del planeta. <strong>\u00a1La destrucci\u00f3n de la Amazon\u00eda contribuye seriamente a profundizar la actual crisis clim\u00e1tica!<\/strong><\/p>\n\n<figure class=\"wp-block-image size-large\"><img loading=\"lazy\" decoding=\"async\" width=\"1024\" height=\"683\" src=\"https:\/\/www.greenpeace.org\/static\/planet4-mexico-stateless\/2019\/09\/d40d9881-incendio-amazonas-1024x683.jpg\" title=\"Fotograf\u00eda a\u00e9rea de un incendio en el Amazonas,\" alt=\"Fotograf\u00eda a\u00e9rea de un incendio en el Amazonas,\" class=\"wp-image-3232\" srcset=\"https:\/\/www.greenpeace.org\/static\/planet4-mexico-stateless\/2019\/09\/d40d9881-incendio-amazonas-1024x683.jpg 1024w, https:\/\/www.greenpeace.org\/static\/planet4-mexico-stateless\/2019\/09\/d40d9881-incendio-amazonas-300x200.jpg 300w, https:\/\/www.greenpeace.org\/static\/planet4-mexico-stateless\/2019\/09\/d40d9881-incendio-amazonas-768x512.jpg 768w, https:\/\/www.greenpeace.org\/static\/planet4-mexico-stateless\/2019\/09\/d40d9881-incendio-amazonas-510x340.jpg 510w, https:\/\/www.greenpeace.org\/static\/planet4-mexico-stateless\/2019\/09\/d40d9881-incendio-amazonas.jpg 1200w\" sizes=\"auto, (max-width: 1024px) 100vw, 1024px\" \/><\/figure>\n\n<h2 class=\"wp-block-heading\"><strong>\u00bfY qu\u00e9 est\u00e1 haciendo Greenpeace al respecto?<\/strong><\/h2>\n\n<p><strong>Con el apoyo de nuestros donantes, todos los a\u00f1os realizamos sobrevuelos de monitoreo en la regi\u00f3n amaz\u00f3nica. El a\u00f1o pasado mostramos al mundo los estragos causados por el fuego entre los estados de Amazonas, Acre y Rond\u00f4nia. <\/strong>Durante la b\u00fasqueda, identificamos focos activos especialmente alrededor y dentro de las \u00e1reas protegidas, como Tierras Ind\u00edgenas (TI) y Unidades de Conservaci\u00f3n, que representa un riesgo importante para su conservaci\u00f3n.&nbsp;<\/p>\n\n<p><strong>Desde principios de 2019 hemos estado presionando a las autoridades y denunciando, a trav\u00e9s de nuestros canales de comunicaci\u00f3n y en la prensa, el avance de la deforestaci\u00f3n y el desmantelamiento de la pol\u00edtica ambiental de Brasil. <\/strong>Continuamos monitoreando el bosque y apoyando a sus pobladores que, con su modo de vida tradicional, evitan la degradaci\u00f3n ambiental. <strong>Continuaremos haciendo m\u00e1s y m\u00e1s por la protecci\u00f3n del Amazonas. \u00a1A\u00fan tenemos mucho trabajo por hacer! <\/strong>Entonces, si usted se pregunta c\u00f3mo puede ayudar a salvar el mundo hoy, la respuesta es: ayudando a Greenpeace.<\/p>\n\n<figure class=\"wp-block-image size-full\"><img loading=\"lazy\" decoding=\"async\" width=\"960\" height=\"640\" src=\"https:\/\/www.greenpeace.org\/static\/planet4-mexico-stateless\/2019\/08\/0245df5b-amazonas2.jpg\" title=\"Toma a\u00e9rea panor\u00e1mica de un incendio forestal en el Amazonas.\" alt=\"Toma a\u00e9rea panor\u00e1mica de un incendio forestal en el Amazonas.\" class=\"wp-image-3165\" srcset=\"https:\/\/www.greenpeace.org\/static\/planet4-mexico-stateless\/2019\/08\/0245df5b-amazonas2.jpg 960w, https:\/\/www.greenpeace.org\/static\/planet4-mexico-stateless\/2019\/08\/0245df5b-amazonas2-300x200.jpg 300w, https:\/\/www.greenpeace.org\/static\/planet4-mexico-stateless\/2019\/08\/0245df5b-amazonas2-768x512.jpg 768w, https:\/\/www.greenpeace.org\/static\/planet4-mexico-stateless\/2019\/08\/0245df5b-amazonas2-510x340.jpg 510w\" sizes=\"auto, (max-width: 960px) 100vw, 960px\" \/><\/figure>\n\n<p class=\"has-green-800-color has-text-color has-link-color wp-elements-b7274f2fd8147c39c750dd6eea4e69d7\"><strong>\u00a1Demuestra ahora mismo que tambi\u00e9n quiere asegurar el futuro de las pr\u00f3ximas generaciones!<\/strong><\/p>\n\t\t\t<section\n\t\t\tclass=\"boxout post-3139 \"\n\t\t\t\n\t\t>\n\t\t\t<a\n\t\t\t\tdata-ga-category=\"Take Action Boxout\"\n\t\t\t\tdata-ga-action=\"Image\"\n\t\t\t\tdata-ga-label=\"n\/a\"\n\t\t\t\tclass=\"cover-card-overlay\"\n\t\t\t\thref=\"https:\/\/www.greenpeace.org\/mexico\/participa\/protejamos-el-amazonas\/\" \n\t\t\t><\/a>\n\t\t\t\t\t\t\t<img\n\t\t\t\t\t\tsrc=\"https:\/\/www.greenpeace.org\/static\/planet4-mexico-stateless\/2019\/08\/2b464eba-amazonas-en-llamas.jpg\"\n\t\t\t\t\t\tsrcset=\"https:\/\/www.greenpeace.org\/static\/planet4-mexico-stateless\/2019\/08\/2b464eba-amazonas-en-llamas-300x200.jpg 300w, https:\/\/www.greenpeace.org\/static\/planet4-mexico-stateless\/2019\/08\/2b464eba-amazonas-en-llamas-768x512.jpg 768w, https:\/\/www.greenpeace.org\/static\/planet4-mexico-stateless\/2019\/08\/2b464eba-amazonas-en-llamas-510x340.jpg 510w, https:\/\/www.greenpeace.org\/static\/planet4-mexico-stateless\/2019\/08\/2b464eba-amazonas-en-llamas.jpg 800w\"\n\t\t\t\t\t\tsizes=\"(min-width: 1000px) 358px, (min-width: 780px) 313px, 88px\"\n\t\t\t\t\t\talt=\"Fotograf\u00eda de incendios en el Amazonas\" title=\"Fotograf\u00eda de incendios en el Amazonas\"\n\t\t\t\t\/>\n            \t\t\t<div class=\"boxout-content\">\n\t\t\t\t\t\t\t\t\t<a\n\t\t\t\t\t\tclass=\"boxout-heading medium\"\n\t\t\t\t\t\tdata-ga-category=\"Take Action Boxout\"\n\t\t\t\t\t\tdata-ga-action=\"Title\"\n\t\t\t\t\t\tdata-ga-label=\"n\/a\"\n\t\t\t\t\t\thref=\"https:\/\/www.greenpeace.org\/mexico\/participa\/protejamos-el-amazonas\/\"\n\t\t\t\t\t\t\n\t\t\t\t\t>\n\t\t\t\t\t\tProtejamos el Amazonas\n\t\t\t\t\t<\/a>\n\t\t\t\t\t\t\t\t\t\t\t\t\t<p class=\"boxout-excerpt\">Greenpeace est\u00e1 exigiendo a las autoridades brasile\u00f1as que detengan la expansi\u00f3n de estas pr\u00e1cticas agroindustriales en la selva Amaz\u00f3nica.<\/p>\n\t\t\t\t                                    <a\n                        class=\"btn btn-primary\"\n                        data-ga-category=\"Take Action Boxout\"\n                        data-ga-action=\"Call to Action\"\n                        data-ga-label=\"n\/a\"\n                        href=\"https:\/\/www.greenpeace.org\/mexico\/participa\/protejamos-el-amazonas\/\"\n                        \n                    >\n                        Participa\n                    <\/a>\n                \t\t\t<\/div>\n\t\t\t\t\t<\/section>\n\t","protected":false},"excerpt":{"rendered":"<p>Greenpeace monitorea los incendios del Amazonas, denuncia la deforestaci\u00f3n y apoya a las comunidades para proteger la selva y el clima global.<\/p>\n","protected":false},"author":21,"featured_media":3137,"comment_status":"open","ping_status":"open","sticky":false,"template":"","format":"standard","meta":{"ep_exclude_from_search":false,"p4_og_title":"\u00bfQu\u00e9 est\u00e1 haciendo Greenpeace en relaci\u00f3n a los incendios del Amazonas?","p4_og_description":"Greenpeace monitorea los incendios del Amazonas, denuncia la deforestaci\u00f3n y apoya a las comunidades para proteger la selva y el clima global.","p4_og_image":"https:\/\/www.greenpeace.org\/static\/planet4-mexico-stateless\/2019\/08\/2b464eba-amazonas-en-llamas.jpg","p4_og_image_id":"3137","p4_seo_canonical_url":"","p4_campaign_name":"","p4_local_project":"","p4_basket_name":"","p4_department":"","footnotes":""},"categories":[39],"tags":[19,47],"p4-page-type":[14],"class_list":["post-3163","post","type-post","status-publish","format-standard","has-post-thumbnail","hentry","category-clima-y-energia","tag-deforestacion","tag-cambio-climatico","p4-page-type-blog"],"_links":{"self":[{"href":"https:\/\/www.greenpeace.org\/mexico\/wp-json\/wp\/v2\/posts\/3163","targetHints":{"allow":["GET"]}}],"collection":[{"href":"https:\/\/www.greenpeace.org\/mexico\/wp-json\/wp\/v2\/posts"}],"about":[{"href":"https:\/\/www.greenpeace.org\/mexico\/wp-json\/wp\/v2\/types\/post"}],"author":[{"embeddable":true,"href":"https:\/\/www.greenpeace.org\/mexico\/wp-json\/wp\/v2\/users\/21"}],"replies":[{"embeddable":true,"href":"https:\/\/www.greenpeace.org\/mexico\/wp-json\/wp\/v2\/comments?post=3163"}],"version-history":[{"count":7,"href":"https:\/\/www.greenpeace.org\/mexico\/wp-json\/wp\/v2\/posts\/3163\/revisions"}],"predecessor-version":[{"id":60555,"href":"https:\/\/www.greenpeace.org\/mexico\/wp-json\/wp\/v2\/posts\/3163\/revisions\/60555"}],"wp:featuredmedia":[{"embeddable":true,"href":"https:\/\/www.greenpeace.org\/mexico\/wp-json\/wp\/v2\/media\/3137"}],"wp:attachment":[{"href":"https:\/\/www.greenpeace.org\/mexico\/wp-json\/wp\/v2\/media?parent=3163"}],"wp:term":[{"taxonomy":"category","embeddable":true,"href":"https:\/\/www.greenpeace.org\/mexico\/wp-json\/wp\/v2\/categories?post=3163"},{"taxonomy":"post_tag","embeddable":true,"href":"https:\/\/www.greenpeace.org\/mexico\/wp-json\/wp\/v2\/tags?post=3163"},{"taxonomy":"p4-page-type","embeddable":true,"href":"https:\/\/www.greenpeace.org\/mexico\/wp-json\/wp\/v2\/p4-page-type?post=3163"}],"curies":[{"name":"wp","href":"https:\/\/api.w.org\/{rel}","templated":true}]}}