{"id":3170,"date":"2019-08-27T15:37:02","date_gmt":"2019-08-27T20:37:02","guid":{"rendered":"https:\/\/www.greenpeace.org\/mexico\/?p=3170"},"modified":"2025-08-18T11:37:18","modified_gmt":"2025-08-18T16:37:18","slug":"como-tu-comodidad-incrementa-el-cambio-climatico","status":"publish","type":"post","link":"https:\/\/www.greenpeace.org\/mexico\/blog\/3170\/como-tu-comodidad-incrementa-el-cambio-climatico\/","title":{"rendered":"C\u00f3mo tu comodidad incrementa el cambio clim\u00e1tico"},"content":{"rendered":"\n<p>Qu\u00e9 c\u00f3modo resulta subirnos al auto para transportarnos a cualquier parte: escuela, trabajo, compras, ir a comer, cenar, o simplemente pasear. A veces la distancia es tan corta que bien podr\u00edamos hacerlo caminando o en transporte p\u00fablico. Sin embargo, estamos acostumbrados a usar este veh\u00edculo para toda ocasi\u00f3n aunque en realidad no lo necesitemos y muy probablemente en casa haya m\u00e1s de un coche, quiz\u00e1 uno por cada miembro de la familia. Por las calles se ven circulando autos con un solo pasajero, el chofer, y rara vez -o nunca- nos hemos organizado con vecinos, familiares y amigos para coincidir en rutas y horarios con el fin de aminorar el impacto ambiental. Se calcula que el auto privado ocupa -en espacio- 90 veces m\u00e1s que el metro y 20 veces m\u00e1s que el autob\u00fas.<\/p>\n\n<figure class=\"wp-block-image alignnone size-large\"><img loading=\"lazy\" decoding=\"async\" width=\"1024\" height=\"684\" src=\"https:\/\/www.greenpeace.org\/static\/planet4-mexico-stateless\/2025\/08\/2674e462-trafico-cdmx-transporte-1024x684.jpg\" title=\"Fotograf\u00eda del Tr\u00e1fico al atardecer en la Ciudad de M\u00e9xico.\" alt=\"Fotograf\u00eda del Tr\u00e1fico al atardecer en la Ciudad de M\u00e9xico.\" class=\"wp-image-60423\" srcset=\"https:\/\/www.greenpeace.org\/static\/planet4-mexico-stateless\/2025\/08\/2674e462-trafico-cdmx-transporte-1024x684.jpg 1024w, https:\/\/www.greenpeace.org\/static\/planet4-mexico-stateless\/2025\/08\/2674e462-trafico-cdmx-transporte-300x201.jpg 300w, https:\/\/www.greenpeace.org\/static\/planet4-mexico-stateless\/2025\/08\/2674e462-trafico-cdmx-transporte-768x513.jpg 768w, https:\/\/www.greenpeace.org\/static\/planet4-mexico-stateless\/2025\/08\/2674e462-trafico-cdmx-transporte-510x340.jpg 510w, https:\/\/www.greenpeace.org\/static\/planet4-mexico-stateless\/2025\/08\/2674e462-trafico-cdmx-transporte.jpg 1200w\" sizes=\"auto, (max-width: 1024px) 100vw, 1024px\" \/><figcaption class=\"wp-element-caption\">Tr\u00e1fico en la Ciudad de M\u00e9xico\n<\/figcaption><figcaption><div class=\"credit icon-left\"> \u00a9 Greenpeace \/ Signum \/ Clive S<\/div><\/figcaption><\/figure>\n\n<p><strong>En la Ciudad de M\u00e9xico circulan aproximadamente cinco millones de autom\u00f3viles particulares al d\u00eda. En el territorio nacional, la cifra asciende a m\u00e1s de 29 millones<\/strong>. Esto quiere decir que en la capital de la Rep\u00fablica transita m\u00e1s del 16 por ciento del total nacional.<\/p>\n\n<p>Estos datos, sin incluir el transporte p\u00fablico, cuyas unidades no llegan a un mill\u00f3n en todo el pa\u00eds.<\/p>\n\n<p>Aparte del caos que en horas pico hemos padecido quienes vivimos en la gran urbe, los habitantes sufrimos cotidianamente la emisi\u00f3n de gases por parte de los autom\u00f3viles, principalmente hidrocarburos, \u00f3xido de nitr\u00f3geno, mon\u00f3xido de carbono, bi\u00f3xido de carbono, bi\u00f3xido de azufre y part\u00edculas. Las reacciones qu\u00edmicas de las emisiones con la luz solar, causantes de contaminaci\u00f3n del aire, se agrava en temporadas de altas temperaturas, dando como resultado da\u00f1os a la salud que van de irritaci\u00f3n en ojos, nariz, garganta, asma, bronquitis, hasta enfermedades cardiacas.<\/p>\n\n<figure class=\"wp-block-image alignnone size-large\"><img loading=\"lazy\" decoding=\"async\" width=\"1024\" height=\"658\" src=\"https:\/\/www.greenpeace.org\/static\/planet4-mexico-stateless\/2025\/07\/3ca1ba26-ninos-contaminacion-aire-1024x658.jpg\" title=\"Una imagen compuesta muestra a un ni\u00f1o respirando con un inhalador mientras se ven autos en el tr\u00e1fico en las autopistas en su camisa.\" alt=\"Una imagen compuesta muestra a un ni\u00f1o respirando con un inhalador mientras se ven autos en el tr\u00e1fico en las autopistas en su camisa.\" class=\"wp-image-59236\" srcset=\"https:\/\/www.greenpeace.org\/static\/planet4-mexico-stateless\/2025\/07\/3ca1ba26-ninos-contaminacion-aire-1024x658.jpg 1024w, https:\/\/www.greenpeace.org\/static\/planet4-mexico-stateless\/2025\/07\/3ca1ba26-ninos-contaminacion-aire-300x193.jpg 300w, https:\/\/www.greenpeace.org\/static\/planet4-mexico-stateless\/2025\/07\/3ca1ba26-ninos-contaminacion-aire-768x493.jpg 768w, https:\/\/www.greenpeace.org\/static\/planet4-mexico-stateless\/2025\/07\/3ca1ba26-ninos-contaminacion-aire-510x328.jpg 510w, https:\/\/www.greenpeace.org\/static\/planet4-mexico-stateless\/2025\/07\/3ca1ba26-ninos-contaminacion-aire.jpg 1200w\" sizes=\"auto, (max-width: 1024px) 100vw, 1024px\" \/><figcaption class=\"wp-element-caption\">Fotomontajes ni\u00f1os demandantes por la calidad del aire en M\u00e9xico<div class=\"credit icon-left\"> \u00a9 Greenpeace \/ Aar\u00f3n Borr\u00e1s<\/div><\/figcaption><\/figure>\n\n<p>En la atm\u00f3sfera, las emisiones vehiculares aumentan los niveles de di\u00f3xido de carbono y otros gases de efecto invernadero, con un resultado catastr\u00f3fico en lo que a calentamiento global se refiere.&nbsp;<\/p>\n\n<p>Los tipos de emisiones de gases contaminantes por parte de los autom\u00f3viles son dos: emisiones evaporativas y emisiones por el tubo de escape. Las primeras se deben a la evaporaci\u00f3n de combustible, generada por diversos factores como temperatura ambiente, calor residual al apagar el motor, funcionamiento normal cuando el motor est\u00e1 encendido. Las segundas se deben a la quema de combustible y son las m\u00e1s peligrosas, ah\u00ed se encuentran, adem\u00e1s de las part\u00edculas e hidrocarburos, contaminantes como el mon\u00f3xido de carbono, el bi\u00f3xido de carbono, los \u00f3xidos de nitr\u00f3geno y el azufre. Es por ello que el mantenimiento del auto, la velocidad, la frecuencia de aceleraciones y la calidad del combustible, resulta de gran importancia para reducir la rapidez con que avanza el cambio clim\u00e1tico<strong>.<\/strong><\/p>\n\n<p>La Norma Oficial Mexicana (NOM) n\u00famero 042, referente a los l\u00edmites m\u00e1ximos permisibles de emisi\u00f3n de gases y part\u00edculas de veh\u00edculos automotores, ha sido ampliamente criticada por especialistas que aseguran que los par\u00e1metros permitidos se sit\u00faan por debajo de los permitidos en otros pa\u00edses con mediciones mayores de contaminaci\u00f3n, como Estados Unidos y pa\u00edses europeos. Se\u00f1alan que la norma debe actualizarse y estar acorde con los niveles de contaminaci\u00f3n del aire de la zona metropolitana y ciudades como Guadalajara, Le\u00f3n y Monterrey entre otras.<\/p>\n\n<figure class=\"wp-block-image size-full\"><img loading=\"lazy\" decoding=\"async\" width=\"900\" height=\"602\" src=\"https:\/\/www.greenpeace.org\/static\/planet4-mexico-stateless\/2019\/03\/93eb03af-mara_transporte.jpg\" title=\"Mujeres en transporte. \u00a1Exijamos espacios seguros!\" alt=\"Mujeres en transporte. \u00a1Exijamos espacios seguros!\" class=\"wp-image-1860\" srcset=\"https:\/\/www.greenpeace.org\/static\/planet4-mexico-stateless\/2019\/03\/93eb03af-mara_transporte.jpg 900w, https:\/\/www.greenpeace.org\/static\/planet4-mexico-stateless\/2019\/03\/93eb03af-mara_transporte-300x201.jpg 300w, https:\/\/www.greenpeace.org\/static\/planet4-mexico-stateless\/2019\/03\/93eb03af-mara_transporte-768x514.jpg 768w, https:\/\/www.greenpeace.org\/static\/planet4-mexico-stateless\/2019\/03\/93eb03af-mara_transporte-508x340.jpg 508w\" sizes=\"auto, (max-width: 900px) 100vw, 900px\" \/><figcaption class=\"wp-element-caption\">Mujeres en el transporte p\u00fablico de la Ciudad de M\u00e9xico<\/figcaption><\/figure>\n\n<p>Pero lo m\u00e1s recomendable y lo que est\u00e1 a nuestro alcance para reducir este problema, es el uso de veh\u00edculos que no contaminen o que contaminen menos. Contar con transporte p\u00fablico el\u00e9ctrico y con un plan a largo plazo para que \u00e9ste no dependa del carb\u00f3n, &nbsp;del uso de la bicicleta para trayectos cortos y otras alternativas que nos ayuden a mitigar la contaminaci\u00f3n y los efectos del cambio clim\u00e1tico. Otra opci\u00f3n es caminar. Adem\u00e1s de contribuir a una mejor\u00eda en la calidad del aire que respiramos, atraer\u00e1 a nuestras vidas y a nuestra salud grandes beneficios. Qu\u00e9 dices, \u00bfcomenzamos?<\/p>\n\n<p class=\"has-green-800-color has-text-color has-link-color wp-elements-326f4153669b90ed0927c5544172df3b\"><strong>Firma esta petici\u00f3n y exige transporte seguro, eficiente y no contaminante<\/strong><\/p>\n<h3>\u00a0<\/h3>\n<p><!-- [if lte IE 8]><script charset=\"utf-8\" type=\"text\/javascript\" src=\"\/\/js.hsforms.net\/forms\/v2-legacy.js\"><\/script><![endif]--><script charset=\"utf-8\" type=\"text\/javascript\" src=\"\/\/js.hsforms.net\/forms\/v2.js\"><\/script><script>hbspt.forms.create({portalId: \"2617486\",formId: \"380a484c-a511-4fba-9428-d0516936e8a2\",sfdcCampaignId: \"7011P000000tqJcQAI\"});<\/script><\/p>\n\t\t\t<section\n\t\t\tclass=\"boxout post-1823 \"\n\t\t\t\n\t\t>\n\t\t\t<a\n\t\t\t\tdata-ga-category=\"Take Action Boxout\"\n\t\t\t\tdata-ga-action=\"Image\"\n\t\t\t\tdata-ga-label=\"n\/a\"\n\t\t\t\tclass=\"cover-card-overlay\"\n\t\t\t\thref=\"https:\/\/www.greenpeace.org\/mexico\/participa\/transporte-sin-contaminacion\/\" \n\t\t\t><\/a>\n\t\t\t\t\t\t\t<img\n\t\t\t\t\t\tsrc=\"https:\/\/www.greenpeace.org\/static\/planet4-mexico-stateless\/2018\/12\/68b48d0d-gp0strohv-1024x683.jpg\"\n\t\t\t\t\t\tsrcset=\"https:\/\/www.greenpeace.org\/static\/planet4-mexico-stateless\/2018\/12\/68b48d0d-gp0strohv-300x200.jpg 300w, https:\/\/www.greenpeace.org\/static\/planet4-mexico-stateless\/2018\/12\/68b48d0d-gp0strohv-768x512.jpg 768w, https:\/\/www.greenpeace.org\/static\/planet4-mexico-stateless\/2018\/12\/68b48d0d-gp0strohv-1024x683.jpg 1024w, https:\/\/www.greenpeace.org\/static\/planet4-mexico-stateless\/2018\/12\/68b48d0d-gp0strohv-510x340.jpg 510w, https:\/\/www.greenpeace.org\/static\/planet4-mexico-stateless\/2018\/12\/68b48d0d-gp0strohv.jpg 1200w\"\n\t\t\t\t\t\tsizes=\"(min-width: 1000px) 358px, (min-width: 780px) 313px, 88px\"\n\t\t\t\t\t\talt=\"Urban Revolution Viaduct Protest in Mexico. \u00a9 Argelia Zacatzi\" title=\"Urban Revolution Viaduct Protest in Mexico. \u00a9 Argelia Zacatzi\"\n\t\t\t\t\/>\n            \t\t\t<div class=\"boxout-content\">\n\t\t\t\t\t\t\t\t\t<a\n\t\t\t\t\t\tclass=\"boxout-heading medium\"\n\t\t\t\t\t\tdata-ga-category=\"Take Action Boxout\"\n\t\t\t\t\t\tdata-ga-action=\"Title\"\n\t\t\t\t\t\tdata-ga-label=\"n\/a\"\n\t\t\t\t\t\thref=\"https:\/\/www.greenpeace.org\/mexico\/participa\/transporte-sin-contaminacion\/\"\n\t\t\t\t\t\t\n\t\t\t\t\t>\n\t\t\t\t\t\tExige transporte seguro y sin contaminaci\u00f3n del aire\n\t\t\t\t\t<\/a>\n\t\t\t\t\t\t\t\t\t\t\t\t\t<p class=\"boxout-excerpt\">Exijamos m\u00e1s y mejor transporte que nos ayude a mejorar el aire que respiramos en nuestras ciudades<\/p>\n\t\t\t\t                                    <a\n                        class=\"btn btn-primary\"\n                        data-ga-category=\"Take Action Boxout\"\n                        data-ga-action=\"Call to Action\"\n                        data-ga-label=\"n\/a\"\n                        href=\"https:\/\/www.greenpeace.org\/mexico\/participa\/transporte-sin-contaminacion\/\"\n                        \n                    >\n                        Participa\n                    <\/a>\n                \t\t\t<\/div>\n\t\t\t\t\t<\/section>\n\t","protected":false},"excerpt":{"rendered":"<p>El uso excesivo del auto incrementa el cambio clim\u00e1tico y la contaminaci\u00f3n; alternativas como bici, transporte p\u00fablico o caminar ayudan al planeta.<\/p>\n","protected":false},"author":21,"featured_media":1889,"comment_status":"open","ping_status":"open","sticky":false,"template":"","format":"standard","meta":{"ep_exclude_from_search":false,"p4_og_title":"C\u00f3mo tu comodidad incrementa el cambio clim\u00e1tico","p4_og_description":"El uso excesivo del auto incrementa el cambio clim\u00e1tico y la contaminaci\u00f3n; alternativas como bici, transporte p\u00fablico o caminar ayudan al planeta.","p4_og_image":"https:\/\/www.greenpeace.org\/static\/planet4-mexico-stateless\/2019\/03\/30050f63-foto-oportunidad-8marzo.jpg","p4_og_image_id":"1889","p4_seo_canonical_url":"","p4_campaign_name":"","p4_local_project":"","p4_basket_name":"","p4_department":"","footnotes":""},"categories":[39],"tags":[7,47],"p4-page-type":[14],"class_list":["post-3170","post","type-post","status-publish","format-standard","has-post-thumbnail","hentry","category-clima-y-energia","tag-transporte","tag-cambio-climatico","p4-page-type-blog"],"_links":{"self":[{"href":"https:\/\/www.greenpeace.org\/mexico\/wp-json\/wp\/v2\/posts\/3170","targetHints":{"allow":["GET"]}}],"collection":[{"href":"https:\/\/www.greenpeace.org\/mexico\/wp-json\/wp\/v2\/posts"}],"about":[{"href":"https:\/\/www.greenpeace.org\/mexico\/wp-json\/wp\/v2\/types\/post"}],"author":[{"embeddable":true,"href":"https:\/\/www.greenpeace.org\/mexico\/wp-json\/wp\/v2\/users\/21"}],"replies":[{"embeddable":true,"href":"https:\/\/www.greenpeace.org\/mexico\/wp-json\/wp\/v2\/comments?post=3170"}],"version-history":[{"count":9,"href":"https:\/\/www.greenpeace.org\/mexico\/wp-json\/wp\/v2\/posts\/3170\/revisions"}],"predecessor-version":[{"id":60552,"href":"https:\/\/www.greenpeace.org\/mexico\/wp-json\/wp\/v2\/posts\/3170\/revisions\/60552"}],"wp:featuredmedia":[{"embeddable":true,"href":"https:\/\/www.greenpeace.org\/mexico\/wp-json\/wp\/v2\/media\/1889"}],"wp:attachment":[{"href":"https:\/\/www.greenpeace.org\/mexico\/wp-json\/wp\/v2\/media?parent=3170"}],"wp:term":[{"taxonomy":"category","embeddable":true,"href":"https:\/\/www.greenpeace.org\/mexico\/wp-json\/wp\/v2\/categories?post=3170"},{"taxonomy":"post_tag","embeddable":true,"href":"https:\/\/www.greenpeace.org\/mexico\/wp-json\/wp\/v2\/tags?post=3170"},{"taxonomy":"p4-page-type","embeddable":true,"href":"https:\/\/www.greenpeace.org\/mexico\/wp-json\/wp\/v2\/p4-page-type?post=3170"}],"curies":[{"name":"wp","href":"https:\/\/api.w.org\/{rel}","templated":true}]}}