{"id":3204,"date":"2019-08-31T19:39:58","date_gmt":"2019-09-01T00:39:58","guid":{"rendered":"https:\/\/www.greenpeace.org\/mexico\/?p=3204"},"modified":"2025-08-18T10:50:11","modified_gmt":"2025-08-18T15:50:11","slug":"ayuda-para-el-amazonas-que-se-puede-hacer","status":"publish","type":"post","link":"https:\/\/www.greenpeace.org\/mexico\/blog\/3204\/ayuda-para-el-amazonas-que-se-puede-hacer\/","title":{"rendered":"Ayuda para el Amazonas: Qu\u00e9 se puede hacer"},"content":{"rendered":"\n<p>Somos testigos del mayor atentado a los bosques tropicales del siglo. La situaci\u00f3n que enfrenta la selva amaz\u00f3nica es grav\u00edsima. <strong>La ayuda para el Amazonas es urgente. <\/strong>Los incendios que hoy vemos est\u00e1n ligados a la deforestaci\u00f3n, la explotaci\u00f3n agr\u00edcola y ganadera y el relajamiento de las pol\u00edticas ambientales brasile\u00f1as. Por lo que es fundamental cambiar nuestros h\u00e1bitos para proteger esta importante regi\u00f3n.<\/p>\n\n<p>Si quieres conocer qu\u00e9 puedes hacer y c\u00f3mo sumarte a la presi\u00f3n internacional para exigir la protecci\u00f3n del Amazonas, sigue leyendo.<\/p>\n\n<h2 class=\"wp-block-heading\">Ayuda para el Amazonas, \u00bfqu\u00e9 puedes hacer?<\/h2>\n\n<h3 class=\"wp-block-heading\">Reduce tu consumo de carne<\/h3>\n\n<p>La ganader\u00eda es una de las principales amenazas para la selva amaz\u00f3nica. La alt\u00edsima demanda de carne roja ha hecho que los ganaderos y agricultores busquen m\u00e1s terrenos f\u00e9rtiles en el Amazonas para incrementar sus ganancias. Si m\u00e1s personas se suman a esta iniciativa, lograremos un cambio global que impulse el consumo responsable y una dieta rica en vegetales, fruta, semillas, legumbres y verduras.<\/p>\n\n<h3 class=\"wp-block-heading\">Consume productos de empresas con pol\u00edticas de Cero Deforestaci\u00f3n<\/h3>\n\n<p>Como te imaginar\u00e1s, la selva tropical es una zona rica en recursos naturales. Lo que hace que los productores de materia prima exploten esta regi\u00f3n para obtener los compuestos que est\u00e1n en las cremas corporales, champ\u00fas y alimentos. Las multinacionales que los adquieren se convierten en c\u00f3mplices de la deforestaci\u00f3n. Es muy importante que seamos conscientes de los art\u00edculos que consumimos y de sus fuentes.<\/p>\n\n<figure class=\"wp-block-image alignnone size-full\"><img loading=\"lazy\" decoding=\"async\" width=\"800\" height=\"533\" src=\"https:\/\/www.greenpeace.org\/static\/planet4-mexico-stateless\/2019\/08\/bc3ae551-salvemos-el-amazonas.jpg\" title=\"Toma a\u00e9rea de un incendio forestal en el Amazonas.\" alt=\"Toma a\u00e9rea de un incendio forestal en el Amazonas.\" class=\"wp-image-3136\" srcset=\"https:\/\/www.greenpeace.org\/static\/planet4-mexico-stateless\/2019\/08\/bc3ae551-salvemos-el-amazonas.jpg 800w, https:\/\/www.greenpeace.org\/static\/planet4-mexico-stateless\/2019\/08\/bc3ae551-salvemos-el-amazonas-300x200.jpg 300w, https:\/\/www.greenpeace.org\/static\/planet4-mexico-stateless\/2019\/08\/bc3ae551-salvemos-el-amazonas-768x512.jpg 768w, https:\/\/www.greenpeace.org\/static\/planet4-mexico-stateless\/2019\/08\/bc3ae551-salvemos-el-amazonas-510x340.jpg 510w\" sizes=\"auto, (max-width: 800px) 100vw, 800px\" \/><figcaption class=\"wp-element-caption\">Amazonas resiste<div class=\"credit icon-left\"> \u00a9 Greenpeace<\/div><\/figcaption><\/figure>\n\n<h3 class=\"wp-block-heading\">Inf\u00f3rmate de la historia del Amazonas y comp\u00e1rtela<\/h3>\n\n<p>La lucha por el Amazonas es tan antigua como los pueblos originarios que la habitan. Durante siglos, ellos han defendido el equilibrio de los bosques tropicales.<\/p>\n\n<p>En 2003, la comunidad ind\u00edgena Deni celebr\u00f3 la decisi\u00f3n de declarar sus tierras libres de la tala tras 18 a\u00f1os de lucha. Greenpeace se sum\u00f3 a este esfuerzo creando un \u201ccorredor ecol\u00f3gico\u201d sobre 3.6 millones de hect\u00e1reas de selva con tecnolog\u00eda GPS y un helic\u00f3ptero durante un mes. Greenpeace trabaja constantemente para impulsar, defender y difundir la forma de vida tradicional de los pueblos del Amazonas.&nbsp;<\/p>\n\n<p>Si quieres ayudar al Amazonas, comparte en redes, habla con amigos y familiares sobre la historia de esta regi\u00f3n y su important\u00edsimo papel en la salud del planeta.<\/p>\n\n<h3 class=\"wp-block-heading\">Apoya a las organizaciones que ayudan al Amazonas<\/h3>\n\n<p>Durante d\u00e9cadas, hemos trabajado para ayudar al Amazonas y conservar su equilibrio. En 2004, y luego de a\u00f1os de lucha, Greenpeace y otras organizaciones en el Amazonas lograron que el gobierno brasile\u00f1o enfrentara a las industrias agr\u00edcola, ganadera y maderera. Gracias a un decreto presidencial, se protegieron 2 millones de hect\u00e1reas de la selva amaz\u00f3nica.<\/p>\n\n<p>Ante esta crisis ambiental, Greenpeace ha expresado su preocupaci\u00f3n y exigido al gobierno brasile\u00f1o y empresas c\u00f3mplices que act\u00faen sobre las causas de los incendios en la selva amaz\u00f3nica Si quieres ayudar al Amazonas y ser parte de esta petici\u00f3n, suma tu nombre aqu\u00ed.<\/p>\n\n<figure class=\"wp-block-image alignnone size-large\"><img loading=\"lazy\" decoding=\"async\" width=\"1024\" height=\"684\" src=\"https:\/\/www.greenpeace.org\/static\/planet4-mexico-stateless\/2025\/08\/a48fc369-bolsonaro-incendios-amazonas-1024x684.jpg\" title=\"Fotograf\u00eda de una protesta en la que se puede ver a una mujer sostener el mensaje &quot;Bolsonaro: apague el incendio, salve el Amazonas&quot;\" alt=\"Fotograf\u00eda de una protesta en la que se puede ver a una mujer sostener el mensaje &quot;Bolsonaro: apague el incendio, salve el Amazonas&quot;\" class=\"wp-image-60507\" srcset=\"https:\/\/www.greenpeace.org\/static\/planet4-mexico-stateless\/2025\/08\/a48fc369-bolsonaro-incendios-amazonas-1024x684.jpg 1024w, https:\/\/www.greenpeace.org\/static\/planet4-mexico-stateless\/2025\/08\/a48fc369-bolsonaro-incendios-amazonas-300x200.jpg 300w, https:\/\/www.greenpeace.org\/static\/planet4-mexico-stateless\/2025\/08\/a48fc369-bolsonaro-incendios-amazonas-768x513.jpg 768w, https:\/\/www.greenpeace.org\/static\/planet4-mexico-stateless\/2025\/08\/a48fc369-bolsonaro-incendios-amazonas-510x340.jpg 510w, https:\/\/www.greenpeace.org\/static\/planet4-mexico-stateless\/2025\/08\/a48fc369-bolsonaro-incendios-amazonas.jpg 1200w\" sizes=\"auto, (max-width: 1024px) 100vw, 1024px\" \/><figcaption><div class=\"credit icon-left\"> \u00a9 Juan Felipe Rubio \/ Greenpeace<\/div><\/figcaption><\/figure>\n\n<h2 class=\"wp-block-heading\">Las pol\u00edticas medioambientales y el Amazonas<\/h2>\n\n<p>Dos tercios de la selva amaz\u00f3nica est\u00e1n en territorio brasile\u00f1o. A\u00fan cuando Bolivia, Colombia y Paraguay tambi\u00e9n est\u00e1n siendo afectados por los incendios, Brasil es el pa\u00eds con mayor n\u00famero de incendios registrados con 74,000 desde enero, seg\u00fan datos del Instituto Nacional de Investigaciones Espaciales de Brasil.<\/p>\n\n<p>En lugar de ayudar al Amazonas, el discurso impulsado por el gobierno de Jair Bolsonaro ha causado un gran da\u00f1o. Recortes en las dependencias medioambientales y cambios en las pol\u00edticas p\u00fablicas han debilitado la protecci\u00f3n al Amazonas, alentando a la industria a expandirse en la regi\u00f3n. Mientras Si no se cambia la visi\u00f3n de la explotaci\u00f3n sobre la conservaci\u00f3n, se ver\u00e1n m\u00e1s quemas, m\u00e1s deforestaci\u00f3n y m\u00e1s incendios.<\/p>\n\n<figure class=\"wp-block-image alignnone\"><a href=\"https:\/\/www.greenpeace.org\/static\/planet4-mexico-stateless\/2019\/08\/8640298a-gp0stts9r_web_size.jpg\"><img loading=\"lazy\" decoding=\"async\" width=\"800\" height=\"534\" src=\"https:\/\/www.greenpeace.org\/static\/planet4-mexico-stateless\/2019\/08\/8640298a-gp0stts9r_web_size.jpg\" alt=\"Manifestantes con mensajes a Jair Bolsonaro por el Amazonas\" class=\"wp-image-3206\" srcset=\"https:\/\/www.greenpeace.org\/static\/planet4-mexico-stateless\/2019\/08\/8640298a-gp0stts9r_web_size.jpg 800w, https:\/\/www.greenpeace.org\/static\/planet4-mexico-stateless\/2019\/08\/8640298a-gp0stts9r_web_size-300x200.jpg 300w, https:\/\/www.greenpeace.org\/static\/planet4-mexico-stateless\/2019\/08\/8640298a-gp0stts9r_web_size-768x513.jpg 768w, https:\/\/www.greenpeace.org\/static\/planet4-mexico-stateless\/2019\/08\/8640298a-gp0stts9r_web_size-510x340.jpg 510w\" sizes=\"auto, (max-width: 800px) 100vw, 800px\" \/><\/a><figcaption class=\"wp-element-caption\">Manifestantes con mensajes a Jair Bolsonaro por el Amazonas<\/figcaption><\/figure>\n\n<h2 class=\"wp-block-heading\">\u00a1S\u00famate para proteger el Amazonas!<\/h2>\n\n<p>Cambiar nuestros h\u00e1bitos es indispensable para conservar el equilibrio de los bosques. Sin embargo, se necesitan acciones urgentes y a gran escala que prevengan la deforestaci\u00f3n y la expansi\u00f3n de la explotaci\u00f3n industria en la regi\u00f3n. La ayuda para el Amazonas significa crear cambios importantes. Desde Greenpeace, estamos monitoreando la situaci\u00f3n y evaluando el impacto de los incendios en el Amazonas en la lucha contra el cambio clim\u00e1tico y la conservaci\u00f3n de la biodiversidad.<\/p>\n\n<p>T\u00fa tambi\u00e9n puedes unirte y ayudar al Amazonas con peque\u00f1os cambios que dan grandes resultados. Adem\u00e1s, suma tu nombre y juntos exijamos a gobiernos y empresas que cambien sus pr\u00e1cticas y favorezcan la protecci\u00f3n de uno de los ecosistemas m\u00e1s impresionantes del planeta y el hogar de miles de especies.<\/p>\n\t\t\t<section\n\t\t\tclass=\"boxout post-3139 \"\n\t\t\t\n\t\t>\n\t\t\t<a\n\t\t\t\tdata-ga-category=\"Take Action Boxout\"\n\t\t\t\tdata-ga-action=\"Image\"\n\t\t\t\tdata-ga-label=\"n\/a\"\n\t\t\t\tclass=\"cover-card-overlay\"\n\t\t\t\thref=\"https:\/\/www.greenpeace.org\/mexico\/participa\/protejamos-el-amazonas\/\" \n\t\t\t><\/a>\n\t\t\t\t\t\t\t<img\n\t\t\t\t\t\tsrc=\"https:\/\/www.greenpeace.org\/static\/planet4-mexico-stateless\/2019\/08\/2b464eba-amazonas-en-llamas.jpg\"\n\t\t\t\t\t\tsrcset=\"https:\/\/www.greenpeace.org\/static\/planet4-mexico-stateless\/2019\/08\/2b464eba-amazonas-en-llamas-300x200.jpg 300w, https:\/\/www.greenpeace.org\/static\/planet4-mexico-stateless\/2019\/08\/2b464eba-amazonas-en-llamas-768x512.jpg 768w, https:\/\/www.greenpeace.org\/static\/planet4-mexico-stateless\/2019\/08\/2b464eba-amazonas-en-llamas-510x340.jpg 510w, https:\/\/www.greenpeace.org\/static\/planet4-mexico-stateless\/2019\/08\/2b464eba-amazonas-en-llamas.jpg 800w\"\n\t\t\t\t\t\tsizes=\"(min-width: 1000px) 358px, (min-width: 780px) 313px, 88px\"\n\t\t\t\t\t\talt=\"Fotograf\u00eda de incendios en el Amazonas\" title=\"Fotograf\u00eda de incendios en el Amazonas\"\n\t\t\t\t\/>\n            \t\t\t<div class=\"boxout-content\">\n\t\t\t\t\t\t\t\t\t<a\n\t\t\t\t\t\tclass=\"boxout-heading medium\"\n\t\t\t\t\t\tdata-ga-category=\"Take Action Boxout\"\n\t\t\t\t\t\tdata-ga-action=\"Title\"\n\t\t\t\t\t\tdata-ga-label=\"n\/a\"\n\t\t\t\t\t\thref=\"https:\/\/www.greenpeace.org\/mexico\/participa\/protejamos-el-amazonas\/\"\n\t\t\t\t\t\t\n\t\t\t\t\t>\n\t\t\t\t\t\tProtejamos el Amazonas\n\t\t\t\t\t<\/a>\n\t\t\t\t\t\t\t\t\t\t\t\t\t<p class=\"boxout-excerpt\">Greenpeace est\u00e1 exigiendo a las autoridades brasile\u00f1as que detengan la expansi\u00f3n de estas pr\u00e1cticas agroindustriales en la selva Amaz\u00f3nica.<\/p>\n\t\t\t\t                                    <a\n                        class=\"btn btn-primary\"\n                        data-ga-category=\"Take Action Boxout\"\n                        data-ga-action=\"Call to Action\"\n                        data-ga-label=\"n\/a\"\n                        href=\"https:\/\/www.greenpeace.org\/mexico\/participa\/protejamos-el-amazonas\/\"\n                        \n                    >\n                        Participa\n                    <\/a>\n                \t\t\t<\/div>\n\t\t\t\t\t<\/section>\n\t\n<p><\/p>\n","protected":false},"excerpt":{"rendered":"<p>El Amazonas arde por la deforestaci\u00f3n e incendios. Cambia h\u00e1bitos y exige acci\u00f3n global para proteger la selva y su biodiversidad.<\/p>\n","protected":false},"author":21,"featured_media":3136,"comment_status":"open","ping_status":"open","sticky":false,"template":"","format":"standard","meta":{"ep_exclude_from_search":false,"p4_og_title":"Ayuda para el Amazonas: Qu\u00e9 se puede hacer","p4_og_description":"El Amazonas arde por la deforestaci\u00f3n e incendios. Cambia h\u00e1bitos y exige acci\u00f3n global para proteger la selva y su biodiversidad.","p4_og_image":"https:\/\/www.greenpeace.org\/static\/planet4-mexico-stateless\/2019\/08\/bc3ae551-salvemos-el-amazonas.jpg","p4_og_image_id":"3136","p4_seo_canonical_url":"","p4_campaign_name":"","p4_local_project":"","p4_basket_name":"","p4_department":"","footnotes":""},"categories":[39],"tags":[19,47],"p4-page-type":[14],"class_list":["post-3204","post","type-post","status-publish","format-standard","has-post-thumbnail","hentry","category-clima-y-energia","tag-deforestacion","tag-cambio-climatico","p4-page-type-blog"],"_links":{"self":[{"href":"https:\/\/www.greenpeace.org\/mexico\/wp-json\/wp\/v2\/posts\/3204","targetHints":{"allow":["GET"]}}],"collection":[{"href":"https:\/\/www.greenpeace.org\/mexico\/wp-json\/wp\/v2\/posts"}],"about":[{"href":"https:\/\/www.greenpeace.org\/mexico\/wp-json\/wp\/v2\/types\/post"}],"author":[{"embeddable":true,"href":"https:\/\/www.greenpeace.org\/mexico\/wp-json\/wp\/v2\/users\/21"}],"replies":[{"embeddable":true,"href":"https:\/\/www.greenpeace.org\/mexico\/wp-json\/wp\/v2\/comments?post=3204"}],"version-history":[{"count":4,"href":"https:\/\/www.greenpeace.org\/mexico\/wp-json\/wp\/v2\/posts\/3204\/revisions"}],"predecessor-version":[{"id":60537,"href":"https:\/\/www.greenpeace.org\/mexico\/wp-json\/wp\/v2\/posts\/3204\/revisions\/60537"}],"wp:featuredmedia":[{"embeddable":true,"href":"https:\/\/www.greenpeace.org\/mexico\/wp-json\/wp\/v2\/media\/3136"}],"wp:attachment":[{"href":"https:\/\/www.greenpeace.org\/mexico\/wp-json\/wp\/v2\/media?parent=3204"}],"wp:term":[{"taxonomy":"category","embeddable":true,"href":"https:\/\/www.greenpeace.org\/mexico\/wp-json\/wp\/v2\/categories?post=3204"},{"taxonomy":"post_tag","embeddable":true,"href":"https:\/\/www.greenpeace.org\/mexico\/wp-json\/wp\/v2\/tags?post=3204"},{"taxonomy":"p4-page-type","embeddable":true,"href":"https:\/\/www.greenpeace.org\/mexico\/wp-json\/wp\/v2\/p4-page-type?post=3204"}],"curies":[{"name":"wp","href":"https:\/\/api.w.org\/{rel}","templated":true}]}}