{"id":3266,"date":"2019-09-10T22:28:15","date_gmt":"2019-09-11T03:28:15","guid":{"rendered":"https:\/\/www.greenpeace.org\/mexico\/?p=3266"},"modified":"2025-08-18T02:15:40","modified_gmt":"2025-08-18T07:15:40","slug":"por-que-deberias-independizarte-del-auto","status":"publish","type":"post","link":"https:\/\/www.greenpeace.org\/mexico\/blog\/3266\/por-que-deberias-independizarte-del-auto\/","title":{"rendered":"\u00bfPor qu\u00e9 deber\u00edas independizarte del auto?"},"content":{"rendered":"\n<p>El invento del autom\u00f3vil podr\u00eda haber revolucionado la vida de la humanidad al permitir acortar grandes distancias. Al inicio ese era su principal objetivo m\u00e1s all\u00e1 de reducir considerablemente las actividades f\u00edsicas diarias,<strong> sin siquiera suponer que se convertir\u00eda en una de las principales fuentes de la <\/strong><strong>contaminaci\u00f3n del aire en nuestro planeta.&nbsp;<\/strong><\/p>\n\n<p>El ajetreo diario en las grandes ciudades ha normalizado situaciones que no deber\u00edamos aceptar de esa manera, es decir, vivir en una ciudad nos remite directamente a horas valiosas de nuestra vida perdidas en el <strong>tr\u00e1nsito <\/strong>desquiciante, a aspirar humo constantemente, al ruido del cl\u00e1xon y en muchas ocasiones al mal humor de otros conductores.<\/p>\n\n<figure class=\"wp-block-image alignnone size-large\"><img loading=\"lazy\" decoding=\"async\" width=\"1024\" height=\"682\" src=\"https:\/\/www.greenpeace.org\/static\/planet4-mexico-stateless\/2025\/08\/d61860e4-trafico-automoviles-transporte-1024x682.jpg\" title=\"Fotograf\u00eda de la hora pico en la Ciudad de M\u00e9xico.\" alt=\"Fotograf\u00eda de la hora pico en la Ciudad de M\u00e9xico.\" class=\"wp-image-60420\" srcset=\"https:\/\/www.greenpeace.org\/static\/planet4-mexico-stateless\/2025\/08\/d61860e4-trafico-automoviles-transporte-1024x682.jpg 1024w, https:\/\/www.greenpeace.org\/static\/planet4-mexico-stateless\/2025\/08\/d61860e4-trafico-automoviles-transporte-300x200.jpg 300w, https:\/\/www.greenpeace.org\/static\/planet4-mexico-stateless\/2025\/08\/d61860e4-trafico-automoviles-transporte-768x511.jpg 768w, https:\/\/www.greenpeace.org\/static\/planet4-mexico-stateless\/2025\/08\/d61860e4-trafico-automoviles-transporte-510x340.jpg 510w, https:\/\/www.greenpeace.org\/static\/planet4-mexico-stateless\/2025\/08\/d61860e4-trafico-automoviles-transporte.jpg 1200w\" sizes=\"auto, (max-width: 1024px) 100vw, 1024px\" \/><figcaption class=\"wp-element-caption\">Hora pico en la Ciudad de M\u00e9xico. Tr\u00e1fico matutino en el Circuito Interior de la Ciudad de M\u00e9xico.<div class=\"credit icon-left\"> \u00a9 Keith Dannemiller \/ Paz verde<\/div><\/figcaption><\/figure>\n\n<p>La sobreexplotaci\u00f3n de su uso raya en el rid\u00edculo de utilizarlo para hacer recorridos realmente cortos que podr\u00edan realizarse caminando o en bicicleta y, en el caso de los m\u00e1s largos, combinar la caminata en alg\u00fan tramo con un medio de transporte p\u00fablico. Peor a\u00fan, hay un porcentaje alto de coches circulando con un solo pasajero, lo cual <strong>incrementa que el espacio urbano sea utilizado exclusivamente para los <\/strong><strong>autos<\/strong>, un paisaje urbano bastante deprimente. Y aqu\u00ed no me refiero a la poblaci\u00f3n que por estudio o trabajo tiene que recorrer grandes distancias.<\/p>\n\n<p>Si a esto le agregamos que seguir anclados al auto nos hace dependientes de los <strong>combustibles f\u00f3siles<\/strong> y que la quema y extracci\u00f3n de petr\u00f3leo incrementan el cambio clim\u00e1tico, el resultado no es nada alentador.<\/p>\n\n<figure class=\"wp-block-image alignnone size-large\"><img loading=\"lazy\" decoding=\"async\" width=\"1024\" height=\"683\" src=\"https:\/\/www.greenpeace.org\/static\/planet4-mexico-stateless\/2025\/07\/ee72b453-contaminacion-aire-1024x683.jpg\" title=\"Activistas colocaron una mascarilla y un tanque de ox\u00edgeno en la estatua de Diana Cazadora en la Ciudad de M\u00e9xico con el mensaje \u201cEl aire en M\u00e9xico MATA\u201d para exigir aire limpio y transporte p\u00fablico limpio para todo el pa\u00eds.\" alt=\"Activistas colocaron una mascarilla y un tanque de ox\u00edgeno en la estatua de Diana Cazadora en la Ciudad de M\u00e9xico con el mensaje \u201cEl aire en M\u00e9xico MATA\u201d para exigir aire limpio y transporte p\u00fablico limpio para todo el pa\u00eds.\" class=\"wp-image-59230\" srcset=\"https:\/\/www.greenpeace.org\/static\/planet4-mexico-stateless\/2025\/07\/ee72b453-contaminacion-aire-1024x683.jpg 1024w, https:\/\/www.greenpeace.org\/static\/planet4-mexico-stateless\/2025\/07\/ee72b453-contaminacion-aire-300x200.jpg 300w, https:\/\/www.greenpeace.org\/static\/planet4-mexico-stateless\/2025\/07\/ee72b453-contaminacion-aire-768x512.jpg 768w, https:\/\/www.greenpeace.org\/static\/planet4-mexico-stateless\/2025\/07\/ee72b453-contaminacion-aire-510x340.jpg 510w, https:\/\/www.greenpeace.org\/static\/planet4-mexico-stateless\/2025\/07\/ee72b453-contaminacion-aire.jpg 1200w\" sizes=\"auto, (max-width: 1024px) 100vw, 1024px\" \/><figcaption class=\"wp-element-caption\">Activistas colocaron una m\u00e1scara y un tanque de ox\u00edgeno a la estatua de la Diana Cazadora en la Ciudad de M\u00e9xico con el mensaje \u201cEl aire en M\u00e9xico KILL\u201d para exigir aire limpio y transporte p\u00fablico no contaminante para todo el pa\u00eds<div class=\"credit icon-left\"> \u00a9 Ilse Huesca \/ Greenpeace<\/div><\/figcaption><\/figure>\n\n<h2 class=\"wp-block-heading\">Gu\u00eda para reducir el uso del autom\u00f3vil<\/h2>\n\n<p>Si despu\u00e9s de estas razones sientes que no puedes independizarte completamente del auto, aqu\u00ed te comparto algunas medidas que puedes ir practicando y replicando mientras logras liberarte de tu amado auto:<\/p>\n\n<ul class=\"wp-block-list\">\n<li>Compartir el auto\u00a0reducir\u00e1 la cantidad de coches circulando, por lo tanto tambi\u00e9n ser\u00e1 menor el grado de emisiones de humo, carbono, nitr\u00f3geno, azufre y otros gases, mejorando la calidad de nuestro aire.<\/li>\n\n\n\n<li>Los combustibles mal quemados son de los principales contaminantes, revisar constantemente la bater\u00eda y sistemas de encendido de tu auto va a contrarrestar ese problema<strong>.\u00a0<\/strong><\/li>\n\n\n\n<li>Revolucionar el motor m\u00e1s all\u00e1 de la cuenta en una ciudad en la que est\u00e1 prohibido ir a grandes velocidades contamina mucho. Lo recomendable es salir siempre en primera e ir subiendo gradualmente. En el trayecto permanecer lo m\u00e1s posible con una velocidad constante para producir menos combusti\u00f3n, en vez de ir acelerando y frenando innecesariamente.\u00a0<\/li>\n\n\n\n<li>Evita acelerones, no te hacen ver bien aunque creas lo contrario, contaminan el aire, adem\u00e1s de las molestias que el ruido provoca.<\/li>\n\n\n\n<li>El tubo de escape y su sistema es nuestro mejor amigo ya que su funci\u00f3n es atrapar al m\u00e1ximo sustancias nocivas que pueda desprender nuestro auto, rev\u00edsalo constantemente.<\/li>\n\n\n\n<li>No dejar el auto en marcha<strong>, <\/strong>no importa si est\u00e1s esperando a alguien por un minuto o por 5, lo mejor es apagar el motor.\u00a0<\/li>\n\n\n\n<li>\u00danete al #ViernesSinCoche, dejar aunque sea un d\u00eda el auto puede ayudarte a tener un descanso del estr\u00e9s del auto, quitar\u00e1s un auto m\u00e1s de las calles y podr\u00e1s darte cuenta de los beneficios de independizarte del auto<\/li>\n\n\n\n<li>Haz trayectos cortos caminando o en bicicleta, no es necesario llevar el auto a todos lados.<\/li>\n<\/ul>\n\n<p>Reducir gradualmente del uso excesivo de tu <strong>auto <\/strong>har\u00e1 que gastes menos en gasolina, seguro, mantenimiento, har\u00e1 que dejes de preocuparte por estacionarlo en un lugar seguro e incluso optar por una agradable caminata o usar bicicleta, reducir\u00e1 un buen porcentaje de estr\u00e9s. Lo mejor de todo, vas a reducir tu huella de carbono considerablemente y por lo tanto contribuir\u00e1s a frenar el cambio clim\u00e1tico. Suena liberador \u00bfno?<\/p>\n\n<p class=\"has-green-800-color has-text-color has-link-color wp-elements-5c81f81e11b5b1622376b4c71eb152a8\">Firma esta petici\u00f3n y exige transporte seguro, eficiente y no contaminante<\/p>\n<p><script>hbspt.forms.create({portalId: \"2617486\",formId: \"fbb3d0f8-07ed-4c38-bcc6-7ce0a41b1cd3\",sfdcCampaignId: \"7011P000000tqJcQAI\"});<\/script><\/p>\n\t\t\t<section\n\t\t\tclass=\"boxout post-1823 \"\n\t\t\t\n\t\t>\n\t\t\t<a\n\t\t\t\tdata-ga-category=\"Take Action Boxout\"\n\t\t\t\tdata-ga-action=\"Image\"\n\t\t\t\tdata-ga-label=\"n\/a\"\n\t\t\t\tclass=\"cover-card-overlay\"\n\t\t\t\thref=\"https:\/\/www.greenpeace.org\/mexico\/participa\/transporte-sin-contaminacion\/\" \n\t\t\t><\/a>\n\t\t\t\t\t\t\t<img\n\t\t\t\t\t\tsrc=\"https:\/\/www.greenpeace.org\/static\/planet4-mexico-stateless\/2018\/12\/68b48d0d-gp0strohv-1024x683.jpg\"\n\t\t\t\t\t\tsrcset=\"https:\/\/www.greenpeace.org\/static\/planet4-mexico-stateless\/2018\/12\/68b48d0d-gp0strohv-300x200.jpg 300w, https:\/\/www.greenpeace.org\/static\/planet4-mexico-stateless\/2018\/12\/68b48d0d-gp0strohv-768x512.jpg 768w, https:\/\/www.greenpeace.org\/static\/planet4-mexico-stateless\/2018\/12\/68b48d0d-gp0strohv-1024x683.jpg 1024w, https:\/\/www.greenpeace.org\/static\/planet4-mexico-stateless\/2018\/12\/68b48d0d-gp0strohv-510x340.jpg 510w, https:\/\/www.greenpeace.org\/static\/planet4-mexico-stateless\/2018\/12\/68b48d0d-gp0strohv.jpg 1200w\"\n\t\t\t\t\t\tsizes=\"(min-width: 1000px) 358px, (min-width: 780px) 313px, 88px\"\n\t\t\t\t\t\talt=\"Urban Revolution Viaduct Protest in Mexico. \u00a9 Argelia Zacatzi\" title=\"Urban Revolution Viaduct Protest in Mexico. \u00a9 Argelia Zacatzi\"\n\t\t\t\t\/>\n            \t\t\t<div class=\"boxout-content\">\n\t\t\t\t\t\t\t\t\t<a\n\t\t\t\t\t\tclass=\"boxout-heading medium\"\n\t\t\t\t\t\tdata-ga-category=\"Take Action Boxout\"\n\t\t\t\t\t\tdata-ga-action=\"Title\"\n\t\t\t\t\t\tdata-ga-label=\"n\/a\"\n\t\t\t\t\t\thref=\"https:\/\/www.greenpeace.org\/mexico\/participa\/transporte-sin-contaminacion\/\"\n\t\t\t\t\t\t\n\t\t\t\t\t>\n\t\t\t\t\t\tExige transporte seguro y sin contaminaci\u00f3n del aire\n\t\t\t\t\t<\/a>\n\t\t\t\t\t\t\t\t\t\t\t\t\t<p class=\"boxout-excerpt\">Exijamos m\u00e1s y mejor transporte que nos ayude a mejorar el aire que respiramos en nuestras ciudades<\/p>\n\t\t\t\t                                    <a\n                        class=\"btn btn-primary\"\n                        data-ga-category=\"Take Action Boxout\"\n                        data-ga-action=\"Call to Action\"\n                        data-ga-label=\"n\/a\"\n                        href=\"https:\/\/www.greenpeace.org\/mexico\/participa\/transporte-sin-contaminacion\/\"\n                        \n                    >\n                        Participa\n                    <\/a>\n                \t\t\t<\/div>\n\t\t\t\t\t<\/section>\n\t\n<p><\/p>\n","protected":false},"excerpt":{"rendered":"<p>Independ\u00edzate del auto: reduce contaminaci\u00f3n, estr\u00e9s y huella de carbono, usando transporte p\u00fablico, bicicleta o caminando en tus trayectos.<\/p>\n","protected":false},"author":21,"featured_media":59230,"comment_status":"open","ping_status":"open","sticky":false,"template":"","format":"standard","meta":{"ep_exclude_from_search":false,"p4_og_title":"\u00bfPor qu\u00e9 deber\u00edas independizarte del auto?","p4_og_description":"Independ\u00edzate del auto: reduce contaminaci\u00f3n, estr\u00e9s y huella de carbono, usando transporte p\u00fablico, bicicleta o caminando en tus trayectos.","p4_og_image":"https:\/\/www.greenpeace.org\/static\/planet4-mexico-stateless\/2025\/07\/ee72b453-contaminacion-aire.jpg","p4_og_image_id":"59230","p4_seo_canonical_url":"","p4_campaign_name":"","p4_local_project":"","p4_basket_name":"","p4_department":"","footnotes":""},"categories":[39],"tags":[7,47],"p4-page-type":[14],"class_list":["post-3266","post","type-post","status-publish","format-standard","has-post-thumbnail","hentry","category-clima-y-energia","tag-transporte","tag-cambio-climatico","p4-page-type-blog"],"_links":{"self":[{"href":"https:\/\/www.greenpeace.org\/mexico\/wp-json\/wp\/v2\/posts\/3266","targetHints":{"allow":["GET"]}}],"collection":[{"href":"https:\/\/www.greenpeace.org\/mexico\/wp-json\/wp\/v2\/posts"}],"about":[{"href":"https:\/\/www.greenpeace.org\/mexico\/wp-json\/wp\/v2\/types\/post"}],"author":[{"embeddable":true,"href":"https:\/\/www.greenpeace.org\/mexico\/wp-json\/wp\/v2\/users\/21"}],"replies":[{"embeddable":true,"href":"https:\/\/www.greenpeace.org\/mexico\/wp-json\/wp\/v2\/comments?post=3266"}],"version-history":[{"count":10,"href":"https:\/\/www.greenpeace.org\/mexico\/wp-json\/wp\/v2\/posts\/3266\/revisions"}],"predecessor-version":[{"id":60517,"href":"https:\/\/www.greenpeace.org\/mexico\/wp-json\/wp\/v2\/posts\/3266\/revisions\/60517"}],"wp:featuredmedia":[{"embeddable":true,"href":"https:\/\/www.greenpeace.org\/mexico\/wp-json\/wp\/v2\/media\/59230"}],"wp:attachment":[{"href":"https:\/\/www.greenpeace.org\/mexico\/wp-json\/wp\/v2\/media?parent=3266"}],"wp:term":[{"taxonomy":"category","embeddable":true,"href":"https:\/\/www.greenpeace.org\/mexico\/wp-json\/wp\/v2\/categories?post=3266"},{"taxonomy":"post_tag","embeddable":true,"href":"https:\/\/www.greenpeace.org\/mexico\/wp-json\/wp\/v2\/tags?post=3266"},{"taxonomy":"p4-page-type","embeddable":true,"href":"https:\/\/www.greenpeace.org\/mexico\/wp-json\/wp\/v2\/p4-page-type?post=3266"}],"curies":[{"name":"wp","href":"https:\/\/api.w.org\/{rel}","templated":true}]}}