{"id":3292,"date":"2019-09-18T12:38:26","date_gmt":"2019-09-18T17:38:26","guid":{"rendered":"https:\/\/www.greenpeace.org\/mexico\/?p=3292"},"modified":"2025-08-18T01:28:47","modified_gmt":"2025-08-18T06:28:47","slug":"sabes-como-surge-el-dia-mundial-sin-auto","status":"publish","type":"post","link":"https:\/\/www.greenpeace.org\/mexico\/blog\/3292\/sabes-como-surge-el-dia-mundial-sin-auto\/","title":{"rendered":"\u00bfSabes c\u00f3mo surge el D\u00eda Mundial sin Auto?"},"content":{"rendered":"\n<p>El<strong> D\u00eda Mundial Sin Auto <\/strong>es una celebraci\u00f3n que se lleva a cabo en muchas\u00a0ciudades del mundo, para que los habitantes de las ciudades experimenten c\u00f3mo\u00a0ser\u00eda la vida en comunidad si utiliz\u00e1ramos otros medios de transporte. Durante un d\u00eda las calles son tomadas por <strong>peatones<\/strong>, quienes se movilizan a pie, en bicicleta o\u00a0transporte p\u00fablico para disfrutar de una ciudad m\u00e1s humana, con actividades a\u00a0pie de calle, mercados, intercambios culturales de diversa \u00edndole.<\/p>\n\n<h2 class=\"wp-block-heading\">\u00bfC\u00f3mo surgi\u00f3 la celebraci\u00f3n del D\u00eda Mundial Sin Auto?<\/h2>\n\n<p>La primera manifestaci\u00f3n para incentivar el uso de alternativas que no\u00a0dependieran de los <strong>combustibles f\u00f3siles <\/strong>se dio en la crisis petrolera de 1973, los pa\u00edses aliados en la <strong>OPEP <\/strong>Organizaci\u00f3n de pa\u00edses \u00e1rabes exportadores de\u00a0petr\u00f3leo cortaron sus ventas a los pa\u00edses que apoyaron a Israel durante la guerra\u00a0de Yom Kipur.<\/p>\n\n<p>Durante la d\u00e9cada se tomaron medidas ante el impacto de esta crisis. El\u00a0<strong>desabasto de combustible<\/strong> fue tal que, por ejemplo, en 1974 tuvieron que\u00a0suspender las carreras de autos de Montecarlo y el rally de Suiza. En E.U.A. se\u00a0racion\u00f3 el abasto de gasolina de acuerdo a la terminaci\u00f3n de la placa de los autos,\u00a0y se impuso el horario de verano, que adelanta una hora las actividades para\u00a0<strong>ahorrar energ\u00eda<\/strong>. A partir de esa crisis naci\u00f3 la Reserva Estrat\u00e9gica de Petr\u00f3leo de\u00a0Estados Unidos y se cre\u00f3 el Departamento de Energ\u00eda.<\/p>\n\n<figure class=\"wp-block-image aligncenter size-full\"><img loading=\"lazy\" decoding=\"async\" width=\"512\" height=\"512\" src=\"https:\/\/www.greenpeace.org\/static\/planet4-mexico-stateless\/2025\/04\/ee2d814f-gasolina.png\" alt=\"\" class=\"wp-image-55560\" srcset=\"https:\/\/www.greenpeace.org\/static\/planet4-mexico-stateless\/2025\/04\/ee2d814f-gasolina.png 512w, https:\/\/www.greenpeace.org\/static\/planet4-mexico-stateless\/2025\/04\/ee2d814f-gasolina-300x300.png 300w, https:\/\/www.greenpeace.org\/static\/planet4-mexico-stateless\/2025\/04\/ee2d814f-gasolina-150x150.png 150w, https:\/\/www.greenpeace.org\/static\/planet4-mexico-stateless\/2025\/04\/ee2d814f-gasolina-340x340.png 340w\" sizes=\"auto, (max-width: 512px) 100vw, 512px\" \/><\/figure>\n\n<p>Pero fue hasta 1994 que se organizaron las jornadas sin <strong>autom\u00f3vil <\/strong>y en 1998 se\u00a0estableci\u00f3 el 22 de septiembre como el <strong>D\u00eda Mundial Sin Auto (<\/strong>DMSA), en el marco\u00a0de la Semana de la Movilidad. Las primeras ciudades en aplicar iniciativas en este\u00a0camino fueron Reykjav\u00edc en Islandia, La Rochelle en Francia y Bath en Reino\u00a0Unido. Pero fue Gran Breta\u00f1a el primer pa\u00eds en aplicarlo a nivel nacional. Bogot\u00e1 y\u00a0Medell\u00edn en Am\u00e9rica son quienes celebran este d\u00eda con mayor compromiso, al emitir un refer\u00e9ndum que proh\u00edbe la circulaci\u00f3n de autom\u00f3viles particulares en las\u00a0ciudades, y son estas dos ciudades las que realizan esta celebraci\u00f3n desde el a\u00f1o\u00a02000.<\/p>\n\n<h2 class=\"wp-block-heading\">\u00bfC\u00f3mo se suma la Ciudad de M\u00e9xico a esta celebraci\u00f3n?<\/h2>\n\n<p>La <strong>Ciudad de M\u00e9xico<\/strong> se suma este a\u00f1o, en circunstancias que parecen paralelas\u00a0a aquellas de la<strong> crisis petrolera <\/strong>de los a\u00f1os 70. El desabasto de combustible\u00a0derivado del combate a las intrincadas redes de huachicol demostr\u00f3 la magnitud\u00a0que puede tener una crisis as\u00ed en nuestras vidas y lo dependientes que son ciertos\u00a0sectores de la sociedad de sus comodidades, sin ver la soluci\u00f3n en otro tipo de\u00a0movilidad como la bicicleta o el transporte p\u00fablico de manera inmediata, sino con\u00a0muchas dificultades y <strong>manifestaciones <\/strong>en muchos casos desesperadas. La\u00a0histeria colectiva agrava a\u00fan m\u00e1s el problema de dependencia que el sistema\u00a0tiene ante las <strong>energ\u00edas no renovables.<\/strong><\/p>\n\n<p>La reflexi\u00f3n a la que invita el D\u00eda Mundial Sin Autom\u00f3vil es profunda: \u00bfc\u00f3mo es\u00a0nuestra convivencia cuando nos salimos de esa burbuja que es nuestro auto,\u00a0cuando el espacio p\u00fablico se disfruta a pie, en <strong>bicicleta<\/strong>, o en <strong>transporte colectivo<\/strong>?<\/p>\n\n<figure class=\"wp-block-image size-large\"><img loading=\"lazy\" decoding=\"async\" width=\"1024\" height=\"683\" src=\"https:\/\/www.greenpeace.org\/static\/planet4-mexico-stateless\/2025\/07\/7f67b3bd-bicicleta-transporte-1024x683.jpg\" title=\"Fotograf\u00eda de una bicicleta.\" alt=\"Fotograf\u00eda de una bicicleta.\" class=\"wp-image-59037\" srcset=\"https:\/\/www.greenpeace.org\/static\/planet4-mexico-stateless\/2025\/07\/7f67b3bd-bicicleta-transporte-1024x683.jpg 1024w, https:\/\/www.greenpeace.org\/static\/planet4-mexico-stateless\/2025\/07\/7f67b3bd-bicicleta-transporte-300x200.jpg 300w, https:\/\/www.greenpeace.org\/static\/planet4-mexico-stateless\/2025\/07\/7f67b3bd-bicicleta-transporte-768x512.jpg 768w, https:\/\/www.greenpeace.org\/static\/planet4-mexico-stateless\/2025\/07\/7f67b3bd-bicicleta-transporte-510x340.jpg 510w, https:\/\/www.greenpeace.org\/static\/planet4-mexico-stateless\/2025\/07\/7f67b3bd-bicicleta-transporte.jpg 1536w\" sizes=\"auto, (max-width: 1024px) 100vw, 1024px\" \/><figcaption class=\"wp-element-caption\">Moverte en bicicleta no es tan dif\u00edcil. \u00a1Int\u00e9ntalo y mejora tu ciudad! <\/figcaption><\/figure>\n\n<p>Mejoremos nuestra convivencia, exigiendo mejoras urbanas colectivas que\u00a0representen mayor seguridad. Mejoremos nuestra salud, cambiando de transporte\u00a0podemos dejar el sedentarismo detr\u00e1s. El disfrute de un d\u00eda a d\u00eda en bicicleta es\u00a0notorio en muchos aspectos, salud, est\u00e9ticos, ecol\u00f3gicos y econ\u00f3micos. Un\u00a0<strong>autom\u00f3vil <\/strong>estacionado ocupa el espacio de 20 bicicletas.<\/p>\n\n<p>Sin duda el autom\u00f3vil de motor de combusti\u00f3n interna es ya un transporte primitivo\u00a0y la bicicleta, un invento del siglo XIX, anterior al auto, ha trascendido como un\u00a0transporte futurista que genera muchos beneficios, ente ellos, uno que\u00a0necesitamos con urgencia que es mejorar la <strong>calidad del aire.<\/strong><\/p>\n\n<h2 class=\"wp-block-heading\">\u00a1Celebra y ve por uno de los 250 cascos para bicicleta que dar\u00e1 ECOBICI!<\/h2>\n\n<p>El 22 de septiembre de este a\u00f1o Ecobici regalar\u00e1 cascos a los primeros 250 nuevos suscriptores para utilizar este medio en la CDMX, la din\u00e1mica aplicar\u00e1 para quienes a partir del 20 de Septiembre se preregistren para obtener una membres\u00eda anual del sistema por medio de la p\u00e1gina ecobici.cdmx.gob.mx y para los 50 usuarios con mayor antig\u00fcedad y numero de viajes tambi\u00e9n habr\u00e1 un casco de regalo. La entraga se har\u00e1 en el Centro de Atenci\u00f3n Ciudadana de Ecobici (Oaxaca 7, Colonia Roma-Norte), en un horario de 9am a 6pm&nbsp;<\/p>\n<div class=\"mceTemp\">\u00a0<\/div>\n<p>\u00a0<\/p>\n\t\t\t<section\n\t\t\tclass=\"boxout post-1823 \"\n\t\t\t\n\t\t>\n\t\t\t<a\n\t\t\t\tdata-ga-category=\"Take Action Boxout\"\n\t\t\t\tdata-ga-action=\"Image\"\n\t\t\t\tdata-ga-label=\"n\/a\"\n\t\t\t\tclass=\"cover-card-overlay\"\n\t\t\t\thref=\"https:\/\/www.greenpeace.org\/mexico\/participa\/transporte-sin-contaminacion\/\" \n\t\t\t><\/a>\n\t\t\t\t\t\t\t<img\n\t\t\t\t\t\tsrc=\"https:\/\/www.greenpeace.org\/static\/planet4-mexico-stateless\/2018\/12\/68b48d0d-gp0strohv-1024x683.jpg\"\n\t\t\t\t\t\tsrcset=\"https:\/\/www.greenpeace.org\/static\/planet4-mexico-stateless\/2018\/12\/68b48d0d-gp0strohv-300x200.jpg 300w, https:\/\/www.greenpeace.org\/static\/planet4-mexico-stateless\/2018\/12\/68b48d0d-gp0strohv-768x512.jpg 768w, https:\/\/www.greenpeace.org\/static\/planet4-mexico-stateless\/2018\/12\/68b48d0d-gp0strohv-1024x683.jpg 1024w, https:\/\/www.greenpeace.org\/static\/planet4-mexico-stateless\/2018\/12\/68b48d0d-gp0strohv-510x340.jpg 510w, https:\/\/www.greenpeace.org\/static\/planet4-mexico-stateless\/2018\/12\/68b48d0d-gp0strohv.jpg 1200w\"\n\t\t\t\t\t\tsizes=\"(min-width: 1000px) 358px, (min-width: 780px) 313px, 88px\"\n\t\t\t\t\t\talt=\"Urban Revolution Viaduct Protest in Mexico. \u00a9 Argelia Zacatzi\" title=\"Urban Revolution Viaduct Protest in Mexico. \u00a9 Argelia Zacatzi\"\n\t\t\t\t\/>\n            \t\t\t<div class=\"boxout-content\">\n\t\t\t\t\t\t\t\t\t<a\n\t\t\t\t\t\tclass=\"boxout-heading medium\"\n\t\t\t\t\t\tdata-ga-category=\"Take Action Boxout\"\n\t\t\t\t\t\tdata-ga-action=\"Title\"\n\t\t\t\t\t\tdata-ga-label=\"n\/a\"\n\t\t\t\t\t\thref=\"https:\/\/www.greenpeace.org\/mexico\/participa\/transporte-sin-contaminacion\/\"\n\t\t\t\t\t\t\n\t\t\t\t\t>\n\t\t\t\t\t\tExige transporte seguro y sin contaminaci\u00f3n del aire\n\t\t\t\t\t<\/a>\n\t\t\t\t\t\t\t\t\t\t\t\t\t<p class=\"boxout-excerpt\">Exijamos m\u00e1s y mejor transporte que nos ayude a mejorar el aire que respiramos en nuestras ciudades<\/p>\n\t\t\t\t                                    <a\n                        class=\"btn btn-primary\"\n                        data-ga-category=\"Take Action Boxout\"\n                        data-ga-action=\"Call to Action\"\n                        data-ga-label=\"n\/a\"\n                        href=\"https:\/\/www.greenpeace.org\/mexico\/participa\/transporte-sin-contaminacion\/\"\n                        \n                    >\n                        Participa\n                    <\/a>\n                \t\t\t<\/div>\n\t\t\t\t\t<\/section>\n\t","protected":false},"excerpt":{"rendered":"<p>El D\u00eda Mundial Sin Auto es una celebraci\u00f3n que se lleva a cabo en muchas\u00a0ciudades del mundo, para que los habitantes de las ciudades experimenten c\u00f3mo\u00a0ser\u00eda la vida en comunidad si utiliz\u00e1ramos otros medios de transporte. \u00bfD\u00f3nde y c\u00f3mo empez\u00f3 este movimiento? Te contamos. <\/p>\n","protected":false},"author":21,"featured_media":58940,"comment_status":"open","ping_status":"open","sticky":false,"template":"","format":"standard","meta":{"ep_exclude_from_search":false,"p4_og_title":"\u00bfSabes c\u00f3mo surge el D\u00eda Mundial sin Auto?","p4_og_description":"El D\u00eda Mundial Sin Auto promueve movilidad sostenible, uso de bicicletas y transporte p\u00fablico para mejorar la convivencia y la calidad del aire.","p4_og_image":"https:\/\/www.greenpeace.org\/static\/planet4-mexico-stateless\/2025\/06\/bc154bd8-bicicleta-ciclovia-transporte.jpg","p4_og_image_id":"58940","p4_seo_canonical_url":"","p4_campaign_name":"","p4_local_project":"","p4_basket_name":"","p4_department":"","footnotes":""},"categories":[39],"tags":[7,47],"p4-page-type":[14],"class_list":["post-3292","post","type-post","status-publish","format-standard","has-post-thumbnail","hentry","category-clima-y-energia","tag-transporte","tag-cambio-climatico","p4-page-type-blog"],"_links":{"self":[{"href":"https:\/\/www.greenpeace.org\/mexico\/wp-json\/wp\/v2\/posts\/3292","targetHints":{"allow":["GET"]}}],"collection":[{"href":"https:\/\/www.greenpeace.org\/mexico\/wp-json\/wp\/v2\/posts"}],"about":[{"href":"https:\/\/www.greenpeace.org\/mexico\/wp-json\/wp\/v2\/types\/post"}],"author":[{"embeddable":true,"href":"https:\/\/www.greenpeace.org\/mexico\/wp-json\/wp\/v2\/users\/21"}],"replies":[{"embeddable":true,"href":"https:\/\/www.greenpeace.org\/mexico\/wp-json\/wp\/v2\/comments?post=3292"}],"version-history":[{"count":6,"href":"https:\/\/www.greenpeace.org\/mexico\/wp-json\/wp\/v2\/posts\/3292\/revisions"}],"predecessor-version":[{"id":60505,"href":"https:\/\/www.greenpeace.org\/mexico\/wp-json\/wp\/v2\/posts\/3292\/revisions\/60505"}],"wp:featuredmedia":[{"embeddable":true,"href":"https:\/\/www.greenpeace.org\/mexico\/wp-json\/wp\/v2\/media\/58940"}],"wp:attachment":[{"href":"https:\/\/www.greenpeace.org\/mexico\/wp-json\/wp\/v2\/media?parent=3292"}],"wp:term":[{"taxonomy":"category","embeddable":true,"href":"https:\/\/www.greenpeace.org\/mexico\/wp-json\/wp\/v2\/categories?post=3292"},{"taxonomy":"post_tag","embeddable":true,"href":"https:\/\/www.greenpeace.org\/mexico\/wp-json\/wp\/v2\/tags?post=3292"},{"taxonomy":"p4-page-type","embeddable":true,"href":"https:\/\/www.greenpeace.org\/mexico\/wp-json\/wp\/v2\/p4-page-type?post=3292"}],"curies":[{"name":"wp","href":"https:\/\/api.w.org\/{rel}","templated":true}]}}